{"id":1471,"date":"2022-12-26T10:23:03","date_gmt":"2022-12-26T09:23:03","guid":{"rendered":"https:\/\/www.site.cdcl.xyz\/2022\/12\/26\/edito-tout-frais-la-nuit-des-conservatoires-2023\/"},"modified":"2022-12-26T10:23:03","modified_gmt":"2022-12-26T09:23:03","slug":"edito-tout-frais-la-nuit-des-conservatoires-2023","status":"publish","type":"post","link":"https:\/\/www.viaromana.org\/blog\/edito-tout-frais-la-nuit-des-conservatoires-2023\/","title":{"rendered":"Edito tout frais : La nuit des conservatoires 2023"},"content":{"rendered":"<p>Je viens de rep\u00e9rer ce texte sur le propos \u00ab&nbsp;l\u2019arch\u00e9ologie&nbsp;\u00bb. Avec plaisir nous vous en transmettons l\u2019essentiel dans cette publication.<\/p>\n<p>Le titre (La nuit des conservatoires 2023) est parlant.<\/p>\n<p>Sachez que l\u2019auteur (identifi\u00e9 sous la signature admin_vannes) est connu et fiable pour plusieurs autres \u00e9ditoriaux qu\u2019il a publi\u00e9s sur le web.<\/p>\n<p>Vous pouvez par cons\u00e9quent faire confiance aux infos qu\u2019il divulgue.<\/p>\n<p>Texte original : <\/p>\n<p><span>La nuit des conservatoires 2023 <\/span><br \/><span><span lang xml:lang>admin_vannes<\/span><\/span><br \/><span>lun 26\/12\/2022 \u2013 10:23<\/span><\/p>\n<div><img decoding=\"async\" src=\"https:\/\/www.viaromana.org\/blog\/wp-content\/uploads\/2022\/12\/edito-tout-frais-la-nuit-des-conservatoires-2023.png\" alt><\/div>\n<div>2023-01-28<\/div>\n<div>2023-01-28<\/div>\n<div>\n<div class=\"paragraph paragraph--type--texte\">\n<div>\n<p>De 17h \u00e0 minuit.<\/p>\n<p>Conservatoire des Carmes et Mus\u00e9e des beaux-arts, La Cohue<\/p>\n<p>Gratuit.<\/p>\n<\/div>\n<\/div>\n<\/div>\n<div>\n<div class=\"paragraph paragraph--type--cartographie\">\n<h2>Conservatoire des Carmes<\/h2>\n<\/p><\/div>\n<\/div>\n<div>02 97 01 67 00 <\/div>\n<div>De 17h \u00e0 minuit <\/div>\n<div>\n<div>Date de d\u00e9publication<\/div>\n<div>sam 28\/01\/2023 \u2013 23:59<\/div>\n<\/div>\n<p>Bibliographie :<\/p>\n<p>The red sea in Pharaonic times recent discoveries along the Red Sea Coast.,<a target=\"_blank\" rel=\"nofollow\" href=\"https:\/\/www.viaromana.org\/blog\/goto\/https:\/\/booknode.com\/the_red_sea_in_pharaonic_times_recent_discoveries_along_the_red_sea_coast_0946323\"  target=\"_blank\" rel=\"noopener noreferrer nofollow\">A voir et \u00e0 lire. <\/a><span><\/span>.<\/p>\n<p>Nouvel atlas de la Bible.,<a target=\"_blank\" rel=\"nofollow\" href=\"https:\/\/www.viaromana.org\/blog\/goto\/https:\/\/booknode.com\/nouvel_atlas_de_la_bible_01597024\"  target=\"_blank\" rel=\"noopener noreferrer nofollow\">Clicker Ici <\/a><span><\/span>.<\/p>\n<p>R\u00e9v\u00e9lations de l\u2019arch\u00e9ologie.,<a target=\"_blank\" rel=\"nofollow\" href=\"https:\/\/www.viaromana.org\/blog\/goto\/https:\/\/www.epagine.fr\/ebook\/9782706266348-revelations-de-l-archeologie-henri-paul-eydoux\/\"  target=\"_blank\" rel=\"noopener noreferrer nofollow\">Le livre <\/a><span><\/span>. Disponible dans toutes les bonnes librairies.<\/p>\n<p>Novgorod : histoire et arch\u00e9ologie d\u2019une r\u00e9publique russe m\u00e9di\u00e9vale (970-1478).,<a target=\"_blank\" rel=\"nofollow\" href=\"https:\/\/www.viaromana.org\/blog\/goto\/https:\/\/www.epagine.fr\/ebook\/9782271138330-novgorod-histoire-et-archeologie-d-une-republique-russe-medievale-970-1478-pierre-gonneau\/\"  target=\"_blank\" rel=\"noopener noreferrer nofollow\">Le livre <\/a><span><\/span>.<\/p>\n","protected":false},"excerpt":{"rendered":"<p>Je viens de rep\u00e9rer ce texte sur le propos \u00ab&nbsp;l\u2019arch\u00e9ologie&nbsp;\u00bb. Avec plaisir nous vous en transmettons l\u2019essentiel dans cette publication. Le titre (La nuit des conservatoires 2023) est parlant. Sachez que l\u2019auteur (identifi\u00e9 sous la signature admin_vannes) est connu et fiable pour plusieurs autres \u00e9ditoriaux qu\u2019il a publi\u00e9s sur le web. Vous pouvez par cons\u00e9quent faire confiance aux infos qu\u2019il divulgue. Texte original : La nuit des conservatoires 2023 admin_vanneslun 26\/12\/2022 \u2013 10:23 2023-01-28 2023-01-28 De 17h \u00e0 minuit. Conservatoire des Carmes et Mus\u00e9e des beaux-arts, La Cohue Gratuit. Conservatoire des Carmes 02 97 01 67 00 De 17h \u00e0\u2026<\/p>\n","protected":false},"author":1,"featured_media":0,"comment_status":"closed","ping_status":"closed","sticky":false,"template":"","format":"standard","meta":{"footnotes":""},"categories":[2],"tags":[],"blocksy_meta":{"styles_descriptor":{"styles":{"desktop":"","tablet":"","mobile":""},"google_fonts":[],"version":4}},"yoast_head":"<!-- This site is optimized with the Yoast SEO plugin v21.1 - https:\/\/yoast.com\/wordpress\/plugins\/seo\/ -->\n<title>Edito tout frais : La nuit des conservatoires 2023 - Viaromana et arch\u00e9ologie.<\/title>\n<meta name=\"description\" content=\"Edito tout frais : La nuit des conservatoires 2023 article de Viaromana et arch\u00e9ologie.\" \/>\n<meta name=\"robots\" content=\"index, follow, max-snippet:-1, max-image-preview:large, max-video-preview:-1\" \/>\n<link rel=\"canonical\" href=\"https:\/\/www.viaromana.org\/blog\/edito-tout-frais-la-nuit-des-conservatoires-2023\/\" \/>\n<meta property=\"og:locale\" content=\"fr_FR\" \/>\n<meta property=\"og:type\" content=\"article\" \/>\n<meta property=\"og:title\" content=\"Edito tout frais : La nuit des conservatoires 2023 - Viaromana et arch\u00e9ologie.\" \/>\n<meta property=\"og:description\" content=\"Edito tout frais : La nuit des conservatoires 2023 article de Viaromana et arch\u00e9ologie.\" \/>\n<meta property=\"og:url\" content=\"https:\/\/www.viaromana.org\/blog\/edito-tout-frais-la-nuit-des-conservatoires-2023\/\" \/>\n<meta property=\"og:site_name\" content=\"Viaromana et arch\u00e9ologie.\" \/>\n<meta property=\"article:published_time\" content=\"2022-12-26T09:23:03+00:00\" \/>\n<meta property=\"og:image\" content=\"https:\/\/www.viaromana.org\/blog\/wp-content\/uploads\/2022\/12\/edito-tout-frais-la-nuit-des-conservatoires-2023.png\" \/>\n<meta name=\"author\" content=\"Robert\" \/>\n<meta name=\"twitter:card\" content=\"summary_large_image\" \/>\n<meta name=\"twitter:label1\" content=\"\u00c9crit par\" \/>\n\t<meta name=\"twitter:data1\" content=\"Robert\" \/>\n\t<meta name=\"twitter:label2\" content=\"Dur\u00e9e de lecture estim\u00e9e\" \/>\n\t<meta name=\"twitter:data2\" content=\"1 minute\" \/>\n<script type=\"application\/ld+json\" class=\"yoast-schema-graph\">{\"@context\":\"https:\/\/schema.org\",\"@graph\":[{\"@type\":\"Article\",\"@id\":\"https:\/\/www.viaromana.org\/blog\/edito-tout-frais-la-nuit-des-conservatoires-2023\/#article\",\"isPartOf\":{\"@id\":\"https:\/\/www.viaromana.org\/blog\/edito-tout-frais-la-nuit-des-conservatoires-2023\/\"},\"author\":{\"name\":\"Robert\",\"@id\":\"https:\/\/www.viaromana.org\/blog\/#\/schema\/person\/cde9c4655845091e1fe473fcd163c889\"},\"headline\":\"Edito tout frais : La nuit des conservatoires 2023\",\"datePublished\":\"2022-12-26T09:23:03+00:00\",\"dateModified\":\"2022-12-26T09:23:03+00:00\",\"mainEntityOfPage\":{\"@id\":\"https:\/\/www.viaromana.org\/blog\/edito-tout-frais-la-nuit-des-conservatoires-2023\/\"},\"wordCount\":173,\"publisher\":{\"@id\":\"https:\/\/www.viaromana.org\/blog\/#organization\"},\"articleSection\":[\"Arch\u00e9ologie\"],\"inLanguage\":\"fr-FR\"},{\"@type\":\"WebPage\",\"@id\":\"https:\/\/www.viaromana.org\/blog\/edito-tout-frais-la-nuit-des-conservatoires-2023\/\",\"url\":\"https:\/\/www.viaromana.org\/blog\/edito-tout-frais-la-nuit-des-conservatoires-2023\/\",\"name\":\"Edito tout frais : La nuit des conservatoires 2023 - Viaromana et arch\u00e9ologie.\",\"isPartOf\":{\"@id\":\"https:\/\/www.viaromana.org\/blog\/#website\"},\"datePublished\":\"2022-12-26T09:23:03+00:00\",\"dateModified\":\"2022-12-26T09:23:03+00:00\",\"description\":\"Edito tout frais : La nuit des conservatoires 2023 article de Viaromana et arch\u00e9ologie.\",\"breadcrumb\":{\"@id\":\"https:\/\/www.viaromana.org\/blog\/edito-tout-frais-la-nuit-des-conservatoires-2023\/#breadcrumb\"},\"inLanguage\":\"fr-FR\",\"potentialAction\":[{\"@type\":\"ReadAction\",\"target\":[\"https:\/\/www.viaromana.org\/blog\/edito-tout-frais-la-nuit-des-conservatoires-2023\/\"]}]},{\"@type\":\"BreadcrumbList\",\"@id\":\"https:\/\/www.viaromana.org\/blog\/edito-tout-frais-la-nuit-des-conservatoires-2023\/#breadcrumb\",\"itemListElement\":[{\"@type\":\"ListItem\",\"position\":1,\"name\":\"Accueil\",\"item\":\"https:\/\/www.viaromana.org\/blog\/\"},{\"@type\":\"ListItem\",\"position\":2,\"name\":\"Edito tout frais : La nuit des conservatoires 2023\"}]},{\"@type\":\"WebSite\",\"@id\":\"https:\/\/www.viaromana.org\/blog\/#website\",\"url\":\"https:\/\/www.viaromana.org\/blog\/\",\"name\":\"Viaromana et arch\u00e9ologie.\",\"description\":\"Site arch\u00e9ologique de la voie romaine (viaromana) Belgique-France-Rome\",\"publisher\":{\"@id\":\"https:\/\/www.viaromana.org\/blog\/#organization\"},\"potentialAction\":[{\"@type\":\"SearchAction\",\"target\":{\"@type\":\"EntryPoint\",\"urlTemplate\":\"https:\/\/www.viaromana.org\/blog\/?s={search_term_string}\"},\"query-input\":\"required name=search_term_string\"}],\"inLanguage\":\"fr-FR\"},{\"@type\":\"Organization\",\"@id\":\"https:\/\/www.viaromana.org\/blog\/#organization\",\"name\":\"viaromana\",\"url\":\"https:\/\/www.viaromana.org\/blog\/\",\"logo\":{\"@type\":\"ImageObject\",\"inLanguage\":\"fr-FR\",\"@id\":\"https:\/\/www.viaromana.org\/blog\/#\/schema\/logo\/image\/\",\"url\":\"https:\/\/www.viaromana.org\/blog\/wp-content\/uploads\/2021\/12\/logo-3.png\",\"contentUrl\":\"https:\/\/www.viaromana.org\/blog\/wp-content\/uploads\/2021\/12\/logo-3.png\",\"width\":300,\"height\":249,\"caption\":\"viaromana\"},\"image\":{\"@id\":\"https:\/\/www.viaromana.org\/blog\/#\/schema\/logo\/image\/\"}},{\"@type\":\"Person\",\"@id\":\"https:\/\/www.viaromana.org\/blog\/#\/schema\/person\/cde9c4655845091e1fe473fcd163c889\",\"name\":\"Robert\",\"image\":{\"@type\":\"ImageObject\",\"inLanguage\":\"fr-FR\",\"@id\":\"https:\/\/www.viaromana.org\/blog\/#\/schema\/person\/image\/\",\"url\":\"https:\/\/secure.gravatar.com\/avatar\/a168ec191013b636c2f278aec04e724b?s=96&d=mm&r=g\",\"contentUrl\":\"https:\/\/secure.gravatar.com\/avatar\/a168ec191013b636c2f278aec04e724b?s=96&d=mm&r=g\",\"caption\":\"Robert\"},\"sameAs\":[\"https:\/\/www.viaromana.org\/blog\"],\"url\":\"https:\/\/www.viaromana.org\/blog\/author\/anaadmin\/\"}]}<\/script>\n<!-- \/ Yoast SEO plugin. -->","yoast_head_json":{"title":"Edito tout frais : La nuit des conservatoires 2023 - Viaromana et arch\u00e9ologie.","description":"Edito tout frais : La nuit des conservatoires 2023 article de Viaromana et arch\u00e9ologie.","robots":{"index":"index","follow":"follow","max-snippet":"max-snippet:-1","max-image-preview":"max-image-preview:large","max-video-preview":"max-video-preview:-1"},"canonical":"https:\/\/www.viaromana.org\/blog\/edito-tout-frais-la-nuit-des-conservatoires-2023\/","og_locale":"fr_FR","og_type":"article","og_title":"Edito tout frais : La nuit des conservatoires 2023 - Viaromana et arch\u00e9ologie.","og_description":"Edito tout frais : La nuit des conservatoires 2023 article de Viaromana et arch\u00e9ologie.","og_url":"https:\/\/www.viaromana.org\/blog\/edito-tout-frais-la-nuit-des-conservatoires-2023\/","og_site_name":"Viaromana et arch\u00e9ologie.","article_published_time":"2022-12-26T09:23:03+00:00","og_image":[{"url":"https:\/\/www.viaromana.org\/blog\/wp-content\/uploads\/2022\/12\/edito-tout-frais-la-nuit-des-conservatoires-2023.png"}],"author":"Robert","twitter_card":"summary_large_image","twitter_misc":{"\u00c9crit par":"Robert","Dur\u00e9e de lecture estim\u00e9e":"1 minute"},"schema":{"@context":"https:\/\/schema.org","@graph":[{"@type":"Article","@id":"https:\/\/www.viaromana.org\/blog\/edito-tout-frais-la-nuit-des-conservatoires-2023\/#article","isPartOf":{"@id":"https:\/\/www.viaromana.org\/blog\/edito-tout-frais-la-nuit-des-conservatoires-2023\/"},"author":{"name":"Robert","@id":"https:\/\/www.viaromana.org\/blog\/#\/schema\/person\/cde9c4655845091e1fe473fcd163c889"},"headline":"Edito tout frais : La nuit des conservatoires 2023","datePublished":"2022-12-26T09:23:03+00:00","dateModified":"2022-12-26T09:23:03+00:00","mainEntityOfPage":{"@id":"https:\/\/www.viaromana.org\/blog\/edito-tout-frais-la-nuit-des-conservatoires-2023\/"},"wordCount":173,"publisher":{"@id":"https:\/\/www.viaromana.org\/blog\/#organization"},"articleSection":["Arch\u00e9ologie"],"inLanguage":"fr-FR"},{"@type":"WebPage","@id":"https:\/\/www.viaromana.org\/blog\/edito-tout-frais-la-nuit-des-conservatoires-2023\/","url":"https:\/\/www.viaromana.org\/blog\/edito-tout-frais-la-nuit-des-conservatoires-2023\/","name":"Edito tout frais : La nuit des conservatoires 2023 - Viaromana et arch\u00e9ologie.","isPartOf":{"@id":"https:\/\/www.viaromana.org\/blog\/#website"},"datePublished":"2022-12-26T09:23:03+00:00","dateModified":"2022-12-26T09:23:03+00:00","description":"Edito tout frais : La nuit des conservatoires 2023 article de Viaromana et arch\u00e9ologie.","breadcrumb":{"@id":"https:\/\/www.viaromana.org\/blog\/edito-tout-frais-la-nuit-des-conservatoires-2023\/#breadcrumb"},"inLanguage":"fr-FR","potentialAction":[{"@type":"ReadAction","target":["https:\/\/www.viaromana.org\/blog\/edito-tout-frais-la-nuit-des-conservatoires-2023\/"]}]},{"@type":"BreadcrumbList","@id":"https:\/\/www.viaromana.org\/blog\/edito-tout-frais-la-nuit-des-conservatoires-2023\/#breadcrumb","itemListElement":[{"@type":"ListItem","position":1,"name":"Accueil","item":"https:\/\/www.viaromana.org\/blog\/"},{"@type":"ListItem","position":2,"name":"Edito tout frais : La nuit des conservatoires 2023"}]},{"@type":"WebSite","@id":"https:\/\/www.viaromana.org\/blog\/#website","url":"https:\/\/www.viaromana.org\/blog\/","name":"Viaromana et arch\u00e9ologie.","description":"Site arch\u00e9ologique de la voie romaine (viaromana) Belgique-France-Rome","publisher":{"@id":"https:\/\/www.viaromana.org\/blog\/#organization"},"potentialAction":[{"@type":"SearchAction","target":{"@type":"EntryPoint","urlTemplate":"https:\/\/www.viaromana.org\/blog\/?s={search_term_string}"},"query-input":"required name=search_term_string"}],"inLanguage":"fr-FR"},{"@type":"Organization","@id":"https:\/\/www.viaromana.org\/blog\/#organization","name":"viaromana","url":"https:\/\/www.viaromana.org\/blog\/","logo":{"@type":"ImageObject","inLanguage":"fr-FR","@id":"https:\/\/www.viaromana.org\/blog\/#\/schema\/logo\/image\/","url":"https:\/\/www.viaromana.org\/blog\/wp-content\/uploads\/2021\/12\/logo-3.png","contentUrl":"https:\/\/www.viaromana.org\/blog\/wp-content\/uploads\/2021\/12\/logo-3.png","width":300,"height":249,"caption":"viaromana"},"image":{"@id":"https:\/\/www.viaromana.org\/blog\/#\/schema\/logo\/image\/"}},{"@type":"Person","@id":"https:\/\/www.viaromana.org\/blog\/#\/schema\/person\/cde9c4655845091e1fe473fcd163c889","name":"Robert","image":{"@type":"ImageObject","inLanguage":"fr-FR","@id":"https:\/\/www.viaromana.org\/blog\/#\/schema\/person\/image\/","url":"https:\/\/secure.gravatar.com\/avatar\/a168ec191013b636c2f278aec04e724b?s=96&d=mm&r=g","contentUrl":"https:\/\/secure.gravatar.com\/avatar\/a168ec191013b636c2f278aec04e724b?s=96&d=mm&r=g","caption":"Robert"},"sameAs":["https:\/\/www.viaromana.org\/blog"],"url":"https:\/\/www.viaromana.org\/blog\/author\/anaadmin\/"}]}},"_links":{"self":[{"href":"https:\/\/www.viaromana.org\/blog\/wp-json\/wp\/v2\/posts\/1471"}],"collection":[{"href":"https:\/\/www.viaromana.org\/blog\/wp-json\/wp\/v2\/posts"}],"about":[{"href":"https:\/\/www.viaromana.org\/blog\/wp-json\/wp\/v2\/types\/post"}],"author":[{"embeddable":true,"href":"https:\/\/www.viaromana.org\/blog\/wp-json\/wp\/v2\/users\/1"}],"replies":[{"embeddable":true,"href":"https:\/\/www.viaromana.org\/blog\/wp-json\/wp\/v2\/comments?post=1471"}],"version-history":[{"count":0,"href":"https:\/\/www.viaromana.org\/blog\/wp-json\/wp\/v2\/posts\/1471\/revisions"}],"wp:attachment":[{"href":"https:\/\/www.viaromana.org\/blog\/wp-json\/wp\/v2\/media?parent=1471"}],"wp:term":[{"taxonomy":"category","embeddable":true,"href":"https:\/\/www.viaromana.org\/blog\/wp-json\/wp\/v2\/categories?post=1471"},{"taxonomy":"post_tag","embeddable":true,"href":"https:\/\/www.viaromana.org\/blog\/wp-json\/wp\/v2\/tags?post=1471"}],"curies":[{"name":"wp","href":"https:\/\/api.w.org\/{rel}","templated":true}]}}