{"id":1468,"date":"2022-12-15T09:36:21","date_gmt":"2022-12-15T08:36:21","guid":{"rendered":"https:\/\/www.site.cdcl.xyz\/2022\/12\/15\/revue-de-presse-internet-le-site-officiel-du-musee-daquitaine\/"},"modified":"2022-12-15T09:36:21","modified_gmt":"2022-12-15T08:36:21","slug":"revue-de-presse-internet-le-site-officiel-du-musee-daquitaine","status":"publish","type":"post","link":"https:\/\/www.viaromana.org\/blog\/revue-de-presse-internet-le-site-officiel-du-musee-daquitaine\/","title":{"rendered":"Revue de presse internet : Le site officiel du mus\u00e9e d\u2019Aquitaine"},"content":{"rendered":"<p>Je vais tout vous r\u00e9v\u00e9ler sur ce papier qui vient de para\u00eetre, dont le propos est \u00abl\u2019arch\u00e9ologie\u00bb.<\/p>\n<p>Son titre (Le site officiel du mus\u00e9e d\u2019Aquitaine) parle de lui-m\u00eame.<\/p>\n<p>L\u2019\u00e9ditorialiste (identifi\u00e9 sous la signature Mus\u00e9e d\u2019Aquitaine) est reconnu comme quelqu\u2019un de s\u00e9rieux pour plusieurs autres articles qu\u2019il a publi\u00e9s sur internet.<\/p>\n<p>La cr\u00e9dibilit\u00e9 est en cons\u00e9quence parfaite en ce qui concerne cet encart.<\/p>\n<p>Le post a \u00e9t\u00e9 \u00e9dit\u00e9 \u00e0 une date mentionn\u00e9e 2022-12-15 09:36:21.<\/p>\n<div>\n<h2><span>Exposition-dossier <em>\u00catre(s) \u00e0 St-Michel <\/em>pr\u00e9sent\u00e9e du 27 janvier au 23 avril 2023<\/span><\/h2>\n<p>\u00catre \u00e0 St-Michel, qu\u2019est-ce que cela signifie ? Comment y vit-on, chacun et tous ensemble ?<br \/>Port\u00e9 par trois artistes du cru, ce projet en deux temps dessine un portrait vivant de l\u2019embl\u00e9matique quartier bordelais. Au carrefour d\u2019une \u0153uvre documentaire, po\u00e9tique et plastique, les auteurs nous convient \u00e0 une aventure in situ. En croisant leurs pratiques artistiques, ils font \u00e9cho \u00e0 sa diversit\u00e9.<br \/>Le travail s\u2019articule d\u2019abord autour de portraits de commer\u00e7ant(e)s au travers de photographies et de r\u00e9cits recr\u00e9\u00e9s. Ils t\u00e9moignent, rem\u00e9morent, envisagent le quartier au fil du temps, heureux ou douloureux. Ces portraits sont affich\u00e9s sur les murs du quartier et c\u2019est alors aux passant(e)s de r\u00e9agir. La (vraie fausse) Grande Enqu\u00eate leur propose un dispositif participatif \u00e0 investir.<br \/>L\u2019exposition au mus\u00e9e d\u2019Aquitaine est pens\u00e9e comme une restitution de l\u2019exp\u00e9rience v\u00e9cue dans l\u2019espace public. Elle nous invite \u00e0 d\u00e9couvrir diff\u00e9rents points de vue port\u00e9s sur la mosa\u00efque Saint-Michel et \u00e0 nous questionner \u00e0 notre tour.<\/p>\n<p>Textes portraits : Aur\u00e9lia Coulaty<br \/>Photographies : Pierre Wetzel<br \/>Graphisme et Grande Enqu\u00eate : Jonas Laclasse<\/p>\n<p><span><strong>Visites-flash de l\u2019exposition<\/strong> : 7, 9,&nbsp; 14 et 16 f\u00e9vrier, \u00e0 14 h 30<\/span><br \/><span>Les auteurs de cette exposition et de cette aventure in situ, Aur\u00e9lia Coulaty, Pierre Wetzel et Jonas Laclasse, seront pr\u00e9sents pour vous raconter l\u2019histoire de ce projet, autour d\u2019un th\u00e9 \u00e0 la menthe !<\/span><\/p>\n<p><img decoding=\"async\" alt src=\"https:\/\/www.viaromana.org\/blog\/wp-content\/uploads\/2022\/12\/revue-de-presse-internet-le-site-officiel-du-musee-daquitaine.png\"><\/p>\n<\/div>\n<p>Bibliographie :<\/p>\n<p>QuanTika, Tome 1 : Vestiges.,<a target=\"_blank\" rel=\"nofollow\" href=\"https:\/\/www.viaromana.org\/blog\/goto\/https:\/\/booknode.com\/quantika_tome_1_vestiges_0352312\"  target=\"_blank\" rel=\"noopener noreferrer nofollow\">(Disponible) <\/a><span><\/span>. Disponible chez votre libraire.<\/p>\n<p>Plaisirs coupables, Tome 1 : Les Tr\u00e9sors de Daphn\u00e9.,<a target=\"_blank\" rel=\"nofollow\" href=\"https:\/\/www.viaromana.org\/blog\/goto\/https:\/\/booknode.com\/plaisirs_coupables_tome_1_les_tresors_de_daphne_074232\"  target=\"_blank\" rel=\"noopener noreferrer nofollow\">Le livre <\/a><span><\/span>.<\/p>\n<p>Tr\u00e9sors ; les petites et grandes d\u00e9couvertes qui font l\u2019arch\u00e9ologie.,<a target=\"_blank\" rel=\"nofollow\" href=\"https:\/\/www.viaromana.org\/blog\/goto\/https:\/\/www.epagine.fr\/ebook\/9782081491052-tresors-les-petites-et-grandes-decouvertes-qui-font-l-archeologie-jean-paul-demoule\/\"  target=\"_blank\" rel=\"noopener noreferrer nofollow\">Le livre <\/a><span><\/span>.<\/p>\n<p>Manuel d\u2019arch\u00e9ologie m\u00e9di\u00e9vale et moderne.,<a target=\"_blank\" rel=\"nofollow\" href=\"https:\/\/www.viaromana.org\/blog\/goto\/https:\/\/www.epagine.fr\/ebook\/9782200628888-manuel-d-archeologie-medievale-et-moderne-2e-edition-joelle-burnouf-danielle-arribet-deroin-bruno-desachy-florence-journot-anne-nissen-jaubert\/\"  target=\"_blank\" rel=\"noopener noreferrer nofollow\">Le livre <\/a><span><\/span>. Disponible dans toutes les bonnes librairies.<\/p>\n","protected":false},"excerpt":{"rendered":"<p>Je vais tout vous r\u00e9v\u00e9ler sur ce papier qui vient de para\u00eetre, dont le propos est \u00abl\u2019arch\u00e9ologie\u00bb. Son titre (Le site officiel du mus\u00e9e d\u2019Aquitaine) parle de lui-m\u00eame. L\u2019\u00e9ditorialiste (identifi\u00e9 sous la signature Mus\u00e9e d\u2019Aquitaine) est reconnu comme quelqu\u2019un de s\u00e9rieux pour plusieurs autres articles qu\u2019il a publi\u00e9s sur internet. La cr\u00e9dibilit\u00e9 est en cons\u00e9quence parfaite en ce qui concerne cet encart. Le post a \u00e9t\u00e9 \u00e9dit\u00e9 \u00e0 une date mentionn\u00e9e 2022-12-15 09:36:21. Exposition-dossier \u00catre(s) \u00e0 St-Michel pr\u00e9sent\u00e9e du 27 janvier au 23 avril 2023 \u00catre \u00e0 St-Michel, qu\u2019est-ce que cela signifie ? Comment y vit-on, chacun et tous ensemble\u2026<\/p>\n","protected":false},"author":1,"featured_media":0,"comment_status":"closed","ping_status":"closed","sticky":false,"template":"","format":"standard","meta":{"footnotes":""},"categories":[2],"tags":[],"blocksy_meta":{"styles_descriptor":{"styles":{"desktop":"","tablet":"","mobile":""},"google_fonts":[],"version":4}},"yoast_head":"<!-- This site is optimized with the Yoast SEO plugin v21.1 - https:\/\/yoast.com\/wordpress\/plugins\/seo\/ -->\n<title>Revue de presse internet : Le site officiel du mus\u00e9e d\u2019Aquitaine - Viaromana et arch\u00e9ologie.<\/title>\n<meta name=\"description\" content=\"Revue de presse internet : Le site officiel du mus\u00e9e d\u2019Aquitaine article de Viaromana et arch\u00e9ologie.\" \/>\n<meta name=\"robots\" content=\"index, follow, max-snippet:-1, max-image-preview:large, max-video-preview:-1\" \/>\n<link rel=\"canonical\" href=\"https:\/\/www.viaromana.org\/blog\/revue-de-presse-internet-le-site-officiel-du-musee-daquitaine\/\" \/>\n<meta property=\"og:locale\" content=\"fr_FR\" \/>\n<meta property=\"og:type\" content=\"article\" \/>\n<meta property=\"og:title\" content=\"Revue de presse internet : Le site officiel du mus\u00e9e d\u2019Aquitaine - Viaromana et arch\u00e9ologie.\" \/>\n<meta property=\"og:description\" content=\"Revue de presse internet : Le site officiel du mus\u00e9e d\u2019Aquitaine article de Viaromana et arch\u00e9ologie.\" \/>\n<meta property=\"og:url\" content=\"https:\/\/www.viaromana.org\/blog\/revue-de-presse-internet-le-site-officiel-du-musee-daquitaine\/\" \/>\n<meta property=\"og:site_name\" content=\"Viaromana et arch\u00e9ologie.\" \/>\n<meta property=\"article:published_time\" content=\"2022-12-15T08:36:21+00:00\" \/>\n<meta property=\"og:image\" content=\"https:\/\/www.viaromana.org\/blog\/wp-content\/uploads\/2022\/12\/revue-de-presse-internet-le-site-officiel-du-musee-daquitaine.png\" \/>\n<meta name=\"author\" content=\"Robert\" \/>\n<meta name=\"twitter:card\" content=\"summary_large_image\" \/>\n<meta name=\"twitter:label1\" content=\"\u00c9crit par\" \/>\n\t<meta name=\"twitter:data1\" content=\"Robert\" \/>\n\t<meta name=\"twitter:label2\" content=\"Dur\u00e9e de lecture estim\u00e9e\" \/>\n\t<meta name=\"twitter:data2\" content=\"2 minutes\" \/>\n<script type=\"application\/ld+json\" class=\"yoast-schema-graph\">{\"@context\":\"https:\/\/schema.org\",\"@graph\":[{\"@type\":\"Article\",\"@id\":\"https:\/\/www.viaromana.org\/blog\/revue-de-presse-internet-le-site-officiel-du-musee-daquitaine\/#article\",\"isPartOf\":{\"@id\":\"https:\/\/www.viaromana.org\/blog\/revue-de-presse-internet-le-site-officiel-du-musee-daquitaine\/\"},\"author\":{\"name\":\"Robert\",\"@id\":\"https:\/\/www.viaromana.org\/blog\/#\/schema\/person\/cde9c4655845091e1fe473fcd163c889\"},\"headline\":\"Revue de presse internet : Le site officiel du mus\u00e9e d\u2019Aquitaine\",\"datePublished\":\"2022-12-15T08:36:21+00:00\",\"dateModified\":\"2022-12-15T08:36:21+00:00\",\"mainEntityOfPage\":{\"@id\":\"https:\/\/www.viaromana.org\/blog\/revue-de-presse-internet-le-site-officiel-du-musee-daquitaine\/\"},\"wordCount\":402,\"publisher\":{\"@id\":\"https:\/\/www.viaromana.org\/blog\/#organization\"},\"articleSection\":[\"Arch\u00e9ologie\"],\"inLanguage\":\"fr-FR\"},{\"@type\":\"WebPage\",\"@id\":\"https:\/\/www.viaromana.org\/blog\/revue-de-presse-internet-le-site-officiel-du-musee-daquitaine\/\",\"url\":\"https:\/\/www.viaromana.org\/blog\/revue-de-presse-internet-le-site-officiel-du-musee-daquitaine\/\",\"name\":\"Revue de presse internet : Le site officiel du mus\u00e9e d\u2019Aquitaine - Viaromana et arch\u00e9ologie.\",\"isPartOf\":{\"@id\":\"https:\/\/www.viaromana.org\/blog\/#website\"},\"datePublished\":\"2022-12-15T08:36:21+00:00\",\"dateModified\":\"2022-12-15T08:36:21+00:00\",\"description\":\"Revue de presse internet : Le site officiel du mus\u00e9e d\u2019Aquitaine article de Viaromana et arch\u00e9ologie.\",\"breadcrumb\":{\"@id\":\"https:\/\/www.viaromana.org\/blog\/revue-de-presse-internet-le-site-officiel-du-musee-daquitaine\/#breadcrumb\"},\"inLanguage\":\"fr-FR\",\"potentialAction\":[{\"@type\":\"ReadAction\",\"target\":[\"https:\/\/www.viaromana.org\/blog\/revue-de-presse-internet-le-site-officiel-du-musee-daquitaine\/\"]}]},{\"@type\":\"BreadcrumbList\",\"@id\":\"https:\/\/www.viaromana.org\/blog\/revue-de-presse-internet-le-site-officiel-du-musee-daquitaine\/#breadcrumb\",\"itemListElement\":[{\"@type\":\"ListItem\",\"position\":1,\"name\":\"Accueil\",\"item\":\"https:\/\/www.viaromana.org\/blog\/\"},{\"@type\":\"ListItem\",\"position\":2,\"name\":\"Revue de presse internet : Le site officiel du mus\u00e9e d\u2019Aquitaine\"}]},{\"@type\":\"WebSite\",\"@id\":\"https:\/\/www.viaromana.org\/blog\/#website\",\"url\":\"https:\/\/www.viaromana.org\/blog\/\",\"name\":\"Viaromana et arch\u00e9ologie.\",\"description\":\"Site arch\u00e9ologique de la voie romaine (viaromana) Belgique-France-Rome\",\"publisher\":{\"@id\":\"https:\/\/www.viaromana.org\/blog\/#organization\"},\"potentialAction\":[{\"@type\":\"SearchAction\",\"target\":{\"@type\":\"EntryPoint\",\"urlTemplate\":\"https:\/\/www.viaromana.org\/blog\/?s={search_term_string}\"},\"query-input\":\"required name=search_term_string\"}],\"inLanguage\":\"fr-FR\"},{\"@type\":\"Organization\",\"@id\":\"https:\/\/www.viaromana.org\/blog\/#organization\",\"name\":\"viaromana\",\"url\":\"https:\/\/www.viaromana.org\/blog\/\",\"logo\":{\"@type\":\"ImageObject\",\"inLanguage\":\"fr-FR\",\"@id\":\"https:\/\/www.viaromana.org\/blog\/#\/schema\/logo\/image\/\",\"url\":\"https:\/\/www.viaromana.org\/blog\/wp-content\/uploads\/2021\/12\/logo-3.png\",\"contentUrl\":\"https:\/\/www.viaromana.org\/blog\/wp-content\/uploads\/2021\/12\/logo-3.png\",\"width\":300,\"height\":249,\"caption\":\"viaromana\"},\"image\":{\"@id\":\"https:\/\/www.viaromana.org\/blog\/#\/schema\/logo\/image\/\"}},{\"@type\":\"Person\",\"@id\":\"https:\/\/www.viaromana.org\/blog\/#\/schema\/person\/cde9c4655845091e1fe473fcd163c889\",\"name\":\"Robert\",\"image\":{\"@type\":\"ImageObject\",\"inLanguage\":\"fr-FR\",\"@id\":\"https:\/\/www.viaromana.org\/blog\/#\/schema\/person\/image\/\",\"url\":\"https:\/\/secure.gravatar.com\/avatar\/a168ec191013b636c2f278aec04e724b?s=96&d=mm&r=g\",\"contentUrl\":\"https:\/\/secure.gravatar.com\/avatar\/a168ec191013b636c2f278aec04e724b?s=96&d=mm&r=g\",\"caption\":\"Robert\"},\"sameAs\":[\"https:\/\/www.viaromana.org\/blog\"],\"url\":\"https:\/\/www.viaromana.org\/blog\/author\/anaadmin\/\"}]}<\/script>\n<!-- \/ Yoast SEO plugin. -->","yoast_head_json":{"title":"Revue de presse internet : Le site officiel du mus\u00e9e d\u2019Aquitaine - Viaromana et arch\u00e9ologie.","description":"Revue de presse internet : Le site officiel du mus\u00e9e d\u2019Aquitaine article de Viaromana et arch\u00e9ologie.","robots":{"index":"index","follow":"follow","max-snippet":"max-snippet:-1","max-image-preview":"max-image-preview:large","max-video-preview":"max-video-preview:-1"},"canonical":"https:\/\/www.viaromana.org\/blog\/revue-de-presse-internet-le-site-officiel-du-musee-daquitaine\/","og_locale":"fr_FR","og_type":"article","og_title":"Revue de presse internet : Le site officiel du mus\u00e9e d\u2019Aquitaine - Viaromana et arch\u00e9ologie.","og_description":"Revue de presse internet : Le site officiel du mus\u00e9e d\u2019Aquitaine article de Viaromana et arch\u00e9ologie.","og_url":"https:\/\/www.viaromana.org\/blog\/revue-de-presse-internet-le-site-officiel-du-musee-daquitaine\/","og_site_name":"Viaromana et arch\u00e9ologie.","article_published_time":"2022-12-15T08:36:21+00:00","og_image":[{"url":"https:\/\/www.viaromana.org\/blog\/wp-content\/uploads\/2022\/12\/revue-de-presse-internet-le-site-officiel-du-musee-daquitaine.png"}],"author":"Robert","twitter_card":"summary_large_image","twitter_misc":{"\u00c9crit par":"Robert","Dur\u00e9e de lecture estim\u00e9e":"2 minutes"},"schema":{"@context":"https:\/\/schema.org","@graph":[{"@type":"Article","@id":"https:\/\/www.viaromana.org\/blog\/revue-de-presse-internet-le-site-officiel-du-musee-daquitaine\/#article","isPartOf":{"@id":"https:\/\/www.viaromana.org\/blog\/revue-de-presse-internet-le-site-officiel-du-musee-daquitaine\/"},"author":{"name":"Robert","@id":"https:\/\/www.viaromana.org\/blog\/#\/schema\/person\/cde9c4655845091e1fe473fcd163c889"},"headline":"Revue de presse internet : Le site officiel du mus\u00e9e d\u2019Aquitaine","datePublished":"2022-12-15T08:36:21+00:00","dateModified":"2022-12-15T08:36:21+00:00","mainEntityOfPage":{"@id":"https:\/\/www.viaromana.org\/blog\/revue-de-presse-internet-le-site-officiel-du-musee-daquitaine\/"},"wordCount":402,"publisher":{"@id":"https:\/\/www.viaromana.org\/blog\/#organization"},"articleSection":["Arch\u00e9ologie"],"inLanguage":"fr-FR"},{"@type":"WebPage","@id":"https:\/\/www.viaromana.org\/blog\/revue-de-presse-internet-le-site-officiel-du-musee-daquitaine\/","url":"https:\/\/www.viaromana.org\/blog\/revue-de-presse-internet-le-site-officiel-du-musee-daquitaine\/","name":"Revue de presse internet : Le site officiel du mus\u00e9e d\u2019Aquitaine - Viaromana et arch\u00e9ologie.","isPartOf":{"@id":"https:\/\/www.viaromana.org\/blog\/#website"},"datePublished":"2022-12-15T08:36:21+00:00","dateModified":"2022-12-15T08:36:21+00:00","description":"Revue de presse internet : Le site officiel du mus\u00e9e d\u2019Aquitaine article de Viaromana et arch\u00e9ologie.","breadcrumb":{"@id":"https:\/\/www.viaromana.org\/blog\/revue-de-presse-internet-le-site-officiel-du-musee-daquitaine\/#breadcrumb"},"inLanguage":"fr-FR","potentialAction":[{"@type":"ReadAction","target":["https:\/\/www.viaromana.org\/blog\/revue-de-presse-internet-le-site-officiel-du-musee-daquitaine\/"]}]},{"@type":"BreadcrumbList","@id":"https:\/\/www.viaromana.org\/blog\/revue-de-presse-internet-le-site-officiel-du-musee-daquitaine\/#breadcrumb","itemListElement":[{"@type":"ListItem","position":1,"name":"Accueil","item":"https:\/\/www.viaromana.org\/blog\/"},{"@type":"ListItem","position":2,"name":"Revue de presse internet : Le site officiel du mus\u00e9e d\u2019Aquitaine"}]},{"@type":"WebSite","@id":"https:\/\/www.viaromana.org\/blog\/#website","url":"https:\/\/www.viaromana.org\/blog\/","name":"Viaromana et arch\u00e9ologie.","description":"Site arch\u00e9ologique de la voie romaine (viaromana) Belgique-France-Rome","publisher":{"@id":"https:\/\/www.viaromana.org\/blog\/#organization"},"potentialAction":[{"@type":"SearchAction","target":{"@type":"EntryPoint","urlTemplate":"https:\/\/www.viaromana.org\/blog\/?s={search_term_string}"},"query-input":"required name=search_term_string"}],"inLanguage":"fr-FR"},{"@type":"Organization","@id":"https:\/\/www.viaromana.org\/blog\/#organization","name":"viaromana","url":"https:\/\/www.viaromana.org\/blog\/","logo":{"@type":"ImageObject","inLanguage":"fr-FR","@id":"https:\/\/www.viaromana.org\/blog\/#\/schema\/logo\/image\/","url":"https:\/\/www.viaromana.org\/blog\/wp-content\/uploads\/2021\/12\/logo-3.png","contentUrl":"https:\/\/www.viaromana.org\/blog\/wp-content\/uploads\/2021\/12\/logo-3.png","width":300,"height":249,"caption":"viaromana"},"image":{"@id":"https:\/\/www.viaromana.org\/blog\/#\/schema\/logo\/image\/"}},{"@type":"Person","@id":"https:\/\/www.viaromana.org\/blog\/#\/schema\/person\/cde9c4655845091e1fe473fcd163c889","name":"Robert","image":{"@type":"ImageObject","inLanguage":"fr-FR","@id":"https:\/\/www.viaromana.org\/blog\/#\/schema\/person\/image\/","url":"https:\/\/secure.gravatar.com\/avatar\/a168ec191013b636c2f278aec04e724b?s=96&d=mm&r=g","contentUrl":"https:\/\/secure.gravatar.com\/avatar\/a168ec191013b636c2f278aec04e724b?s=96&d=mm&r=g","caption":"Robert"},"sameAs":["https:\/\/www.viaromana.org\/blog"],"url":"https:\/\/www.viaromana.org\/blog\/author\/anaadmin\/"}]}},"_links":{"self":[{"href":"https:\/\/www.viaromana.org\/blog\/wp-json\/wp\/v2\/posts\/1468"}],"collection":[{"href":"https:\/\/www.viaromana.org\/blog\/wp-json\/wp\/v2\/posts"}],"about":[{"href":"https:\/\/www.viaromana.org\/blog\/wp-json\/wp\/v2\/types\/post"}],"author":[{"embeddable":true,"href":"https:\/\/www.viaromana.org\/blog\/wp-json\/wp\/v2\/users\/1"}],"replies":[{"embeddable":true,"href":"https:\/\/www.viaromana.org\/blog\/wp-json\/wp\/v2\/comments?post=1468"}],"version-history":[{"count":0,"href":"https:\/\/www.viaromana.org\/blog\/wp-json\/wp\/v2\/posts\/1468\/revisions"}],"wp:attachment":[{"href":"https:\/\/www.viaromana.org\/blog\/wp-json\/wp\/v2\/media?parent=1468"}],"wp:term":[{"taxonomy":"category","embeddable":true,"href":"https:\/\/www.viaromana.org\/blog\/wp-json\/wp\/v2\/categories?post=1468"},{"taxonomy":"post_tag","embeddable":true,"href":"https:\/\/www.viaromana.org\/blog\/wp-json\/wp\/v2\/tags?post=1468"}],"curies":[{"name":"wp","href":"https:\/\/api.w.org\/{rel}","templated":true}]}}