{"id":1460,"date":"2022-12-12T15:41:48","date_gmt":"2022-12-12T14:41:48","guid":{"rendered":"https:\/\/www.site.cdcl.xyz\/2022\/12\/12\/ca-circule-sur-le-web-espace-conseil-emplois-ville-de-vannes\/"},"modified":"2022-12-12T15:41:48","modified_gmt":"2022-12-12T14:41:48","slug":"ca-circule-sur-le-web-espace-conseil-emplois-ville-de-vannes","status":"publish","type":"post","link":"https:\/\/www.viaromana.org\/blog\/ca-circule-sur-le-web-espace-conseil-emplois-ville-de-vannes\/","title":{"rendered":"Ca circule sur le web : Espace Conseil Emplois | Ville de Vannes"},"content":{"rendered":"<p>En fouillant le web nos r\u00e9dacteurs ont relev\u00e9 un papier qui va vous plaire. Sa th\u00e9matique est \u00ab&nbsp;l\u2019arch\u00e9ologie&nbsp;\u00bb.<\/p>\n<p>Son titre s\u00e9duisant (Espace Conseil Emplois | Ville de Vannes) synth\u00e9tise tout le papier.<\/p>\n<p>Sachez que l\u2019\u00e9crivain (identifi\u00e9 sous le nom admin_vannes) est positivement connu pour plusieurs autres articles qu\u2019il a publi\u00e9s sur internet.<\/p>\n<p>Il n\u2019y a pas de raison de ne pas croire de la fiabilit\u00e9 de ces infos.<\/p>\n<p>L\u2019article : <\/p>\n<div>\n<div>\n<p>La ville de Vannes s\u2019engage aux c\u00f4t\u00e9s des acteurs publics, priv\u00e9s et associatifs du secteur de l\u2019emploi, dans le cadre de la politique de la ville, en proposant deux Espaces conseil emploi, dans les quartiers de Kercado et M\u00e9nimur. Ces deux espaces de la ville de Vannes vous accueillent pour vous proposer conseils et services, en lien avec ses partenaires du territoire, afin de faciliter votre retour \u00e0 l\u2019emploi.<\/p>\n<\/div>\n<\/div>\n<div>\n<div>\n<p>Les deux espaces municipaux coordonnent les actions de ses partenaires locaux sur de nombreuses th\u00e9matiques.<\/p>\n<ul>\n<li>L\u2019accueil et l\u2019accompagnement des jeunes<\/li>\n<li>La mobilit\u00e9<\/li>\n<li>L\u2019accompagnement des publics f\u00e9minins et familles monoparentales<\/li>\n<li>L\u2019int\u00e9rim social<\/li>\n<li>Le parcours de formation<\/li>\n<li>La mise en relation direct avec les entreprises du territoire<\/li>\n<\/ul><\/div>\n<\/div>\n<div>\n<div>\n<p>La ville de Vannes coordonne ses deux Espaces conseil emploi afin de cr\u00e9er de la synergie entre ses partenaires. En leur offrant une structure d\u2019accueil, ils peuvent organiser des rendez-vous individuels, des ateliers et mettre \u00e0 disposition du public l\u2019ensemble de leurs services de proximit\u00e9.<\/p>\n<\/div>\n<\/div>\n<div>\n<div>\n<p>Tout au long de l\u2019ann\u00e9e, les partenaires des Espaces conseil emploi proposent et organisent des ateliers th\u00e9matiques sur les sites de Kercado et M\u00e9nimur. Ces ateliers en petits groupes sont g\u00e9r\u00e9s en direct par les organisateurs, dans les locaux des Espaces conseil emploi et sont anim\u00e9s par des professionnels du secteur. Les th\u00e8mes des ateliers, les dates ainsi que les conditions de participation sont diffus\u00e9s en direct par les organisateurs aupr\u00e8s des demandeurs d\u2019emploi.<\/p>\n<p><strong>M\u00c9NIMUR <\/strong>6 rue Emile Jourdan 02 97 62 69 30 espaceconseilemploi@mairie-vannes.fr Accueil du public les mardis et jeudis de 9h \u00e0 12h<br \/><strong>KERCADO <\/strong>5 rue Guillo Dubodan 02 97 62 69 30 espaceconseilemploi@mairie-vannes.fr Accueil du public sur rendez-vous uniquement<\/p>\n<p>\n\u2192 LES PARTENAIRES DES ESPACES CONSEIL EMPLOI DE LA VILLE DE VANNES P\u00f4le emploi \u2013 La Mission Locale Vannes Relais \u2013 NEO 56 le CIDFF \u2013 la R\u00e9gion Bretagne Face 56 \u2013 AMISEP et le P\u00f4le E2S du Pays de Vannes<\/p>\n<\/p><\/div>\n<\/div>\n<p>Publications sur le m\u00eame th\u00e8me:<\/p>\n<p>Raoul Taffin tombe \u00e0 l\u2019eau.,<a target=\"_blank\" rel=\"nofollow\" href=\"https:\/\/www.viaromana.org\/blog\/goto\/https:\/\/booknode.com\/raoul_taffin_tombe_a_leau_01616544\"  target=\"_blank\" rel=\"noopener noreferrer nofollow\">A voir et \u00e0 lire. <\/a><span><\/span>.<\/p>\n<p>Manuel d\u2019arch\u00e9ologie: M\u00e9thodes, objets et concepts.,<a target=\"_blank\" rel=\"nofollow\" href=\"https:\/\/www.viaromana.org\/blog\/goto\/https:\/\/booknode.com\/manuel_darcheologie_methodes_objets_et_concepts_0619572\"  target=\"_blank\" rel=\"noopener noreferrer nofollow\">Ouvrage <\/a><span><\/span>.<\/p>\n<p>Tremplin d\u2019\u00e9toiles.,<a target=\"_blank\" rel=\"nofollow\" href=\"https:\/\/www.viaromana.org\/blog\/goto\/https:\/\/booknode.com\/tremplin_detoiles_0148772\"  target=\"_blank\" rel=\"noopener noreferrer nofollow\">Clicker Ici <\/a><span><\/span>.<\/p>\n<p>P\u00e9riode Glaciaire.,<a target=\"_blank\" rel=\"nofollow\" href=\"https:\/\/www.viaromana.org\/blog\/goto\/https:\/\/booknode.com\/periode_glaciaire_0112143\"  target=\"_blank\" rel=\"noopener noreferrer nofollow\">A voir et \u00e0 lire. <\/a><span><\/span>. Disponible sur internet.<\/p>\n","protected":false},"excerpt":{"rendered":"<p>En fouillant le web nos r\u00e9dacteurs ont relev\u00e9 un papier qui va vous plaire. Sa th\u00e9matique est \u00ab&nbsp;l\u2019arch\u00e9ologie&nbsp;\u00bb. Son titre s\u00e9duisant (Espace Conseil Emplois | Ville de Vannes) synth\u00e9tise tout le papier. Sachez que l\u2019\u00e9crivain (identifi\u00e9 sous le nom admin_vannes) est positivement connu pour plusieurs autres articles qu\u2019il a publi\u00e9s sur internet. Il n\u2019y a pas de raison de ne pas croire de la fiabilit\u00e9 de ces infos. L\u2019article : La ville de Vannes s\u2019engage aux c\u00f4t\u00e9s des acteurs publics, priv\u00e9s et associatifs du secteur de l\u2019emploi, dans le cadre de la politique de la ville, en proposant deux Espaces\u2026<\/p>\n","protected":false},"author":1,"featured_media":0,"comment_status":"closed","ping_status":"closed","sticky":false,"template":"","format":"standard","meta":{"footnotes":""},"categories":[2],"tags":[],"blocksy_meta":{"styles_descriptor":{"styles":{"desktop":"","tablet":"","mobile":""},"google_fonts":[],"version":4}},"yoast_head":"<!-- This site is optimized with the Yoast SEO plugin v21.1 - https:\/\/yoast.com\/wordpress\/plugins\/seo\/ -->\n<title>Ca circule sur le web : Espace Conseil Emplois | Ville de Vannes - Viaromana et arch\u00e9ologie.<\/title>\n<meta name=\"description\" content=\"Ca circule sur le web : Espace Conseil Emplois | Ville de Vannes article de Viaromana et arch\u00e9ologie.\" \/>\n<meta name=\"robots\" content=\"index, follow, max-snippet:-1, max-image-preview:large, max-video-preview:-1\" \/>\n<link rel=\"canonical\" href=\"https:\/\/www.viaromana.org\/blog\/ca-circule-sur-le-web-espace-conseil-emplois-ville-de-vannes\/\" \/>\n<meta property=\"og:locale\" content=\"fr_FR\" \/>\n<meta property=\"og:type\" content=\"article\" \/>\n<meta property=\"og:title\" content=\"Ca circule sur le web : Espace Conseil Emplois | Ville de Vannes - Viaromana et arch\u00e9ologie.\" \/>\n<meta property=\"og:description\" content=\"Ca circule sur le web : Espace Conseil Emplois | Ville de Vannes article de Viaromana et arch\u00e9ologie.\" \/>\n<meta property=\"og:url\" content=\"https:\/\/www.viaromana.org\/blog\/ca-circule-sur-le-web-espace-conseil-emplois-ville-de-vannes\/\" \/>\n<meta property=\"og:site_name\" content=\"Viaromana et arch\u00e9ologie.\" \/>\n<meta property=\"article:published_time\" content=\"2022-12-12T14:41:48+00:00\" \/>\n<meta name=\"author\" content=\"Robert\" \/>\n<meta name=\"twitter:card\" content=\"summary_large_image\" \/>\n<meta name=\"twitter:label1\" content=\"\u00c9crit par\" \/>\n\t<meta name=\"twitter:data1\" content=\"Robert\" \/>\n\t<meta name=\"twitter:label2\" content=\"Dur\u00e9e de lecture estim\u00e9e\" \/>\n\t<meta name=\"twitter:data2\" content=\"2 minutes\" \/>\n<script type=\"application\/ld+json\" class=\"yoast-schema-graph\">{\"@context\":\"https:\/\/schema.org\",\"@graph\":[{\"@type\":\"Article\",\"@id\":\"https:\/\/www.viaromana.org\/blog\/ca-circule-sur-le-web-espace-conseil-emplois-ville-de-vannes\/#article\",\"isPartOf\":{\"@id\":\"https:\/\/www.viaromana.org\/blog\/ca-circule-sur-le-web-espace-conseil-emplois-ville-de-vannes\/\"},\"author\":{\"name\":\"Robert\",\"@id\":\"https:\/\/www.viaromana.org\/blog\/#\/schema\/person\/cde9c4655845091e1fe473fcd163c889\"},\"headline\":\"Ca circule sur le web : Espace Conseil Emplois | Ville de Vannes\",\"datePublished\":\"2022-12-12T14:41:48+00:00\",\"dateModified\":\"2022-12-12T14:41:48+00:00\",\"mainEntityOfPage\":{\"@id\":\"https:\/\/www.viaromana.org\/blog\/ca-circule-sur-le-web-espace-conseil-emplois-ville-de-vannes\/\"},\"wordCount\":462,\"publisher\":{\"@id\":\"https:\/\/www.viaromana.org\/blog\/#organization\"},\"articleSection\":[\"Arch\u00e9ologie\"],\"inLanguage\":\"fr-FR\"},{\"@type\":\"WebPage\",\"@id\":\"https:\/\/www.viaromana.org\/blog\/ca-circule-sur-le-web-espace-conseil-emplois-ville-de-vannes\/\",\"url\":\"https:\/\/www.viaromana.org\/blog\/ca-circule-sur-le-web-espace-conseil-emplois-ville-de-vannes\/\",\"name\":\"Ca circule sur le web : Espace Conseil Emplois | Ville de Vannes - Viaromana et arch\u00e9ologie.\",\"isPartOf\":{\"@id\":\"https:\/\/www.viaromana.org\/blog\/#website\"},\"datePublished\":\"2022-12-12T14:41:48+00:00\",\"dateModified\":\"2022-12-12T14:41:48+00:00\",\"description\":\"Ca circule sur le web : Espace Conseil Emplois | Ville de Vannes article de Viaromana et arch\u00e9ologie.\",\"breadcrumb\":{\"@id\":\"https:\/\/www.viaromana.org\/blog\/ca-circule-sur-le-web-espace-conseil-emplois-ville-de-vannes\/#breadcrumb\"},\"inLanguage\":\"fr-FR\",\"potentialAction\":[{\"@type\":\"ReadAction\",\"target\":[\"https:\/\/www.viaromana.org\/blog\/ca-circule-sur-le-web-espace-conseil-emplois-ville-de-vannes\/\"]}]},{\"@type\":\"BreadcrumbList\",\"@id\":\"https:\/\/www.viaromana.org\/blog\/ca-circule-sur-le-web-espace-conseil-emplois-ville-de-vannes\/#breadcrumb\",\"itemListElement\":[{\"@type\":\"ListItem\",\"position\":1,\"name\":\"Accueil\",\"item\":\"https:\/\/www.viaromana.org\/blog\/\"},{\"@type\":\"ListItem\",\"position\":2,\"name\":\"Ca circule sur le web : Espace Conseil Emplois | Ville de Vannes\"}]},{\"@type\":\"WebSite\",\"@id\":\"https:\/\/www.viaromana.org\/blog\/#website\",\"url\":\"https:\/\/www.viaromana.org\/blog\/\",\"name\":\"Viaromana et arch\u00e9ologie.\",\"description\":\"Site arch\u00e9ologique de la voie romaine (viaromana) Belgique-France-Rome\",\"publisher\":{\"@id\":\"https:\/\/www.viaromana.org\/blog\/#organization\"},\"potentialAction\":[{\"@type\":\"SearchAction\",\"target\":{\"@type\":\"EntryPoint\",\"urlTemplate\":\"https:\/\/www.viaromana.org\/blog\/?s={search_term_string}\"},\"query-input\":\"required name=search_term_string\"}],\"inLanguage\":\"fr-FR\"},{\"@type\":\"Organization\",\"@id\":\"https:\/\/www.viaromana.org\/blog\/#organization\",\"name\":\"viaromana\",\"url\":\"https:\/\/www.viaromana.org\/blog\/\",\"logo\":{\"@type\":\"ImageObject\",\"inLanguage\":\"fr-FR\",\"@id\":\"https:\/\/www.viaromana.org\/blog\/#\/schema\/logo\/image\/\",\"url\":\"https:\/\/www.viaromana.org\/blog\/wp-content\/uploads\/2021\/12\/logo-3.png\",\"contentUrl\":\"https:\/\/www.viaromana.org\/blog\/wp-content\/uploads\/2021\/12\/logo-3.png\",\"width\":300,\"height\":249,\"caption\":\"viaromana\"},\"image\":{\"@id\":\"https:\/\/www.viaromana.org\/blog\/#\/schema\/logo\/image\/\"}},{\"@type\":\"Person\",\"@id\":\"https:\/\/www.viaromana.org\/blog\/#\/schema\/person\/cde9c4655845091e1fe473fcd163c889\",\"name\":\"Robert\",\"image\":{\"@type\":\"ImageObject\",\"inLanguage\":\"fr-FR\",\"@id\":\"https:\/\/www.viaromana.org\/blog\/#\/schema\/person\/image\/\",\"url\":\"https:\/\/secure.gravatar.com\/avatar\/a168ec191013b636c2f278aec04e724b?s=96&d=mm&r=g\",\"contentUrl\":\"https:\/\/secure.gravatar.com\/avatar\/a168ec191013b636c2f278aec04e724b?s=96&d=mm&r=g\",\"caption\":\"Robert\"},\"sameAs\":[\"https:\/\/www.viaromana.org\/blog\"],\"url\":\"https:\/\/www.viaromana.org\/blog\/author\/anaadmin\/\"}]}<\/script>\n<!-- \/ Yoast SEO plugin. -->","yoast_head_json":{"title":"Ca circule sur le web : Espace Conseil Emplois | Ville de Vannes - Viaromana et arch\u00e9ologie.","description":"Ca circule sur le web : Espace Conseil Emplois | Ville de Vannes article de Viaromana et arch\u00e9ologie.","robots":{"index":"index","follow":"follow","max-snippet":"max-snippet:-1","max-image-preview":"max-image-preview:large","max-video-preview":"max-video-preview:-1"},"canonical":"https:\/\/www.viaromana.org\/blog\/ca-circule-sur-le-web-espace-conseil-emplois-ville-de-vannes\/","og_locale":"fr_FR","og_type":"article","og_title":"Ca circule sur le web : Espace Conseil Emplois | Ville de Vannes - Viaromana et arch\u00e9ologie.","og_description":"Ca circule sur le web : Espace Conseil Emplois | Ville de Vannes article de Viaromana et arch\u00e9ologie.","og_url":"https:\/\/www.viaromana.org\/blog\/ca-circule-sur-le-web-espace-conseil-emplois-ville-de-vannes\/","og_site_name":"Viaromana et arch\u00e9ologie.","article_published_time":"2022-12-12T14:41:48+00:00","author":"Robert","twitter_card":"summary_large_image","twitter_misc":{"\u00c9crit par":"Robert","Dur\u00e9e de lecture estim\u00e9e":"2 minutes"},"schema":{"@context":"https:\/\/schema.org","@graph":[{"@type":"Article","@id":"https:\/\/www.viaromana.org\/blog\/ca-circule-sur-le-web-espace-conseil-emplois-ville-de-vannes\/#article","isPartOf":{"@id":"https:\/\/www.viaromana.org\/blog\/ca-circule-sur-le-web-espace-conseil-emplois-ville-de-vannes\/"},"author":{"name":"Robert","@id":"https:\/\/www.viaromana.org\/blog\/#\/schema\/person\/cde9c4655845091e1fe473fcd163c889"},"headline":"Ca circule sur le web : Espace Conseil Emplois | Ville de Vannes","datePublished":"2022-12-12T14:41:48+00:00","dateModified":"2022-12-12T14:41:48+00:00","mainEntityOfPage":{"@id":"https:\/\/www.viaromana.org\/blog\/ca-circule-sur-le-web-espace-conseil-emplois-ville-de-vannes\/"},"wordCount":462,"publisher":{"@id":"https:\/\/www.viaromana.org\/blog\/#organization"},"articleSection":["Arch\u00e9ologie"],"inLanguage":"fr-FR"},{"@type":"WebPage","@id":"https:\/\/www.viaromana.org\/blog\/ca-circule-sur-le-web-espace-conseil-emplois-ville-de-vannes\/","url":"https:\/\/www.viaromana.org\/blog\/ca-circule-sur-le-web-espace-conseil-emplois-ville-de-vannes\/","name":"Ca circule sur le web : Espace Conseil Emplois | Ville de Vannes - Viaromana et arch\u00e9ologie.","isPartOf":{"@id":"https:\/\/www.viaromana.org\/blog\/#website"},"datePublished":"2022-12-12T14:41:48+00:00","dateModified":"2022-12-12T14:41:48+00:00","description":"Ca circule sur le web : Espace Conseil Emplois | Ville de Vannes article de Viaromana et arch\u00e9ologie.","breadcrumb":{"@id":"https:\/\/www.viaromana.org\/blog\/ca-circule-sur-le-web-espace-conseil-emplois-ville-de-vannes\/#breadcrumb"},"inLanguage":"fr-FR","potentialAction":[{"@type":"ReadAction","target":["https:\/\/www.viaromana.org\/blog\/ca-circule-sur-le-web-espace-conseil-emplois-ville-de-vannes\/"]}]},{"@type":"BreadcrumbList","@id":"https:\/\/www.viaromana.org\/blog\/ca-circule-sur-le-web-espace-conseil-emplois-ville-de-vannes\/#breadcrumb","itemListElement":[{"@type":"ListItem","position":1,"name":"Accueil","item":"https:\/\/www.viaromana.org\/blog\/"},{"@type":"ListItem","position":2,"name":"Ca circule sur le web : Espace Conseil Emplois | Ville de Vannes"}]},{"@type":"WebSite","@id":"https:\/\/www.viaromana.org\/blog\/#website","url":"https:\/\/www.viaromana.org\/blog\/","name":"Viaromana et arch\u00e9ologie.","description":"Site arch\u00e9ologique de la voie romaine (viaromana) Belgique-France-Rome","publisher":{"@id":"https:\/\/www.viaromana.org\/blog\/#organization"},"potentialAction":[{"@type":"SearchAction","target":{"@type":"EntryPoint","urlTemplate":"https:\/\/www.viaromana.org\/blog\/?s={search_term_string}"},"query-input":"required name=search_term_string"}],"inLanguage":"fr-FR"},{"@type":"Organization","@id":"https:\/\/www.viaromana.org\/blog\/#organization","name":"viaromana","url":"https:\/\/www.viaromana.org\/blog\/","logo":{"@type":"ImageObject","inLanguage":"fr-FR","@id":"https:\/\/www.viaromana.org\/blog\/#\/schema\/logo\/image\/","url":"https:\/\/www.viaromana.org\/blog\/wp-content\/uploads\/2021\/12\/logo-3.png","contentUrl":"https:\/\/www.viaromana.org\/blog\/wp-content\/uploads\/2021\/12\/logo-3.png","width":300,"height":249,"caption":"viaromana"},"image":{"@id":"https:\/\/www.viaromana.org\/blog\/#\/schema\/logo\/image\/"}},{"@type":"Person","@id":"https:\/\/www.viaromana.org\/blog\/#\/schema\/person\/cde9c4655845091e1fe473fcd163c889","name":"Robert","image":{"@type":"ImageObject","inLanguage":"fr-FR","@id":"https:\/\/www.viaromana.org\/blog\/#\/schema\/person\/image\/","url":"https:\/\/secure.gravatar.com\/avatar\/a168ec191013b636c2f278aec04e724b?s=96&d=mm&r=g","contentUrl":"https:\/\/secure.gravatar.com\/avatar\/a168ec191013b636c2f278aec04e724b?s=96&d=mm&r=g","caption":"Robert"},"sameAs":["https:\/\/www.viaromana.org\/blog"],"url":"https:\/\/www.viaromana.org\/blog\/author\/anaadmin\/"}]}},"_links":{"self":[{"href":"https:\/\/www.viaromana.org\/blog\/wp-json\/wp\/v2\/posts\/1460"}],"collection":[{"href":"https:\/\/www.viaromana.org\/blog\/wp-json\/wp\/v2\/posts"}],"about":[{"href":"https:\/\/www.viaromana.org\/blog\/wp-json\/wp\/v2\/types\/post"}],"author":[{"embeddable":true,"href":"https:\/\/www.viaromana.org\/blog\/wp-json\/wp\/v2\/users\/1"}],"replies":[{"embeddable":true,"href":"https:\/\/www.viaromana.org\/blog\/wp-json\/wp\/v2\/comments?post=1460"}],"version-history":[{"count":0,"href":"https:\/\/www.viaromana.org\/blog\/wp-json\/wp\/v2\/posts\/1460\/revisions"}],"wp:attachment":[{"href":"https:\/\/www.viaromana.org\/blog\/wp-json\/wp\/v2\/media?parent=1460"}],"wp:term":[{"taxonomy":"category","embeddable":true,"href":"https:\/\/www.viaromana.org\/blog\/wp-json\/wp\/v2\/categories?post=1460"},{"taxonomy":"post_tag","embeddable":true,"href":"https:\/\/www.viaromana.org\/blog\/wp-json\/wp\/v2\/tags?post=1460"}],"curies":[{"name":"wp","href":"https:\/\/api.w.org\/{rel}","templated":true}]}}