{"id":1458,"date":"2022-12-12T15:00:15","date_gmt":"2022-12-12T14:00:15","guid":{"rendered":"https:\/\/www.site.cdcl.xyz\/2022\/12\/12\/quoi-retenir-de-ce-papier-realisation-dun-projet-inter-quartier-ville-de-vannes\/"},"modified":"2022-12-12T15:00:15","modified_gmt":"2022-12-12T14:00:15","slug":"quoi-retenir-de-ce-papier-realisation-dun-projet-inter-quartier-ville-de-vannes","status":"publish","type":"post","link":"https:\/\/www.viaromana.org\/blog\/quoi-retenir-de-ce-papier-realisation-dun-projet-inter-quartier-ville-de-vannes\/","title":{"rendered":"Quoi retenir de ce papier : R\u00e9alisation d\u2019un projet inter-quartier | Ville de Vannes"},"content":{"rendered":"<p>Notre \u00e9quipe va mettre en pleine lumi\u00e8re cet encart qui vient d\u2019\u00eatre publi\u00e9, dont la th\u00e9matique est \u00abl\u2019arch\u00e9ologie\u00bb.<\/p>\n<p>Le titre (R\u00e9alisation d\u2019un projet inter-quartier | Ville de Vannes) est \u00e9vocateur.<\/p>\n<p>Sachez que l\u2019\u00e9ditorialiste (annonc\u00e9 sous la signature admin_vannes) est reconnu comme quelqu\u2019un de s\u00e9rieux.<\/p>\n<p>Ce texte peut ainsi \u00eatre pris au s\u00e9rieux.<\/p>\n<div>\n<div>\n<p>C\u2019est le deuxi\u00e8me projet du budget participatif 2022 qui voit le jour : l\u2019installation de quatre bornes outill\u00e9es, en libre-service, pour l\u2019entretien et la petite r\u00e9paration de v\u00e9los. Un projet inter-quartier puisque ce sont quatre bornes qui ont \u00e9t\u00e9 install\u00e9s, sur la presqu\u2019ile de Conleau, place Cuxhaven \u00e0 Kercado, devant la M\u00e9diath\u00e8que de Beaupr\u00e9 et prochainement place Fareham \u00e0 Cliscou\u00ebt. Un budget de 12 500 euros pour ce projet favorisant le d\u00e9veloppement des mobilit\u00e9s actives.<\/p>\n<\/p><\/div>\n<\/div>\n<div>\n<div>\n<p><strong>Le reste des projets laur\u00e9ats par date de r\u00e9alisation :<\/strong><\/p>\n<ul>\n<li>Les casiers solidaires pour sans-abris \u00e0 Nord Gare (janvier 2023)<\/li>\n<li>La mini for\u00eat en ville \u00e0 Kercado (d\u00e9but 2023)<\/li>\n<li>L\u2019\u00e9clairage de deux passages pi\u00e9tons \u00e0 la Madeleine (d\u00e9but 2023)<\/li>\n<li>L\u2019\u00e9talonnage du circuit p\u00e9destre de la Garenne (d\u00e9but 2023)<\/li>\n<li>Une aire de jeux petite enfance \u00e0 M\u00e9nimur (d\u00e9but 2023)<\/li>\n<li>Les fontaines \u00e0 boire (d\u00e9but 2023)<\/li>\n<li>La cr\u00e9ation d\u2019un cheminement pi\u00e9ton \u00e0 Saint-Guen (printemps 2023)<\/li>\n<li>Les jeux ext\u00e9rieurs pour tous \u00e0 M\u00e9nimur (printemps 2023)<\/li>\n<li>La mise en couleurs des plaques et grilles d\u2019\u00e9gouts (printemps 2023)<\/li>\n<li>Un jardin du souvenir pour animaux \u00e0 Kermesquel (juin 2023)<\/li>\n<li>Le r\u00e9cup\u00e9rateur d\u2019eau de pluie au centre-ville (juin 2023)<\/li>\n<li>Le parc \u00e9ducatif et r\u00e9cr\u00e9atif pour chiens \u00e0 M\u00e9nimur (juin 2023)<\/li>\n<\/ul>\n<\/div>\n<\/div>\n<p>Ce th\u00e8me correspond \u00e0 vos interrogations vous aimerez aussi ces publications :<\/p>\n<p>Verdun.,<a target=\"_blank\" rel=\"nofollow\" href=\"https:\/\/www.viaromana.org\/blog\/goto\/https:\/\/www.epagine.fr\/ebook\/9782307447436-verdun-centre-national-d-archeologie-urbaine-franck-gama\/\"  target=\"_blank\" rel=\"noopener noreferrer nofollow\">Le livre <\/a><span><\/span>. Disponible dans toutes les bonnes librairies.<\/p>\n<p>M\u00e9galithes de Vend\u00e9e (1) : L\u00e9gendes et arch\u00e9ologie.,<a target=\"_blank\" rel=\"nofollow\" href=\"https:\/\/www.viaromana.org\/blog\/goto\/https:\/\/www.epagine.fr\/ebook\/9782402019859-megalithes-de-vendee-1-legendes-et-archeologie-jean-loic-le-quellec-bertrand-poissonnier\/\"  target=\"_blank\" rel=\"noopener noreferrer nofollow\">Le livre <\/a><span><\/span>.<\/p>\n<p>Verdun.,<a target=\"_blank\" rel=\"nofollow\" href=\"https:\/\/www.viaromana.org\/blog\/goto\/https:\/\/www.epagine.fr\/ebook\/9782307447436-verdun-centre-national-d-archeologie-urbaine-franck-gama\/\"  target=\"_blank\" rel=\"noopener noreferrer nofollow\">Le livre <\/a><span><\/span>.<\/p>\n<p>On a retrouv\u00e9 l\u2019histoire de France ; comment l\u2019arch\u00e9ologie raconte notre pass\u00e9.,<a target=\"_blank\" rel=\"nofollow\" href=\"https:\/\/www.viaromana.org\/blog\/goto\/https:\/\/www.epagine.fr\/ebook\/9782221131305-on-a-retrouve-l-histoire-de-france-comment-l-archeologie-raconte-notre-passe-jean-paul-demoule\/\"  target=\"_blank\" rel=\"noopener noreferrer nofollow\">(Disponible) <\/a><span><\/span>.<\/p>\n","protected":false},"excerpt":{"rendered":"<p>Notre \u00e9quipe va mettre en pleine lumi\u00e8re cet encart qui vient d\u2019\u00eatre publi\u00e9, dont la th\u00e9matique est \u00abl\u2019arch\u00e9ologie\u00bb. Le titre (R\u00e9alisation d\u2019un projet inter-quartier | Ville de Vannes) est \u00e9vocateur. Sachez que l\u2019\u00e9ditorialiste (annonc\u00e9 sous la signature admin_vannes) est reconnu comme quelqu\u2019un de s\u00e9rieux. Ce texte peut ainsi \u00eatre pris au s\u00e9rieux. C\u2019est le deuxi\u00e8me projet du budget participatif 2022 qui voit le jour : l\u2019installation de quatre bornes outill\u00e9es, en libre-service, pour l\u2019entretien et la petite r\u00e9paration de v\u00e9los. Un projet inter-quartier puisque ce sont quatre bornes qui ont \u00e9t\u00e9 install\u00e9s, sur la presqu\u2019ile de Conleau, place Cuxhaven \u00e0\u2026<\/p>\n","protected":false},"author":1,"featured_media":0,"comment_status":"closed","ping_status":"closed","sticky":false,"template":"","format":"standard","meta":{"footnotes":""},"categories":[2],"tags":[],"blocksy_meta":{"styles_descriptor":{"styles":{"desktop":"","tablet":"","mobile":""},"google_fonts":[],"version":4}},"yoast_head":"<!-- This site is optimized with the Yoast SEO plugin v21.1 - https:\/\/yoast.com\/wordpress\/plugins\/seo\/ -->\n<title>Quoi retenir de ce papier : R\u00e9alisation d\u2019un projet inter-quartier | Ville de Vannes - Viaromana et arch\u00e9ologie.<\/title>\n<meta name=\"description\" content=\"Quoi retenir de ce papier : R\u00e9alisation d\u2019un projet inter-quartier | Ville de Vannes article de Viaromana et arch\u00e9ologie.\" \/>\n<meta name=\"robots\" content=\"index, follow, max-snippet:-1, max-image-preview:large, max-video-preview:-1\" \/>\n<link rel=\"canonical\" href=\"https:\/\/www.viaromana.org\/blog\/quoi-retenir-de-ce-papier-realisation-dun-projet-inter-quartier-ville-de-vannes\/\" \/>\n<meta property=\"og:locale\" content=\"fr_FR\" \/>\n<meta property=\"og:type\" content=\"article\" \/>\n<meta property=\"og:title\" content=\"Quoi retenir de ce papier : R\u00e9alisation d\u2019un projet inter-quartier | Ville de Vannes - Viaromana et arch\u00e9ologie.\" \/>\n<meta property=\"og:description\" content=\"Quoi retenir de ce papier : R\u00e9alisation d\u2019un projet inter-quartier | Ville de Vannes article de Viaromana et arch\u00e9ologie.\" \/>\n<meta property=\"og:url\" content=\"https:\/\/www.viaromana.org\/blog\/quoi-retenir-de-ce-papier-realisation-dun-projet-inter-quartier-ville-de-vannes\/\" \/>\n<meta property=\"og:site_name\" content=\"Viaromana et arch\u00e9ologie.\" \/>\n<meta property=\"article:published_time\" content=\"2022-12-12T14:00:15+00:00\" \/>\n<meta name=\"author\" content=\"Robert\" \/>\n<meta name=\"twitter:card\" content=\"summary_large_image\" \/>\n<meta name=\"twitter:label1\" content=\"\u00c9crit par\" \/>\n\t<meta name=\"twitter:data1\" content=\"Robert\" \/>\n\t<meta name=\"twitter:label2\" content=\"Dur\u00e9e de lecture estim\u00e9e\" \/>\n\t<meta name=\"twitter:data2\" content=\"2 minutes\" \/>\n<script type=\"application\/ld+json\" class=\"yoast-schema-graph\">{\"@context\":\"https:\/\/schema.org\",\"@graph\":[{\"@type\":\"Article\",\"@id\":\"https:\/\/www.viaromana.org\/blog\/quoi-retenir-de-ce-papier-realisation-dun-projet-inter-quartier-ville-de-vannes\/#article\",\"isPartOf\":{\"@id\":\"https:\/\/www.viaromana.org\/blog\/quoi-retenir-de-ce-papier-realisation-dun-projet-inter-quartier-ville-de-vannes\/\"},\"author\":{\"name\":\"Robert\",\"@id\":\"https:\/\/www.viaromana.org\/blog\/#\/schema\/person\/cde9c4655845091e1fe473fcd163c889\"},\"headline\":\"Quoi retenir de ce papier : R\u00e9alisation d\u2019un projet inter-quartier | Ville de Vannes\",\"datePublished\":\"2022-12-12T14:00:15+00:00\",\"dateModified\":\"2022-12-12T14:00:15+00:00\",\"mainEntityOfPage\":{\"@id\":\"https:\/\/www.viaromana.org\/blog\/quoi-retenir-de-ce-papier-realisation-dun-projet-inter-quartier-ville-de-vannes\/\"},\"wordCount\":336,\"publisher\":{\"@id\":\"https:\/\/www.viaromana.org\/blog\/#organization\"},\"articleSection\":[\"Arch\u00e9ologie\"],\"inLanguage\":\"fr-FR\"},{\"@type\":\"WebPage\",\"@id\":\"https:\/\/www.viaromana.org\/blog\/quoi-retenir-de-ce-papier-realisation-dun-projet-inter-quartier-ville-de-vannes\/\",\"url\":\"https:\/\/www.viaromana.org\/blog\/quoi-retenir-de-ce-papier-realisation-dun-projet-inter-quartier-ville-de-vannes\/\",\"name\":\"Quoi retenir de ce papier : R\u00e9alisation d\u2019un projet inter-quartier | Ville de Vannes - Viaromana et arch\u00e9ologie.\",\"isPartOf\":{\"@id\":\"https:\/\/www.viaromana.org\/blog\/#website\"},\"datePublished\":\"2022-12-12T14:00:15+00:00\",\"dateModified\":\"2022-12-12T14:00:15+00:00\",\"description\":\"Quoi retenir de ce papier : R\u00e9alisation d\u2019un projet inter-quartier | Ville de Vannes article de Viaromana et arch\u00e9ologie.\",\"breadcrumb\":{\"@id\":\"https:\/\/www.viaromana.org\/blog\/quoi-retenir-de-ce-papier-realisation-dun-projet-inter-quartier-ville-de-vannes\/#breadcrumb\"},\"inLanguage\":\"fr-FR\",\"potentialAction\":[{\"@type\":\"ReadAction\",\"target\":[\"https:\/\/www.viaromana.org\/blog\/quoi-retenir-de-ce-papier-realisation-dun-projet-inter-quartier-ville-de-vannes\/\"]}]},{\"@type\":\"BreadcrumbList\",\"@id\":\"https:\/\/www.viaromana.org\/blog\/quoi-retenir-de-ce-papier-realisation-dun-projet-inter-quartier-ville-de-vannes\/#breadcrumb\",\"itemListElement\":[{\"@type\":\"ListItem\",\"position\":1,\"name\":\"Accueil\",\"item\":\"https:\/\/www.viaromana.org\/blog\/\"},{\"@type\":\"ListItem\",\"position\":2,\"name\":\"Quoi retenir de ce papier : R\u00e9alisation d\u2019un projet inter-quartier | Ville de Vannes\"}]},{\"@type\":\"WebSite\",\"@id\":\"https:\/\/www.viaromana.org\/blog\/#website\",\"url\":\"https:\/\/www.viaromana.org\/blog\/\",\"name\":\"Viaromana et arch\u00e9ologie.\",\"description\":\"Site arch\u00e9ologique de la voie romaine (viaromana) Belgique-France-Rome\",\"publisher\":{\"@id\":\"https:\/\/www.viaromana.org\/blog\/#organization\"},\"potentialAction\":[{\"@type\":\"SearchAction\",\"target\":{\"@type\":\"EntryPoint\",\"urlTemplate\":\"https:\/\/www.viaromana.org\/blog\/?s={search_term_string}\"},\"query-input\":\"required name=search_term_string\"}],\"inLanguage\":\"fr-FR\"},{\"@type\":\"Organization\",\"@id\":\"https:\/\/www.viaromana.org\/blog\/#organization\",\"name\":\"viaromana\",\"url\":\"https:\/\/www.viaromana.org\/blog\/\",\"logo\":{\"@type\":\"ImageObject\",\"inLanguage\":\"fr-FR\",\"@id\":\"https:\/\/www.viaromana.org\/blog\/#\/schema\/logo\/image\/\",\"url\":\"https:\/\/www.viaromana.org\/blog\/wp-content\/uploads\/2021\/12\/logo-3.png\",\"contentUrl\":\"https:\/\/www.viaromana.org\/blog\/wp-content\/uploads\/2021\/12\/logo-3.png\",\"width\":300,\"height\":249,\"caption\":\"viaromana\"},\"image\":{\"@id\":\"https:\/\/www.viaromana.org\/blog\/#\/schema\/logo\/image\/\"}},{\"@type\":\"Person\",\"@id\":\"https:\/\/www.viaromana.org\/blog\/#\/schema\/person\/cde9c4655845091e1fe473fcd163c889\",\"name\":\"Robert\",\"image\":{\"@type\":\"ImageObject\",\"inLanguage\":\"fr-FR\",\"@id\":\"https:\/\/www.viaromana.org\/blog\/#\/schema\/person\/image\/\",\"url\":\"https:\/\/secure.gravatar.com\/avatar\/a168ec191013b636c2f278aec04e724b?s=96&d=mm&r=g\",\"contentUrl\":\"https:\/\/secure.gravatar.com\/avatar\/a168ec191013b636c2f278aec04e724b?s=96&d=mm&r=g\",\"caption\":\"Robert\"},\"sameAs\":[\"https:\/\/www.viaromana.org\/blog\"],\"url\":\"https:\/\/www.viaromana.org\/blog\/author\/anaadmin\/\"}]}<\/script>\n<!-- \/ Yoast SEO plugin. -->","yoast_head_json":{"title":"Quoi retenir de ce papier : R\u00e9alisation d\u2019un projet inter-quartier | Ville de Vannes - Viaromana et arch\u00e9ologie.","description":"Quoi retenir de ce papier : R\u00e9alisation d\u2019un projet inter-quartier | Ville de Vannes article de Viaromana et arch\u00e9ologie.","robots":{"index":"index","follow":"follow","max-snippet":"max-snippet:-1","max-image-preview":"max-image-preview:large","max-video-preview":"max-video-preview:-1"},"canonical":"https:\/\/www.viaromana.org\/blog\/quoi-retenir-de-ce-papier-realisation-dun-projet-inter-quartier-ville-de-vannes\/","og_locale":"fr_FR","og_type":"article","og_title":"Quoi retenir de ce papier : R\u00e9alisation d\u2019un projet inter-quartier | Ville de Vannes - Viaromana et arch\u00e9ologie.","og_description":"Quoi retenir de ce papier : R\u00e9alisation d\u2019un projet inter-quartier | Ville de Vannes article de Viaromana et arch\u00e9ologie.","og_url":"https:\/\/www.viaromana.org\/blog\/quoi-retenir-de-ce-papier-realisation-dun-projet-inter-quartier-ville-de-vannes\/","og_site_name":"Viaromana et arch\u00e9ologie.","article_published_time":"2022-12-12T14:00:15+00:00","author":"Robert","twitter_card":"summary_large_image","twitter_misc":{"\u00c9crit par":"Robert","Dur\u00e9e de lecture estim\u00e9e":"2 minutes"},"schema":{"@context":"https:\/\/schema.org","@graph":[{"@type":"Article","@id":"https:\/\/www.viaromana.org\/blog\/quoi-retenir-de-ce-papier-realisation-dun-projet-inter-quartier-ville-de-vannes\/#article","isPartOf":{"@id":"https:\/\/www.viaromana.org\/blog\/quoi-retenir-de-ce-papier-realisation-dun-projet-inter-quartier-ville-de-vannes\/"},"author":{"name":"Robert","@id":"https:\/\/www.viaromana.org\/blog\/#\/schema\/person\/cde9c4655845091e1fe473fcd163c889"},"headline":"Quoi retenir de ce papier : R\u00e9alisation d\u2019un projet inter-quartier | Ville de Vannes","datePublished":"2022-12-12T14:00:15+00:00","dateModified":"2022-12-12T14:00:15+00:00","mainEntityOfPage":{"@id":"https:\/\/www.viaromana.org\/blog\/quoi-retenir-de-ce-papier-realisation-dun-projet-inter-quartier-ville-de-vannes\/"},"wordCount":336,"publisher":{"@id":"https:\/\/www.viaromana.org\/blog\/#organization"},"articleSection":["Arch\u00e9ologie"],"inLanguage":"fr-FR"},{"@type":"WebPage","@id":"https:\/\/www.viaromana.org\/blog\/quoi-retenir-de-ce-papier-realisation-dun-projet-inter-quartier-ville-de-vannes\/","url":"https:\/\/www.viaromana.org\/blog\/quoi-retenir-de-ce-papier-realisation-dun-projet-inter-quartier-ville-de-vannes\/","name":"Quoi retenir de ce papier : R\u00e9alisation d\u2019un projet inter-quartier | Ville de Vannes - Viaromana et arch\u00e9ologie.","isPartOf":{"@id":"https:\/\/www.viaromana.org\/blog\/#website"},"datePublished":"2022-12-12T14:00:15+00:00","dateModified":"2022-12-12T14:00:15+00:00","description":"Quoi retenir de ce papier : R\u00e9alisation d\u2019un projet inter-quartier | Ville de Vannes article de Viaromana et arch\u00e9ologie.","breadcrumb":{"@id":"https:\/\/www.viaromana.org\/blog\/quoi-retenir-de-ce-papier-realisation-dun-projet-inter-quartier-ville-de-vannes\/#breadcrumb"},"inLanguage":"fr-FR","potentialAction":[{"@type":"ReadAction","target":["https:\/\/www.viaromana.org\/blog\/quoi-retenir-de-ce-papier-realisation-dun-projet-inter-quartier-ville-de-vannes\/"]}]},{"@type":"BreadcrumbList","@id":"https:\/\/www.viaromana.org\/blog\/quoi-retenir-de-ce-papier-realisation-dun-projet-inter-quartier-ville-de-vannes\/#breadcrumb","itemListElement":[{"@type":"ListItem","position":1,"name":"Accueil","item":"https:\/\/www.viaromana.org\/blog\/"},{"@type":"ListItem","position":2,"name":"Quoi retenir de ce papier : R\u00e9alisation d\u2019un projet inter-quartier | Ville de Vannes"}]},{"@type":"WebSite","@id":"https:\/\/www.viaromana.org\/blog\/#website","url":"https:\/\/www.viaromana.org\/blog\/","name":"Viaromana et arch\u00e9ologie.","description":"Site arch\u00e9ologique de la voie romaine (viaromana) Belgique-France-Rome","publisher":{"@id":"https:\/\/www.viaromana.org\/blog\/#organization"},"potentialAction":[{"@type":"SearchAction","target":{"@type":"EntryPoint","urlTemplate":"https:\/\/www.viaromana.org\/blog\/?s={search_term_string}"},"query-input":"required name=search_term_string"}],"inLanguage":"fr-FR"},{"@type":"Organization","@id":"https:\/\/www.viaromana.org\/blog\/#organization","name":"viaromana","url":"https:\/\/www.viaromana.org\/blog\/","logo":{"@type":"ImageObject","inLanguage":"fr-FR","@id":"https:\/\/www.viaromana.org\/blog\/#\/schema\/logo\/image\/","url":"https:\/\/www.viaromana.org\/blog\/wp-content\/uploads\/2021\/12\/logo-3.png","contentUrl":"https:\/\/www.viaromana.org\/blog\/wp-content\/uploads\/2021\/12\/logo-3.png","width":300,"height":249,"caption":"viaromana"},"image":{"@id":"https:\/\/www.viaromana.org\/blog\/#\/schema\/logo\/image\/"}},{"@type":"Person","@id":"https:\/\/www.viaromana.org\/blog\/#\/schema\/person\/cde9c4655845091e1fe473fcd163c889","name":"Robert","image":{"@type":"ImageObject","inLanguage":"fr-FR","@id":"https:\/\/www.viaromana.org\/blog\/#\/schema\/person\/image\/","url":"https:\/\/secure.gravatar.com\/avatar\/a168ec191013b636c2f278aec04e724b?s=96&d=mm&r=g","contentUrl":"https:\/\/secure.gravatar.com\/avatar\/a168ec191013b636c2f278aec04e724b?s=96&d=mm&r=g","caption":"Robert"},"sameAs":["https:\/\/www.viaromana.org\/blog"],"url":"https:\/\/www.viaromana.org\/blog\/author\/anaadmin\/"}]}},"_links":{"self":[{"href":"https:\/\/www.viaromana.org\/blog\/wp-json\/wp\/v2\/posts\/1458"}],"collection":[{"href":"https:\/\/www.viaromana.org\/blog\/wp-json\/wp\/v2\/posts"}],"about":[{"href":"https:\/\/www.viaromana.org\/blog\/wp-json\/wp\/v2\/types\/post"}],"author":[{"embeddable":true,"href":"https:\/\/www.viaromana.org\/blog\/wp-json\/wp\/v2\/users\/1"}],"replies":[{"embeddable":true,"href":"https:\/\/www.viaromana.org\/blog\/wp-json\/wp\/v2\/comments?post=1458"}],"version-history":[{"count":0,"href":"https:\/\/www.viaromana.org\/blog\/wp-json\/wp\/v2\/posts\/1458\/revisions"}],"wp:attachment":[{"href":"https:\/\/www.viaromana.org\/blog\/wp-json\/wp\/v2\/media?parent=1458"}],"wp:term":[{"taxonomy":"category","embeddable":true,"href":"https:\/\/www.viaromana.org\/blog\/wp-json\/wp\/v2\/categories?post=1458"},{"taxonomy":"post_tag","embeddable":true,"href":"https:\/\/www.viaromana.org\/blog\/wp-json\/wp\/v2\/tags?post=1458"}],"curies":[{"name":"wp","href":"https:\/\/api.w.org\/{rel}","templated":true}]}}