{"id":1445,"date":"2022-12-05T15:00:16","date_gmt":"2022-12-05T14:00:16","guid":{"rendered":"https:\/\/www.site.cdcl.xyz\/2022\/12\/05\/on-revient-sur-leditorial-atelier-dinitiation-dessin-ville-de-vannes\/"},"modified":"2022-12-05T15:00:16","modified_gmt":"2022-12-05T14:00:16","slug":"on-revient-sur-leditorial-atelier-dinitiation-dessin-ville-de-vannes","status":"publish","type":"post","link":"https:\/\/www.viaromana.org\/blog\/on-revient-sur-leditorial-atelier-dinitiation-dessin-ville-de-vannes\/","title":{"rendered":"On revient sur l\u2019\u00e9ditorial : Atelier d\u2019initiation dessin | Ville de Vannes"},"content":{"rendered":"<p>Fid\u00e8le \u00e0 sa mission, ce blog va porter \u00e0 votre connaissance un encart assez complet qui a \u00e9t\u00e9 d\u00e9cel\u00e9 sur le web. La th\u00e9matique est \u00abl\u2019arch\u00e9ologie\u00bb.<\/p>\n<p>Son titre (Atelier d\u2019initiation dessin | Ville de Vannes) est parlant.<\/p>\n<p>Sachez que le r\u00e9dacteur (pr\u00e9sent\u00e9 sous la signature Olivier_laudrin) est positivement connu pour plusieurs autres papiers qu\u2019il a publi\u00e9s sur internet.<\/p>\n<p>Ce texte peut par cons\u00e9quent \u00eatre pris au s\u00e9rieux.<\/p>\n<p>Voil\u00e0 lle texte : <\/p>\n<div>\n<div>\n<p>La m\u00e9diath\u00e8que invite Marie Leghima, illustratrice d\u2019albums jeunesse s\u00e9lectionn\u00e9e dans le cadre du Prix des Incorruptibles, pour son ouvrage \u00ab Ma timidit\u00e9 \u00bb aux \u00e9ditions Milan. Une rencontre pour d\u00e9couvrir le travail de cette jeune artiste vannetaise, et s\u2019initier soi-m\u00eame au dessin \u00e0 partir d\u2019une id\u00e9e originale de Marie.&nbsp;\u00c0 vos crayons !&nbsp;<br \/>&nbsp;<\/p>\n<ul>\n<li>Public : 6-10 ans<\/li>\n<li>Samedi 14 \u00e0 10h30<\/li>\n<li>Mercredi 18 \u00e0 14h<\/li>\n<li>Dur\u00e9e : 2 heures<\/li>\n<li>Sur inscription<\/li>\n<\/ul>\n<\/div>\n<\/div>\n<p>Publications sur le m\u00eame propos:<\/p>\n<p>Recherches arch\u00e9ologiques au coeur de Forum Iulii : Les fouilles dans le groupe \u00e9piscopal de Fr\u00e9jus et ses abords (1979-1989).,<a target=\"_blank\" rel=\"nofollow\" href=\"https:\/\/www.viaromana.org\/blog\/goto\/https:\/\/booknode.com\/recherches_archeologiques_au_coeur_de_forum_iulii_les_fouilles_dans_le_groupe_episcopal_de_frejus_et_ses_abords_1979_1989_01293133\"  target=\"_blank\" rel=\"noopener noreferrer nofollow\">(la couverture) <\/a><span><\/span>. Disponible \u00e0 l\u2019achat sur les plateformes Amazon, Fnac, Cultura \u2026.<\/p>\n<p>M\u00e9diterran\u00e9e antique : p\u00eache, navigation, commerce.,<a target=\"_blank\" rel=\"nofollow\" href=\"https:\/\/www.viaromana.org\/blog\/goto\/https:\/\/www.kobo.com\/de\/fr\/ebook\/mediterranee-antique-peche-navigation-commerce\"  target=\"_blank\" rel=\"noopener noreferrer nofollow\">A voir et \u00e0 lire. <\/a><span><\/span>. Disponible sur internet.<\/p>\n<p>Un coin de Haute-Provence, C\u00e9reste au cours des si\u00e8cles : histoire, art, arch\u00e9ologie.,<a target=\"_blank\" rel=\"nofollow\" href=\"https:\/\/www.viaromana.org\/blog\/goto\/https:\/\/www.epagine.fr\/ebook\/9782307002505-un-coin-de-haute-provence-cereste-au-cours-des-siecles-histoire-art-archeologie-helia-vigne-d-octon\/\"  target=\"_blank\" rel=\"noopener noreferrer nofollow\">livre de r\u00e9f\u00e9rence <\/a><span><\/span>.<\/p>\n<p>M\u00e9langes d\u2019Histoire et d\u2019arch\u00e9ologie agenaises.,<a target=\"_blank\" rel=\"nofollow\" href=\"https:\/\/www.viaromana.org\/blog\/goto\/https:\/\/www.epagine.fr\/ebook\/9782307339304-melanges-d-histoire-et-d-archeologie-agenaises-jean-r-marboutin\/\"  target=\"_blank\" rel=\"noopener noreferrer nofollow\">(Disponible) <\/a><span><\/span>. Disponible chez votre libraire.<\/p>\n","protected":false},"excerpt":{"rendered":"<p>Fid\u00e8le \u00e0 sa mission, ce blog va porter \u00e0 votre connaissance un encart assez complet qui a \u00e9t\u00e9 d\u00e9cel\u00e9 sur le web. La th\u00e9matique est \u00abl\u2019arch\u00e9ologie\u00bb. Son titre (Atelier d\u2019initiation dessin | Ville de Vannes) est parlant. Sachez que le r\u00e9dacteur (pr\u00e9sent\u00e9 sous la signature Olivier_laudrin) est positivement connu pour plusieurs autres papiers qu\u2019il a publi\u00e9s sur internet. Ce texte peut par cons\u00e9quent \u00eatre pris au s\u00e9rieux. Voil\u00e0 lle texte : La m\u00e9diath\u00e8que invite Marie Leghima, illustratrice d\u2019albums jeunesse s\u00e9lectionn\u00e9e dans le cadre du Prix des Incorruptibles, pour son ouvrage \u00ab Ma timidit\u00e9 \u00bb aux \u00e9ditions Milan. Une rencontre pour\u2026<\/p>\n","protected":false},"author":1,"featured_media":0,"comment_status":"closed","ping_status":"closed","sticky":false,"template":"","format":"standard","meta":{"footnotes":""},"categories":[2],"tags":[],"blocksy_meta":{"styles_descriptor":{"styles":{"desktop":"","tablet":"","mobile":""},"google_fonts":[],"version":4}},"yoast_head":"<!-- This site is optimized with the Yoast SEO plugin v21.1 - https:\/\/yoast.com\/wordpress\/plugins\/seo\/ -->\n<title>On revient sur l\u2019\u00e9ditorial : Atelier d\u2019initiation dessin | Ville de Vannes - Viaromana et arch\u00e9ologie.<\/title>\n<meta name=\"description\" content=\"On revient sur l\u2019\u00e9ditorial : Atelier d\u2019initiation dessin | Ville de Vannes article de Viaromana et arch\u00e9ologie.\" \/>\n<meta name=\"robots\" content=\"index, follow, max-snippet:-1, max-image-preview:large, max-video-preview:-1\" \/>\n<link rel=\"canonical\" href=\"https:\/\/www.viaromana.org\/blog\/on-revient-sur-leditorial-atelier-dinitiation-dessin-ville-de-vannes\/\" \/>\n<meta property=\"og:locale\" content=\"fr_FR\" \/>\n<meta property=\"og:type\" content=\"article\" \/>\n<meta property=\"og:title\" content=\"On revient sur l\u2019\u00e9ditorial : Atelier d\u2019initiation dessin | Ville de Vannes - Viaromana et arch\u00e9ologie.\" \/>\n<meta property=\"og:description\" content=\"On revient sur l\u2019\u00e9ditorial : Atelier d\u2019initiation dessin | Ville de Vannes article de Viaromana et arch\u00e9ologie.\" \/>\n<meta property=\"og:url\" content=\"https:\/\/www.viaromana.org\/blog\/on-revient-sur-leditorial-atelier-dinitiation-dessin-ville-de-vannes\/\" \/>\n<meta property=\"og:site_name\" content=\"Viaromana et arch\u00e9ologie.\" \/>\n<meta property=\"article:published_time\" content=\"2022-12-05T14:00:16+00:00\" \/>\n<meta name=\"author\" content=\"Robert\" \/>\n<meta name=\"twitter:card\" content=\"summary_large_image\" \/>\n<meta name=\"twitter:label1\" content=\"\u00c9crit par\" \/>\n\t<meta name=\"twitter:data1\" content=\"Robert\" \/>\n\t<meta name=\"twitter:label2\" content=\"Dur\u00e9e de lecture estim\u00e9e\" \/>\n\t<meta name=\"twitter:data2\" content=\"1 minute\" \/>\n<script type=\"application\/ld+json\" class=\"yoast-schema-graph\">{\"@context\":\"https:\/\/schema.org\",\"@graph\":[{\"@type\":\"Article\",\"@id\":\"https:\/\/www.viaromana.org\/blog\/on-revient-sur-leditorial-atelier-dinitiation-dessin-ville-de-vannes\/#article\",\"isPartOf\":{\"@id\":\"https:\/\/www.viaromana.org\/blog\/on-revient-sur-leditorial-atelier-dinitiation-dessin-ville-de-vannes\/\"},\"author\":{\"name\":\"Robert\",\"@id\":\"https:\/\/www.viaromana.org\/blog\/#\/schema\/person\/cde9c4655845091e1fe473fcd163c889\"},\"headline\":\"On revient sur l\u2019\u00e9ditorial : Atelier d\u2019initiation dessin | Ville de Vannes\",\"datePublished\":\"2022-12-05T14:00:16+00:00\",\"dateModified\":\"2022-12-05T14:00:16+00:00\",\"mainEntityOfPage\":{\"@id\":\"https:\/\/www.viaromana.org\/blog\/on-revient-sur-leditorial-atelier-dinitiation-dessin-ville-de-vannes\/\"},\"wordCount\":252,\"publisher\":{\"@id\":\"https:\/\/www.viaromana.org\/blog\/#organization\"},\"articleSection\":[\"Arch\u00e9ologie\"],\"inLanguage\":\"fr-FR\"},{\"@type\":\"WebPage\",\"@id\":\"https:\/\/www.viaromana.org\/blog\/on-revient-sur-leditorial-atelier-dinitiation-dessin-ville-de-vannes\/\",\"url\":\"https:\/\/www.viaromana.org\/blog\/on-revient-sur-leditorial-atelier-dinitiation-dessin-ville-de-vannes\/\",\"name\":\"On revient sur l\u2019\u00e9ditorial : Atelier d\u2019initiation dessin | Ville de Vannes - Viaromana et arch\u00e9ologie.\",\"isPartOf\":{\"@id\":\"https:\/\/www.viaromana.org\/blog\/#website\"},\"datePublished\":\"2022-12-05T14:00:16+00:00\",\"dateModified\":\"2022-12-05T14:00:16+00:00\",\"description\":\"On revient sur l\u2019\u00e9ditorial : Atelier d\u2019initiation dessin | Ville de Vannes article de Viaromana et arch\u00e9ologie.\",\"breadcrumb\":{\"@id\":\"https:\/\/www.viaromana.org\/blog\/on-revient-sur-leditorial-atelier-dinitiation-dessin-ville-de-vannes\/#breadcrumb\"},\"inLanguage\":\"fr-FR\",\"potentialAction\":[{\"@type\":\"ReadAction\",\"target\":[\"https:\/\/www.viaromana.org\/blog\/on-revient-sur-leditorial-atelier-dinitiation-dessin-ville-de-vannes\/\"]}]},{\"@type\":\"BreadcrumbList\",\"@id\":\"https:\/\/www.viaromana.org\/blog\/on-revient-sur-leditorial-atelier-dinitiation-dessin-ville-de-vannes\/#breadcrumb\",\"itemListElement\":[{\"@type\":\"ListItem\",\"position\":1,\"name\":\"Accueil\",\"item\":\"https:\/\/www.viaromana.org\/blog\/\"},{\"@type\":\"ListItem\",\"position\":2,\"name\":\"On revient sur l\u2019\u00e9ditorial : Atelier d\u2019initiation dessin | Ville de Vannes\"}]},{\"@type\":\"WebSite\",\"@id\":\"https:\/\/www.viaromana.org\/blog\/#website\",\"url\":\"https:\/\/www.viaromana.org\/blog\/\",\"name\":\"Viaromana et arch\u00e9ologie.\",\"description\":\"Site arch\u00e9ologique de la voie romaine (viaromana) Belgique-France-Rome\",\"publisher\":{\"@id\":\"https:\/\/www.viaromana.org\/blog\/#organization\"},\"potentialAction\":[{\"@type\":\"SearchAction\",\"target\":{\"@type\":\"EntryPoint\",\"urlTemplate\":\"https:\/\/www.viaromana.org\/blog\/?s={search_term_string}\"},\"query-input\":\"required name=search_term_string\"}],\"inLanguage\":\"fr-FR\"},{\"@type\":\"Organization\",\"@id\":\"https:\/\/www.viaromana.org\/blog\/#organization\",\"name\":\"viaromana\",\"url\":\"https:\/\/www.viaromana.org\/blog\/\",\"logo\":{\"@type\":\"ImageObject\",\"inLanguage\":\"fr-FR\",\"@id\":\"https:\/\/www.viaromana.org\/blog\/#\/schema\/logo\/image\/\",\"url\":\"https:\/\/www.viaromana.org\/blog\/wp-content\/uploads\/2021\/12\/logo-3.png\",\"contentUrl\":\"https:\/\/www.viaromana.org\/blog\/wp-content\/uploads\/2021\/12\/logo-3.png\",\"width\":300,\"height\":249,\"caption\":\"viaromana\"},\"image\":{\"@id\":\"https:\/\/www.viaromana.org\/blog\/#\/schema\/logo\/image\/\"}},{\"@type\":\"Person\",\"@id\":\"https:\/\/www.viaromana.org\/blog\/#\/schema\/person\/cde9c4655845091e1fe473fcd163c889\",\"name\":\"Robert\",\"image\":{\"@type\":\"ImageObject\",\"inLanguage\":\"fr-FR\",\"@id\":\"https:\/\/www.viaromana.org\/blog\/#\/schema\/person\/image\/\",\"url\":\"https:\/\/secure.gravatar.com\/avatar\/a168ec191013b636c2f278aec04e724b?s=96&d=mm&r=g\",\"contentUrl\":\"https:\/\/secure.gravatar.com\/avatar\/a168ec191013b636c2f278aec04e724b?s=96&d=mm&r=g\",\"caption\":\"Robert\"},\"sameAs\":[\"https:\/\/www.viaromana.org\/blog\"],\"url\":\"https:\/\/www.viaromana.org\/blog\/author\/anaadmin\/\"}]}<\/script>\n<!-- \/ Yoast SEO plugin. -->","yoast_head_json":{"title":"On revient sur l\u2019\u00e9ditorial : Atelier d\u2019initiation dessin | Ville de Vannes - Viaromana et arch\u00e9ologie.","description":"On revient sur l\u2019\u00e9ditorial : Atelier d\u2019initiation dessin | Ville de Vannes article de Viaromana et arch\u00e9ologie.","robots":{"index":"index","follow":"follow","max-snippet":"max-snippet:-1","max-image-preview":"max-image-preview:large","max-video-preview":"max-video-preview:-1"},"canonical":"https:\/\/www.viaromana.org\/blog\/on-revient-sur-leditorial-atelier-dinitiation-dessin-ville-de-vannes\/","og_locale":"fr_FR","og_type":"article","og_title":"On revient sur l\u2019\u00e9ditorial : Atelier d\u2019initiation dessin | Ville de Vannes - Viaromana et arch\u00e9ologie.","og_description":"On revient sur l\u2019\u00e9ditorial : Atelier d\u2019initiation dessin | Ville de Vannes article de Viaromana et arch\u00e9ologie.","og_url":"https:\/\/www.viaromana.org\/blog\/on-revient-sur-leditorial-atelier-dinitiation-dessin-ville-de-vannes\/","og_site_name":"Viaromana et arch\u00e9ologie.","article_published_time":"2022-12-05T14:00:16+00:00","author":"Robert","twitter_card":"summary_large_image","twitter_misc":{"\u00c9crit par":"Robert","Dur\u00e9e de lecture estim\u00e9e":"1 minute"},"schema":{"@context":"https:\/\/schema.org","@graph":[{"@type":"Article","@id":"https:\/\/www.viaromana.org\/blog\/on-revient-sur-leditorial-atelier-dinitiation-dessin-ville-de-vannes\/#article","isPartOf":{"@id":"https:\/\/www.viaromana.org\/blog\/on-revient-sur-leditorial-atelier-dinitiation-dessin-ville-de-vannes\/"},"author":{"name":"Robert","@id":"https:\/\/www.viaromana.org\/blog\/#\/schema\/person\/cde9c4655845091e1fe473fcd163c889"},"headline":"On revient sur l\u2019\u00e9ditorial : Atelier d\u2019initiation dessin | Ville de Vannes","datePublished":"2022-12-05T14:00:16+00:00","dateModified":"2022-12-05T14:00:16+00:00","mainEntityOfPage":{"@id":"https:\/\/www.viaromana.org\/blog\/on-revient-sur-leditorial-atelier-dinitiation-dessin-ville-de-vannes\/"},"wordCount":252,"publisher":{"@id":"https:\/\/www.viaromana.org\/blog\/#organization"},"articleSection":["Arch\u00e9ologie"],"inLanguage":"fr-FR"},{"@type":"WebPage","@id":"https:\/\/www.viaromana.org\/blog\/on-revient-sur-leditorial-atelier-dinitiation-dessin-ville-de-vannes\/","url":"https:\/\/www.viaromana.org\/blog\/on-revient-sur-leditorial-atelier-dinitiation-dessin-ville-de-vannes\/","name":"On revient sur l\u2019\u00e9ditorial : Atelier d\u2019initiation dessin | Ville de Vannes - Viaromana et arch\u00e9ologie.","isPartOf":{"@id":"https:\/\/www.viaromana.org\/blog\/#website"},"datePublished":"2022-12-05T14:00:16+00:00","dateModified":"2022-12-05T14:00:16+00:00","description":"On revient sur l\u2019\u00e9ditorial : Atelier d\u2019initiation dessin | Ville de Vannes article de Viaromana et arch\u00e9ologie.","breadcrumb":{"@id":"https:\/\/www.viaromana.org\/blog\/on-revient-sur-leditorial-atelier-dinitiation-dessin-ville-de-vannes\/#breadcrumb"},"inLanguage":"fr-FR","potentialAction":[{"@type":"ReadAction","target":["https:\/\/www.viaromana.org\/blog\/on-revient-sur-leditorial-atelier-dinitiation-dessin-ville-de-vannes\/"]}]},{"@type":"BreadcrumbList","@id":"https:\/\/www.viaromana.org\/blog\/on-revient-sur-leditorial-atelier-dinitiation-dessin-ville-de-vannes\/#breadcrumb","itemListElement":[{"@type":"ListItem","position":1,"name":"Accueil","item":"https:\/\/www.viaromana.org\/blog\/"},{"@type":"ListItem","position":2,"name":"On revient sur l\u2019\u00e9ditorial : Atelier d\u2019initiation dessin | Ville de Vannes"}]},{"@type":"WebSite","@id":"https:\/\/www.viaromana.org\/blog\/#website","url":"https:\/\/www.viaromana.org\/blog\/","name":"Viaromana et arch\u00e9ologie.","description":"Site arch\u00e9ologique de la voie romaine (viaromana) Belgique-France-Rome","publisher":{"@id":"https:\/\/www.viaromana.org\/blog\/#organization"},"potentialAction":[{"@type":"SearchAction","target":{"@type":"EntryPoint","urlTemplate":"https:\/\/www.viaromana.org\/blog\/?s={search_term_string}"},"query-input":"required name=search_term_string"}],"inLanguage":"fr-FR"},{"@type":"Organization","@id":"https:\/\/www.viaromana.org\/blog\/#organization","name":"viaromana","url":"https:\/\/www.viaromana.org\/blog\/","logo":{"@type":"ImageObject","inLanguage":"fr-FR","@id":"https:\/\/www.viaromana.org\/blog\/#\/schema\/logo\/image\/","url":"https:\/\/www.viaromana.org\/blog\/wp-content\/uploads\/2021\/12\/logo-3.png","contentUrl":"https:\/\/www.viaromana.org\/blog\/wp-content\/uploads\/2021\/12\/logo-3.png","width":300,"height":249,"caption":"viaromana"},"image":{"@id":"https:\/\/www.viaromana.org\/blog\/#\/schema\/logo\/image\/"}},{"@type":"Person","@id":"https:\/\/www.viaromana.org\/blog\/#\/schema\/person\/cde9c4655845091e1fe473fcd163c889","name":"Robert","image":{"@type":"ImageObject","inLanguage":"fr-FR","@id":"https:\/\/www.viaromana.org\/blog\/#\/schema\/person\/image\/","url":"https:\/\/secure.gravatar.com\/avatar\/a168ec191013b636c2f278aec04e724b?s=96&d=mm&r=g","contentUrl":"https:\/\/secure.gravatar.com\/avatar\/a168ec191013b636c2f278aec04e724b?s=96&d=mm&r=g","caption":"Robert"},"sameAs":["https:\/\/www.viaromana.org\/blog"],"url":"https:\/\/www.viaromana.org\/blog\/author\/anaadmin\/"}]}},"_links":{"self":[{"href":"https:\/\/www.viaromana.org\/blog\/wp-json\/wp\/v2\/posts\/1445"}],"collection":[{"href":"https:\/\/www.viaromana.org\/blog\/wp-json\/wp\/v2\/posts"}],"about":[{"href":"https:\/\/www.viaromana.org\/blog\/wp-json\/wp\/v2\/types\/post"}],"author":[{"embeddable":true,"href":"https:\/\/www.viaromana.org\/blog\/wp-json\/wp\/v2\/users\/1"}],"replies":[{"embeddable":true,"href":"https:\/\/www.viaromana.org\/blog\/wp-json\/wp\/v2\/comments?post=1445"}],"version-history":[{"count":0,"href":"https:\/\/www.viaromana.org\/blog\/wp-json\/wp\/v2\/posts\/1445\/revisions"}],"wp:attachment":[{"href":"https:\/\/www.viaromana.org\/blog\/wp-json\/wp\/v2\/media?parent=1445"}],"wp:term":[{"taxonomy":"category","embeddable":true,"href":"https:\/\/www.viaromana.org\/blog\/wp-json\/wp\/v2\/categories?post=1445"},{"taxonomy":"post_tag","embeddable":true,"href":"https:\/\/www.viaromana.org\/blog\/wp-json\/wp\/v2\/tags?post=1445"}],"curies":[{"name":"wp","href":"https:\/\/api.w.org\/{rel}","templated":true}]}}