{"id":1443,"date":"2022-12-01T13:47:27","date_gmt":"2022-12-01T12:47:27","guid":{"rendered":"https:\/\/www.site.cdcl.xyz\/2022\/12\/01\/infos-pour-vous-vegetalisation-des-cours-decole-ville-de-vannes\/"},"modified":"2022-12-01T13:47:27","modified_gmt":"2022-12-01T12:47:27","slug":"infos-pour-vous-vegetalisation-des-cours-decole-ville-de-vannes","status":"publish","type":"post","link":"https:\/\/www.viaromana.org\/blog\/infos-pour-vous-vegetalisation-des-cours-decole-ville-de-vannes\/","title":{"rendered":"Infos pour vous : V\u00e9g\u00e9talisation des cours d\u2019\u00e9cole | Ville de Vannes"},"content":{"rendered":"<p>Voici un nouvel encart qui va allonger notre revue de presse sur \u00ab&nbsp;l\u2019arch\u00e9ologie&nbsp;\u00bb.<\/p>\n<p>Le titre (V\u00e9g\u00e9talisation des cours d\u2019\u00e9cole | Ville de Vannes) est parlant.<\/p>\n<p> Pr\u00e9sent\u00e9 sous la signature \u00abadmin_vannes\u00bb, l\u2019\u00e9ditorialiste est connu et fiable.<\/p>\n<p>Vous pouvez donc faire confiance \u00e0 cette actualit\u00e9.<\/p>\n<p>Sachez que la date de publication est 2022-12-01 13:47:27.<\/p>\n<p>Texte en question : <\/p>\n<div>\n<div>\n<p><strong>Objectif : \u00e9tendre le verdissement \u00e0 l\u2019\u00e9chelle des \u00e9coles de la ville <\/strong><\/p>\n<p>Lors de ses v\u0153ux 2022, le Maire David Robo a annonc\u00e9 le verdissement des cours d\u2019\u00e9cole, la cr\u00e9ation de potagers, la plantation d\u2019arbres fruitiers, en concertation avec les directrices et directeurs d\u2019\u00e9cole. Un verdissement qui a d\u00e9marr\u00e9 \u00e0 l\u2019\u00e9cole Pape Carpentier en mai dernier, qui se poursuit \u00e0 l\u2019\u00e9cole Calmette et qui continuera en 2023 dans d\u2019autres \u00e9coles. Rappelons qu\u2019un groupe scolaire et de loisirs \u00e9coresponsable verra \u00e9galement le jour pour la rentr\u00e9e 2025 \u00e0 Kerniol, avec une orientation forte \u00e0 l\u2019environnement et au respect de la nature.<\/p>\n<p>\nLa Ville a donc accompagn\u00e9 l\u2019\u00e9cole Calmette dans son projet de verdissement, en plantant un \u00e9rable champ\u00eatre au milieu de la cour (permettant de faire de l\u2019ombre pendant les chaleurs, une essence avec de belles couleurs de feuilles), et en cr\u00e9ant ambiance v\u00e9g\u00e9tale avec six massifs r\u00e9partis dans toute la cour avec une vingtaine de vari\u00e9t\u00e9 diff\u00e9rente de plantes vivaces (pervenche, g\u00e9ranium, foug\u00e8res, jacinthe des bois\u2026). Des carr\u00e9s potagers en hauteur, en bois, ont \u00e9t\u00e9 \u00e9galement install\u00e9s par le service des espaces verts et feront partie d\u2019un projet p\u00e9dagogique et \u00e9ducatif dans les prochaines semaines.<\/p>\n<p>\nCette premi\u00e8re \u00e9tape s\u2019inscrit au c\u0153ur de la politique environnementale de la Ville, de mettre toujours plus de nature en ville, jusque dans les cours d\u2019\u00e9coles !<\/p>\n<h3>Les bienfaits de la nature dans les cours d\u2019\u00e9coles<\/h3>\n<p>La Ville r\u00e9pond aux demandes des \u00e9coles qui souhaitaient s\u2019engager dans une d\u00e9marche p\u00e9dagogique, comme l\u2019\u00e9cole de Cliscou\u00ebt avec la plantation d\u2019une for\u00eat urbaine, l\u2019\u00e9cole d\u2019Armorique \u00e0 Kercado et de Beaupr\u00e9 La Lande avec la plantation d\u2019arbres fruitiers.<\/p>\n<p>\nL\u2019objectif de la Ville est d\u2019aller plus loin et d\u00e9velopper une strat\u00e9gie de verdissement des cours d\u2019\u00e9coles avec plusieurs objectifs:<\/p>\n<ul>\n<li>Une am\u00e9lioration du cadre de vie dans les \u00e9coles : qualit\u00e9 paysag\u00e8re renforc\u00e9e, bien-\u00eatre des enfants et de la communaut\u00e9 \u00e9ducative<\/li>\n<li>Une vertu p\u00e9dagogique : sensibilisation aupr\u00e8s des \u00e9l\u00e8ves, participation aux plantations (potagers, arbres fruitiers) favorisant la cr\u00e9ation, la d\u00e9couverte, l\u2019observation et l\u2019apprentissage.<\/li>\n<li>Un objectif environnemental : cr\u00e9er des oasis dans les cours d\u2019\u00e9cole afin de lutter contre les \u00eelots de chaleur urbains en apportant de la fraicheur (ombre, \u00e9vaporation d\u2019eau)<\/li>\n<li>Faire des \u00e9coles des lieux de biodiversit\u00e9 : pr\u00e9server l\u2019\u00e9quilibre des \u00e9cosyst\u00e8mes, am\u00e9lioration de la gestion des eaux, d\u00e9veloppement de la faune et de la flore<\/li>\n<\/ul>\n<h3>Un travail men\u00e9 par les services municipaux en lien avec les \u00e9coles<\/h3>\n<ul>\n<li>Un inventaire qualitatif des cours d\u2019\u00e9coles a \u00e9t\u00e9 r\u00e9alis\u00e9 par la Direction des services techniques de la Ville, en lien avec le service Education.<\/li>\n<li>Le verdissement peut prendre la forme de v\u00e9g\u00e9talisation (la nature hors sol), la d\u00e9simperm\u00e9abilisation (d\u00e9couvrir un sol couvert par un rev\u00eatement) ou de renaturation (retour \u00e0 l\u2019\u00e9tat naturel.<\/li>\n<\/ul>\n<\/div>\n<\/div>\n<p>Ce th\u00e8me vous a plu vous aimerez \u00e9galement ces livres:<\/p>\n<p>scandale au manoir.,<a target=\"_blank\" rel=\"nofollow\" href=\"https:\/\/www.viaromana.org\/blog\/goto\/https:\/\/booknode.com\/scandale_au_manoir_0114281\"  target=\"_blank\" rel=\"noopener noreferrer nofollow\">Le livre <\/a><span><\/span>. Disponible dans toutes les bonnes librairies.<\/p>\n<p>Novgorod : histoire et arch\u00e9ologie d\u2019une r\u00e9publique russe m\u00e9di\u00e9vale (970-1478).,<a target=\"_blank\" rel=\"nofollow\" href=\"https:\/\/www.viaromana.org\/blog\/goto\/https:\/\/www.epagine.fr\/ebook\/9782271138330-novgorod-histoire-et-archeologie-d-une-republique-russe-medievale-970-1478-pierre-gonneau\/\"  target=\"_blank\" rel=\"noopener noreferrer nofollow\">Le livre <\/a><span><\/span>. Disponible dans toutes les bonnes librairies.<\/p>\n<p>Regency, Tome 1 : Le mari\u00e9 maudit.,<a target=\"_blank\" rel=\"nofollow\" href=\"https:\/\/www.viaromana.org\/blog\/goto\/https:\/\/booknode.com\/regency_tome_1_le_marie_maudit_074154\"  target=\"_blank\" rel=\"noopener noreferrer nofollow\">A voir et \u00e0 lire. <\/a><span><\/span>.<\/p>\n<p>Notre-Dame de Paris ; histoire et arch\u00e9ologie d\u2019une cath\u00e9drale (XIIe-XIVe si\u00e8cle).,<a target=\"_blank\" rel=\"nofollow\" href=\"https:\/\/www.viaromana.org\/blog\/goto\/https:\/\/www.epagine.fr\/ebook\/9782271129185-notre-dame-de-paris-histoire-et-archeologie-d-une-cathedrale-xiie-xive-siecle-dany-sandron\/\"  target=\"_blank\" rel=\"noopener noreferrer nofollow\">Ouvrage <\/a><span><\/span>.<\/p>\n","protected":false},"excerpt":{"rendered":"<p>Voici un nouvel encart qui va allonger notre revue de presse sur \u00ab&nbsp;l\u2019arch\u00e9ologie&nbsp;\u00bb. Le titre (V\u00e9g\u00e9talisation des cours d\u2019\u00e9cole | Ville de Vannes) est parlant. Pr\u00e9sent\u00e9 sous la signature \u00abadmin_vannes\u00bb, l\u2019\u00e9ditorialiste est connu et fiable. Vous pouvez donc faire confiance \u00e0 cette actualit\u00e9. Sachez que la date de publication est 2022-12-01 13:47:27. Texte en question : Objectif : \u00e9tendre le verdissement \u00e0 l\u2019\u00e9chelle des \u00e9coles de la ville Lors de ses v\u0153ux 2022, le Maire David Robo a annonc\u00e9 le verdissement des cours d\u2019\u00e9cole, la cr\u00e9ation de potagers, la plantation d\u2019arbres fruitiers, en concertation avec les directrices et directeurs d\u2019\u00e9cole.\u2026<\/p>\n","protected":false},"author":1,"featured_media":0,"comment_status":"closed","ping_status":"closed","sticky":false,"template":"","format":"standard","meta":{"footnotes":""},"categories":[2],"tags":[],"blocksy_meta":{"styles_descriptor":{"styles":{"desktop":"","tablet":"","mobile":""},"google_fonts":[],"version":4}},"yoast_head":"<!-- This site is optimized with the Yoast SEO plugin v21.1 - https:\/\/yoast.com\/wordpress\/plugins\/seo\/ -->\n<title>Infos pour vous : V\u00e9g\u00e9talisation des cours d\u2019\u00e9cole | Ville de Vannes - Viaromana et arch\u00e9ologie.<\/title>\n<meta name=\"description\" content=\"Infos pour vous : V\u00e9g\u00e9talisation des cours d\u2019\u00e9cole | Ville de Vannes article de Viaromana et arch\u00e9ologie.\" \/>\n<meta name=\"robots\" content=\"index, follow, max-snippet:-1, max-image-preview:large, max-video-preview:-1\" \/>\n<link rel=\"canonical\" href=\"https:\/\/www.viaromana.org\/blog\/infos-pour-vous-vegetalisation-des-cours-decole-ville-de-vannes\/\" \/>\n<meta property=\"og:locale\" content=\"fr_FR\" \/>\n<meta property=\"og:type\" content=\"article\" \/>\n<meta property=\"og:title\" content=\"Infos pour vous : V\u00e9g\u00e9talisation des cours d\u2019\u00e9cole | Ville de Vannes - Viaromana et arch\u00e9ologie.\" \/>\n<meta property=\"og:description\" content=\"Infos pour vous : V\u00e9g\u00e9talisation des cours d\u2019\u00e9cole | Ville de Vannes article de Viaromana et arch\u00e9ologie.\" \/>\n<meta property=\"og:url\" content=\"https:\/\/www.viaromana.org\/blog\/infos-pour-vous-vegetalisation-des-cours-decole-ville-de-vannes\/\" \/>\n<meta property=\"og:site_name\" content=\"Viaromana et arch\u00e9ologie.\" \/>\n<meta property=\"article:published_time\" content=\"2022-12-01T12:47:27+00:00\" \/>\n<meta name=\"author\" content=\"Robert\" \/>\n<meta name=\"twitter:card\" content=\"summary_large_image\" \/>\n<meta name=\"twitter:label1\" content=\"\u00c9crit par\" \/>\n\t<meta name=\"twitter:data1\" content=\"Robert\" \/>\n\t<meta name=\"twitter:label2\" content=\"Dur\u00e9e de lecture estim\u00e9e\" \/>\n\t<meta name=\"twitter:data2\" content=\"3 minutes\" \/>\n<script type=\"application\/ld+json\" class=\"yoast-schema-graph\">{\"@context\":\"https:\/\/schema.org\",\"@graph\":[{\"@type\":\"Article\",\"@id\":\"https:\/\/www.viaromana.org\/blog\/infos-pour-vous-vegetalisation-des-cours-decole-ville-de-vannes\/#article\",\"isPartOf\":{\"@id\":\"https:\/\/www.viaromana.org\/blog\/infos-pour-vous-vegetalisation-des-cours-decole-ville-de-vannes\/\"},\"author\":{\"name\":\"Robert\",\"@id\":\"https:\/\/www.viaromana.org\/blog\/#\/schema\/person\/cde9c4655845091e1fe473fcd163c889\"},\"headline\":\"Infos pour vous : V\u00e9g\u00e9talisation des cours d\u2019\u00e9cole | Ville de Vannes\",\"datePublished\":\"2022-12-01T12:47:27+00:00\",\"dateModified\":\"2022-12-01T12:47:27+00:00\",\"mainEntityOfPage\":{\"@id\":\"https:\/\/www.viaromana.org\/blog\/infos-pour-vous-vegetalisation-des-cours-decole-ville-de-vannes\/\"},\"wordCount\":655,\"publisher\":{\"@id\":\"https:\/\/www.viaromana.org\/blog\/#organization\"},\"articleSection\":[\"Arch\u00e9ologie\"],\"inLanguage\":\"fr-FR\"},{\"@type\":\"WebPage\",\"@id\":\"https:\/\/www.viaromana.org\/blog\/infos-pour-vous-vegetalisation-des-cours-decole-ville-de-vannes\/\",\"url\":\"https:\/\/www.viaromana.org\/blog\/infos-pour-vous-vegetalisation-des-cours-decole-ville-de-vannes\/\",\"name\":\"Infos pour vous : V\u00e9g\u00e9talisation des cours d\u2019\u00e9cole | Ville de Vannes - Viaromana et arch\u00e9ologie.\",\"isPartOf\":{\"@id\":\"https:\/\/www.viaromana.org\/blog\/#website\"},\"datePublished\":\"2022-12-01T12:47:27+00:00\",\"dateModified\":\"2022-12-01T12:47:27+00:00\",\"description\":\"Infos pour vous : V\u00e9g\u00e9talisation des cours d\u2019\u00e9cole | Ville de Vannes article de Viaromana et arch\u00e9ologie.\",\"breadcrumb\":{\"@id\":\"https:\/\/www.viaromana.org\/blog\/infos-pour-vous-vegetalisation-des-cours-decole-ville-de-vannes\/#breadcrumb\"},\"inLanguage\":\"fr-FR\",\"potentialAction\":[{\"@type\":\"ReadAction\",\"target\":[\"https:\/\/www.viaromana.org\/blog\/infos-pour-vous-vegetalisation-des-cours-decole-ville-de-vannes\/\"]}]},{\"@type\":\"BreadcrumbList\",\"@id\":\"https:\/\/www.viaromana.org\/blog\/infos-pour-vous-vegetalisation-des-cours-decole-ville-de-vannes\/#breadcrumb\",\"itemListElement\":[{\"@type\":\"ListItem\",\"position\":1,\"name\":\"Accueil\",\"item\":\"https:\/\/www.viaromana.org\/blog\/\"},{\"@type\":\"ListItem\",\"position\":2,\"name\":\"Infos pour vous : V\u00e9g\u00e9talisation des cours d\u2019\u00e9cole | Ville de Vannes\"}]},{\"@type\":\"WebSite\",\"@id\":\"https:\/\/www.viaromana.org\/blog\/#website\",\"url\":\"https:\/\/www.viaromana.org\/blog\/\",\"name\":\"Viaromana et arch\u00e9ologie.\",\"description\":\"Site arch\u00e9ologique de la voie romaine (viaromana) Belgique-France-Rome\",\"publisher\":{\"@id\":\"https:\/\/www.viaromana.org\/blog\/#organization\"},\"potentialAction\":[{\"@type\":\"SearchAction\",\"target\":{\"@type\":\"EntryPoint\",\"urlTemplate\":\"https:\/\/www.viaromana.org\/blog\/?s={search_term_string}\"},\"query-input\":\"required name=search_term_string\"}],\"inLanguage\":\"fr-FR\"},{\"@type\":\"Organization\",\"@id\":\"https:\/\/www.viaromana.org\/blog\/#organization\",\"name\":\"viaromana\",\"url\":\"https:\/\/www.viaromana.org\/blog\/\",\"logo\":{\"@type\":\"ImageObject\",\"inLanguage\":\"fr-FR\",\"@id\":\"https:\/\/www.viaromana.org\/blog\/#\/schema\/logo\/image\/\",\"url\":\"https:\/\/www.viaromana.org\/blog\/wp-content\/uploads\/2021\/12\/logo-3.png\",\"contentUrl\":\"https:\/\/www.viaromana.org\/blog\/wp-content\/uploads\/2021\/12\/logo-3.png\",\"width\":300,\"height\":249,\"caption\":\"viaromana\"},\"image\":{\"@id\":\"https:\/\/www.viaromana.org\/blog\/#\/schema\/logo\/image\/\"}},{\"@type\":\"Person\",\"@id\":\"https:\/\/www.viaromana.org\/blog\/#\/schema\/person\/cde9c4655845091e1fe473fcd163c889\",\"name\":\"Robert\",\"image\":{\"@type\":\"ImageObject\",\"inLanguage\":\"fr-FR\",\"@id\":\"https:\/\/www.viaromana.org\/blog\/#\/schema\/person\/image\/\",\"url\":\"https:\/\/secure.gravatar.com\/avatar\/a168ec191013b636c2f278aec04e724b?s=96&d=mm&r=g\",\"contentUrl\":\"https:\/\/secure.gravatar.com\/avatar\/a168ec191013b636c2f278aec04e724b?s=96&d=mm&r=g\",\"caption\":\"Robert\"},\"sameAs\":[\"https:\/\/www.viaromana.org\/blog\"],\"url\":\"https:\/\/www.viaromana.org\/blog\/author\/anaadmin\/\"}]}<\/script>\n<!-- \/ Yoast SEO plugin. -->","yoast_head_json":{"title":"Infos pour vous : V\u00e9g\u00e9talisation des cours d\u2019\u00e9cole | Ville de Vannes - Viaromana et arch\u00e9ologie.","description":"Infos pour vous : V\u00e9g\u00e9talisation des cours d\u2019\u00e9cole | Ville de Vannes article de Viaromana et arch\u00e9ologie.","robots":{"index":"index","follow":"follow","max-snippet":"max-snippet:-1","max-image-preview":"max-image-preview:large","max-video-preview":"max-video-preview:-1"},"canonical":"https:\/\/www.viaromana.org\/blog\/infos-pour-vous-vegetalisation-des-cours-decole-ville-de-vannes\/","og_locale":"fr_FR","og_type":"article","og_title":"Infos pour vous : V\u00e9g\u00e9talisation des cours d\u2019\u00e9cole | Ville de Vannes - Viaromana et arch\u00e9ologie.","og_description":"Infos pour vous : V\u00e9g\u00e9talisation des cours d\u2019\u00e9cole | Ville de Vannes article de Viaromana et arch\u00e9ologie.","og_url":"https:\/\/www.viaromana.org\/blog\/infos-pour-vous-vegetalisation-des-cours-decole-ville-de-vannes\/","og_site_name":"Viaromana et arch\u00e9ologie.","article_published_time":"2022-12-01T12:47:27+00:00","author":"Robert","twitter_card":"summary_large_image","twitter_misc":{"\u00c9crit par":"Robert","Dur\u00e9e de lecture estim\u00e9e":"3 minutes"},"schema":{"@context":"https:\/\/schema.org","@graph":[{"@type":"Article","@id":"https:\/\/www.viaromana.org\/blog\/infos-pour-vous-vegetalisation-des-cours-decole-ville-de-vannes\/#article","isPartOf":{"@id":"https:\/\/www.viaromana.org\/blog\/infos-pour-vous-vegetalisation-des-cours-decole-ville-de-vannes\/"},"author":{"name":"Robert","@id":"https:\/\/www.viaromana.org\/blog\/#\/schema\/person\/cde9c4655845091e1fe473fcd163c889"},"headline":"Infos pour vous : V\u00e9g\u00e9talisation des cours d\u2019\u00e9cole | Ville de Vannes","datePublished":"2022-12-01T12:47:27+00:00","dateModified":"2022-12-01T12:47:27+00:00","mainEntityOfPage":{"@id":"https:\/\/www.viaromana.org\/blog\/infos-pour-vous-vegetalisation-des-cours-decole-ville-de-vannes\/"},"wordCount":655,"publisher":{"@id":"https:\/\/www.viaromana.org\/blog\/#organization"},"articleSection":["Arch\u00e9ologie"],"inLanguage":"fr-FR"},{"@type":"WebPage","@id":"https:\/\/www.viaromana.org\/blog\/infos-pour-vous-vegetalisation-des-cours-decole-ville-de-vannes\/","url":"https:\/\/www.viaromana.org\/blog\/infos-pour-vous-vegetalisation-des-cours-decole-ville-de-vannes\/","name":"Infos pour vous : V\u00e9g\u00e9talisation des cours d\u2019\u00e9cole | Ville de Vannes - Viaromana et arch\u00e9ologie.","isPartOf":{"@id":"https:\/\/www.viaromana.org\/blog\/#website"},"datePublished":"2022-12-01T12:47:27+00:00","dateModified":"2022-12-01T12:47:27+00:00","description":"Infos pour vous : V\u00e9g\u00e9talisation des cours d\u2019\u00e9cole | Ville de Vannes article de Viaromana et arch\u00e9ologie.","breadcrumb":{"@id":"https:\/\/www.viaromana.org\/blog\/infos-pour-vous-vegetalisation-des-cours-decole-ville-de-vannes\/#breadcrumb"},"inLanguage":"fr-FR","potentialAction":[{"@type":"ReadAction","target":["https:\/\/www.viaromana.org\/blog\/infos-pour-vous-vegetalisation-des-cours-decole-ville-de-vannes\/"]}]},{"@type":"BreadcrumbList","@id":"https:\/\/www.viaromana.org\/blog\/infos-pour-vous-vegetalisation-des-cours-decole-ville-de-vannes\/#breadcrumb","itemListElement":[{"@type":"ListItem","position":1,"name":"Accueil","item":"https:\/\/www.viaromana.org\/blog\/"},{"@type":"ListItem","position":2,"name":"Infos pour vous : V\u00e9g\u00e9talisation des cours d\u2019\u00e9cole | Ville de Vannes"}]},{"@type":"WebSite","@id":"https:\/\/www.viaromana.org\/blog\/#website","url":"https:\/\/www.viaromana.org\/blog\/","name":"Viaromana et arch\u00e9ologie.","description":"Site arch\u00e9ologique de la voie romaine (viaromana) Belgique-France-Rome","publisher":{"@id":"https:\/\/www.viaromana.org\/blog\/#organization"},"potentialAction":[{"@type":"SearchAction","target":{"@type":"EntryPoint","urlTemplate":"https:\/\/www.viaromana.org\/blog\/?s={search_term_string}"},"query-input":"required name=search_term_string"}],"inLanguage":"fr-FR"},{"@type":"Organization","@id":"https:\/\/www.viaromana.org\/blog\/#organization","name":"viaromana","url":"https:\/\/www.viaromana.org\/blog\/","logo":{"@type":"ImageObject","inLanguage":"fr-FR","@id":"https:\/\/www.viaromana.org\/blog\/#\/schema\/logo\/image\/","url":"https:\/\/www.viaromana.org\/blog\/wp-content\/uploads\/2021\/12\/logo-3.png","contentUrl":"https:\/\/www.viaromana.org\/blog\/wp-content\/uploads\/2021\/12\/logo-3.png","width":300,"height":249,"caption":"viaromana"},"image":{"@id":"https:\/\/www.viaromana.org\/blog\/#\/schema\/logo\/image\/"}},{"@type":"Person","@id":"https:\/\/www.viaromana.org\/blog\/#\/schema\/person\/cde9c4655845091e1fe473fcd163c889","name":"Robert","image":{"@type":"ImageObject","inLanguage":"fr-FR","@id":"https:\/\/www.viaromana.org\/blog\/#\/schema\/person\/image\/","url":"https:\/\/secure.gravatar.com\/avatar\/a168ec191013b636c2f278aec04e724b?s=96&d=mm&r=g","contentUrl":"https:\/\/secure.gravatar.com\/avatar\/a168ec191013b636c2f278aec04e724b?s=96&d=mm&r=g","caption":"Robert"},"sameAs":["https:\/\/www.viaromana.org\/blog"],"url":"https:\/\/www.viaromana.org\/blog\/author\/anaadmin\/"}]}},"_links":{"self":[{"href":"https:\/\/www.viaromana.org\/blog\/wp-json\/wp\/v2\/posts\/1443"}],"collection":[{"href":"https:\/\/www.viaromana.org\/blog\/wp-json\/wp\/v2\/posts"}],"about":[{"href":"https:\/\/www.viaromana.org\/blog\/wp-json\/wp\/v2\/types\/post"}],"author":[{"embeddable":true,"href":"https:\/\/www.viaromana.org\/blog\/wp-json\/wp\/v2\/users\/1"}],"replies":[{"embeddable":true,"href":"https:\/\/www.viaromana.org\/blog\/wp-json\/wp\/v2\/comments?post=1443"}],"version-history":[{"count":0,"href":"https:\/\/www.viaromana.org\/blog\/wp-json\/wp\/v2\/posts\/1443\/revisions"}],"wp:attachment":[{"href":"https:\/\/www.viaromana.org\/blog\/wp-json\/wp\/v2\/media?parent=1443"}],"wp:term":[{"taxonomy":"category","embeddable":true,"href":"https:\/\/www.viaromana.org\/blog\/wp-json\/wp\/v2\/categories?post=1443"},{"taxonomy":"post_tag","embeddable":true,"href":"https:\/\/www.viaromana.org\/blog\/wp-json\/wp\/v2\/tags?post=1443"}],"curies":[{"name":"wp","href":"https:\/\/api.w.org\/{rel}","templated":true}]}}