{"id":1430,"date":"2022-11-24T17:06:32","date_gmt":"2022-11-24T16:06:32","guid":{"rendered":"https:\/\/www.site.cdcl.xyz\/2022\/11\/24\/sur-internet-journee-des-solidarites-a-menimur\/"},"modified":"2022-11-24T17:06:32","modified_gmt":"2022-11-24T16:06:32","slug":"sur-internet-journee-des-solidarites-a-menimur","status":"publish","type":"post","link":"https:\/\/www.viaromana.org\/blog\/sur-internet-journee-des-solidarites-a-menimur\/","title":{"rendered":"Sur internet : Journ\u00e9e des solidarit\u00e9s \u00e0 M\u00e9nimur"},"content":{"rendered":"<p>Voil\u00e0 un encart que notre r\u00e9daction est heureuse de communiquer ici sur notre site. Le propos est \u00ab&nbsp;l\u2019arch\u00e9ologie&nbsp;\u00bb.<br \/>Son titre (Journ\u00e9e des solidarit\u00e9s \u00e0 M\u00e9nimur) parle de lui-m\u00eame.<\/p>\n<p>Sachez que le journaliste (pr\u00e9sent\u00e9 sous la signature admin_vannes) est connu et fiable pour plusieurs autres textes qu\u2019il a publi\u00e9s sur internet.<\/p>\n<p>La cr\u00e9dibilit\u00e9 est de ce fait \u00e9lev\u00e9e concernant ce texte.<\/p>\n<p>La date de parution est 2022-11-24 17:06:32.<\/p>\n<div>\n<div>\n<p>Dans le cadre de l\u2019op\u00e9ration Automne solidaire, la Ville de Vannes, via le Centre socio-culturel de M\u00e9nimur, vous donne rendez-vous samedi 26 novembre de 14 h \u00e0 17 h 30 pour un apr\u00e8s-midi plac\u00e9 sous le signe de la solidarit\u00e9.<\/p>\n<h3>AU PROGRAMME :<\/h3>\n<ul>\n<li>Atelier fabrication d\u2019objets en bois de palette et \u00ab diagnostic \u00bb v\u00e9lo : r\u00e9alis\u00e9 par l\u2019entreprise \u00e0 but d\u2019emplois Acsomur<\/li>\n<li>Atelier bouturage par l\u2019association Novita.<\/li>\n<li>Ateliers \u00e9co-astuces par le Centre socio-culturel Henri Matisse.<\/li>\n<li>Distribution de cucurbitac\u00e9es par les jardiniers de Kermesquel, les Cuisiniers Solidaire et les jeunes du dispositif Argent de Poche.<\/li>\n<li>Fabrication et distribution de soupe par les Jeunes de la R\u00e9sidence Jeunes de K\u00e9rizac.<\/li>\n<li>Cr\u00e9ation d\u2019une \u0153uvre collective sur le th\u00e8me de la musique du monde.<\/li>\n<li>No\u00ebl solidaire par le Conseil Citoyen : vous pouvez d\u00e9poser ou venir prendre gratuitement des jeux et jouets (uniquement en bon \u00e9tat)<\/li>\n<li>Sortie v\u00e9lo propos\u00e9e le long de la voie cyclable entre Kermesquel et Plescop (pr\u00eat de v\u00e9lo sur place si besoin).<\/li>\n<\/ul>\n<p>Venez nombreux, soyez curieux, solidaires et \u00e9co responsable !<\/p>\n<\/div>\n<\/div>\n<p>A lire sur un th\u00e8me similaire:<\/p>\n<p>Sunkissed.,<a target=\"_blank\" rel=\"nofollow\" href=\"https:\/\/www.viaromana.org\/blog\/goto\/https:\/\/booknode.com\/sunkissed_0867033\"  target=\"_blank\" rel=\"noopener noreferrer nofollow\">(la couverture) <\/a><span><\/span>.<\/p>\n<p>M\u00e9langes d\u2019Histoire et d\u2019arch\u00e9ologie agenaises.,<a target=\"_blank\" rel=\"nofollow\" href=\"https:\/\/www.viaromana.org\/blog\/goto\/https:\/\/www.epagine.fr\/ebook\/9782307005971-melanges-d-histoire-et-d-archeologie-agenaises-jean-r-marboutin\/\"  target=\"_blank\" rel=\"noopener noreferrer nofollow\">(la couverture) <\/a><span><\/span>. Disponible Sur AMAZON.<\/p>\n<p>Sous un ciel \u00e9gyptien, Tome 2 : Scarab\u00e9e sacr\u00e9.,<a target=\"_blank\" rel=\"nofollow\" href=\"https:\/\/www.viaromana.org\/blog\/goto\/https:\/\/booknode.com\/sous_un_ciel_egyptien_tome_2_scarabee_sacre_03404066\"  target=\"_blank\" rel=\"noopener noreferrer nofollow\">Le livre <\/a><span><\/span>.<\/p>\n<p>Note sur le monument des sources de la Seine \u2013 Lue \u00e0 la Soci\u00e9t\u00e9 parisienne d\u2019arch\u00e9ologie et d\u2019histoire.,<a target=\"_blank\" rel=\"nofollow\" href=\"https:\/\/www.viaromana.org\/blog\/goto\/https:\/\/www.epagine.fr\/ebook\/9782346122714-note-sur-le-monument-des-sources-de-la-seine-lue-a-la-societe-parisienne-d-archeologie-et-d-histoire-charles-lucas\/\"  target=\"_blank\" rel=\"noopener noreferrer nofollow\">(la couverture) <\/a><span><\/span>. Disponible \u00e0 l\u2019achat sur les plateformes Amazon, Fnac, Cultura \u2026.<\/p>\n","protected":false},"excerpt":{"rendered":"<p>Voil\u00e0 un encart que notre r\u00e9daction est heureuse de communiquer ici sur notre site. Le propos est \u00ab&nbsp;l\u2019arch\u00e9ologie&nbsp;\u00bb.Son titre (Journ\u00e9e des solidarit\u00e9s \u00e0 M\u00e9nimur) parle de lui-m\u00eame. Sachez que le journaliste (pr\u00e9sent\u00e9 sous la signature admin_vannes) est connu et fiable pour plusieurs autres textes qu\u2019il a publi\u00e9s sur internet. La cr\u00e9dibilit\u00e9 est de ce fait \u00e9lev\u00e9e concernant ce texte. La date de parution est 2022-11-24 17:06:32. Dans le cadre de l\u2019op\u00e9ration Automne solidaire, la Ville de Vannes, via le Centre socio-culturel de M\u00e9nimur, vous donne rendez-vous samedi 26 novembre de 14 h \u00e0 17 h 30 pour un apr\u00e8s-midi plac\u00e9\u2026<\/p>\n","protected":false},"author":1,"featured_media":0,"comment_status":"closed","ping_status":"closed","sticky":false,"template":"","format":"standard","meta":{"footnotes":""},"categories":[2],"tags":[],"blocksy_meta":{"styles_descriptor":{"styles":{"desktop":"","tablet":"","mobile":""},"google_fonts":[],"version":4}},"yoast_head":"<!-- This site is optimized with the Yoast SEO plugin v21.1 - https:\/\/yoast.com\/wordpress\/plugins\/seo\/ -->\n<title>Sur internet : Journ\u00e9e des solidarit\u00e9s \u00e0 M\u00e9nimur - Viaromana et arch\u00e9ologie.<\/title>\n<meta name=\"description\" content=\"Sur internet : Journ\u00e9e des solidarit\u00e9s \u00e0 M\u00e9nimur article de Viaromana et arch\u00e9ologie.\" \/>\n<meta name=\"robots\" content=\"index, follow, max-snippet:-1, max-image-preview:large, max-video-preview:-1\" \/>\n<link rel=\"canonical\" href=\"https:\/\/www.viaromana.org\/blog\/sur-internet-journee-des-solidarites-a-menimur\/\" \/>\n<meta property=\"og:locale\" content=\"fr_FR\" \/>\n<meta property=\"og:type\" content=\"article\" \/>\n<meta property=\"og:title\" content=\"Sur internet : Journ\u00e9e des solidarit\u00e9s \u00e0 M\u00e9nimur - Viaromana et arch\u00e9ologie.\" \/>\n<meta property=\"og:description\" content=\"Sur internet : Journ\u00e9e des solidarit\u00e9s \u00e0 M\u00e9nimur article de Viaromana et arch\u00e9ologie.\" \/>\n<meta property=\"og:url\" content=\"https:\/\/www.viaromana.org\/blog\/sur-internet-journee-des-solidarites-a-menimur\/\" \/>\n<meta property=\"og:site_name\" content=\"Viaromana et arch\u00e9ologie.\" \/>\n<meta property=\"article:published_time\" content=\"2022-11-24T16:06:32+00:00\" \/>\n<meta name=\"author\" content=\"Robert\" \/>\n<meta name=\"twitter:card\" content=\"summary_large_image\" \/>\n<meta name=\"twitter:label1\" content=\"\u00c9crit par\" \/>\n\t<meta name=\"twitter:data1\" content=\"Robert\" \/>\n\t<meta name=\"twitter:label2\" content=\"Dur\u00e9e de lecture estim\u00e9e\" \/>\n\t<meta name=\"twitter:data2\" content=\"2 minutes\" \/>\n<script type=\"application\/ld+json\" class=\"yoast-schema-graph\">{\"@context\":\"https:\/\/schema.org\",\"@graph\":[{\"@type\":\"Article\",\"@id\":\"https:\/\/www.viaromana.org\/blog\/sur-internet-journee-des-solidarites-a-menimur\/#article\",\"isPartOf\":{\"@id\":\"https:\/\/www.viaromana.org\/blog\/sur-internet-journee-des-solidarites-a-menimur\/\"},\"author\":{\"name\":\"Robert\",\"@id\":\"https:\/\/www.viaromana.org\/blog\/#\/schema\/person\/cde9c4655845091e1fe473fcd163c889\"},\"headline\":\"Sur internet : Journ\u00e9e des solidarit\u00e9s \u00e0 M\u00e9nimur\",\"datePublished\":\"2022-11-24T16:06:32+00:00\",\"dateModified\":\"2022-11-24T16:06:32+00:00\",\"mainEntityOfPage\":{\"@id\":\"https:\/\/www.viaromana.org\/blog\/sur-internet-journee-des-solidarites-a-menimur\/\"},\"wordCount\":337,\"publisher\":{\"@id\":\"https:\/\/www.viaromana.org\/blog\/#organization\"},\"articleSection\":[\"Arch\u00e9ologie\"],\"inLanguage\":\"fr-FR\"},{\"@type\":\"WebPage\",\"@id\":\"https:\/\/www.viaromana.org\/blog\/sur-internet-journee-des-solidarites-a-menimur\/\",\"url\":\"https:\/\/www.viaromana.org\/blog\/sur-internet-journee-des-solidarites-a-menimur\/\",\"name\":\"Sur internet : Journ\u00e9e des solidarit\u00e9s \u00e0 M\u00e9nimur - Viaromana et arch\u00e9ologie.\",\"isPartOf\":{\"@id\":\"https:\/\/www.viaromana.org\/blog\/#website\"},\"datePublished\":\"2022-11-24T16:06:32+00:00\",\"dateModified\":\"2022-11-24T16:06:32+00:00\",\"description\":\"Sur internet : Journ\u00e9e des solidarit\u00e9s \u00e0 M\u00e9nimur article de Viaromana et arch\u00e9ologie.\",\"breadcrumb\":{\"@id\":\"https:\/\/www.viaromana.org\/blog\/sur-internet-journee-des-solidarites-a-menimur\/#breadcrumb\"},\"inLanguage\":\"fr-FR\",\"potentialAction\":[{\"@type\":\"ReadAction\",\"target\":[\"https:\/\/www.viaromana.org\/blog\/sur-internet-journee-des-solidarites-a-menimur\/\"]}]},{\"@type\":\"BreadcrumbList\",\"@id\":\"https:\/\/www.viaromana.org\/blog\/sur-internet-journee-des-solidarites-a-menimur\/#breadcrumb\",\"itemListElement\":[{\"@type\":\"ListItem\",\"position\":1,\"name\":\"Accueil\",\"item\":\"https:\/\/www.viaromana.org\/blog\/\"},{\"@type\":\"ListItem\",\"position\":2,\"name\":\"Sur internet : Journ\u00e9e des solidarit\u00e9s \u00e0 M\u00e9nimur\"}]},{\"@type\":\"WebSite\",\"@id\":\"https:\/\/www.viaromana.org\/blog\/#website\",\"url\":\"https:\/\/www.viaromana.org\/blog\/\",\"name\":\"Viaromana et arch\u00e9ologie.\",\"description\":\"Site arch\u00e9ologique de la voie romaine (viaromana) Belgique-France-Rome\",\"publisher\":{\"@id\":\"https:\/\/www.viaromana.org\/blog\/#organization\"},\"potentialAction\":[{\"@type\":\"SearchAction\",\"target\":{\"@type\":\"EntryPoint\",\"urlTemplate\":\"https:\/\/www.viaromana.org\/blog\/?s={search_term_string}\"},\"query-input\":\"required name=search_term_string\"}],\"inLanguage\":\"fr-FR\"},{\"@type\":\"Organization\",\"@id\":\"https:\/\/www.viaromana.org\/blog\/#organization\",\"name\":\"viaromana\",\"url\":\"https:\/\/www.viaromana.org\/blog\/\",\"logo\":{\"@type\":\"ImageObject\",\"inLanguage\":\"fr-FR\",\"@id\":\"https:\/\/www.viaromana.org\/blog\/#\/schema\/logo\/image\/\",\"url\":\"https:\/\/www.viaromana.org\/blog\/wp-content\/uploads\/2021\/12\/logo-3.png\",\"contentUrl\":\"https:\/\/www.viaromana.org\/blog\/wp-content\/uploads\/2021\/12\/logo-3.png\",\"width\":300,\"height\":249,\"caption\":\"viaromana\"},\"image\":{\"@id\":\"https:\/\/www.viaromana.org\/blog\/#\/schema\/logo\/image\/\"}},{\"@type\":\"Person\",\"@id\":\"https:\/\/www.viaromana.org\/blog\/#\/schema\/person\/cde9c4655845091e1fe473fcd163c889\",\"name\":\"Robert\",\"image\":{\"@type\":\"ImageObject\",\"inLanguage\":\"fr-FR\",\"@id\":\"https:\/\/www.viaromana.org\/blog\/#\/schema\/person\/image\/\",\"url\":\"https:\/\/secure.gravatar.com\/avatar\/a168ec191013b636c2f278aec04e724b?s=96&d=mm&r=g\",\"contentUrl\":\"https:\/\/secure.gravatar.com\/avatar\/a168ec191013b636c2f278aec04e724b?s=96&d=mm&r=g\",\"caption\":\"Robert\"},\"sameAs\":[\"https:\/\/www.viaromana.org\/blog\"],\"url\":\"https:\/\/www.viaromana.org\/blog\/author\/anaadmin\/\"}]}<\/script>\n<!-- \/ Yoast SEO plugin. -->","yoast_head_json":{"title":"Sur internet : Journ\u00e9e des solidarit\u00e9s \u00e0 M\u00e9nimur - Viaromana et arch\u00e9ologie.","description":"Sur internet : Journ\u00e9e des solidarit\u00e9s \u00e0 M\u00e9nimur article de Viaromana et arch\u00e9ologie.","robots":{"index":"index","follow":"follow","max-snippet":"max-snippet:-1","max-image-preview":"max-image-preview:large","max-video-preview":"max-video-preview:-1"},"canonical":"https:\/\/www.viaromana.org\/blog\/sur-internet-journee-des-solidarites-a-menimur\/","og_locale":"fr_FR","og_type":"article","og_title":"Sur internet : Journ\u00e9e des solidarit\u00e9s \u00e0 M\u00e9nimur - Viaromana et arch\u00e9ologie.","og_description":"Sur internet : Journ\u00e9e des solidarit\u00e9s \u00e0 M\u00e9nimur article de Viaromana et arch\u00e9ologie.","og_url":"https:\/\/www.viaromana.org\/blog\/sur-internet-journee-des-solidarites-a-menimur\/","og_site_name":"Viaromana et arch\u00e9ologie.","article_published_time":"2022-11-24T16:06:32+00:00","author":"Robert","twitter_card":"summary_large_image","twitter_misc":{"\u00c9crit par":"Robert","Dur\u00e9e de lecture estim\u00e9e":"2 minutes"},"schema":{"@context":"https:\/\/schema.org","@graph":[{"@type":"Article","@id":"https:\/\/www.viaromana.org\/blog\/sur-internet-journee-des-solidarites-a-menimur\/#article","isPartOf":{"@id":"https:\/\/www.viaromana.org\/blog\/sur-internet-journee-des-solidarites-a-menimur\/"},"author":{"name":"Robert","@id":"https:\/\/www.viaromana.org\/blog\/#\/schema\/person\/cde9c4655845091e1fe473fcd163c889"},"headline":"Sur internet : Journ\u00e9e des solidarit\u00e9s \u00e0 M\u00e9nimur","datePublished":"2022-11-24T16:06:32+00:00","dateModified":"2022-11-24T16:06:32+00:00","mainEntityOfPage":{"@id":"https:\/\/www.viaromana.org\/blog\/sur-internet-journee-des-solidarites-a-menimur\/"},"wordCount":337,"publisher":{"@id":"https:\/\/www.viaromana.org\/blog\/#organization"},"articleSection":["Arch\u00e9ologie"],"inLanguage":"fr-FR"},{"@type":"WebPage","@id":"https:\/\/www.viaromana.org\/blog\/sur-internet-journee-des-solidarites-a-menimur\/","url":"https:\/\/www.viaromana.org\/blog\/sur-internet-journee-des-solidarites-a-menimur\/","name":"Sur internet : Journ\u00e9e des solidarit\u00e9s \u00e0 M\u00e9nimur - Viaromana et arch\u00e9ologie.","isPartOf":{"@id":"https:\/\/www.viaromana.org\/blog\/#website"},"datePublished":"2022-11-24T16:06:32+00:00","dateModified":"2022-11-24T16:06:32+00:00","description":"Sur internet : Journ\u00e9e des solidarit\u00e9s \u00e0 M\u00e9nimur article de Viaromana et arch\u00e9ologie.","breadcrumb":{"@id":"https:\/\/www.viaromana.org\/blog\/sur-internet-journee-des-solidarites-a-menimur\/#breadcrumb"},"inLanguage":"fr-FR","potentialAction":[{"@type":"ReadAction","target":["https:\/\/www.viaromana.org\/blog\/sur-internet-journee-des-solidarites-a-menimur\/"]}]},{"@type":"BreadcrumbList","@id":"https:\/\/www.viaromana.org\/blog\/sur-internet-journee-des-solidarites-a-menimur\/#breadcrumb","itemListElement":[{"@type":"ListItem","position":1,"name":"Accueil","item":"https:\/\/www.viaromana.org\/blog\/"},{"@type":"ListItem","position":2,"name":"Sur internet : Journ\u00e9e des solidarit\u00e9s \u00e0 M\u00e9nimur"}]},{"@type":"WebSite","@id":"https:\/\/www.viaromana.org\/blog\/#website","url":"https:\/\/www.viaromana.org\/blog\/","name":"Viaromana et arch\u00e9ologie.","description":"Site arch\u00e9ologique de la voie romaine (viaromana) Belgique-France-Rome","publisher":{"@id":"https:\/\/www.viaromana.org\/blog\/#organization"},"potentialAction":[{"@type":"SearchAction","target":{"@type":"EntryPoint","urlTemplate":"https:\/\/www.viaromana.org\/blog\/?s={search_term_string}"},"query-input":"required name=search_term_string"}],"inLanguage":"fr-FR"},{"@type":"Organization","@id":"https:\/\/www.viaromana.org\/blog\/#organization","name":"viaromana","url":"https:\/\/www.viaromana.org\/blog\/","logo":{"@type":"ImageObject","inLanguage":"fr-FR","@id":"https:\/\/www.viaromana.org\/blog\/#\/schema\/logo\/image\/","url":"https:\/\/www.viaromana.org\/blog\/wp-content\/uploads\/2021\/12\/logo-3.png","contentUrl":"https:\/\/www.viaromana.org\/blog\/wp-content\/uploads\/2021\/12\/logo-3.png","width":300,"height":249,"caption":"viaromana"},"image":{"@id":"https:\/\/www.viaromana.org\/blog\/#\/schema\/logo\/image\/"}},{"@type":"Person","@id":"https:\/\/www.viaromana.org\/blog\/#\/schema\/person\/cde9c4655845091e1fe473fcd163c889","name":"Robert","image":{"@type":"ImageObject","inLanguage":"fr-FR","@id":"https:\/\/www.viaromana.org\/blog\/#\/schema\/person\/image\/","url":"https:\/\/secure.gravatar.com\/avatar\/a168ec191013b636c2f278aec04e724b?s=96&d=mm&r=g","contentUrl":"https:\/\/secure.gravatar.com\/avatar\/a168ec191013b636c2f278aec04e724b?s=96&d=mm&r=g","caption":"Robert"},"sameAs":["https:\/\/www.viaromana.org\/blog"],"url":"https:\/\/www.viaromana.org\/blog\/author\/anaadmin\/"}]}},"_links":{"self":[{"href":"https:\/\/www.viaromana.org\/blog\/wp-json\/wp\/v2\/posts\/1430"}],"collection":[{"href":"https:\/\/www.viaromana.org\/blog\/wp-json\/wp\/v2\/posts"}],"about":[{"href":"https:\/\/www.viaromana.org\/blog\/wp-json\/wp\/v2\/types\/post"}],"author":[{"embeddable":true,"href":"https:\/\/www.viaromana.org\/blog\/wp-json\/wp\/v2\/users\/1"}],"replies":[{"embeddable":true,"href":"https:\/\/www.viaromana.org\/blog\/wp-json\/wp\/v2\/comments?post=1430"}],"version-history":[{"count":0,"href":"https:\/\/www.viaromana.org\/blog\/wp-json\/wp\/v2\/posts\/1430\/revisions"}],"wp:attachment":[{"href":"https:\/\/www.viaromana.org\/blog\/wp-json\/wp\/v2\/media?parent=1430"}],"wp:term":[{"taxonomy":"category","embeddable":true,"href":"https:\/\/www.viaromana.org\/blog\/wp-json\/wp\/v2\/categories?post=1430"},{"taxonomy":"post_tag","embeddable":true,"href":"https:\/\/www.viaromana.org\/blog\/wp-json\/wp\/v2\/tags?post=1430"}],"curies":[{"name":"wp","href":"https:\/\/api.w.org\/{rel}","templated":true}]}}