{"id":1429,"date":"2022-08-19T11:33:10","date_gmt":"2022-08-19T10:33:10","guid":{"rendered":"https:\/\/www.site.cdcl.xyz\/2022\/08\/19\/revue-de-presse-internet-balade-chantee-sur-les-traces-de-lesclavage\/"},"modified":"2022-08-19T11:33:10","modified_gmt":"2022-08-19T10:33:10","slug":"revue-de-presse-internet-balade-chantee-sur-les-traces-de-lesclavage","status":"publish","type":"post","link":"https:\/\/www.viaromana.org\/blog\/revue-de-presse-internet-balade-chantee-sur-les-traces-de-lesclavage\/","title":{"rendered":"Revue de presse internet : Balade chant\u00e9e | Sur les traces de l\u2019esclavage"},"content":{"rendered":"<p>Fid\u00e8le \u00e0 sa vocation, ce site va vous d\u00e9voiler un article qui se propage sur le web. La th\u00e9matique est \u00abl\u2019arch\u00e9ologie\u00bb.<\/p>\n<p>Le titre saisissant (Balade chant\u00e9e | Sur les traces de l\u2019esclavage) est parlant.<\/p>\n<p> Identifi\u00e9 sous le nom \u00abMus\u00e9e d\u2019Aquitaine\u00bb, le pigiste est connu et fiable.<\/p>\n<p>Les informations \u00e9dit\u00e9es sont de ce fait r\u00e9put\u00e9es v\u00e9ridiques.<\/p>\n<p>Texte : <\/p>\n<div>\n<p>Au mus\u00e9e d\u2019Aquitaine puis dans Bordeaux, accompagnez <strong>Zoreil<\/strong>, <strong>Micheline Bienvenu<\/strong> et la chorale <strong>Irawo<\/strong> dans une balade chant\u00e9e au son du <em>bouladj\u00e8l<\/em>, un rythme traditionnel originaire de la Guadeloupe, dans lequel les percussions sont \u00e9mises exclusivement par la bouche. Cette musique de veill\u00e9e est n\u00e9e des esclaves. Une exp\u00e9rience unique et un moment de partage, charg\u00e9s en \u00e9motion.<\/p>\n<p>Une proposition de la compagnie Dif\u00e9 Kako, dans le cadre du&nbsp;<strong>Mois Kr\u00e9yol<\/strong>, festival des langues et cultures cr\u00e9oles<\/p>\n<p><em>D\u00e9part du mus\u00e9e d\u2019Aquitaine.&nbsp;<\/em><\/p>\n<p><em>R\u00e9servez votre billet sur Eventbrite et r\u00e9glez-le \u00e0 l\u2019accueil du mus\u00e9e, avant le d\u00e9part de la balade. Tarif plein: 11\u20ac (tarif r\u00e9duit et gratuit\u00e9 : conditions \u00e0 retrouver ici).<\/em><\/p>\n<p><img decoding=\"async\" alt src=\"https:\/\/www.viaromana.org\/blog\/wp-content\/uploads\/2022\/11\/revue-de-presse-internet-balade-chantee-sur-les-traces-de-lesclavage.png\"><\/p>\n<\/div>\n<p>Ce objet correspond \u00e0 vos investigations vous appr\u00e9cierez aussi ces livres:<\/p>\n<p>Sur les pas de Rams\u00e8s.,<a target=\"_blank\" rel=\"nofollow\" href=\"https:\/\/www.viaromana.org\/blog\/goto\/https:\/\/booknode.com\/sur_les_pas_de_ramses_0116106\"  target=\"_blank\" rel=\"noopener noreferrer nofollow\">Le livre <\/a><span><\/span>. Ouvrage de r\u00e9f\u00e9rence.<\/p>\n<p>M\u00e9diterran\u00e9e antique : p\u00eache, navigation, commerce.,<a target=\"_blank\" rel=\"nofollow\" href=\"https:\/\/www.viaromana.org\/blog\/goto\/https:\/\/www.kobo.com\/de\/fr\/ebook\/mediterranee-antique-peche-navigation-commerce\"  target=\"_blank\" rel=\"noopener noreferrer nofollow\">A voir et \u00e0 lire. <\/a><span><\/span>.<\/p>\n<p>Regency, tome 2 : Le Secret du Nil.,<a target=\"_blank\" rel=\"nofollow\" href=\"https:\/\/www.viaromana.org\/blog\/goto\/https:\/\/booknode.com\/regency_tome_2_le_secret_du_nil_061686\"  target=\"_blank\" rel=\"noopener noreferrer nofollow\">Clicker Ici <\/a><span><\/span>. Disponible dans toutes les bonnes biblioth\u00e8ques de votre d\u00e9partement.<\/p>\n<p>L\u2019or des Incas.,<a target=\"_blank\" rel=\"nofollow\" href=\"https:\/\/www.viaromana.org\/blog\/goto\/https:\/\/booknode.com\/lor_des_incas_043986\"  target=\"_blank\" rel=\"noopener noreferrer nofollow\">Le livre <\/a><span><\/span>. Ouvrage de r\u00e9f\u00e9rence.<\/p>\n","protected":false},"excerpt":{"rendered":"<p>Fid\u00e8le \u00e0 sa vocation, ce site va vous d\u00e9voiler un article qui se propage sur le web. La th\u00e9matique est \u00abl\u2019arch\u00e9ologie\u00bb. Le titre saisissant (Balade chant\u00e9e | Sur les traces de l\u2019esclavage) est parlant. Identifi\u00e9 sous le nom \u00abMus\u00e9e d\u2019Aquitaine\u00bb, le pigiste est connu et fiable. Les informations \u00e9dit\u00e9es sont de ce fait r\u00e9put\u00e9es v\u00e9ridiques. Texte : Au mus\u00e9e d\u2019Aquitaine puis dans Bordeaux, accompagnez Zoreil, Micheline Bienvenu et la chorale Irawo dans une balade chant\u00e9e au son du bouladj\u00e8l, un rythme traditionnel originaire de la Guadeloupe, dans lequel les percussions sont \u00e9mises exclusivement par la bouche. Cette musique de veill\u00e9e\u2026<\/p>\n","protected":false},"author":1,"featured_media":0,"comment_status":"closed","ping_status":"closed","sticky":false,"template":"","format":"standard","meta":{"footnotes":""},"categories":[2],"tags":[],"blocksy_meta":{"styles_descriptor":{"styles":{"desktop":"","tablet":"","mobile":""},"google_fonts":[],"version":4}},"yoast_head":"<!-- This site is optimized with the Yoast SEO plugin v21.1 - https:\/\/yoast.com\/wordpress\/plugins\/seo\/ -->\n<title>Revue de presse internet : Balade chant\u00e9e | Sur les traces de l\u2019esclavage - Viaromana et arch\u00e9ologie.<\/title>\n<meta name=\"description\" content=\"Revue de presse internet : Balade chant\u00e9e | Sur les traces de l\u2019esclavage article de Viaromana et arch\u00e9ologie.\" \/>\n<meta name=\"robots\" content=\"index, follow, max-snippet:-1, max-image-preview:large, max-video-preview:-1\" \/>\n<link rel=\"canonical\" href=\"https:\/\/www.viaromana.org\/blog\/revue-de-presse-internet-balade-chantee-sur-les-traces-de-lesclavage\/\" \/>\n<meta property=\"og:locale\" content=\"fr_FR\" \/>\n<meta property=\"og:type\" content=\"article\" \/>\n<meta property=\"og:title\" content=\"Revue de presse internet : Balade chant\u00e9e | Sur les traces de l\u2019esclavage - Viaromana et arch\u00e9ologie.\" \/>\n<meta property=\"og:description\" content=\"Revue de presse internet : Balade chant\u00e9e | Sur les traces de l\u2019esclavage article de Viaromana et arch\u00e9ologie.\" \/>\n<meta property=\"og:url\" content=\"https:\/\/www.viaromana.org\/blog\/revue-de-presse-internet-balade-chantee-sur-les-traces-de-lesclavage\/\" \/>\n<meta property=\"og:site_name\" content=\"Viaromana et arch\u00e9ologie.\" \/>\n<meta property=\"article:published_time\" content=\"2022-08-19T10:33:10+00:00\" \/>\n<meta property=\"og:image\" content=\"https:\/\/www.viaromana.org\/blog\/wp-content\/uploads\/2022\/11\/revue-de-presse-internet-balade-chantee-sur-les-traces-de-lesclavage.png\" \/>\n<meta name=\"author\" content=\"Robert\" \/>\n<meta name=\"twitter:card\" content=\"summary_large_image\" \/>\n<meta name=\"twitter:label1\" content=\"\u00c9crit par\" \/>\n\t<meta name=\"twitter:data1\" content=\"Robert\" \/>\n\t<meta name=\"twitter:label2\" content=\"Dur\u00e9e de lecture estim\u00e9e\" \/>\n\t<meta name=\"twitter:data2\" content=\"1 minute\" \/>\n<script type=\"application\/ld+json\" class=\"yoast-schema-graph\">{\"@context\":\"https:\/\/schema.org\",\"@graph\":[{\"@type\":\"Article\",\"@id\":\"https:\/\/www.viaromana.org\/blog\/revue-de-presse-internet-balade-chantee-sur-les-traces-de-lesclavage\/#article\",\"isPartOf\":{\"@id\":\"https:\/\/www.viaromana.org\/blog\/revue-de-presse-internet-balade-chantee-sur-les-traces-de-lesclavage\/\"},\"author\":{\"name\":\"Robert\",\"@id\":\"https:\/\/www.viaromana.org\/blog\/#\/schema\/person\/cde9c4655845091e1fe473fcd163c889\"},\"headline\":\"Revue de presse internet : Balade chant\u00e9e | Sur les traces de l\u2019esclavage\",\"datePublished\":\"2022-08-19T10:33:10+00:00\",\"dateModified\":\"2022-08-19T10:33:10+00:00\",\"mainEntityOfPage\":{\"@id\":\"https:\/\/www.viaromana.org\/blog\/revue-de-presse-internet-balade-chantee-sur-les-traces-de-lesclavage\/\"},\"wordCount\":273,\"publisher\":{\"@id\":\"https:\/\/www.viaromana.org\/blog\/#organization\"},\"articleSection\":[\"Arch\u00e9ologie\"],\"inLanguage\":\"fr-FR\"},{\"@type\":\"WebPage\",\"@id\":\"https:\/\/www.viaromana.org\/blog\/revue-de-presse-internet-balade-chantee-sur-les-traces-de-lesclavage\/\",\"url\":\"https:\/\/www.viaromana.org\/blog\/revue-de-presse-internet-balade-chantee-sur-les-traces-de-lesclavage\/\",\"name\":\"Revue de presse internet : Balade chant\u00e9e | Sur les traces de l\u2019esclavage - Viaromana et arch\u00e9ologie.\",\"isPartOf\":{\"@id\":\"https:\/\/www.viaromana.org\/blog\/#website\"},\"datePublished\":\"2022-08-19T10:33:10+00:00\",\"dateModified\":\"2022-08-19T10:33:10+00:00\",\"description\":\"Revue de presse internet : Balade chant\u00e9e | Sur les traces de l\u2019esclavage article de Viaromana et arch\u00e9ologie.\",\"breadcrumb\":{\"@id\":\"https:\/\/www.viaromana.org\/blog\/revue-de-presse-internet-balade-chantee-sur-les-traces-de-lesclavage\/#breadcrumb\"},\"inLanguage\":\"fr-FR\",\"potentialAction\":[{\"@type\":\"ReadAction\",\"target\":[\"https:\/\/www.viaromana.org\/blog\/revue-de-presse-internet-balade-chantee-sur-les-traces-de-lesclavage\/\"]}]},{\"@type\":\"BreadcrumbList\",\"@id\":\"https:\/\/www.viaromana.org\/blog\/revue-de-presse-internet-balade-chantee-sur-les-traces-de-lesclavage\/#breadcrumb\",\"itemListElement\":[{\"@type\":\"ListItem\",\"position\":1,\"name\":\"Accueil\",\"item\":\"https:\/\/www.viaromana.org\/blog\/\"},{\"@type\":\"ListItem\",\"position\":2,\"name\":\"Revue de presse internet : Balade chant\u00e9e | Sur les traces de l\u2019esclavage\"}]},{\"@type\":\"WebSite\",\"@id\":\"https:\/\/www.viaromana.org\/blog\/#website\",\"url\":\"https:\/\/www.viaromana.org\/blog\/\",\"name\":\"Viaromana et arch\u00e9ologie.\",\"description\":\"Site arch\u00e9ologique de la voie romaine (viaromana) Belgique-France-Rome\",\"publisher\":{\"@id\":\"https:\/\/www.viaromana.org\/blog\/#organization\"},\"potentialAction\":[{\"@type\":\"SearchAction\",\"target\":{\"@type\":\"EntryPoint\",\"urlTemplate\":\"https:\/\/www.viaromana.org\/blog\/?s={search_term_string}\"},\"query-input\":\"required name=search_term_string\"}],\"inLanguage\":\"fr-FR\"},{\"@type\":\"Organization\",\"@id\":\"https:\/\/www.viaromana.org\/blog\/#organization\",\"name\":\"viaromana\",\"url\":\"https:\/\/www.viaromana.org\/blog\/\",\"logo\":{\"@type\":\"ImageObject\",\"inLanguage\":\"fr-FR\",\"@id\":\"https:\/\/www.viaromana.org\/blog\/#\/schema\/logo\/image\/\",\"url\":\"https:\/\/www.viaromana.org\/blog\/wp-content\/uploads\/2021\/12\/logo-3.png\",\"contentUrl\":\"https:\/\/www.viaromana.org\/blog\/wp-content\/uploads\/2021\/12\/logo-3.png\",\"width\":300,\"height\":249,\"caption\":\"viaromana\"},\"image\":{\"@id\":\"https:\/\/www.viaromana.org\/blog\/#\/schema\/logo\/image\/\"}},{\"@type\":\"Person\",\"@id\":\"https:\/\/www.viaromana.org\/blog\/#\/schema\/person\/cde9c4655845091e1fe473fcd163c889\",\"name\":\"Robert\",\"image\":{\"@type\":\"ImageObject\",\"inLanguage\":\"fr-FR\",\"@id\":\"https:\/\/www.viaromana.org\/blog\/#\/schema\/person\/image\/\",\"url\":\"https:\/\/secure.gravatar.com\/avatar\/a168ec191013b636c2f278aec04e724b?s=96&d=mm&r=g\",\"contentUrl\":\"https:\/\/secure.gravatar.com\/avatar\/a168ec191013b636c2f278aec04e724b?s=96&d=mm&r=g\",\"caption\":\"Robert\"},\"sameAs\":[\"https:\/\/www.viaromana.org\/blog\"],\"url\":\"https:\/\/www.viaromana.org\/blog\/author\/anaadmin\/\"}]}<\/script>\n<!-- \/ Yoast SEO plugin. -->","yoast_head_json":{"title":"Revue de presse internet : Balade chant\u00e9e | Sur les traces de l\u2019esclavage - Viaromana et arch\u00e9ologie.","description":"Revue de presse internet : Balade chant\u00e9e | Sur les traces de l\u2019esclavage article de Viaromana et arch\u00e9ologie.","robots":{"index":"index","follow":"follow","max-snippet":"max-snippet:-1","max-image-preview":"max-image-preview:large","max-video-preview":"max-video-preview:-1"},"canonical":"https:\/\/www.viaromana.org\/blog\/revue-de-presse-internet-balade-chantee-sur-les-traces-de-lesclavage\/","og_locale":"fr_FR","og_type":"article","og_title":"Revue de presse internet : Balade chant\u00e9e | Sur les traces de l\u2019esclavage - Viaromana et arch\u00e9ologie.","og_description":"Revue de presse internet : Balade chant\u00e9e | Sur les traces de l\u2019esclavage article de Viaromana et arch\u00e9ologie.","og_url":"https:\/\/www.viaromana.org\/blog\/revue-de-presse-internet-balade-chantee-sur-les-traces-de-lesclavage\/","og_site_name":"Viaromana et arch\u00e9ologie.","article_published_time":"2022-08-19T10:33:10+00:00","og_image":[{"url":"https:\/\/www.viaromana.org\/blog\/wp-content\/uploads\/2022\/11\/revue-de-presse-internet-balade-chantee-sur-les-traces-de-lesclavage.png"}],"author":"Robert","twitter_card":"summary_large_image","twitter_misc":{"\u00c9crit par":"Robert","Dur\u00e9e de lecture estim\u00e9e":"1 minute"},"schema":{"@context":"https:\/\/schema.org","@graph":[{"@type":"Article","@id":"https:\/\/www.viaromana.org\/blog\/revue-de-presse-internet-balade-chantee-sur-les-traces-de-lesclavage\/#article","isPartOf":{"@id":"https:\/\/www.viaromana.org\/blog\/revue-de-presse-internet-balade-chantee-sur-les-traces-de-lesclavage\/"},"author":{"name":"Robert","@id":"https:\/\/www.viaromana.org\/blog\/#\/schema\/person\/cde9c4655845091e1fe473fcd163c889"},"headline":"Revue de presse internet : Balade chant\u00e9e | Sur les traces de l\u2019esclavage","datePublished":"2022-08-19T10:33:10+00:00","dateModified":"2022-08-19T10:33:10+00:00","mainEntityOfPage":{"@id":"https:\/\/www.viaromana.org\/blog\/revue-de-presse-internet-balade-chantee-sur-les-traces-de-lesclavage\/"},"wordCount":273,"publisher":{"@id":"https:\/\/www.viaromana.org\/blog\/#organization"},"articleSection":["Arch\u00e9ologie"],"inLanguage":"fr-FR"},{"@type":"WebPage","@id":"https:\/\/www.viaromana.org\/blog\/revue-de-presse-internet-balade-chantee-sur-les-traces-de-lesclavage\/","url":"https:\/\/www.viaromana.org\/blog\/revue-de-presse-internet-balade-chantee-sur-les-traces-de-lesclavage\/","name":"Revue de presse internet : Balade chant\u00e9e | Sur les traces de l\u2019esclavage - Viaromana et arch\u00e9ologie.","isPartOf":{"@id":"https:\/\/www.viaromana.org\/blog\/#website"},"datePublished":"2022-08-19T10:33:10+00:00","dateModified":"2022-08-19T10:33:10+00:00","description":"Revue de presse internet : Balade chant\u00e9e | Sur les traces de l\u2019esclavage article de Viaromana et arch\u00e9ologie.","breadcrumb":{"@id":"https:\/\/www.viaromana.org\/blog\/revue-de-presse-internet-balade-chantee-sur-les-traces-de-lesclavage\/#breadcrumb"},"inLanguage":"fr-FR","potentialAction":[{"@type":"ReadAction","target":["https:\/\/www.viaromana.org\/blog\/revue-de-presse-internet-balade-chantee-sur-les-traces-de-lesclavage\/"]}]},{"@type":"BreadcrumbList","@id":"https:\/\/www.viaromana.org\/blog\/revue-de-presse-internet-balade-chantee-sur-les-traces-de-lesclavage\/#breadcrumb","itemListElement":[{"@type":"ListItem","position":1,"name":"Accueil","item":"https:\/\/www.viaromana.org\/blog\/"},{"@type":"ListItem","position":2,"name":"Revue de presse internet : Balade chant\u00e9e | Sur les traces de l\u2019esclavage"}]},{"@type":"WebSite","@id":"https:\/\/www.viaromana.org\/blog\/#website","url":"https:\/\/www.viaromana.org\/blog\/","name":"Viaromana et arch\u00e9ologie.","description":"Site arch\u00e9ologique de la voie romaine (viaromana) Belgique-France-Rome","publisher":{"@id":"https:\/\/www.viaromana.org\/blog\/#organization"},"potentialAction":[{"@type":"SearchAction","target":{"@type":"EntryPoint","urlTemplate":"https:\/\/www.viaromana.org\/blog\/?s={search_term_string}"},"query-input":"required name=search_term_string"}],"inLanguage":"fr-FR"},{"@type":"Organization","@id":"https:\/\/www.viaromana.org\/blog\/#organization","name":"viaromana","url":"https:\/\/www.viaromana.org\/blog\/","logo":{"@type":"ImageObject","inLanguage":"fr-FR","@id":"https:\/\/www.viaromana.org\/blog\/#\/schema\/logo\/image\/","url":"https:\/\/www.viaromana.org\/blog\/wp-content\/uploads\/2021\/12\/logo-3.png","contentUrl":"https:\/\/www.viaromana.org\/blog\/wp-content\/uploads\/2021\/12\/logo-3.png","width":300,"height":249,"caption":"viaromana"},"image":{"@id":"https:\/\/www.viaromana.org\/blog\/#\/schema\/logo\/image\/"}},{"@type":"Person","@id":"https:\/\/www.viaromana.org\/blog\/#\/schema\/person\/cde9c4655845091e1fe473fcd163c889","name":"Robert","image":{"@type":"ImageObject","inLanguage":"fr-FR","@id":"https:\/\/www.viaromana.org\/blog\/#\/schema\/person\/image\/","url":"https:\/\/secure.gravatar.com\/avatar\/a168ec191013b636c2f278aec04e724b?s=96&d=mm&r=g","contentUrl":"https:\/\/secure.gravatar.com\/avatar\/a168ec191013b636c2f278aec04e724b?s=96&d=mm&r=g","caption":"Robert"},"sameAs":["https:\/\/www.viaromana.org\/blog"],"url":"https:\/\/www.viaromana.org\/blog\/author\/anaadmin\/"}]}},"_links":{"self":[{"href":"https:\/\/www.viaromana.org\/blog\/wp-json\/wp\/v2\/posts\/1429"}],"collection":[{"href":"https:\/\/www.viaromana.org\/blog\/wp-json\/wp\/v2\/posts"}],"about":[{"href":"https:\/\/www.viaromana.org\/blog\/wp-json\/wp\/v2\/types\/post"}],"author":[{"embeddable":true,"href":"https:\/\/www.viaromana.org\/blog\/wp-json\/wp\/v2\/users\/1"}],"replies":[{"embeddable":true,"href":"https:\/\/www.viaromana.org\/blog\/wp-json\/wp\/v2\/comments?post=1429"}],"version-history":[{"count":0,"href":"https:\/\/www.viaromana.org\/blog\/wp-json\/wp\/v2\/posts\/1429\/revisions"}],"wp:attachment":[{"href":"https:\/\/www.viaromana.org\/blog\/wp-json\/wp\/v2\/media?parent=1429"}],"wp:term":[{"taxonomy":"category","embeddable":true,"href":"https:\/\/www.viaromana.org\/blog\/wp-json\/wp\/v2\/categories?post=1429"},{"taxonomy":"post_tag","embeddable":true,"href":"https:\/\/www.viaromana.org\/blog\/wp-json\/wp\/v2\/tags?post=1429"}],"curies":[{"name":"wp","href":"https:\/\/api.w.org\/{rel}","templated":true}]}}