{"id":1407,"date":"2022-11-08T16:43:42","date_gmt":"2022-11-08T15:43:42","guid":{"rendered":"https:\/\/www.site.cdcl.xyz\/2022\/11\/08\/revue-de-presse-internet-les-bruits-sorganisent\/"},"modified":"2022-11-08T16:43:42","modified_gmt":"2022-11-08T15:43:42","slug":"revue-de-presse-internet-les-bruits-sorganisent","status":"publish","type":"post","link":"https:\/\/www.viaromana.org\/blog\/revue-de-presse-internet-les-bruits-sorganisent\/","title":{"rendered":"Revue de presse internet : Les bruits s\u2019organisent"},"content":{"rendered":"<p>Voil\u00e0 qui va vous convenir : Un nouvel \u00e9ditorial que notre \u00e9quipe vient de identifier sur le web et que nous vous reproduisons ci-dessous. Le th\u00e8me est \u00ab&nbsp;l\u2019arch\u00e9ologie&nbsp;\u00bb.<\/p>\n<p>Le titre s\u00e9duisant (Les bruits s\u2019organisent) est \u00e9vocateur.<\/p>\n<p> Pr\u00e9sent\u00e9 sous le nom \u00abadmin_vannes\u00bb, l\u2019\u00e9crivain est positivement connu pour plusieurs autres papiers qu\u2019il a publi\u00e9s sur le web.<\/p>\n<p>Les informations divulgu\u00e9es sont par cons\u00e9quent pr\u00e9sum\u00e9es v\u00e9ritables.<\/p>\n<p>Le post a \u00e9t\u00e9 publi\u00e9 \u00e0 une date not\u00e9e 2022-11-08 16:43:42.<\/p>\n<p>L\u2019article dont il s\u2019agit : <\/p>\n<p><span>Les bruits s\u2019organisent<\/span><br \/><span><span lang xml:lang>admin_vannes<\/span><\/span><br \/><span>mar 08\/11\/2022 \u2013 16:43<\/span><\/p>\n<div><img decoding=\"async\" src=\"https:\/\/www.viaromana.org\/blog\/wp-content\/uploads\/2022\/11\/revue-de-presse-internet-les-bruits-sorganisent.jpg\" alt><\/div>\n<div>\n<p>Exposition du 12 novembre au 10 d\u00e9cembre \u00e0 la Galerie des Bigotes<\/p>\n<p>Du mardi au samedi de 14h \u00e0 18h<\/p>\n<\/div>\n<div>Expositions<\/div>\n<div>2022-11-12<\/div>\n<div>2022-12-10<\/div>\n<div>\n<div class=\"paragraph paragraph--type--texte\">\n<div>\n<p>\u00ab Un bruit, un oreiller, une fente, une ligne, un bec, une fossette, une forme, un vaisseau spatial, une grille et voici que le son des rafales nous fait sautiller partout.\u00bb<\/p>\n<p>\u00ab Je suis n\u00e9 en Albanie en 1993 o\u00f9 j\u2019ai connu un climat social dangereux et violent, marqu\u00e9 par la guerre civile de 1997. [\u2026] Mon ambition est de cr\u00e9er un lien entre avant et apr\u00e8s, entre ici et l\u00e0-bas. Mon travail se situe souvent dans un entre deux, dans un moment de transition, \u00e0 un seuil. Mais, bien souvent, cette d\u00e9marche revient \u00e0 montrer et mettre en lumi\u00e8re une faille ou une rupture. J\u2019essaie de d\u00e9cortiquer ces moments de tension, les d\u00e9calages que j\u2019observe dans des domaines qui me sont tr\u00e8s proches, mais qui m\u2019int\u00e9ressent pour leur port\u00e9e plus large, plus universelle. Et c\u2019est ainsi que l\u2019on d\u00e9couvre ces montages de dessins ou de courts textes dans lesquels se m\u00ealent l\u2019humour, l\u2019ironie, et parfois m\u00eame un sentiment de r\u00e9volte. \u00bb<\/p>\n<\/div>\n<\/div>\n<\/div>\n<div>\n<div class=\"paragraph paragraph--type--cartographie\">\n<h2>Galerie des Bigotes<\/h2>\n<\/p><\/div>\n<\/div>\n<div>Galerie des Bigotes<\/div>\n<div>\n<div>Date de d\u00e9publication<\/div>\n<div>sam 10\/12\/2022 \u2013 23:59<\/div>\n<\/div>\n<p>Ouvrages sur le m\u00eame th\u00e8me:<\/p>\n<p>Tr\u00e9sors ; les petites et grandes d\u00e9couvertes qui font l\u2019arch\u00e9ologie.,<a target=\"_blank\" rel=\"nofollow\" href=\"https:\/\/www.viaromana.org\/blog\/goto\/https:\/\/www.epagine.fr\/ebook\/9782081491052-tresors-les-petites-et-grandes-decouvertes-qui-font-l-archeologie-jean-paul-demoule\/\"  target=\"_blank\" rel=\"noopener noreferrer nofollow\">Le livre <\/a><span><\/span>.<\/p>\n<p>Mysteres des Maldives.,<a target=\"_blank\" rel=\"nofollow\" href=\"https:\/\/www.viaromana.org\/blog\/goto\/https:\/\/booknode.com\/mysteres_des_maldives_02241994\"  target=\"_blank\" rel=\"noopener noreferrer nofollow\">Le livre <\/a><span><\/span>.<\/p>\n<p>Soci\u00e9t\u00e9 d\u2019Histoire et d\u2019Arch\u00e9ologie Wickram.,<a target=\"_blank\" rel=\"nofollow\" href=\"https:\/\/www.viaromana.org\/blog\/goto\/https:\/\/www.epagine.fr\/ebook\/9782402276214-societe-d-histoire-et-d-archeologie-wickram-andre-billich-a-edel-a-heitzler\/\"  target=\"_blank\" rel=\"noopener noreferrer nofollow\">(la couverture) <\/a><span><\/span>.<\/p>\n<p>Notre-Dame de Paris ; histoire et arch\u00e9ologie d\u2019une cath\u00e9drale (XIIe-XIVe si\u00e8cle).,<a target=\"_blank\" rel=\"nofollow\" href=\"https:\/\/www.viaromana.org\/blog\/goto\/https:\/\/www.epagine.fr\/ebook\/9782271129185-notre-dame-de-paris-histoire-et-archeologie-d-une-cathedrale-xiie-xive-siecle-dany-sandron\/\"  target=\"_blank\" rel=\"noopener noreferrer nofollow\">Ouvrage <\/a><span><\/span>.<\/p>\n","protected":false},"excerpt":{"rendered":"<p>Voil\u00e0 qui va vous convenir : Un nouvel \u00e9ditorial que notre \u00e9quipe vient de identifier sur le web et que nous vous reproduisons ci-dessous. Le th\u00e8me est \u00ab&nbsp;l\u2019arch\u00e9ologie&nbsp;\u00bb. Le titre s\u00e9duisant (Les bruits s\u2019organisent) est \u00e9vocateur. Pr\u00e9sent\u00e9 sous le nom \u00abadmin_vannes\u00bb, l\u2019\u00e9crivain est positivement connu pour plusieurs autres papiers qu\u2019il a publi\u00e9s sur le web. Les informations divulgu\u00e9es sont par cons\u00e9quent pr\u00e9sum\u00e9es v\u00e9ritables. Le post a \u00e9t\u00e9 publi\u00e9 \u00e0 une date not\u00e9e 2022-11-08 16:43:42. L\u2019article dont il s\u2019agit : Les bruits s\u2019organisentadmin_vannesmar 08\/11\/2022 \u2013 16:43 Exposition du 12 novembre au 10 d\u00e9cembre \u00e0 la Galerie des Bigotes Du mardi au\u2026<\/p>\n","protected":false},"author":1,"featured_media":1408,"comment_status":"closed","ping_status":"closed","sticky":false,"template":"","format":"standard","meta":{"footnotes":""},"categories":[2],"tags":[],"blocksy_meta":{"styles_descriptor":{"styles":{"desktop":"","tablet":"","mobile":""},"google_fonts":[],"version":4}},"yoast_head":"<!-- This site is optimized with the Yoast SEO plugin v21.1 - https:\/\/yoast.com\/wordpress\/plugins\/seo\/ -->\n<title>Revue de presse internet : Les bruits s\u2019organisent - Viaromana et arch\u00e9ologie.<\/title>\n<meta name=\"description\" content=\"Revue de presse internet : Les bruits s\u2019organisent article de Viaromana et arch\u00e9ologie.\" \/>\n<meta name=\"robots\" content=\"index, follow, max-snippet:-1, max-image-preview:large, max-video-preview:-1\" \/>\n<link rel=\"canonical\" href=\"https:\/\/www.viaromana.org\/blog\/revue-de-presse-internet-les-bruits-sorganisent\/\" \/>\n<meta property=\"og:locale\" content=\"fr_FR\" \/>\n<meta property=\"og:type\" content=\"article\" \/>\n<meta property=\"og:title\" content=\"Revue de presse internet : Les bruits s\u2019organisent - Viaromana et arch\u00e9ologie.\" \/>\n<meta property=\"og:description\" content=\"Revue de presse internet : Les bruits s\u2019organisent article de Viaromana et arch\u00e9ologie.\" \/>\n<meta property=\"og:url\" content=\"https:\/\/www.viaromana.org\/blog\/revue-de-presse-internet-les-bruits-sorganisent\/\" \/>\n<meta property=\"og:site_name\" content=\"Viaromana et arch\u00e9ologie.\" \/>\n<meta property=\"article:published_time\" content=\"2022-11-08T15:43:42+00:00\" \/>\n<meta property=\"og:image\" content=\"https:\/\/www.viaromana.org\/blog\/wp-content\/uploads\/2022\/11\/arch-ologie-6.jpg\" \/>\n\t<meta property=\"og:image:width\" content=\"640\" \/>\n\t<meta property=\"og:image:height\" content=\"640\" \/>\n\t<meta property=\"og:image:type\" content=\"image\/jpeg\" \/>\n<meta name=\"author\" content=\"Robert\" \/>\n<meta name=\"twitter:card\" content=\"summary_large_image\" \/>\n<meta name=\"twitter:label1\" content=\"\u00c9crit par\" \/>\n\t<meta name=\"twitter:data1\" content=\"Robert\" \/>\n\t<meta name=\"twitter:label2\" content=\"Dur\u00e9e de lecture estim\u00e9e\" \/>\n\t<meta name=\"twitter:data2\" content=\"2 minutes\" \/>\n<script type=\"application\/ld+json\" class=\"yoast-schema-graph\">{\"@context\":\"https:\/\/schema.org\",\"@graph\":[{\"@type\":\"Article\",\"@id\":\"https:\/\/www.viaromana.org\/blog\/revue-de-presse-internet-les-bruits-sorganisent\/#article\",\"isPartOf\":{\"@id\":\"https:\/\/www.viaromana.org\/blog\/revue-de-presse-internet-les-bruits-sorganisent\/\"},\"author\":{\"name\":\"Robert\",\"@id\":\"https:\/\/www.viaromana.org\/blog\/#\/schema\/person\/cde9c4655845091e1fe473fcd163c889\"},\"headline\":\"Revue de presse internet : Les bruits s\u2019organisent\",\"datePublished\":\"2022-11-08T15:43:42+00:00\",\"dateModified\":\"2022-11-08T15:43:42+00:00\",\"mainEntityOfPage\":{\"@id\":\"https:\/\/www.viaromana.org\/blog\/revue-de-presse-internet-les-bruits-sorganisent\/\"},\"wordCount\":373,\"publisher\":{\"@id\":\"https:\/\/www.viaromana.org\/blog\/#organization\"},\"articleSection\":[\"Arch\u00e9ologie\"],\"inLanguage\":\"fr-FR\"},{\"@type\":\"WebPage\",\"@id\":\"https:\/\/www.viaromana.org\/blog\/revue-de-presse-internet-les-bruits-sorganisent\/\",\"url\":\"https:\/\/www.viaromana.org\/blog\/revue-de-presse-internet-les-bruits-sorganisent\/\",\"name\":\"Revue de presse internet : Les bruits s\u2019organisent - Viaromana et arch\u00e9ologie.\",\"isPartOf\":{\"@id\":\"https:\/\/www.viaromana.org\/blog\/#website\"},\"datePublished\":\"2022-11-08T15:43:42+00:00\",\"dateModified\":\"2022-11-08T15:43:42+00:00\",\"description\":\"Revue de presse internet : Les bruits s\u2019organisent article de Viaromana et arch\u00e9ologie.\",\"breadcrumb\":{\"@id\":\"https:\/\/www.viaromana.org\/blog\/revue-de-presse-internet-les-bruits-sorganisent\/#breadcrumb\"},\"inLanguage\":\"fr-FR\",\"potentialAction\":[{\"@type\":\"ReadAction\",\"target\":[\"https:\/\/www.viaromana.org\/blog\/revue-de-presse-internet-les-bruits-sorganisent\/\"]}]},{\"@type\":\"BreadcrumbList\",\"@id\":\"https:\/\/www.viaromana.org\/blog\/revue-de-presse-internet-les-bruits-sorganisent\/#breadcrumb\",\"itemListElement\":[{\"@type\":\"ListItem\",\"position\":1,\"name\":\"Accueil\",\"item\":\"https:\/\/www.viaromana.org\/blog\/\"},{\"@type\":\"ListItem\",\"position\":2,\"name\":\"Revue de presse internet : Les bruits s\u2019organisent\"}]},{\"@type\":\"WebSite\",\"@id\":\"https:\/\/www.viaromana.org\/blog\/#website\",\"url\":\"https:\/\/www.viaromana.org\/blog\/\",\"name\":\"Viaromana et arch\u00e9ologie.\",\"description\":\"Site arch\u00e9ologique de la voie romaine (viaromana) Belgique-France-Rome\",\"publisher\":{\"@id\":\"https:\/\/www.viaromana.org\/blog\/#organization\"},\"potentialAction\":[{\"@type\":\"SearchAction\",\"target\":{\"@type\":\"EntryPoint\",\"urlTemplate\":\"https:\/\/www.viaromana.org\/blog\/?s={search_term_string}\"},\"query-input\":\"required name=search_term_string\"}],\"inLanguage\":\"fr-FR\"},{\"@type\":\"Organization\",\"@id\":\"https:\/\/www.viaromana.org\/blog\/#organization\",\"name\":\"viaromana\",\"url\":\"https:\/\/www.viaromana.org\/blog\/\",\"logo\":{\"@type\":\"ImageObject\",\"inLanguage\":\"fr-FR\",\"@id\":\"https:\/\/www.viaromana.org\/blog\/#\/schema\/logo\/image\/\",\"url\":\"https:\/\/www.viaromana.org\/blog\/wp-content\/uploads\/2021\/12\/logo-3.png\",\"contentUrl\":\"https:\/\/www.viaromana.org\/blog\/wp-content\/uploads\/2021\/12\/logo-3.png\",\"width\":300,\"height\":249,\"caption\":\"viaromana\"},\"image\":{\"@id\":\"https:\/\/www.viaromana.org\/blog\/#\/schema\/logo\/image\/\"}},{\"@type\":\"Person\",\"@id\":\"https:\/\/www.viaromana.org\/blog\/#\/schema\/person\/cde9c4655845091e1fe473fcd163c889\",\"name\":\"Robert\",\"image\":{\"@type\":\"ImageObject\",\"inLanguage\":\"fr-FR\",\"@id\":\"https:\/\/www.viaromana.org\/blog\/#\/schema\/person\/image\/\",\"url\":\"https:\/\/secure.gravatar.com\/avatar\/a168ec191013b636c2f278aec04e724b?s=96&d=mm&r=g\",\"contentUrl\":\"https:\/\/secure.gravatar.com\/avatar\/a168ec191013b636c2f278aec04e724b?s=96&d=mm&r=g\",\"caption\":\"Robert\"},\"sameAs\":[\"https:\/\/www.viaromana.org\/blog\"],\"url\":\"https:\/\/www.viaromana.org\/blog\/author\/anaadmin\/\"}]}<\/script>\n<!-- \/ Yoast SEO plugin. -->","yoast_head_json":{"title":"Revue de presse internet : Les bruits s\u2019organisent - Viaromana et arch\u00e9ologie.","description":"Revue de presse internet : Les bruits s\u2019organisent article de Viaromana et arch\u00e9ologie.","robots":{"index":"index","follow":"follow","max-snippet":"max-snippet:-1","max-image-preview":"max-image-preview:large","max-video-preview":"max-video-preview:-1"},"canonical":"https:\/\/www.viaromana.org\/blog\/revue-de-presse-internet-les-bruits-sorganisent\/","og_locale":"fr_FR","og_type":"article","og_title":"Revue de presse internet : Les bruits s\u2019organisent - Viaromana et arch\u00e9ologie.","og_description":"Revue de presse internet : Les bruits s\u2019organisent article de Viaromana et arch\u00e9ologie.","og_url":"https:\/\/www.viaromana.org\/blog\/revue-de-presse-internet-les-bruits-sorganisent\/","og_site_name":"Viaromana et arch\u00e9ologie.","article_published_time":"2022-11-08T15:43:42+00:00","og_image":[{"width":640,"height":640,"url":"https:\/\/www.viaromana.org\/blog\/wp-content\/uploads\/2022\/11\/arch-ologie-6.jpg","type":"image\/jpeg"}],"author":"Robert","twitter_card":"summary_large_image","twitter_misc":{"\u00c9crit par":"Robert","Dur\u00e9e de lecture estim\u00e9e":"2 minutes"},"schema":{"@context":"https:\/\/schema.org","@graph":[{"@type":"Article","@id":"https:\/\/www.viaromana.org\/blog\/revue-de-presse-internet-les-bruits-sorganisent\/#article","isPartOf":{"@id":"https:\/\/www.viaromana.org\/blog\/revue-de-presse-internet-les-bruits-sorganisent\/"},"author":{"name":"Robert","@id":"https:\/\/www.viaromana.org\/blog\/#\/schema\/person\/cde9c4655845091e1fe473fcd163c889"},"headline":"Revue de presse internet : Les bruits s\u2019organisent","datePublished":"2022-11-08T15:43:42+00:00","dateModified":"2022-11-08T15:43:42+00:00","mainEntityOfPage":{"@id":"https:\/\/www.viaromana.org\/blog\/revue-de-presse-internet-les-bruits-sorganisent\/"},"wordCount":373,"publisher":{"@id":"https:\/\/www.viaromana.org\/blog\/#organization"},"articleSection":["Arch\u00e9ologie"],"inLanguage":"fr-FR"},{"@type":"WebPage","@id":"https:\/\/www.viaromana.org\/blog\/revue-de-presse-internet-les-bruits-sorganisent\/","url":"https:\/\/www.viaromana.org\/blog\/revue-de-presse-internet-les-bruits-sorganisent\/","name":"Revue de presse internet : Les bruits s\u2019organisent - Viaromana et arch\u00e9ologie.","isPartOf":{"@id":"https:\/\/www.viaromana.org\/blog\/#website"},"datePublished":"2022-11-08T15:43:42+00:00","dateModified":"2022-11-08T15:43:42+00:00","description":"Revue de presse internet : Les bruits s\u2019organisent article de Viaromana et arch\u00e9ologie.","breadcrumb":{"@id":"https:\/\/www.viaromana.org\/blog\/revue-de-presse-internet-les-bruits-sorganisent\/#breadcrumb"},"inLanguage":"fr-FR","potentialAction":[{"@type":"ReadAction","target":["https:\/\/www.viaromana.org\/blog\/revue-de-presse-internet-les-bruits-sorganisent\/"]}]},{"@type":"BreadcrumbList","@id":"https:\/\/www.viaromana.org\/blog\/revue-de-presse-internet-les-bruits-sorganisent\/#breadcrumb","itemListElement":[{"@type":"ListItem","position":1,"name":"Accueil","item":"https:\/\/www.viaromana.org\/blog\/"},{"@type":"ListItem","position":2,"name":"Revue de presse internet : Les bruits s\u2019organisent"}]},{"@type":"WebSite","@id":"https:\/\/www.viaromana.org\/blog\/#website","url":"https:\/\/www.viaromana.org\/blog\/","name":"Viaromana et arch\u00e9ologie.","description":"Site arch\u00e9ologique de la voie romaine (viaromana) Belgique-France-Rome","publisher":{"@id":"https:\/\/www.viaromana.org\/blog\/#organization"},"potentialAction":[{"@type":"SearchAction","target":{"@type":"EntryPoint","urlTemplate":"https:\/\/www.viaromana.org\/blog\/?s={search_term_string}"},"query-input":"required name=search_term_string"}],"inLanguage":"fr-FR"},{"@type":"Organization","@id":"https:\/\/www.viaromana.org\/blog\/#organization","name":"viaromana","url":"https:\/\/www.viaromana.org\/blog\/","logo":{"@type":"ImageObject","inLanguage":"fr-FR","@id":"https:\/\/www.viaromana.org\/blog\/#\/schema\/logo\/image\/","url":"https:\/\/www.viaromana.org\/blog\/wp-content\/uploads\/2021\/12\/logo-3.png","contentUrl":"https:\/\/www.viaromana.org\/blog\/wp-content\/uploads\/2021\/12\/logo-3.png","width":300,"height":249,"caption":"viaromana"},"image":{"@id":"https:\/\/www.viaromana.org\/blog\/#\/schema\/logo\/image\/"}},{"@type":"Person","@id":"https:\/\/www.viaromana.org\/blog\/#\/schema\/person\/cde9c4655845091e1fe473fcd163c889","name":"Robert","image":{"@type":"ImageObject","inLanguage":"fr-FR","@id":"https:\/\/www.viaromana.org\/blog\/#\/schema\/person\/image\/","url":"https:\/\/secure.gravatar.com\/avatar\/a168ec191013b636c2f278aec04e724b?s=96&d=mm&r=g","contentUrl":"https:\/\/secure.gravatar.com\/avatar\/a168ec191013b636c2f278aec04e724b?s=96&d=mm&r=g","caption":"Robert"},"sameAs":["https:\/\/www.viaromana.org\/blog"],"url":"https:\/\/www.viaromana.org\/blog\/author\/anaadmin\/"}]}},"_links":{"self":[{"href":"https:\/\/www.viaromana.org\/blog\/wp-json\/wp\/v2\/posts\/1407"}],"collection":[{"href":"https:\/\/www.viaromana.org\/blog\/wp-json\/wp\/v2\/posts"}],"about":[{"href":"https:\/\/www.viaromana.org\/blog\/wp-json\/wp\/v2\/types\/post"}],"author":[{"embeddable":true,"href":"https:\/\/www.viaromana.org\/blog\/wp-json\/wp\/v2\/users\/1"}],"replies":[{"embeddable":true,"href":"https:\/\/www.viaromana.org\/blog\/wp-json\/wp\/v2\/comments?post=1407"}],"version-history":[{"count":0,"href":"https:\/\/www.viaromana.org\/blog\/wp-json\/wp\/v2\/posts\/1407\/revisions"}],"wp:featuredmedia":[{"embeddable":true,"href":"https:\/\/www.viaromana.org\/blog\/wp-json\/wp\/v2\/media\/1408"}],"wp:attachment":[{"href":"https:\/\/www.viaromana.org\/blog\/wp-json\/wp\/v2\/media?parent=1407"}],"wp:term":[{"taxonomy":"category","embeddable":true,"href":"https:\/\/www.viaromana.org\/blog\/wp-json\/wp\/v2\/categories?post=1407"},{"taxonomy":"post_tag","embeddable":true,"href":"https:\/\/www.viaromana.org\/blog\/wp-json\/wp\/v2\/tags?post=1407"}],"curies":[{"name":"wp","href":"https:\/\/api.w.org\/{rel}","templated":true}]}}