{"id":1398,"date":"2022-11-04T16:02:54","date_gmt":"2022-11-04T15:02:54","guid":{"rendered":"https:\/\/www.site.cdcl.xyz\/2022\/11\/04\/ca-circule-sur-internet-cafe-des-langues\/"},"modified":"2022-11-04T16:02:54","modified_gmt":"2022-11-04T15:02:54","slug":"ca-circule-sur-internet-cafe-des-langues","status":"publish","type":"post","link":"https:\/\/www.viaromana.org\/blog\/ca-circule-sur-internet-cafe-des-langues\/","title":{"rendered":"Ca circule sur internet : Caf\u00e9 des langues"},"content":{"rendered":"<p>En consultant le web nous avons vu un article qui risque de vous interpeller. Son th\u00e8me est \u00ab&nbsp;l\u2019arch\u00e9ologie&nbsp;\u00bb.<\/p>\n<p>Son titre suggestif (Caf\u00e9 des langues) est \u00e9vocateur.<\/p>\n<p>Sachez que le chroniqueur (identifi\u00e9 sous le nom admin_vannes) est positivement connu pour plusieurs autres encarts qu\u2019il a publi\u00e9s sur le web.<\/p>\n<p>La confiance est de ce fait importante en ce qui concerne ce papier.<\/p>\n<p>Voil\u00e0 ll\u2019article : <\/p>\n<p><span>Caf\u00e9 des langues<\/span><br \/><span><span lang xml:lang>admin_vannes<\/span><\/span><br \/><span>ven 04\/11\/2022 \u2013 16:02<\/span><\/p>\n<div><img decoding=\"async\" src=\"https:\/\/www.viaromana.org\/blog\/wp-content\/uploads\/2022\/11\/ca-circule-sur-internet-cafe-des-langues.png\" alt><\/div>\n<div>Conf\u00e9rences<\/div>\n<div>2022-12-15<\/div>\n<div>2022-12-15<\/div>\n<div>\n<div class=\"paragraph paragraph--type--texte-et-image paragraph--type--image-texte\">\n<div class=\"flex-container\">\n<div class=\"xs-12 md-6\">\n<figure> <img decoding=\"async\" src=\"https:\/\/www.viaromana.org\/blog\/wp-content\/uploads\/2022\/11\/ca-circule-sur-internet-cafe-des-langues.jpg\" alt><br \/><\/figure>\n<\/div>\n<div class=\"xs-12 md-6 md-no-margin\">\n<div>\n<p>Pour toutes les personnes souhaitant converser dans la langue de leur choix, d\u00e9butants ou confirm\u00e9s<\/p>\n<p>Bar \u00ab Au tableau \u00bb, parking de Carrefour \u2013 Tohannic \u00e0 18h<\/p>\n<p>Entr\u00e9e gratuite<br \/>&nbsp;<\/p>\n<\/p><\/div>\n<\/div>\n<\/div>\n<\/div>\n<\/div>\n<div>\n<div class=\"paragraph paragraph--type--cartographie\">\n<h2>Carrefour \u2013 Tohannic<\/h2>\n<\/p><\/div>\n<\/div>\n<div>Carrefour \u2013 Tohannic<\/div>\n<div>\n<div>Date de d\u00e9publication<\/div>\n<div>jeu 15\/12\/2022 \u2013 23:59<\/div>\n<\/div>\n<p>A lire sur le m\u00eame propos:<\/p>\n<p>Un coin de Haute-Provence, C\u00e9reste au cours des si\u00e8cles : histoire, art, arch\u00e9ologie.,<a target=\"_blank\" rel=\"nofollow\" href=\"https:\/\/www.viaromana.org\/blog\/goto\/https:\/\/www.epagine.fr\/ebook\/9782307002505-un-coin-de-haute-provence-cereste-au-cours-des-siecles-histoire-art-archeologie-helia-vigne-d-octon\/\"  target=\"_blank\" rel=\"noopener noreferrer nofollow\">livre de r\u00e9f\u00e9rence <\/a><span><\/span>. Disponible \u00e0 la FNAC.<\/p>\n<p>Novgorod : histoire et arch\u00e9ologie d\u2019une r\u00e9publique russe m\u00e9di\u00e9vale (970-1478).,<a target=\"_blank\" rel=\"nofollow\" href=\"https:\/\/www.viaromana.org\/blog\/goto\/https:\/\/www.epagine.fr\/ebook\/9782271138330-novgorod-histoire-et-archeologie-d-une-republique-russe-medievale-970-1478-pierre-gonneau\/\"  target=\"_blank\" rel=\"noopener noreferrer nofollow\">Le livre <\/a><span><\/span>.<\/p>\n<p>Tombes oubli\u00e9es.,<a target=\"_blank\" rel=\"nofollow\" href=\"https:\/\/www.viaromana.org\/blog\/goto\/https:\/\/booknode.com\/tombes_oubliees_03370022\"  target=\"_blank\" rel=\"noopener noreferrer nofollow\">Le livre <\/a><span><\/span>.<\/p>\n<p>Machines et magie, tome 1 : La chasseuse de livres.,<a target=\"_blank\" rel=\"nofollow\" href=\"https:\/\/www.viaromana.org\/blog\/goto\/https:\/\/booknode.com\/machines_et_magie_tome_1_la_chasseuse_de_livres_01265624\"  target=\"_blank\" rel=\"noopener noreferrer nofollow\">Clicker Ici <\/a><span><\/span>.<\/p>\n","protected":false},"excerpt":{"rendered":"<p>En consultant le web nous avons vu un article qui risque de vous interpeller. Son th\u00e8me est \u00ab&nbsp;l\u2019arch\u00e9ologie&nbsp;\u00bb. Son titre suggestif (Caf\u00e9 des langues) est \u00e9vocateur. Sachez que le chroniqueur (identifi\u00e9 sous le nom admin_vannes) est positivement connu pour plusieurs autres encarts qu\u2019il a publi\u00e9s sur le web. La confiance est de ce fait importante en ce qui concerne ce papier. Voil\u00e0 ll\u2019article : Caf\u00e9 des languesadmin_vannesven 04\/11\/2022 \u2013 16:02 Conf\u00e9rences 2022-12-15 2022-12-15 Pour toutes les personnes souhaitant converser dans la langue de leur choix, d\u00e9butants ou confirm\u00e9s Bar \u00ab Au tableau \u00bb, parking de Carrefour \u2013 Tohannic \u00e0 18h\u2026<\/p>\n","protected":false},"author":1,"featured_media":0,"comment_status":"closed","ping_status":"closed","sticky":false,"template":"","format":"standard","meta":{"footnotes":""},"categories":[2],"tags":[],"blocksy_meta":{"styles_descriptor":{"styles":{"desktop":"","tablet":"","mobile":""},"google_fonts":[],"version":4}},"yoast_head":"<!-- This site is optimized with the Yoast SEO plugin v21.1 - https:\/\/yoast.com\/wordpress\/plugins\/seo\/ -->\n<title>Ca circule sur internet : Caf\u00e9 des langues - Viaromana et arch\u00e9ologie.<\/title>\n<meta name=\"description\" content=\"Ca circule sur internet : Caf\u00e9 des langues article de Viaromana et arch\u00e9ologie.\" \/>\n<meta name=\"robots\" content=\"index, follow, max-snippet:-1, max-image-preview:large, max-video-preview:-1\" \/>\n<link rel=\"canonical\" href=\"https:\/\/www.viaromana.org\/blog\/ca-circule-sur-internet-cafe-des-langues\/\" \/>\n<meta property=\"og:locale\" content=\"fr_FR\" \/>\n<meta property=\"og:type\" content=\"article\" \/>\n<meta property=\"og:title\" content=\"Ca circule sur internet : Caf\u00e9 des langues - Viaromana et arch\u00e9ologie.\" \/>\n<meta property=\"og:description\" content=\"Ca circule sur internet : Caf\u00e9 des langues article de Viaromana et arch\u00e9ologie.\" \/>\n<meta property=\"og:url\" content=\"https:\/\/www.viaromana.org\/blog\/ca-circule-sur-internet-cafe-des-langues\/\" \/>\n<meta property=\"og:site_name\" content=\"Viaromana et arch\u00e9ologie.\" \/>\n<meta property=\"article:published_time\" content=\"2022-11-04T15:02:54+00:00\" \/>\n<meta property=\"og:image\" content=\"https:\/\/www.viaromana.org\/blog\/wp-content\/uploads\/2022\/11\/ca-circule-sur-internet-cafe-des-langues.png\" \/>\n<meta name=\"author\" content=\"Robert\" \/>\n<meta name=\"twitter:card\" content=\"summary_large_image\" \/>\n<meta name=\"twitter:label1\" content=\"\u00c9crit par\" \/>\n\t<meta name=\"twitter:data1\" content=\"Robert\" \/>\n\t<meta name=\"twitter:label2\" content=\"Dur\u00e9e de lecture estim\u00e9e\" \/>\n\t<meta name=\"twitter:data2\" content=\"1 minute\" \/>\n<script type=\"application\/ld+json\" class=\"yoast-schema-graph\">{\"@context\":\"https:\/\/schema.org\",\"@graph\":[{\"@type\":\"Article\",\"@id\":\"https:\/\/www.viaromana.org\/blog\/ca-circule-sur-internet-cafe-des-langues\/#article\",\"isPartOf\":{\"@id\":\"https:\/\/www.viaromana.org\/blog\/ca-circule-sur-internet-cafe-des-langues\/\"},\"author\":{\"name\":\"Robert\",\"@id\":\"https:\/\/www.viaromana.org\/blog\/#\/schema\/person\/cde9c4655845091e1fe473fcd163c889\"},\"headline\":\"Ca circule sur internet : Caf\u00e9 des langues\",\"datePublished\":\"2022-11-04T15:02:54+00:00\",\"dateModified\":\"2022-11-04T15:02:54+00:00\",\"mainEntityOfPage\":{\"@id\":\"https:\/\/www.viaromana.org\/blog\/ca-circule-sur-internet-cafe-des-langues\/\"},\"wordCount\":190,\"publisher\":{\"@id\":\"https:\/\/www.viaromana.org\/blog\/#organization\"},\"articleSection\":[\"Arch\u00e9ologie\"],\"inLanguage\":\"fr-FR\"},{\"@type\":\"WebPage\",\"@id\":\"https:\/\/www.viaromana.org\/blog\/ca-circule-sur-internet-cafe-des-langues\/\",\"url\":\"https:\/\/www.viaromana.org\/blog\/ca-circule-sur-internet-cafe-des-langues\/\",\"name\":\"Ca circule sur internet : Caf\u00e9 des langues - Viaromana et arch\u00e9ologie.\",\"isPartOf\":{\"@id\":\"https:\/\/www.viaromana.org\/blog\/#website\"},\"datePublished\":\"2022-11-04T15:02:54+00:00\",\"dateModified\":\"2022-11-04T15:02:54+00:00\",\"description\":\"Ca circule sur internet : Caf\u00e9 des langues article de Viaromana et arch\u00e9ologie.\",\"breadcrumb\":{\"@id\":\"https:\/\/www.viaromana.org\/blog\/ca-circule-sur-internet-cafe-des-langues\/#breadcrumb\"},\"inLanguage\":\"fr-FR\",\"potentialAction\":[{\"@type\":\"ReadAction\",\"target\":[\"https:\/\/www.viaromana.org\/blog\/ca-circule-sur-internet-cafe-des-langues\/\"]}]},{\"@type\":\"BreadcrumbList\",\"@id\":\"https:\/\/www.viaromana.org\/blog\/ca-circule-sur-internet-cafe-des-langues\/#breadcrumb\",\"itemListElement\":[{\"@type\":\"ListItem\",\"position\":1,\"name\":\"Accueil\",\"item\":\"https:\/\/www.viaromana.org\/blog\/\"},{\"@type\":\"ListItem\",\"position\":2,\"name\":\"Ca circule sur internet : Caf\u00e9 des langues\"}]},{\"@type\":\"WebSite\",\"@id\":\"https:\/\/www.viaromana.org\/blog\/#website\",\"url\":\"https:\/\/www.viaromana.org\/blog\/\",\"name\":\"Viaromana et arch\u00e9ologie.\",\"description\":\"Site arch\u00e9ologique de la voie romaine (viaromana) Belgique-France-Rome\",\"publisher\":{\"@id\":\"https:\/\/www.viaromana.org\/blog\/#organization\"},\"potentialAction\":[{\"@type\":\"SearchAction\",\"target\":{\"@type\":\"EntryPoint\",\"urlTemplate\":\"https:\/\/www.viaromana.org\/blog\/?s={search_term_string}\"},\"query-input\":\"required name=search_term_string\"}],\"inLanguage\":\"fr-FR\"},{\"@type\":\"Organization\",\"@id\":\"https:\/\/www.viaromana.org\/blog\/#organization\",\"name\":\"viaromana\",\"url\":\"https:\/\/www.viaromana.org\/blog\/\",\"logo\":{\"@type\":\"ImageObject\",\"inLanguage\":\"fr-FR\",\"@id\":\"https:\/\/www.viaromana.org\/blog\/#\/schema\/logo\/image\/\",\"url\":\"https:\/\/www.viaromana.org\/blog\/wp-content\/uploads\/2021\/12\/logo-3.png\",\"contentUrl\":\"https:\/\/www.viaromana.org\/blog\/wp-content\/uploads\/2021\/12\/logo-3.png\",\"width\":300,\"height\":249,\"caption\":\"viaromana\"},\"image\":{\"@id\":\"https:\/\/www.viaromana.org\/blog\/#\/schema\/logo\/image\/\"}},{\"@type\":\"Person\",\"@id\":\"https:\/\/www.viaromana.org\/blog\/#\/schema\/person\/cde9c4655845091e1fe473fcd163c889\",\"name\":\"Robert\",\"image\":{\"@type\":\"ImageObject\",\"inLanguage\":\"fr-FR\",\"@id\":\"https:\/\/www.viaromana.org\/blog\/#\/schema\/person\/image\/\",\"url\":\"https:\/\/secure.gravatar.com\/avatar\/a168ec191013b636c2f278aec04e724b?s=96&d=mm&r=g\",\"contentUrl\":\"https:\/\/secure.gravatar.com\/avatar\/a168ec191013b636c2f278aec04e724b?s=96&d=mm&r=g\",\"caption\":\"Robert\"},\"sameAs\":[\"https:\/\/www.viaromana.org\/blog\"],\"url\":\"https:\/\/www.viaromana.org\/blog\/author\/anaadmin\/\"}]}<\/script>\n<!-- \/ Yoast SEO plugin. -->","yoast_head_json":{"title":"Ca circule sur internet : Caf\u00e9 des langues - Viaromana et arch\u00e9ologie.","description":"Ca circule sur internet : Caf\u00e9 des langues article de Viaromana et arch\u00e9ologie.","robots":{"index":"index","follow":"follow","max-snippet":"max-snippet:-1","max-image-preview":"max-image-preview:large","max-video-preview":"max-video-preview:-1"},"canonical":"https:\/\/www.viaromana.org\/blog\/ca-circule-sur-internet-cafe-des-langues\/","og_locale":"fr_FR","og_type":"article","og_title":"Ca circule sur internet : Caf\u00e9 des langues - Viaromana et arch\u00e9ologie.","og_description":"Ca circule sur internet : Caf\u00e9 des langues article de Viaromana et arch\u00e9ologie.","og_url":"https:\/\/www.viaromana.org\/blog\/ca-circule-sur-internet-cafe-des-langues\/","og_site_name":"Viaromana et arch\u00e9ologie.","article_published_time":"2022-11-04T15:02:54+00:00","og_image":[{"url":"https:\/\/www.viaromana.org\/blog\/wp-content\/uploads\/2022\/11\/ca-circule-sur-internet-cafe-des-langues.png"}],"author":"Robert","twitter_card":"summary_large_image","twitter_misc":{"\u00c9crit par":"Robert","Dur\u00e9e de lecture estim\u00e9e":"1 minute"},"schema":{"@context":"https:\/\/schema.org","@graph":[{"@type":"Article","@id":"https:\/\/www.viaromana.org\/blog\/ca-circule-sur-internet-cafe-des-langues\/#article","isPartOf":{"@id":"https:\/\/www.viaromana.org\/blog\/ca-circule-sur-internet-cafe-des-langues\/"},"author":{"name":"Robert","@id":"https:\/\/www.viaromana.org\/blog\/#\/schema\/person\/cde9c4655845091e1fe473fcd163c889"},"headline":"Ca circule sur internet : Caf\u00e9 des langues","datePublished":"2022-11-04T15:02:54+00:00","dateModified":"2022-11-04T15:02:54+00:00","mainEntityOfPage":{"@id":"https:\/\/www.viaromana.org\/blog\/ca-circule-sur-internet-cafe-des-langues\/"},"wordCount":190,"publisher":{"@id":"https:\/\/www.viaromana.org\/blog\/#organization"},"articleSection":["Arch\u00e9ologie"],"inLanguage":"fr-FR"},{"@type":"WebPage","@id":"https:\/\/www.viaromana.org\/blog\/ca-circule-sur-internet-cafe-des-langues\/","url":"https:\/\/www.viaromana.org\/blog\/ca-circule-sur-internet-cafe-des-langues\/","name":"Ca circule sur internet : Caf\u00e9 des langues - Viaromana et arch\u00e9ologie.","isPartOf":{"@id":"https:\/\/www.viaromana.org\/blog\/#website"},"datePublished":"2022-11-04T15:02:54+00:00","dateModified":"2022-11-04T15:02:54+00:00","description":"Ca circule sur internet : Caf\u00e9 des langues article de Viaromana et arch\u00e9ologie.","breadcrumb":{"@id":"https:\/\/www.viaromana.org\/blog\/ca-circule-sur-internet-cafe-des-langues\/#breadcrumb"},"inLanguage":"fr-FR","potentialAction":[{"@type":"ReadAction","target":["https:\/\/www.viaromana.org\/blog\/ca-circule-sur-internet-cafe-des-langues\/"]}]},{"@type":"BreadcrumbList","@id":"https:\/\/www.viaromana.org\/blog\/ca-circule-sur-internet-cafe-des-langues\/#breadcrumb","itemListElement":[{"@type":"ListItem","position":1,"name":"Accueil","item":"https:\/\/www.viaromana.org\/blog\/"},{"@type":"ListItem","position":2,"name":"Ca circule sur internet : Caf\u00e9 des langues"}]},{"@type":"WebSite","@id":"https:\/\/www.viaromana.org\/blog\/#website","url":"https:\/\/www.viaromana.org\/blog\/","name":"Viaromana et arch\u00e9ologie.","description":"Site arch\u00e9ologique de la voie romaine (viaromana) Belgique-France-Rome","publisher":{"@id":"https:\/\/www.viaromana.org\/blog\/#organization"},"potentialAction":[{"@type":"SearchAction","target":{"@type":"EntryPoint","urlTemplate":"https:\/\/www.viaromana.org\/blog\/?s={search_term_string}"},"query-input":"required name=search_term_string"}],"inLanguage":"fr-FR"},{"@type":"Organization","@id":"https:\/\/www.viaromana.org\/blog\/#organization","name":"viaromana","url":"https:\/\/www.viaromana.org\/blog\/","logo":{"@type":"ImageObject","inLanguage":"fr-FR","@id":"https:\/\/www.viaromana.org\/blog\/#\/schema\/logo\/image\/","url":"https:\/\/www.viaromana.org\/blog\/wp-content\/uploads\/2021\/12\/logo-3.png","contentUrl":"https:\/\/www.viaromana.org\/blog\/wp-content\/uploads\/2021\/12\/logo-3.png","width":300,"height":249,"caption":"viaromana"},"image":{"@id":"https:\/\/www.viaromana.org\/blog\/#\/schema\/logo\/image\/"}},{"@type":"Person","@id":"https:\/\/www.viaromana.org\/blog\/#\/schema\/person\/cde9c4655845091e1fe473fcd163c889","name":"Robert","image":{"@type":"ImageObject","inLanguage":"fr-FR","@id":"https:\/\/www.viaromana.org\/blog\/#\/schema\/person\/image\/","url":"https:\/\/secure.gravatar.com\/avatar\/a168ec191013b636c2f278aec04e724b?s=96&d=mm&r=g","contentUrl":"https:\/\/secure.gravatar.com\/avatar\/a168ec191013b636c2f278aec04e724b?s=96&d=mm&r=g","caption":"Robert"},"sameAs":["https:\/\/www.viaromana.org\/blog"],"url":"https:\/\/www.viaromana.org\/blog\/author\/anaadmin\/"}]}},"_links":{"self":[{"href":"https:\/\/www.viaromana.org\/blog\/wp-json\/wp\/v2\/posts\/1398"}],"collection":[{"href":"https:\/\/www.viaromana.org\/blog\/wp-json\/wp\/v2\/posts"}],"about":[{"href":"https:\/\/www.viaromana.org\/blog\/wp-json\/wp\/v2\/types\/post"}],"author":[{"embeddable":true,"href":"https:\/\/www.viaromana.org\/blog\/wp-json\/wp\/v2\/users\/1"}],"replies":[{"embeddable":true,"href":"https:\/\/www.viaromana.org\/blog\/wp-json\/wp\/v2\/comments?post=1398"}],"version-history":[{"count":0,"href":"https:\/\/www.viaromana.org\/blog\/wp-json\/wp\/v2\/posts\/1398\/revisions"}],"wp:attachment":[{"href":"https:\/\/www.viaromana.org\/blog\/wp-json\/wp\/v2\/media?parent=1398"}],"wp:term":[{"taxonomy":"category","embeddable":true,"href":"https:\/\/www.viaromana.org\/blog\/wp-json\/wp\/v2\/categories?post=1398"},{"taxonomy":"post_tag","embeddable":true,"href":"https:\/\/www.viaromana.org\/blog\/wp-json\/wp\/v2\/tags?post=1398"}],"curies":[{"name":"wp","href":"https:\/\/api.w.org\/{rel}","templated":true}]}}