{"id":1392,"date":"2022-10-24T08:45:14","date_gmt":"2022-10-24T07:45:14","guid":{"rendered":"https:\/\/www.site.cdcl.xyz\/2022\/10\/24\/revue-de-presse-internet-musee-de-prehistoire-dile-de-france-2125218774370090_553112680149719\/"},"modified":"2022-10-24T08:45:14","modified_gmt":"2022-10-24T07:45:14","slug":"revue-de-presse-internet-musee-de-prehistoire-dile-de-france-2125218774370090_553112680149719","status":"publish","type":"post","link":"https:\/\/www.viaromana.org\/blog\/revue-de-presse-internet-musee-de-prehistoire-dile-de-france-2125218774370090_553112680149719\/","title":{"rendered":"Revue de presse internet : Mus\u00e9e de Pr\u00e9histoire d\u2019Ile-de-France #2125218774370090_553112680149719"},"content":{"rendered":"<p>A relever, ce texte sur internet dont la th\u00e9matique est \u00ab&nbsp;l\u2019arch\u00e9ologie&nbsp;\u00bb et qui est susceptible de vous s\u00e9duire.<\/p>\n<p>Le titre suggestif (Mus\u00e9e de Pr\u00e9histoire d\u2019Ile-de-France #2125218774370090_553112680149719) est sans \u00e9quivoque.<\/p>\n<p>L\u2019\u00e9ditorialiste (annonc\u00e9 sous le nom Anonyme) est positivement connu pour plusieurs autres papiers qu\u2019il a publi\u00e9s sur le web.<\/p>\n<div>\n<p class=\"site-infos__item -schedule\"> <span>Horaires :<br \/><\/span><br \/>Ouvert tous les jours sauf le mercredi matin et le samedi matin<\/p>\n<p>De septembre \u00e0 juin<\/p>\n<p>De 10h \u00e0 12h30 et de 14h \u00e0 17h30<\/p>\n<p>En juillet et ao\u00fbt<\/p>\n<p>De 10h \u00e0 12h30 et de 14h \u00e0 18h00<\/p>\n<p>Le mus\u00e9e est ferm\u00e9 les 1er janvier, 1er mai et 25 d\u00e9cembre <\/p>\n<\/div>\n<p>Ce propos vous a int\u00e9ress\u00e9 vous aimerez aussi ces publications :<\/p>\n<p>REVUE ARCHEOLOGIQUE DE L\u2019EST n.40 ; l\u2019homme et son environnement : des lacs, des montagnes et des rivi\u00e8res ; bulles d\u2019arch\u00e9ologie offertes \u00e0 Andr\u00e9 Marguet.,<a target=\"_blank\" rel=\"nofollow\" href=\"https:\/\/www.viaromana.org\/blog\/goto\/https:\/\/www.epagine.fr\/ebook\/9782915544763-revue-archeologique-de-l-est-n-40-l-homme-et-son-environnement-des-lacs-des-montagnes-et-des-rivieres-bulles-d-archeologie-offertes-a-andre-marguet-revue-archeologique-de-l-est\/\"  target=\"_blank\" rel=\"noopener noreferrer nofollow\">Ouvrage <\/a><span><\/span>.<\/p>\n<p>Pomp\u00e9i : la cit\u00e9 ensevelie.,<a target=\"_blank\" rel=\"nofollow\" href=\"https:\/\/www.viaromana.org\/blog\/goto\/https:\/\/booknode.com\/pompei_la_cite_ensevelie_050130\"  target=\"_blank\" rel=\"noopener noreferrer nofollow\">Ouvrage <\/a><span><\/span>. A emprunter en biblioth\u00e8que.<\/p>\n<p>R\u00e9centes d\u00e9couvertes concernant l\u2019arch\u00e9ologie du Fou-Nan (arch\u00e9ologie du Delta du M\u00e9kong).,<a target=\"_blank\" rel=\"nofollow\" href=\"https:\/\/www.viaromana.org\/blog\/goto\/https:\/\/www.epagine.fr\/ebook\/9782307343042-recentes-decouvertes-concernant-l-archeologie-du-fou-nan-archeologie-du-delta-du-mekong-louis-malleret\/\"  target=\"_blank\" rel=\"noopener noreferrer nofollow\">Clicker Ici <\/a><span><\/span>.<\/p>\n<p>Manuel d\u2019arch\u00e9ologie.,<a target=\"_blank\" rel=\"nofollow\" href=\"https:\/\/www.viaromana.org\/blog\/goto\/https:\/\/www.epagine.fr\/ebook\/9782200619169-manuel-d-archeologie-francois-djindjian\/\"  target=\"_blank\" rel=\"noopener noreferrer nofollow\">Le livre <\/a><span><\/span>.<\/p>\n","protected":false},"excerpt":{"rendered":"<p>A relever, ce texte sur internet dont la th\u00e9matique est \u00ab&nbsp;l\u2019arch\u00e9ologie&nbsp;\u00bb et qui est susceptible de vous s\u00e9duire. Le titre suggestif (Mus\u00e9e de Pr\u00e9histoire d\u2019Ile-de-France #2125218774370090_553112680149719) est sans \u00e9quivoque. L\u2019\u00e9ditorialiste (annonc\u00e9 sous le nom Anonyme) est positivement connu pour plusieurs autres papiers qu\u2019il a publi\u00e9s sur le web. Horaires :Ouvert tous les jours sauf le mercredi matin et le samedi matin De septembre \u00e0 juin De 10h \u00e0 12h30 et de 14h \u00e0 17h30 En juillet et ao\u00fbt De 10h \u00e0 12h30 et de 14h \u00e0 18h00 Le mus\u00e9e est ferm\u00e9 les 1er janvier, 1er mai et 25 d\u00e9cembre Ce\u2026<\/p>\n","protected":false},"author":1,"featured_media":1393,"comment_status":"closed","ping_status":"closed","sticky":false,"template":"","format":"standard","meta":{"footnotes":""},"categories":[2],"tags":[],"blocksy_meta":{"styles_descriptor":{"styles":{"desktop":"","tablet":"","mobile":""},"google_fonts":[],"version":4}},"yoast_head":"<!-- This site is optimized with the Yoast SEO plugin v21.1 - https:\/\/yoast.com\/wordpress\/plugins\/seo\/ -->\n<title>Revue de presse internet : Mus\u00e9e de Pr\u00e9histoire d\u2019Ile-de-France #2125218774370090_553112680149719 - Viaromana et arch\u00e9ologie.<\/title>\n<meta name=\"description\" content=\"Revue de presse internet : Mus\u00e9e de Pr\u00e9histoire d\u2019Ile-de-France #2125218774370090_553112680149719 article de Viaromana et arch\u00e9ologie.\" \/>\n<meta name=\"robots\" content=\"index, follow, max-snippet:-1, max-image-preview:large, max-video-preview:-1\" \/>\n<link rel=\"canonical\" href=\"https:\/\/www.viaromana.org\/blog\/revue-de-presse-internet-musee-de-prehistoire-dile-de-france-2125218774370090_553112680149719\/\" \/>\n<meta property=\"og:locale\" content=\"fr_FR\" \/>\n<meta property=\"og:type\" content=\"article\" \/>\n<meta property=\"og:title\" content=\"Revue de presse internet : Mus\u00e9e de Pr\u00e9histoire d\u2019Ile-de-France #2125218774370090_553112680149719 - Viaromana et arch\u00e9ologie.\" \/>\n<meta property=\"og:description\" content=\"Revue de presse internet : Mus\u00e9e de Pr\u00e9histoire d\u2019Ile-de-France #2125218774370090_553112680149719 article de Viaromana et arch\u00e9ologie.\" \/>\n<meta property=\"og:url\" content=\"https:\/\/www.viaromana.org\/blog\/revue-de-presse-internet-musee-de-prehistoire-dile-de-france-2125218774370090_553112680149719\/\" \/>\n<meta property=\"og:site_name\" content=\"Viaromana et arch\u00e9ologie.\" \/>\n<meta property=\"article:published_time\" content=\"2022-10-24T07:45:14+00:00\" \/>\n<meta property=\"og:image\" content=\"https:\/\/www.viaromana.org\/blog\/wp-content\/uploads\/2022\/11\/arch-ologie-2.jpg\" \/>\n\t<meta property=\"og:image:width\" content=\"528\" \/>\n\t<meta property=\"og:image:height\" content=\"378\" \/>\n\t<meta property=\"og:image:type\" content=\"image\/jpeg\" \/>\n<meta name=\"author\" content=\"Robert\" \/>\n<meta name=\"twitter:card\" content=\"summary_large_image\" \/>\n<meta name=\"twitter:label1\" content=\"\u00c9crit par\" \/>\n\t<meta name=\"twitter:data1\" content=\"Robert\" \/>\n\t<meta name=\"twitter:label2\" content=\"Dur\u00e9e de lecture estim\u00e9e\" \/>\n\t<meta name=\"twitter:data2\" content=\"1 minute\" \/>\n<script type=\"application\/ld+json\" class=\"yoast-schema-graph\">{\"@context\":\"https:\/\/schema.org\",\"@graph\":[{\"@type\":\"Article\",\"@id\":\"https:\/\/www.viaromana.org\/blog\/revue-de-presse-internet-musee-de-prehistoire-dile-de-france-2125218774370090_553112680149719\/#article\",\"isPartOf\":{\"@id\":\"https:\/\/www.viaromana.org\/blog\/revue-de-presse-internet-musee-de-prehistoire-dile-de-france-2125218774370090_553112680149719\/\"},\"author\":{\"name\":\"Robert\",\"@id\":\"https:\/\/www.viaromana.org\/blog\/#\/schema\/person\/cde9c4655845091e1fe473fcd163c889\"},\"headline\":\"Revue de presse internet : Mus\u00e9e de Pr\u00e9histoire d\u2019Ile-de-France #2125218774370090_553112680149719\",\"datePublished\":\"2022-10-24T07:45:14+00:00\",\"dateModified\":\"2022-10-24T07:45:14+00:00\",\"mainEntityOfPage\":{\"@id\":\"https:\/\/www.viaromana.org\/blog\/revue-de-presse-internet-musee-de-prehistoire-dile-de-france-2125218774370090_553112680149719\/\"},\"wordCount\":192,\"publisher\":{\"@id\":\"https:\/\/www.viaromana.org\/blog\/#organization\"},\"articleSection\":[\"Arch\u00e9ologie\"],\"inLanguage\":\"fr-FR\"},{\"@type\":\"WebPage\",\"@id\":\"https:\/\/www.viaromana.org\/blog\/revue-de-presse-internet-musee-de-prehistoire-dile-de-france-2125218774370090_553112680149719\/\",\"url\":\"https:\/\/www.viaromana.org\/blog\/revue-de-presse-internet-musee-de-prehistoire-dile-de-france-2125218774370090_553112680149719\/\",\"name\":\"Revue de presse internet : Mus\u00e9e de Pr\u00e9histoire d\u2019Ile-de-France #2125218774370090_553112680149719 - Viaromana et arch\u00e9ologie.\",\"isPartOf\":{\"@id\":\"https:\/\/www.viaromana.org\/blog\/#website\"},\"datePublished\":\"2022-10-24T07:45:14+00:00\",\"dateModified\":\"2022-10-24T07:45:14+00:00\",\"description\":\"Revue de presse internet : Mus\u00e9e de Pr\u00e9histoire d\u2019Ile-de-France #2125218774370090_553112680149719 article de Viaromana et arch\u00e9ologie.\",\"breadcrumb\":{\"@id\":\"https:\/\/www.viaromana.org\/blog\/revue-de-presse-internet-musee-de-prehistoire-dile-de-france-2125218774370090_553112680149719\/#breadcrumb\"},\"inLanguage\":\"fr-FR\",\"potentialAction\":[{\"@type\":\"ReadAction\",\"target\":[\"https:\/\/www.viaromana.org\/blog\/revue-de-presse-internet-musee-de-prehistoire-dile-de-france-2125218774370090_553112680149719\/\"]}]},{\"@type\":\"BreadcrumbList\",\"@id\":\"https:\/\/www.viaromana.org\/blog\/revue-de-presse-internet-musee-de-prehistoire-dile-de-france-2125218774370090_553112680149719\/#breadcrumb\",\"itemListElement\":[{\"@type\":\"ListItem\",\"position\":1,\"name\":\"Accueil\",\"item\":\"https:\/\/www.viaromana.org\/blog\/\"},{\"@type\":\"ListItem\",\"position\":2,\"name\":\"Revue de presse internet : Mus\u00e9e de Pr\u00e9histoire d\u2019Ile-de-France #2125218774370090_553112680149719\"}]},{\"@type\":\"WebSite\",\"@id\":\"https:\/\/www.viaromana.org\/blog\/#website\",\"url\":\"https:\/\/www.viaromana.org\/blog\/\",\"name\":\"Viaromana et arch\u00e9ologie.\",\"description\":\"Site arch\u00e9ologique de la voie romaine (viaromana) Belgique-France-Rome\",\"publisher\":{\"@id\":\"https:\/\/www.viaromana.org\/blog\/#organization\"},\"potentialAction\":[{\"@type\":\"SearchAction\",\"target\":{\"@type\":\"EntryPoint\",\"urlTemplate\":\"https:\/\/www.viaromana.org\/blog\/?s={search_term_string}\"},\"query-input\":\"required name=search_term_string\"}],\"inLanguage\":\"fr-FR\"},{\"@type\":\"Organization\",\"@id\":\"https:\/\/www.viaromana.org\/blog\/#organization\",\"name\":\"viaromana\",\"url\":\"https:\/\/www.viaromana.org\/blog\/\",\"logo\":{\"@type\":\"ImageObject\",\"inLanguage\":\"fr-FR\",\"@id\":\"https:\/\/www.viaromana.org\/blog\/#\/schema\/logo\/image\/\",\"url\":\"https:\/\/www.viaromana.org\/blog\/wp-content\/uploads\/2021\/12\/logo-3.png\",\"contentUrl\":\"https:\/\/www.viaromana.org\/blog\/wp-content\/uploads\/2021\/12\/logo-3.png\",\"width\":300,\"height\":249,\"caption\":\"viaromana\"},\"image\":{\"@id\":\"https:\/\/www.viaromana.org\/blog\/#\/schema\/logo\/image\/\"}},{\"@type\":\"Person\",\"@id\":\"https:\/\/www.viaromana.org\/blog\/#\/schema\/person\/cde9c4655845091e1fe473fcd163c889\",\"name\":\"Robert\",\"image\":{\"@type\":\"ImageObject\",\"inLanguage\":\"fr-FR\",\"@id\":\"https:\/\/www.viaromana.org\/blog\/#\/schema\/person\/image\/\",\"url\":\"https:\/\/secure.gravatar.com\/avatar\/a168ec191013b636c2f278aec04e724b?s=96&d=mm&r=g\",\"contentUrl\":\"https:\/\/secure.gravatar.com\/avatar\/a168ec191013b636c2f278aec04e724b?s=96&d=mm&r=g\",\"caption\":\"Robert\"},\"sameAs\":[\"https:\/\/www.viaromana.org\/blog\"],\"url\":\"https:\/\/www.viaromana.org\/blog\/author\/anaadmin\/\"}]}<\/script>\n<!-- \/ Yoast SEO plugin. -->","yoast_head_json":{"title":"Revue de presse internet : Mus\u00e9e de Pr\u00e9histoire d\u2019Ile-de-France #2125218774370090_553112680149719 - Viaromana et arch\u00e9ologie.","description":"Revue de presse internet : Mus\u00e9e de Pr\u00e9histoire d\u2019Ile-de-France #2125218774370090_553112680149719 article de Viaromana et arch\u00e9ologie.","robots":{"index":"index","follow":"follow","max-snippet":"max-snippet:-1","max-image-preview":"max-image-preview:large","max-video-preview":"max-video-preview:-1"},"canonical":"https:\/\/www.viaromana.org\/blog\/revue-de-presse-internet-musee-de-prehistoire-dile-de-france-2125218774370090_553112680149719\/","og_locale":"fr_FR","og_type":"article","og_title":"Revue de presse internet : Mus\u00e9e de Pr\u00e9histoire d\u2019Ile-de-France #2125218774370090_553112680149719 - Viaromana et arch\u00e9ologie.","og_description":"Revue de presse internet : Mus\u00e9e de Pr\u00e9histoire d\u2019Ile-de-France #2125218774370090_553112680149719 article de Viaromana et arch\u00e9ologie.","og_url":"https:\/\/www.viaromana.org\/blog\/revue-de-presse-internet-musee-de-prehistoire-dile-de-france-2125218774370090_553112680149719\/","og_site_name":"Viaromana et arch\u00e9ologie.","article_published_time":"2022-10-24T07:45:14+00:00","og_image":[{"width":528,"height":378,"url":"https:\/\/www.viaromana.org\/blog\/wp-content\/uploads\/2022\/11\/arch-ologie-2.jpg","type":"image\/jpeg"}],"author":"Robert","twitter_card":"summary_large_image","twitter_misc":{"\u00c9crit par":"Robert","Dur\u00e9e de lecture estim\u00e9e":"1 minute"},"schema":{"@context":"https:\/\/schema.org","@graph":[{"@type":"Article","@id":"https:\/\/www.viaromana.org\/blog\/revue-de-presse-internet-musee-de-prehistoire-dile-de-france-2125218774370090_553112680149719\/#article","isPartOf":{"@id":"https:\/\/www.viaromana.org\/blog\/revue-de-presse-internet-musee-de-prehistoire-dile-de-france-2125218774370090_553112680149719\/"},"author":{"name":"Robert","@id":"https:\/\/www.viaromana.org\/blog\/#\/schema\/person\/cde9c4655845091e1fe473fcd163c889"},"headline":"Revue de presse internet : Mus\u00e9e de Pr\u00e9histoire d\u2019Ile-de-France #2125218774370090_553112680149719","datePublished":"2022-10-24T07:45:14+00:00","dateModified":"2022-10-24T07:45:14+00:00","mainEntityOfPage":{"@id":"https:\/\/www.viaromana.org\/blog\/revue-de-presse-internet-musee-de-prehistoire-dile-de-france-2125218774370090_553112680149719\/"},"wordCount":192,"publisher":{"@id":"https:\/\/www.viaromana.org\/blog\/#organization"},"articleSection":["Arch\u00e9ologie"],"inLanguage":"fr-FR"},{"@type":"WebPage","@id":"https:\/\/www.viaromana.org\/blog\/revue-de-presse-internet-musee-de-prehistoire-dile-de-france-2125218774370090_553112680149719\/","url":"https:\/\/www.viaromana.org\/blog\/revue-de-presse-internet-musee-de-prehistoire-dile-de-france-2125218774370090_553112680149719\/","name":"Revue de presse internet : Mus\u00e9e de Pr\u00e9histoire d\u2019Ile-de-France #2125218774370090_553112680149719 - Viaromana et arch\u00e9ologie.","isPartOf":{"@id":"https:\/\/www.viaromana.org\/blog\/#website"},"datePublished":"2022-10-24T07:45:14+00:00","dateModified":"2022-10-24T07:45:14+00:00","description":"Revue de presse internet : Mus\u00e9e de Pr\u00e9histoire d\u2019Ile-de-France #2125218774370090_553112680149719 article de Viaromana et arch\u00e9ologie.","breadcrumb":{"@id":"https:\/\/www.viaromana.org\/blog\/revue-de-presse-internet-musee-de-prehistoire-dile-de-france-2125218774370090_553112680149719\/#breadcrumb"},"inLanguage":"fr-FR","potentialAction":[{"@type":"ReadAction","target":["https:\/\/www.viaromana.org\/blog\/revue-de-presse-internet-musee-de-prehistoire-dile-de-france-2125218774370090_553112680149719\/"]}]},{"@type":"BreadcrumbList","@id":"https:\/\/www.viaromana.org\/blog\/revue-de-presse-internet-musee-de-prehistoire-dile-de-france-2125218774370090_553112680149719\/#breadcrumb","itemListElement":[{"@type":"ListItem","position":1,"name":"Accueil","item":"https:\/\/www.viaromana.org\/blog\/"},{"@type":"ListItem","position":2,"name":"Revue de presse internet : Mus\u00e9e de Pr\u00e9histoire d\u2019Ile-de-France #2125218774370090_553112680149719"}]},{"@type":"WebSite","@id":"https:\/\/www.viaromana.org\/blog\/#website","url":"https:\/\/www.viaromana.org\/blog\/","name":"Viaromana et arch\u00e9ologie.","description":"Site arch\u00e9ologique de la voie romaine (viaromana) Belgique-France-Rome","publisher":{"@id":"https:\/\/www.viaromana.org\/blog\/#organization"},"potentialAction":[{"@type":"SearchAction","target":{"@type":"EntryPoint","urlTemplate":"https:\/\/www.viaromana.org\/blog\/?s={search_term_string}"},"query-input":"required name=search_term_string"}],"inLanguage":"fr-FR"},{"@type":"Organization","@id":"https:\/\/www.viaromana.org\/blog\/#organization","name":"viaromana","url":"https:\/\/www.viaromana.org\/blog\/","logo":{"@type":"ImageObject","inLanguage":"fr-FR","@id":"https:\/\/www.viaromana.org\/blog\/#\/schema\/logo\/image\/","url":"https:\/\/www.viaromana.org\/blog\/wp-content\/uploads\/2021\/12\/logo-3.png","contentUrl":"https:\/\/www.viaromana.org\/blog\/wp-content\/uploads\/2021\/12\/logo-3.png","width":300,"height":249,"caption":"viaromana"},"image":{"@id":"https:\/\/www.viaromana.org\/blog\/#\/schema\/logo\/image\/"}},{"@type":"Person","@id":"https:\/\/www.viaromana.org\/blog\/#\/schema\/person\/cde9c4655845091e1fe473fcd163c889","name":"Robert","image":{"@type":"ImageObject","inLanguage":"fr-FR","@id":"https:\/\/www.viaromana.org\/blog\/#\/schema\/person\/image\/","url":"https:\/\/secure.gravatar.com\/avatar\/a168ec191013b636c2f278aec04e724b?s=96&d=mm&r=g","contentUrl":"https:\/\/secure.gravatar.com\/avatar\/a168ec191013b636c2f278aec04e724b?s=96&d=mm&r=g","caption":"Robert"},"sameAs":["https:\/\/www.viaromana.org\/blog"],"url":"https:\/\/www.viaromana.org\/blog\/author\/anaadmin\/"}]}},"_links":{"self":[{"href":"https:\/\/www.viaromana.org\/blog\/wp-json\/wp\/v2\/posts\/1392"}],"collection":[{"href":"https:\/\/www.viaromana.org\/blog\/wp-json\/wp\/v2\/posts"}],"about":[{"href":"https:\/\/www.viaromana.org\/blog\/wp-json\/wp\/v2\/types\/post"}],"author":[{"embeddable":true,"href":"https:\/\/www.viaromana.org\/blog\/wp-json\/wp\/v2\/users\/1"}],"replies":[{"embeddable":true,"href":"https:\/\/www.viaromana.org\/blog\/wp-json\/wp\/v2\/comments?post=1392"}],"version-history":[{"count":0,"href":"https:\/\/www.viaromana.org\/blog\/wp-json\/wp\/v2\/posts\/1392\/revisions"}],"wp:featuredmedia":[{"embeddable":true,"href":"https:\/\/www.viaromana.org\/blog\/wp-json\/wp\/v2\/media\/1393"}],"wp:attachment":[{"href":"https:\/\/www.viaromana.org\/blog\/wp-json\/wp\/v2\/media?parent=1392"}],"wp:term":[{"taxonomy":"category","embeddable":true,"href":"https:\/\/www.viaromana.org\/blog\/wp-json\/wp\/v2\/categories?post=1392"},{"taxonomy":"post_tag","embeddable":true,"href":"https:\/\/www.viaromana.org\/blog\/wp-json\/wp\/v2\/tags?post=1392"}],"curies":[{"name":"wp","href":"https:\/\/api.w.org\/{rel}","templated":true}]}}