{"id":1390,"date":"2022-08-19T10:56:39","date_gmt":"2022-08-19T09:56:39","guid":{"rendered":"https:\/\/www.site.cdcl.xyz\/2022\/08\/19\/infos-pour-vous-conference-leloge-de-bordeaux-dans-les-cosmographies-humanistes\/"},"modified":"2022-08-19T10:56:39","modified_gmt":"2022-08-19T09:56:39","slug":"infos-pour-vous-conference-leloge-de-bordeaux-dans-les-cosmographies-humanistes","status":"publish","type":"post","link":"https:\/\/www.viaromana.org\/blog\/infos-pour-vous-conference-leloge-de-bordeaux-dans-les-cosmographies-humanistes\/","title":{"rendered":"Infos pour vous : Conf\u00e9rence | L\u2019\u00e9loge de Bordeaux dans les cosmographies humanistes"},"content":{"rendered":"<p>Je viens de prendre connaissance de ce papier sur la th\u00e9matique \u00ab&nbsp;l\u2019arch\u00e9ologie&nbsp;\u00bb. Avec r\u00e9gal nous vous en diffusons le plus frappant ci-dessous.<\/p>\n<p>Le titre troublant (Conf\u00e9rence | L\u2019\u00e9loge de Bordeaux dans les cosmographies humanistes) parle de lui-m\u00eame.<\/p>\n<p>Sachez que le chroniqueur (pr\u00e9sent\u00e9 sous la signature Mus\u00e9e d\u2019Aquitaine) est reconnu comme quelqu\u2019un de s\u00e9rieux pour plusieurs autres posts qu\u2019il a publi\u00e9s sur le web.<\/p>\n<p>La cr\u00e9dibilit\u00e9 est de ce fait parfaite concernant cet encart.<\/p>\n<p>Le texte a \u00e9t\u00e9 divulgu\u00e9 \u00e0 une date not\u00e9e 2022-08-19 11:56:39.<\/p>\n<div>\n<p>Conf\u00e9rence d\u2019<strong>Ez\u00e9chiel Jean-Courret<\/strong>, ma\u00eetre de conf\u00e9rences en histoire m\u00e9di\u00e9vale, Universit\u00e9 Bordeaux Montaigne \/ Ausonius.<\/p>\n<p>Manifestation organis\u00e9e par le Centre Montaigne (Universit\u00e9 Bordeaux Montaigne) dans le cadre du&nbsp;5<sup>e<\/sup>&nbsp;Moi(s) Montaigne (4 octobre \u2013 12 novembre). A cette occasion, sont \u00e9voqu\u00e9s : Montaigne, maire de Bordeaux, la vie bordelaise \u00e0 son \u00e9poque et la place de Montaigne dans la ville aujourd\u2019hui.<br \/>Deux chantiers importants seront abord\u00e9s : la restauration de l\u2019exemplaire de Bordeaux des&nbsp;Essais&nbsp;et les travaux sur le cercueil r\u00e9cemment exhum\u00e9 au mus\u00e9e d\u2019Aquitaine. Seront aussi pr\u00e9sent\u00e9s divers aspects des mandats municipaux de Montaigne et de la vie de la jurade, ou encore le visage de la ville de Bordeaux et la perception qu\u2019en avaient les humanistes. Une semaine sera consacr\u00e9e au po\u00e8te Pierre de Brach, ami de Montaigne et auteur d\u2019un \u00ab&nbsp;Hymne de Bordeaux&nbsp;\u00bb.<\/p>\n<p>Consultez le&nbsp;<strong>programme du Moi(s) Montaigne<\/strong>.<\/p>\n<p><img decoding=\"async\" alt src=\"https:\/\/www.viaromana.org\/blog\/wp-content\/uploads\/2022\/11\/infos-pour-vous-conference-leloge-de-bordeaux-dans-les-cosmographies-humanistes.jpg\"><\/p>\n<\/div>\n<p>Parutions:<\/p>\n<p>Tresors de l\u2019archeologie \u2013 petites et grandes decouvertes pour eclairer le present.,<a target=\"_blank\" rel=\"nofollow\" href=\"https:\/\/www.viaromana.org\/blog\/goto\/https:\/\/www.epagine.fr\/ebook\/9782080266040-tresors-de-l-archeologie-petites-et-grandes-decouvertes-pour-eclairer-le-present-jean-paul-demoule\/\"  target=\"_blank\" rel=\"noopener noreferrer nofollow\">A voir et \u00e0 lire. <\/a><span><\/span>.<\/p>\n<p>Manuel d\u2019arch\u00e9ologie.,<a target=\"_blank\" rel=\"nofollow\" href=\"https:\/\/www.viaromana.org\/blog\/goto\/https:\/\/www.epagine.fr\/ebook\/9782200619169-manuel-d-archeologie-francois-djindjian\/\"  target=\"_blank\" rel=\"noopener noreferrer nofollow\">Le livre <\/a><span><\/span>.<\/p>\n<p>Recherches arch\u00e9ologiques en Angola ; pr\u00e9histoire, art rupestre, arch\u00e9ologie fun\u00e9raire.,<a target=\"_blank\" rel=\"nofollow\" href=\"https:\/\/www.viaromana.org\/blog\/goto\/https:\/\/www.epagine.fr\/ebook\/9782296200371-recherches-archeologiques-en-angola-prehistoire-art-rupestre-archeologie-funeraire-manuel-gutierrez\/\"  target=\"_blank\" rel=\"noopener noreferrer nofollow\">Le livre <\/a><span><\/span>. Ouvrage de r\u00e9f\u00e9rence.<\/p>\n<p>Pour une histoire de la pr\u00e9histoire oc\u00e9anienne.,<a target=\"_blank\" rel=\"nofollow\" href=\"https:\/\/www.viaromana.org\/blog\/goto\/https:\/\/www.kobo.com\/de\/fr\/ebook\/pour-une-histoire-de-la-prehistoire-oceanienne\"  target=\"_blank\" rel=\"noopener noreferrer nofollow\">Clicker Ici <\/a><span><\/span>.<\/p>\n","protected":false},"excerpt":{"rendered":"<p>Je viens de prendre connaissance de ce papier sur la th\u00e9matique \u00ab&nbsp;l\u2019arch\u00e9ologie&nbsp;\u00bb. Avec r\u00e9gal nous vous en diffusons le plus frappant ci-dessous. Le titre troublant (Conf\u00e9rence | L\u2019\u00e9loge de Bordeaux dans les cosmographies humanistes) parle de lui-m\u00eame. Sachez que le chroniqueur (pr\u00e9sent\u00e9 sous la signature Mus\u00e9e d\u2019Aquitaine) est reconnu comme quelqu\u2019un de s\u00e9rieux pour plusieurs autres posts qu\u2019il a publi\u00e9s sur le web. La cr\u00e9dibilit\u00e9 est de ce fait parfaite concernant cet encart. Le texte a \u00e9t\u00e9 divulgu\u00e9 \u00e0 une date not\u00e9e 2022-08-19 11:56:39. Conf\u00e9rence d\u2019Ez\u00e9chiel Jean-Courret, ma\u00eetre de conf\u00e9rences en histoire m\u00e9di\u00e9vale, Universit\u00e9 Bordeaux Montaigne \/ Ausonius. Manifestation organis\u00e9e\u2026<\/p>\n","protected":false},"author":1,"featured_media":1391,"comment_status":"closed","ping_status":"closed","sticky":false,"template":"","format":"standard","meta":{"footnotes":""},"categories":[2],"tags":[],"blocksy_meta":{"styles_descriptor":{"styles":{"desktop":"","tablet":"","mobile":""},"google_fonts":[],"version":4}},"yoast_head":"<!-- This site is optimized with the Yoast SEO plugin v21.1 - https:\/\/yoast.com\/wordpress\/plugins\/seo\/ -->\n<title>Infos pour vous : Conf\u00e9rence | L\u2019\u00e9loge de Bordeaux dans les cosmographies humanistes - Viaromana et arch\u00e9ologie.<\/title>\n<meta name=\"description\" content=\"Infos pour vous : Conf\u00e9rence | L\u2019\u00e9loge de Bordeaux dans les cosmographies humanistes article de Viaromana et arch\u00e9ologie.\" \/>\n<meta name=\"robots\" content=\"index, follow, max-snippet:-1, max-image-preview:large, max-video-preview:-1\" \/>\n<link rel=\"canonical\" href=\"https:\/\/www.viaromana.org\/blog\/infos-pour-vous-conference-leloge-de-bordeaux-dans-les-cosmographies-humanistes\/\" \/>\n<meta property=\"og:locale\" content=\"fr_FR\" \/>\n<meta property=\"og:type\" content=\"article\" \/>\n<meta property=\"og:title\" content=\"Infos pour vous : Conf\u00e9rence | L\u2019\u00e9loge de Bordeaux dans les cosmographies humanistes - Viaromana et arch\u00e9ologie.\" \/>\n<meta property=\"og:description\" content=\"Infos pour vous : Conf\u00e9rence | L\u2019\u00e9loge de Bordeaux dans les cosmographies humanistes article de Viaromana et arch\u00e9ologie.\" \/>\n<meta property=\"og:url\" content=\"https:\/\/www.viaromana.org\/blog\/infos-pour-vous-conference-leloge-de-bordeaux-dans-les-cosmographies-humanistes\/\" \/>\n<meta property=\"og:site_name\" content=\"Viaromana et arch\u00e9ologie.\" \/>\n<meta property=\"article:published_time\" content=\"2022-08-19T09:56:39+00:00\" \/>\n<meta property=\"og:image\" content=\"https:\/\/www.viaromana.org\/blog\/wp-content\/uploads\/2022\/11\/de-bordeaux.jpg\" \/>\n\t<meta property=\"og:image:width\" content=\"2045\" \/>\n\t<meta property=\"og:image:height\" content=\"305\" \/>\n\t<meta property=\"og:image:type\" content=\"image\/jpeg\" \/>\n<meta name=\"author\" content=\"Robert\" \/>\n<meta name=\"twitter:card\" content=\"summary_large_image\" \/>\n<meta name=\"twitter:label1\" content=\"\u00c9crit par\" \/>\n\t<meta name=\"twitter:data1\" content=\"Robert\" \/>\n\t<meta name=\"twitter:label2\" content=\"Dur\u00e9e de lecture estim\u00e9e\" \/>\n\t<meta name=\"twitter:data2\" content=\"2 minutes\" \/>\n<script type=\"application\/ld+json\" class=\"yoast-schema-graph\">{\"@context\":\"https:\/\/schema.org\",\"@graph\":[{\"@type\":\"Article\",\"@id\":\"https:\/\/www.viaromana.org\/blog\/infos-pour-vous-conference-leloge-de-bordeaux-dans-les-cosmographies-humanistes\/#article\",\"isPartOf\":{\"@id\":\"https:\/\/www.viaromana.org\/blog\/infos-pour-vous-conference-leloge-de-bordeaux-dans-les-cosmographies-humanistes\/\"},\"author\":{\"name\":\"Robert\",\"@id\":\"https:\/\/www.viaromana.org\/blog\/#\/schema\/person\/cde9c4655845091e1fe473fcd163c889\"},\"headline\":\"Infos pour vous : Conf\u00e9rence | L\u2019\u00e9loge de Bordeaux dans les cosmographies humanistes\",\"datePublished\":\"2022-08-19T09:56:39+00:00\",\"dateModified\":\"2022-08-19T09:56:39+00:00\",\"mainEntityOfPage\":{\"@id\":\"https:\/\/www.viaromana.org\/blog\/infos-pour-vous-conference-leloge-de-bordeaux-dans-les-cosmographies-humanistes\/\"},\"wordCount\":332,\"publisher\":{\"@id\":\"https:\/\/www.viaromana.org\/blog\/#organization\"},\"articleSection\":[\"Arch\u00e9ologie\"],\"inLanguage\":\"fr-FR\"},{\"@type\":\"WebPage\",\"@id\":\"https:\/\/www.viaromana.org\/blog\/infos-pour-vous-conference-leloge-de-bordeaux-dans-les-cosmographies-humanistes\/\",\"url\":\"https:\/\/www.viaromana.org\/blog\/infos-pour-vous-conference-leloge-de-bordeaux-dans-les-cosmographies-humanistes\/\",\"name\":\"Infos pour vous : Conf\u00e9rence | L\u2019\u00e9loge de Bordeaux dans les cosmographies humanistes - Viaromana et arch\u00e9ologie.\",\"isPartOf\":{\"@id\":\"https:\/\/www.viaromana.org\/blog\/#website\"},\"datePublished\":\"2022-08-19T09:56:39+00:00\",\"dateModified\":\"2022-08-19T09:56:39+00:00\",\"description\":\"Infos pour vous : Conf\u00e9rence | L\u2019\u00e9loge de Bordeaux dans les cosmographies humanistes article de Viaromana et arch\u00e9ologie.\",\"breadcrumb\":{\"@id\":\"https:\/\/www.viaromana.org\/blog\/infos-pour-vous-conference-leloge-de-bordeaux-dans-les-cosmographies-humanistes\/#breadcrumb\"},\"inLanguage\":\"fr-FR\",\"potentialAction\":[{\"@type\":\"ReadAction\",\"target\":[\"https:\/\/www.viaromana.org\/blog\/infos-pour-vous-conference-leloge-de-bordeaux-dans-les-cosmographies-humanistes\/\"]}]},{\"@type\":\"BreadcrumbList\",\"@id\":\"https:\/\/www.viaromana.org\/blog\/infos-pour-vous-conference-leloge-de-bordeaux-dans-les-cosmographies-humanistes\/#breadcrumb\",\"itemListElement\":[{\"@type\":\"ListItem\",\"position\":1,\"name\":\"Accueil\",\"item\":\"https:\/\/www.viaromana.org\/blog\/\"},{\"@type\":\"ListItem\",\"position\":2,\"name\":\"Infos pour vous : Conf\u00e9rence | L\u2019\u00e9loge de Bordeaux dans les cosmographies humanistes\"}]},{\"@type\":\"WebSite\",\"@id\":\"https:\/\/www.viaromana.org\/blog\/#website\",\"url\":\"https:\/\/www.viaromana.org\/blog\/\",\"name\":\"Viaromana et arch\u00e9ologie.\",\"description\":\"Site arch\u00e9ologique de la voie romaine (viaromana) Belgique-France-Rome\",\"publisher\":{\"@id\":\"https:\/\/www.viaromana.org\/blog\/#organization\"},\"potentialAction\":[{\"@type\":\"SearchAction\",\"target\":{\"@type\":\"EntryPoint\",\"urlTemplate\":\"https:\/\/www.viaromana.org\/blog\/?s={search_term_string}\"},\"query-input\":\"required name=search_term_string\"}],\"inLanguage\":\"fr-FR\"},{\"@type\":\"Organization\",\"@id\":\"https:\/\/www.viaromana.org\/blog\/#organization\",\"name\":\"viaromana\",\"url\":\"https:\/\/www.viaromana.org\/blog\/\",\"logo\":{\"@type\":\"ImageObject\",\"inLanguage\":\"fr-FR\",\"@id\":\"https:\/\/www.viaromana.org\/blog\/#\/schema\/logo\/image\/\",\"url\":\"https:\/\/www.viaromana.org\/blog\/wp-content\/uploads\/2021\/12\/logo-3.png\",\"contentUrl\":\"https:\/\/www.viaromana.org\/blog\/wp-content\/uploads\/2021\/12\/logo-3.png\",\"width\":300,\"height\":249,\"caption\":\"viaromana\"},\"image\":{\"@id\":\"https:\/\/www.viaromana.org\/blog\/#\/schema\/logo\/image\/\"}},{\"@type\":\"Person\",\"@id\":\"https:\/\/www.viaromana.org\/blog\/#\/schema\/person\/cde9c4655845091e1fe473fcd163c889\",\"name\":\"Robert\",\"image\":{\"@type\":\"ImageObject\",\"inLanguage\":\"fr-FR\",\"@id\":\"https:\/\/www.viaromana.org\/blog\/#\/schema\/person\/image\/\",\"url\":\"https:\/\/secure.gravatar.com\/avatar\/a168ec191013b636c2f278aec04e724b?s=96&d=mm&r=g\",\"contentUrl\":\"https:\/\/secure.gravatar.com\/avatar\/a168ec191013b636c2f278aec04e724b?s=96&d=mm&r=g\",\"caption\":\"Robert\"},\"sameAs\":[\"https:\/\/www.viaromana.org\/blog\"],\"url\":\"https:\/\/www.viaromana.org\/blog\/author\/anaadmin\/\"}]}<\/script>\n<!-- \/ Yoast SEO plugin. -->","yoast_head_json":{"title":"Infos pour vous : Conf\u00e9rence | L\u2019\u00e9loge de Bordeaux dans les cosmographies humanistes - Viaromana et arch\u00e9ologie.","description":"Infos pour vous : Conf\u00e9rence | L\u2019\u00e9loge de Bordeaux dans les cosmographies humanistes article de Viaromana et arch\u00e9ologie.","robots":{"index":"index","follow":"follow","max-snippet":"max-snippet:-1","max-image-preview":"max-image-preview:large","max-video-preview":"max-video-preview:-1"},"canonical":"https:\/\/www.viaromana.org\/blog\/infos-pour-vous-conference-leloge-de-bordeaux-dans-les-cosmographies-humanistes\/","og_locale":"fr_FR","og_type":"article","og_title":"Infos pour vous : Conf\u00e9rence | L\u2019\u00e9loge de Bordeaux dans les cosmographies humanistes - Viaromana et arch\u00e9ologie.","og_description":"Infos pour vous : Conf\u00e9rence | L\u2019\u00e9loge de Bordeaux dans les cosmographies humanistes article de Viaromana et arch\u00e9ologie.","og_url":"https:\/\/www.viaromana.org\/blog\/infos-pour-vous-conference-leloge-de-bordeaux-dans-les-cosmographies-humanistes\/","og_site_name":"Viaromana et arch\u00e9ologie.","article_published_time":"2022-08-19T09:56:39+00:00","og_image":[{"width":2045,"height":305,"url":"https:\/\/www.viaromana.org\/blog\/wp-content\/uploads\/2022\/11\/de-bordeaux.jpg","type":"image\/jpeg"}],"author":"Robert","twitter_card":"summary_large_image","twitter_misc":{"\u00c9crit par":"Robert","Dur\u00e9e de lecture estim\u00e9e":"2 minutes"},"schema":{"@context":"https:\/\/schema.org","@graph":[{"@type":"Article","@id":"https:\/\/www.viaromana.org\/blog\/infos-pour-vous-conference-leloge-de-bordeaux-dans-les-cosmographies-humanistes\/#article","isPartOf":{"@id":"https:\/\/www.viaromana.org\/blog\/infos-pour-vous-conference-leloge-de-bordeaux-dans-les-cosmographies-humanistes\/"},"author":{"name":"Robert","@id":"https:\/\/www.viaromana.org\/blog\/#\/schema\/person\/cde9c4655845091e1fe473fcd163c889"},"headline":"Infos pour vous : Conf\u00e9rence | L\u2019\u00e9loge de Bordeaux dans les cosmographies humanistes","datePublished":"2022-08-19T09:56:39+00:00","dateModified":"2022-08-19T09:56:39+00:00","mainEntityOfPage":{"@id":"https:\/\/www.viaromana.org\/blog\/infos-pour-vous-conference-leloge-de-bordeaux-dans-les-cosmographies-humanistes\/"},"wordCount":332,"publisher":{"@id":"https:\/\/www.viaromana.org\/blog\/#organization"},"articleSection":["Arch\u00e9ologie"],"inLanguage":"fr-FR"},{"@type":"WebPage","@id":"https:\/\/www.viaromana.org\/blog\/infos-pour-vous-conference-leloge-de-bordeaux-dans-les-cosmographies-humanistes\/","url":"https:\/\/www.viaromana.org\/blog\/infos-pour-vous-conference-leloge-de-bordeaux-dans-les-cosmographies-humanistes\/","name":"Infos pour vous : Conf\u00e9rence | L\u2019\u00e9loge de Bordeaux dans les cosmographies humanistes - Viaromana et arch\u00e9ologie.","isPartOf":{"@id":"https:\/\/www.viaromana.org\/blog\/#website"},"datePublished":"2022-08-19T09:56:39+00:00","dateModified":"2022-08-19T09:56:39+00:00","description":"Infos pour vous : Conf\u00e9rence | L\u2019\u00e9loge de Bordeaux dans les cosmographies humanistes article de Viaromana et arch\u00e9ologie.","breadcrumb":{"@id":"https:\/\/www.viaromana.org\/blog\/infos-pour-vous-conference-leloge-de-bordeaux-dans-les-cosmographies-humanistes\/#breadcrumb"},"inLanguage":"fr-FR","potentialAction":[{"@type":"ReadAction","target":["https:\/\/www.viaromana.org\/blog\/infos-pour-vous-conference-leloge-de-bordeaux-dans-les-cosmographies-humanistes\/"]}]},{"@type":"BreadcrumbList","@id":"https:\/\/www.viaromana.org\/blog\/infos-pour-vous-conference-leloge-de-bordeaux-dans-les-cosmographies-humanistes\/#breadcrumb","itemListElement":[{"@type":"ListItem","position":1,"name":"Accueil","item":"https:\/\/www.viaromana.org\/blog\/"},{"@type":"ListItem","position":2,"name":"Infos pour vous : Conf\u00e9rence | L\u2019\u00e9loge de Bordeaux dans les cosmographies humanistes"}]},{"@type":"WebSite","@id":"https:\/\/www.viaromana.org\/blog\/#website","url":"https:\/\/www.viaromana.org\/blog\/","name":"Viaromana et arch\u00e9ologie.","description":"Site arch\u00e9ologique de la voie romaine (viaromana) Belgique-France-Rome","publisher":{"@id":"https:\/\/www.viaromana.org\/blog\/#organization"},"potentialAction":[{"@type":"SearchAction","target":{"@type":"EntryPoint","urlTemplate":"https:\/\/www.viaromana.org\/blog\/?s={search_term_string}"},"query-input":"required name=search_term_string"}],"inLanguage":"fr-FR"},{"@type":"Organization","@id":"https:\/\/www.viaromana.org\/blog\/#organization","name":"viaromana","url":"https:\/\/www.viaromana.org\/blog\/","logo":{"@type":"ImageObject","inLanguage":"fr-FR","@id":"https:\/\/www.viaromana.org\/blog\/#\/schema\/logo\/image\/","url":"https:\/\/www.viaromana.org\/blog\/wp-content\/uploads\/2021\/12\/logo-3.png","contentUrl":"https:\/\/www.viaromana.org\/blog\/wp-content\/uploads\/2021\/12\/logo-3.png","width":300,"height":249,"caption":"viaromana"},"image":{"@id":"https:\/\/www.viaromana.org\/blog\/#\/schema\/logo\/image\/"}},{"@type":"Person","@id":"https:\/\/www.viaromana.org\/blog\/#\/schema\/person\/cde9c4655845091e1fe473fcd163c889","name":"Robert","image":{"@type":"ImageObject","inLanguage":"fr-FR","@id":"https:\/\/www.viaromana.org\/blog\/#\/schema\/person\/image\/","url":"https:\/\/secure.gravatar.com\/avatar\/a168ec191013b636c2f278aec04e724b?s=96&d=mm&r=g","contentUrl":"https:\/\/secure.gravatar.com\/avatar\/a168ec191013b636c2f278aec04e724b?s=96&d=mm&r=g","caption":"Robert"},"sameAs":["https:\/\/www.viaromana.org\/blog"],"url":"https:\/\/www.viaromana.org\/blog\/author\/anaadmin\/"}]}},"_links":{"self":[{"href":"https:\/\/www.viaromana.org\/blog\/wp-json\/wp\/v2\/posts\/1390"}],"collection":[{"href":"https:\/\/www.viaromana.org\/blog\/wp-json\/wp\/v2\/posts"}],"about":[{"href":"https:\/\/www.viaromana.org\/blog\/wp-json\/wp\/v2\/types\/post"}],"author":[{"embeddable":true,"href":"https:\/\/www.viaromana.org\/blog\/wp-json\/wp\/v2\/users\/1"}],"replies":[{"embeddable":true,"href":"https:\/\/www.viaromana.org\/blog\/wp-json\/wp\/v2\/comments?post=1390"}],"version-history":[{"count":0,"href":"https:\/\/www.viaromana.org\/blog\/wp-json\/wp\/v2\/posts\/1390\/revisions"}],"wp:featuredmedia":[{"embeddable":true,"href":"https:\/\/www.viaromana.org\/blog\/wp-json\/wp\/v2\/media\/1391"}],"wp:attachment":[{"href":"https:\/\/www.viaromana.org\/blog\/wp-json\/wp\/v2\/media?parent=1390"}],"wp:term":[{"taxonomy":"category","embeddable":true,"href":"https:\/\/www.viaromana.org\/blog\/wp-json\/wp\/v2\/categories?post=1390"},{"taxonomy":"post_tag","embeddable":true,"href":"https:\/\/www.viaromana.org\/blog\/wp-json\/wp\/v2\/tags?post=1390"}],"curies":[{"name":"wp","href":"https:\/\/api.w.org\/{rel}","templated":true}]}}