{"id":1365,"date":"2022-10-16T16:56:04","date_gmt":"2022-10-16T14:56:04","guid":{"rendered":"https:\/\/www.site.cdcl.xyz\/2022\/10\/16\/information-toute-fraiche-musee-de-prehistoire-dile-de-france-2125218774370090_546221700838817\/"},"modified":"2022-10-16T16:56:04","modified_gmt":"2022-10-16T14:56:04","slug":"information-toute-fraiche-musee-de-prehistoire-dile-de-france-2125218774370090_546221700838817","status":"publish","type":"post","link":"https:\/\/www.viaromana.org\/blog\/information-toute-fraiche-musee-de-prehistoire-dile-de-france-2125218774370090_546221700838817\/","title":{"rendered":"Information toute fraiche : Mus\u00e9e de Pr\u00e9histoire d\u2019Ile-de-France #2125218774370090_546221700838817"},"content":{"rendered":"<p>En cherchant sur internet nos r\u00e9dacteurs ont rep\u00e9r\u00e9 un article qui va vous s\u00e9duire. Sa th\u00e9matique est \u00ab&nbsp;l\u2019arch\u00e9ologie&nbsp;\u00bb.<\/p>\n<p>Le titre (Mus\u00e9e de Pr\u00e9histoire d\u2019Ile-de-France #2125218774370090_546221700838817) synth\u00e9tise tout l\u2019encart.<\/p>\n<p> Identifi\u00e9 sous la signature \u00abM20163\u00bb, le r\u00e9dacteur est connu et fiable pour d\u2019autres papiers qu\u2019il a publi\u00e9s sur internet.<\/p>\n<p>La date de parution est 2022-10-16 16:56:04.<\/p>\n<p>Voici lle \u00ab&nbsp;papier&nbsp;\u00bb mentionn\u00e9 : <\/p>\n<div>\n<p class=\"site-infos__item -schedule\"> <span>Horaires :<br \/><\/span><br \/>Ouvert tous les jours sauf le mercredi matin et le samedi matin<\/p>\n<p>De septembre \u00e0 juin<\/p>\n<p>De 10h \u00e0 12h30 et de 14h \u00e0 17h30<\/p>\n<p>En juillet et ao\u00fbt<\/p>\n<p>De 10h \u00e0 12h30 et de 14h \u00e0 18h00<\/p>\n<p>Le mus\u00e9e est ferm\u00e9 les 1er janvier, 1er mai et 25 d\u00e9cembre <\/p>\n<\/div>\n<p>Ouvrages sur le m\u00eame objet:<\/p>\n<p>Villa 4. Histoire et arch\u00e9ologie de l\u2019occident musulman (viie-xve si\u00e8cle).,<a target=\"_blank\" rel=\"nofollow\" href=\"https:\/\/www.viaromana.org\/blog\/goto\/https:\/\/www.epagine.fr\/ebook\/9782810709878-villa-4-histoire-et-archeologie-de-l-occident-musulman-viie-xve-siecle-philippe-senac\/\"  target=\"_blank\" rel=\"noopener noreferrer nofollow\">Ouvrage <\/a><span><\/span>.<\/p>\n<p>L\u2019organisation territoriale de l\u2019arch\u00e9ologie en Europe.,<a target=\"_blank\" rel=\"nofollow\" href=\"https:\/\/www.viaromana.org\/blog\/goto\/https:\/\/www.epagine.fr\/ebook\/9782402452526-l-organisation-territoriale-de-l-archeologie-en-europe-centre-national-de-la-fonction-publique-territoriale-ecole-nationale-d-application-des-cadres-territoriaux-associatio\/\"  target=\"_blank\" rel=\"noopener noreferrer nofollow\">Ouvrage <\/a><span><\/span>.<\/p>\n<p>QuanTika, Tome 1 : Vestiges.,<a target=\"_blank\" rel=\"nofollow\" href=\"https:\/\/www.viaromana.org\/blog\/goto\/https:\/\/booknode.com\/quantika_tome_1_vestiges_0352312\"  target=\"_blank\" rel=\"noopener noreferrer nofollow\">(Disponible) <\/a><span><\/span>.<\/p>\n<p>Papaut\u00e9, monachisme et th\u00e9ories politiques. Volume I.,<a target=\"_blank\" rel=\"nofollow\" href=\"https:\/\/www.viaromana.org\/blog\/goto\/https:\/\/www.kobo.com\/de\/fr\/ebook\/papaute-monachisme-et-theories-politiques-volume-i\"  target=\"_blank\" rel=\"noopener noreferrer nofollow\">(Disponible) <\/a><span><\/span>.<\/p>\n","protected":false},"excerpt":{"rendered":"<p>En cherchant sur internet nos r\u00e9dacteurs ont rep\u00e9r\u00e9 un article qui va vous s\u00e9duire. Sa th\u00e9matique est \u00ab&nbsp;l\u2019arch\u00e9ologie&nbsp;\u00bb. Le titre (Mus\u00e9e de Pr\u00e9histoire d\u2019Ile-de-France #2125218774370090_546221700838817) synth\u00e9tise tout l\u2019encart. Identifi\u00e9 sous la signature \u00abM20163\u00bb, le r\u00e9dacteur est connu et fiable pour d\u2019autres papiers qu\u2019il a publi\u00e9s sur internet. La date de parution est 2022-10-16 16:56:04. Voici lle \u00ab&nbsp;papier&nbsp;\u00bb mentionn\u00e9 : Horaires :Ouvert tous les jours sauf le mercredi matin et le samedi matin De septembre \u00e0 juin De 10h \u00e0 12h30 et de 14h \u00e0 17h30 En juillet et ao\u00fbt De 10h \u00e0 12h30 et de 14h \u00e0 18h00 Le mus\u00e9e\u2026<\/p>\n","protected":false},"author":1,"featured_media":1366,"comment_status":"closed","ping_status":"closed","sticky":false,"template":"","format":"standard","meta":{"footnotes":""},"categories":[2],"tags":[],"blocksy_meta":{"styles_descriptor":{"styles":{"desktop":"","tablet":"","mobile":""},"google_fonts":[],"version":4}},"yoast_head":"<!-- This site is optimized with the Yoast SEO plugin v21.1 - https:\/\/yoast.com\/wordpress\/plugins\/seo\/ -->\n<title>Information toute fraiche : Mus\u00e9e de Pr\u00e9histoire d\u2019Ile-de-France #2125218774370090_546221700838817 - Viaromana et arch\u00e9ologie.<\/title>\n<meta name=\"description\" content=\"Information toute fraiche : Mus\u00e9e de Pr\u00e9histoire d\u2019Ile-de-France #2125218774370090_546221700838817 article de Viaromana et arch\u00e9ologie.\" \/>\n<meta name=\"robots\" content=\"index, follow, max-snippet:-1, max-image-preview:large, max-video-preview:-1\" \/>\n<link rel=\"canonical\" href=\"https:\/\/www.viaromana.org\/blog\/information-toute-fraiche-musee-de-prehistoire-dile-de-france-2125218774370090_546221700838817\/\" \/>\n<meta property=\"og:locale\" content=\"fr_FR\" \/>\n<meta property=\"og:type\" content=\"article\" \/>\n<meta property=\"og:title\" content=\"Information toute fraiche : Mus\u00e9e de Pr\u00e9histoire d\u2019Ile-de-France #2125218774370090_546221700838817 - Viaromana et arch\u00e9ologie.\" \/>\n<meta property=\"og:description\" content=\"Information toute fraiche : Mus\u00e9e de Pr\u00e9histoire d\u2019Ile-de-France #2125218774370090_546221700838817 article de Viaromana et arch\u00e9ologie.\" \/>\n<meta property=\"og:url\" content=\"https:\/\/www.viaromana.org\/blog\/information-toute-fraiche-musee-de-prehistoire-dile-de-france-2125218774370090_546221700838817\/\" \/>\n<meta property=\"og:site_name\" content=\"Viaromana et arch\u00e9ologie.\" \/>\n<meta property=\"article:published_time\" content=\"2022-10-16T14:56:04+00:00\" \/>\n<meta property=\"og:image\" content=\"https:\/\/www.viaromana.org\/blog\/wp-content\/uploads\/2022\/10\/unnamed-file-6-scaled.jpg\" \/>\n\t<meta property=\"og:image:width\" content=\"2560\" \/>\n\t<meta property=\"og:image:height\" content=\"2560\" \/>\n\t<meta property=\"og:image:type\" content=\"image\/jpeg\" \/>\n<meta name=\"author\" content=\"Robert\" \/>\n<meta name=\"twitter:card\" content=\"summary_large_image\" \/>\n<meta name=\"twitter:label1\" content=\"\u00c9crit par\" \/>\n\t<meta name=\"twitter:data1\" content=\"Robert\" \/>\n\t<meta name=\"twitter:label2\" content=\"Dur\u00e9e de lecture estim\u00e9e\" \/>\n\t<meta name=\"twitter:data2\" content=\"1 minute\" \/>\n<script type=\"application\/ld+json\" class=\"yoast-schema-graph\">{\"@context\":\"https:\/\/schema.org\",\"@graph\":[{\"@type\":\"Article\",\"@id\":\"https:\/\/www.viaromana.org\/blog\/information-toute-fraiche-musee-de-prehistoire-dile-de-france-2125218774370090_546221700838817\/#article\",\"isPartOf\":{\"@id\":\"https:\/\/www.viaromana.org\/blog\/information-toute-fraiche-musee-de-prehistoire-dile-de-france-2125218774370090_546221700838817\/\"},\"author\":{\"name\":\"Robert\",\"@id\":\"https:\/\/www.viaromana.org\/blog\/#\/schema\/person\/cde9c4655845091e1fe473fcd163c889\"},\"headline\":\"Information toute fraiche : Mus\u00e9e de Pr\u00e9histoire d\u2019Ile-de-France #2125218774370090_546221700838817\",\"datePublished\":\"2022-10-16T14:56:04+00:00\",\"dateModified\":\"2022-10-16T14:56:04+00:00\",\"mainEntityOfPage\":{\"@id\":\"https:\/\/www.viaromana.org\/blog\/information-toute-fraiche-musee-de-prehistoire-dile-de-france-2125218774370090_546221700838817\/\"},\"wordCount\":176,\"publisher\":{\"@id\":\"https:\/\/www.viaromana.org\/blog\/#organization\"},\"articleSection\":[\"Arch\u00e9ologie\"],\"inLanguage\":\"fr-FR\"},{\"@type\":\"WebPage\",\"@id\":\"https:\/\/www.viaromana.org\/blog\/information-toute-fraiche-musee-de-prehistoire-dile-de-france-2125218774370090_546221700838817\/\",\"url\":\"https:\/\/www.viaromana.org\/blog\/information-toute-fraiche-musee-de-prehistoire-dile-de-france-2125218774370090_546221700838817\/\",\"name\":\"Information toute fraiche : Mus\u00e9e de Pr\u00e9histoire d\u2019Ile-de-France #2125218774370090_546221700838817 - Viaromana et arch\u00e9ologie.\",\"isPartOf\":{\"@id\":\"https:\/\/www.viaromana.org\/blog\/#website\"},\"datePublished\":\"2022-10-16T14:56:04+00:00\",\"dateModified\":\"2022-10-16T14:56:04+00:00\",\"description\":\"Information toute fraiche : Mus\u00e9e de Pr\u00e9histoire d\u2019Ile-de-France #2125218774370090_546221700838817 article de Viaromana et arch\u00e9ologie.\",\"breadcrumb\":{\"@id\":\"https:\/\/www.viaromana.org\/blog\/information-toute-fraiche-musee-de-prehistoire-dile-de-france-2125218774370090_546221700838817\/#breadcrumb\"},\"inLanguage\":\"fr-FR\",\"potentialAction\":[{\"@type\":\"ReadAction\",\"target\":[\"https:\/\/www.viaromana.org\/blog\/information-toute-fraiche-musee-de-prehistoire-dile-de-france-2125218774370090_546221700838817\/\"]}]},{\"@type\":\"BreadcrumbList\",\"@id\":\"https:\/\/www.viaromana.org\/blog\/information-toute-fraiche-musee-de-prehistoire-dile-de-france-2125218774370090_546221700838817\/#breadcrumb\",\"itemListElement\":[{\"@type\":\"ListItem\",\"position\":1,\"name\":\"Accueil\",\"item\":\"https:\/\/www.viaromana.org\/blog\/\"},{\"@type\":\"ListItem\",\"position\":2,\"name\":\"Information toute fraiche : Mus\u00e9e de Pr\u00e9histoire d\u2019Ile-de-France #2125218774370090_546221700838817\"}]},{\"@type\":\"WebSite\",\"@id\":\"https:\/\/www.viaromana.org\/blog\/#website\",\"url\":\"https:\/\/www.viaromana.org\/blog\/\",\"name\":\"Viaromana et arch\u00e9ologie.\",\"description\":\"Site arch\u00e9ologique de la voie romaine (viaromana) Belgique-France-Rome\",\"publisher\":{\"@id\":\"https:\/\/www.viaromana.org\/blog\/#organization\"},\"potentialAction\":[{\"@type\":\"SearchAction\",\"target\":{\"@type\":\"EntryPoint\",\"urlTemplate\":\"https:\/\/www.viaromana.org\/blog\/?s={search_term_string}\"},\"query-input\":\"required name=search_term_string\"}],\"inLanguage\":\"fr-FR\"},{\"@type\":\"Organization\",\"@id\":\"https:\/\/www.viaromana.org\/blog\/#organization\",\"name\":\"viaromana\",\"url\":\"https:\/\/www.viaromana.org\/blog\/\",\"logo\":{\"@type\":\"ImageObject\",\"inLanguage\":\"fr-FR\",\"@id\":\"https:\/\/www.viaromana.org\/blog\/#\/schema\/logo\/image\/\",\"url\":\"https:\/\/www.viaromana.org\/blog\/wp-content\/uploads\/2021\/12\/logo-3.png\",\"contentUrl\":\"https:\/\/www.viaromana.org\/blog\/wp-content\/uploads\/2021\/12\/logo-3.png\",\"width\":300,\"height\":249,\"caption\":\"viaromana\"},\"image\":{\"@id\":\"https:\/\/www.viaromana.org\/blog\/#\/schema\/logo\/image\/\"}},{\"@type\":\"Person\",\"@id\":\"https:\/\/www.viaromana.org\/blog\/#\/schema\/person\/cde9c4655845091e1fe473fcd163c889\",\"name\":\"Robert\",\"image\":{\"@type\":\"ImageObject\",\"inLanguage\":\"fr-FR\",\"@id\":\"https:\/\/www.viaromana.org\/blog\/#\/schema\/person\/image\/\",\"url\":\"https:\/\/secure.gravatar.com\/avatar\/a168ec191013b636c2f278aec04e724b?s=96&d=mm&r=g\",\"contentUrl\":\"https:\/\/secure.gravatar.com\/avatar\/a168ec191013b636c2f278aec04e724b?s=96&d=mm&r=g\",\"caption\":\"Robert\"},\"sameAs\":[\"https:\/\/www.viaromana.org\/blog\"],\"url\":\"https:\/\/www.viaromana.org\/blog\/author\/anaadmin\/\"}]}<\/script>\n<!-- \/ Yoast SEO plugin. -->","yoast_head_json":{"title":"Information toute fraiche : Mus\u00e9e de Pr\u00e9histoire d\u2019Ile-de-France #2125218774370090_546221700838817 - Viaromana et arch\u00e9ologie.","description":"Information toute fraiche : Mus\u00e9e de Pr\u00e9histoire d\u2019Ile-de-France #2125218774370090_546221700838817 article de Viaromana et arch\u00e9ologie.","robots":{"index":"index","follow":"follow","max-snippet":"max-snippet:-1","max-image-preview":"max-image-preview:large","max-video-preview":"max-video-preview:-1"},"canonical":"https:\/\/www.viaromana.org\/blog\/information-toute-fraiche-musee-de-prehistoire-dile-de-france-2125218774370090_546221700838817\/","og_locale":"fr_FR","og_type":"article","og_title":"Information toute fraiche : Mus\u00e9e de Pr\u00e9histoire d\u2019Ile-de-France #2125218774370090_546221700838817 - Viaromana et arch\u00e9ologie.","og_description":"Information toute fraiche : Mus\u00e9e de Pr\u00e9histoire d\u2019Ile-de-France #2125218774370090_546221700838817 article de Viaromana et arch\u00e9ologie.","og_url":"https:\/\/www.viaromana.org\/blog\/information-toute-fraiche-musee-de-prehistoire-dile-de-france-2125218774370090_546221700838817\/","og_site_name":"Viaromana et arch\u00e9ologie.","article_published_time":"2022-10-16T14:56:04+00:00","og_image":[{"width":2560,"height":2560,"url":"https:\/\/www.viaromana.org\/blog\/wp-content\/uploads\/2022\/10\/unnamed-file-6-scaled.jpg","type":"image\/jpeg"}],"author":"Robert","twitter_card":"summary_large_image","twitter_misc":{"\u00c9crit par":"Robert","Dur\u00e9e de lecture estim\u00e9e":"1 minute"},"schema":{"@context":"https:\/\/schema.org","@graph":[{"@type":"Article","@id":"https:\/\/www.viaromana.org\/blog\/information-toute-fraiche-musee-de-prehistoire-dile-de-france-2125218774370090_546221700838817\/#article","isPartOf":{"@id":"https:\/\/www.viaromana.org\/blog\/information-toute-fraiche-musee-de-prehistoire-dile-de-france-2125218774370090_546221700838817\/"},"author":{"name":"Robert","@id":"https:\/\/www.viaromana.org\/blog\/#\/schema\/person\/cde9c4655845091e1fe473fcd163c889"},"headline":"Information toute fraiche : Mus\u00e9e de Pr\u00e9histoire d\u2019Ile-de-France #2125218774370090_546221700838817","datePublished":"2022-10-16T14:56:04+00:00","dateModified":"2022-10-16T14:56:04+00:00","mainEntityOfPage":{"@id":"https:\/\/www.viaromana.org\/blog\/information-toute-fraiche-musee-de-prehistoire-dile-de-france-2125218774370090_546221700838817\/"},"wordCount":176,"publisher":{"@id":"https:\/\/www.viaromana.org\/blog\/#organization"},"articleSection":["Arch\u00e9ologie"],"inLanguage":"fr-FR"},{"@type":"WebPage","@id":"https:\/\/www.viaromana.org\/blog\/information-toute-fraiche-musee-de-prehistoire-dile-de-france-2125218774370090_546221700838817\/","url":"https:\/\/www.viaromana.org\/blog\/information-toute-fraiche-musee-de-prehistoire-dile-de-france-2125218774370090_546221700838817\/","name":"Information toute fraiche : Mus\u00e9e de Pr\u00e9histoire d\u2019Ile-de-France #2125218774370090_546221700838817 - Viaromana et arch\u00e9ologie.","isPartOf":{"@id":"https:\/\/www.viaromana.org\/blog\/#website"},"datePublished":"2022-10-16T14:56:04+00:00","dateModified":"2022-10-16T14:56:04+00:00","description":"Information toute fraiche : Mus\u00e9e de Pr\u00e9histoire d\u2019Ile-de-France #2125218774370090_546221700838817 article de Viaromana et arch\u00e9ologie.","breadcrumb":{"@id":"https:\/\/www.viaromana.org\/blog\/information-toute-fraiche-musee-de-prehistoire-dile-de-france-2125218774370090_546221700838817\/#breadcrumb"},"inLanguage":"fr-FR","potentialAction":[{"@type":"ReadAction","target":["https:\/\/www.viaromana.org\/blog\/information-toute-fraiche-musee-de-prehistoire-dile-de-france-2125218774370090_546221700838817\/"]}]},{"@type":"BreadcrumbList","@id":"https:\/\/www.viaromana.org\/blog\/information-toute-fraiche-musee-de-prehistoire-dile-de-france-2125218774370090_546221700838817\/#breadcrumb","itemListElement":[{"@type":"ListItem","position":1,"name":"Accueil","item":"https:\/\/www.viaromana.org\/blog\/"},{"@type":"ListItem","position":2,"name":"Information toute fraiche : Mus\u00e9e de Pr\u00e9histoire d\u2019Ile-de-France #2125218774370090_546221700838817"}]},{"@type":"WebSite","@id":"https:\/\/www.viaromana.org\/blog\/#website","url":"https:\/\/www.viaromana.org\/blog\/","name":"Viaromana et arch\u00e9ologie.","description":"Site arch\u00e9ologique de la voie romaine (viaromana) Belgique-France-Rome","publisher":{"@id":"https:\/\/www.viaromana.org\/blog\/#organization"},"potentialAction":[{"@type":"SearchAction","target":{"@type":"EntryPoint","urlTemplate":"https:\/\/www.viaromana.org\/blog\/?s={search_term_string}"},"query-input":"required name=search_term_string"}],"inLanguage":"fr-FR"},{"@type":"Organization","@id":"https:\/\/www.viaromana.org\/blog\/#organization","name":"viaromana","url":"https:\/\/www.viaromana.org\/blog\/","logo":{"@type":"ImageObject","inLanguage":"fr-FR","@id":"https:\/\/www.viaromana.org\/blog\/#\/schema\/logo\/image\/","url":"https:\/\/www.viaromana.org\/blog\/wp-content\/uploads\/2021\/12\/logo-3.png","contentUrl":"https:\/\/www.viaromana.org\/blog\/wp-content\/uploads\/2021\/12\/logo-3.png","width":300,"height":249,"caption":"viaromana"},"image":{"@id":"https:\/\/www.viaromana.org\/blog\/#\/schema\/logo\/image\/"}},{"@type":"Person","@id":"https:\/\/www.viaromana.org\/blog\/#\/schema\/person\/cde9c4655845091e1fe473fcd163c889","name":"Robert","image":{"@type":"ImageObject","inLanguage":"fr-FR","@id":"https:\/\/www.viaromana.org\/blog\/#\/schema\/person\/image\/","url":"https:\/\/secure.gravatar.com\/avatar\/a168ec191013b636c2f278aec04e724b?s=96&d=mm&r=g","contentUrl":"https:\/\/secure.gravatar.com\/avatar\/a168ec191013b636c2f278aec04e724b?s=96&d=mm&r=g","caption":"Robert"},"sameAs":["https:\/\/www.viaromana.org\/blog"],"url":"https:\/\/www.viaromana.org\/blog\/author\/anaadmin\/"}]}},"_links":{"self":[{"href":"https:\/\/www.viaromana.org\/blog\/wp-json\/wp\/v2\/posts\/1365"}],"collection":[{"href":"https:\/\/www.viaromana.org\/blog\/wp-json\/wp\/v2\/posts"}],"about":[{"href":"https:\/\/www.viaromana.org\/blog\/wp-json\/wp\/v2\/types\/post"}],"author":[{"embeddable":true,"href":"https:\/\/www.viaromana.org\/blog\/wp-json\/wp\/v2\/users\/1"}],"replies":[{"embeddable":true,"href":"https:\/\/www.viaromana.org\/blog\/wp-json\/wp\/v2\/comments?post=1365"}],"version-history":[{"count":0,"href":"https:\/\/www.viaromana.org\/blog\/wp-json\/wp\/v2\/posts\/1365\/revisions"}],"wp:featuredmedia":[{"embeddable":true,"href":"https:\/\/www.viaromana.org\/blog\/wp-json\/wp\/v2\/media\/1366"}],"wp:attachment":[{"href":"https:\/\/www.viaromana.org\/blog\/wp-json\/wp\/v2\/media?parent=1365"}],"wp:term":[{"taxonomy":"category","embeddable":true,"href":"https:\/\/www.viaromana.org\/blog\/wp-json\/wp\/v2\/categories?post=1365"},{"taxonomy":"post_tag","embeddable":true,"href":"https:\/\/www.viaromana.org\/blog\/wp-json\/wp\/v2\/tags?post=1365"}],"curies":[{"name":"wp","href":"https:\/\/api.w.org\/{rel}","templated":true}]}}