{"id":1357,"date":"2022-08-22T11:18:06","date_gmt":"2022-08-22T09:18:06","guid":{"rendered":"https:\/\/www.site.cdcl.xyz\/2022\/08\/22\/que-retenir-de-ce-texte-seminaire-de-lam-restituer-le-patrimoine-africain\/"},"modified":"2022-08-22T11:18:06","modified_gmt":"2022-08-22T09:18:06","slug":"que-retenir-de-ce-texte-seminaire-de-lam-restituer-le-patrimoine-africain","status":"publish","type":"post","link":"https:\/\/www.viaromana.org\/blog\/que-retenir-de-ce-texte-seminaire-de-lam-restituer-le-patrimoine-africain\/","title":{"rendered":"Que retenir de ce texte : S\u00e9minaire de LAM | Restituer le patrimoine africain"},"content":{"rendered":"<p>En parcourant le web nous avons rep\u00e9r\u00e9 un texte qui risque de vous s\u00e9duire. Sa th\u00e9matique est \u00ab&nbsp;l\u2019arch\u00e9ologie&nbsp;\u00bb.<\/p>\n<p>Son titre (S\u00e9minaire de LAM | Restituer le patrimoine africain) en dit long.<\/p>\n<p> Identifi\u00e9 sous la signature \u00abMus\u00e9e d\u2019Aquitaine\u00bb, l\u2019auteur est positivement connu.<\/p>\n<p>Il n\u2019y a aucune raison de douter de la fiabilit\u00e9 de ces r\u00e9v\u00e9lations.<\/p>\n<p>Le texte a \u00e9t\u00e9 \u00e9dit\u00e9 \u00e0 une date indiqu\u00e9e 2022-08-22 11:18:06.<\/p>\n<div>\n<p>Avec :<\/p>\n<p>\u2013 Hadj Ahmed ASSABA, asociation Alter Natives<br \/>\u2013 Elara BERTHO, CNRS \/ Les Afriques dans le monde<br \/>\u2013 Katia KUKAWKA, mus\u00e9e d\u2019Aquitaine<br \/>\u2013 Marian NUR GONI, Universit\u00e9 Paris 8 Vincennes St Denis<\/p>\n<p>En novembre 2017, le pr\u00e9sident Emmanuel Macron a annonc\u00e9 \u00e0 Ouagadougou (Burkina Faso) vouloir r\u00e9unir les conditions pour restituer d\u2019ici cinq ans, temporairement ou d\u00e9finitivement, le patrimoine africain. Alors que ce d\u00e9lai est bient\u00f4t \u00e9coul\u00e9, nous vous invitons pour discuter de la restitution du patrimoine africain lors du prochain s\u00e9minaire d\u2019actualit\u00e9.<br \/>Selon le rapport de Felwine Sarr et B\u00e9n\u00e9dicte Savoy, les mus\u00e9es occidentaux d\u00e9tiennent plus de 90% du patrimoine culturel africain. Face \u00e0 ce constat, certains soutiennent la restitution en insistant sur l\u2019importance de la r\u00e9paration et de la dette morale des anciens pays colonisateurs, tout en soulignant l\u2019importance de ce capital symbolique&nbsp;<\/p>\n<p>pour les pays africains. D\u2019autres s\u2019y opposent ou se montrent tr\u00e8s r\u00e9ticents au nom de la multiculturalit\u00e9 des \u0153uvres et de la pr\u00e9tendue incapacit\u00e9 des mus\u00e9es africains \u00e0 conserver le patrimoine. Au c\u0153ur des d\u00e9bats, se m\u00ealent des questions morales, culturelles, juridiques et politiques. Pourquoi cette question est-elle si centrale aujourd\u2019hui ?&nbsp;<\/p>\n<p>Qu\u2019entend-t-on r\u00e9ellement par le terme de restitution ? De quelles \u0153uvres est-il question ? Sous quelles modalit\u00e9s les rendre et \u00e0 qui ?<\/p>\n<p>Ce s\u00e9minaire sera l\u2019occasion de r\u00e9pondre \u00e0 ces questions en m\u00ealant des paroles universitaires, professionnelles et militantes. Katia Kukawka expliquera tr\u00e8s concr\u00e8tement comment ce sujet est pris en compte par le Mus\u00e9e d\u2019Aquitaine. Elara Bertho nous \u00e9clairera sur la mani\u00e8re dont la restitution du patrimoine africain est abord\u00e9e dans des \u0153uvres litt\u00e9raires et cin\u00e9matographiques africaines. Ahmed Assaba pr\u00e9sentera le point de vue militant et les actions men\u00e9es par l\u2019Association Alter natives. Marian Nur Goni pr\u00e9sentera ensuite le dernier num\u00e9ro de la revue politique africaine sur les Patrimoines africains ainsi que son r\u00f4le, dans une perspective de recherche-action, d\u2019accompagnement d\u2019un projet de restitution de l\u2019Allemagne au Kenya.<\/p>\n<p><em>LAM, le laboratoire de recherche Les Afriques dans le monde, anime depuis 2015 des s\u00e9minaires d\u2019actualit\u00e9 au mus\u00e9e d\u2019Aquitaine&nbsp;: ceux-ci visent \u00e0 confronter les regards autour d\u2019objets qui suscitent la controverse dans le d\u00e9bat public. Les s\u00e9ances sont coordonn\u00e9es par Chlo\u00e9 Ould Aklouche et Zo\u00e9 Qu\u00e9tu, doctorantes \u00e0 LAM.<\/em><br \/>&nbsp;<\/p>\n<p><em><img decoding=\"async\" alt src=\"https:\/\/www.viaromana.org\/blog\/wp-content\/uploads\/2022\/10\/que-retenir-de-ce-texte-seminaire-de-lam-restituer-le-patrimoine-africain.jpg\"><\/em><\/p>\n<\/p><\/div>\n<p>Vous aimerez aussi:<\/p>\n<p>Tout\u00e2nkhamon, l\u2019ultime secret.,<a target=\"_blank\" rel=\"nofollow\" href=\"https:\/\/www.viaromana.org\/blog\/goto\/https:\/\/booknode.com\/toutankhamon_lultime_secret_058303\"  target=\"_blank\" rel=\"noopener noreferrer nofollow\">A voir et \u00e0 lire. <\/a><span><\/span>.<\/p>\n<p>Manuel d\u2019arch\u00e9ologie \u00e9trusque et romaine.,<a target=\"_blank\" rel=\"nofollow\" href=\"https:\/\/www.viaromana.org\/blog\/goto\/https:\/\/www.epagine.fr\/ebook\/9782346060832-manuel-d-archeologie-etrusque-et-romaine-jules-martha\/\"  target=\"_blank\" rel=\"noopener noreferrer nofollow\">Ouvrage <\/a><span><\/span>. A emprunter en biblioth\u00e8que.<\/p>\n<p>Soci\u00e9t\u00e9 d\u2019Histoire et d\u2019Arch\u00e9ologie Wickram.,<a target=\"_blank\" rel=\"nofollow\" href=\"https:\/\/www.viaromana.org\/blog\/goto\/https:\/\/www.epagine.fr\/ebook\/9782402276214-societe-d-histoire-et-d-archeologie-wickram-andre-billich-a-edel-a-heitzler\/\"  target=\"_blank\" rel=\"noopener noreferrer nofollow\">(la couverture) <\/a><span><\/span>.<\/p>\n<p>Pomp\u00e9i : la cit\u00e9 ensevelie.,<a target=\"_blank\" rel=\"nofollow\" href=\"https:\/\/www.viaromana.org\/blog\/goto\/https:\/\/booknode.com\/pompei_la_cite_ensevelie_050130\"  target=\"_blank\" rel=\"noopener noreferrer nofollow\">Ouvrage <\/a><span><\/span>. A emprunter en biblioth\u00e8que.<\/p>\n","protected":false},"excerpt":{"rendered":"<p>En parcourant le web nous avons rep\u00e9r\u00e9 un texte qui risque de vous s\u00e9duire. Sa th\u00e9matique est \u00ab&nbsp;l\u2019arch\u00e9ologie&nbsp;\u00bb. Son titre (S\u00e9minaire de LAM | Restituer le patrimoine africain) en dit long. Identifi\u00e9 sous la signature \u00abMus\u00e9e d\u2019Aquitaine\u00bb, l\u2019auteur est positivement connu. Il n\u2019y a aucune raison de douter de la fiabilit\u00e9 de ces r\u00e9v\u00e9lations. Le texte a \u00e9t\u00e9 \u00e9dit\u00e9 \u00e0 une date indiqu\u00e9e 2022-08-22 11:18:06. Avec : \u2013 Hadj Ahmed ASSABA, asociation Alter Natives\u2013 Elara BERTHO, CNRS \/ Les Afriques dans le monde\u2013 Katia KUKAWKA, mus\u00e9e d\u2019Aquitaine\u2013 Marian NUR GONI, Universit\u00e9 Paris 8 Vincennes St Denis En novembre 2017, le\u2026<\/p>\n","protected":false},"author":1,"featured_media":1358,"comment_status":"closed","ping_status":"closed","sticky":false,"template":"","format":"standard","meta":{"footnotes":""},"categories":[2],"tags":[],"blocksy_meta":{"styles_descriptor":{"styles":{"desktop":"","tablet":"","mobile":""},"google_fonts":[],"version":4}},"yoast_head":"<!-- This site is optimized with the Yoast SEO plugin v21.1 - https:\/\/yoast.com\/wordpress\/plugins\/seo\/ -->\n<title>Que retenir de ce texte : S\u00e9minaire de LAM | Restituer le patrimoine africain - Viaromana et arch\u00e9ologie.<\/title>\n<meta name=\"description\" content=\"Que retenir de ce texte : S\u00e9minaire de LAM | Restituer le patrimoine africain article de Viaromana et arch\u00e9ologie.\" \/>\n<meta name=\"robots\" content=\"index, follow, max-snippet:-1, max-image-preview:large, max-video-preview:-1\" \/>\n<link rel=\"canonical\" href=\"https:\/\/www.viaromana.org\/blog\/que-retenir-de-ce-texte-seminaire-de-lam-restituer-le-patrimoine-africain\/\" \/>\n<meta property=\"og:locale\" content=\"fr_FR\" \/>\n<meta property=\"og:type\" content=\"article\" \/>\n<meta property=\"og:title\" content=\"Que retenir de ce texte : S\u00e9minaire de LAM | Restituer le patrimoine africain - Viaromana et arch\u00e9ologie.\" \/>\n<meta property=\"og:description\" content=\"Que retenir de ce texte : S\u00e9minaire de LAM | Restituer le patrimoine africain article de Viaromana et arch\u00e9ologie.\" \/>\n<meta property=\"og:url\" content=\"https:\/\/www.viaromana.org\/blog\/que-retenir-de-ce-texte-seminaire-de-lam-restituer-le-patrimoine-africain\/\" \/>\n<meta property=\"og:site_name\" content=\"Viaromana et arch\u00e9ologie.\" \/>\n<meta property=\"article:published_time\" content=\"2022-08-22T09:18:06+00:00\" \/>\n<meta property=\"og:image\" content=\"https:\/\/www.viaromana.org\/blog\/wp-content\/uploads\/2022\/10\/unnamed-file-5.jpg\" \/>\n\t<meta property=\"og:image:width\" content=\"1664\" \/>\n\t<meta property=\"og:image:height\" content=\"1664\" \/>\n\t<meta property=\"og:image:type\" content=\"image\/jpeg\" \/>\n<meta name=\"author\" content=\"Robert\" \/>\n<meta name=\"twitter:card\" content=\"summary_large_image\" \/>\n<meta name=\"twitter:label1\" content=\"\u00c9crit par\" \/>\n\t<meta name=\"twitter:data1\" content=\"Robert\" \/>\n\t<meta name=\"twitter:label2\" content=\"Dur\u00e9e de lecture estim\u00e9e\" \/>\n\t<meta name=\"twitter:data2\" content=\"3 minutes\" \/>\n<script type=\"application\/ld+json\" class=\"yoast-schema-graph\">{\"@context\":\"https:\/\/schema.org\",\"@graph\":[{\"@type\":\"Article\",\"@id\":\"https:\/\/www.viaromana.org\/blog\/que-retenir-de-ce-texte-seminaire-de-lam-restituer-le-patrimoine-africain\/#article\",\"isPartOf\":{\"@id\":\"https:\/\/www.viaromana.org\/blog\/que-retenir-de-ce-texte-seminaire-de-lam-restituer-le-patrimoine-africain\/\"},\"author\":{\"name\":\"Robert\",\"@id\":\"https:\/\/www.viaromana.org\/blog\/#\/schema\/person\/cde9c4655845091e1fe473fcd163c889\"},\"headline\":\"Que retenir de ce texte : S\u00e9minaire de LAM | Restituer le patrimoine africain\",\"datePublished\":\"2022-08-22T09:18:06+00:00\",\"dateModified\":\"2022-08-22T09:18:06+00:00\",\"mainEntityOfPage\":{\"@id\":\"https:\/\/www.viaromana.org\/blog\/que-retenir-de-ce-texte-seminaire-de-lam-restituer-le-patrimoine-africain\/\"},\"wordCount\":548,\"publisher\":{\"@id\":\"https:\/\/www.viaromana.org\/blog\/#organization\"},\"articleSection\":[\"Arch\u00e9ologie\"],\"inLanguage\":\"fr-FR\"},{\"@type\":\"WebPage\",\"@id\":\"https:\/\/www.viaromana.org\/blog\/que-retenir-de-ce-texte-seminaire-de-lam-restituer-le-patrimoine-africain\/\",\"url\":\"https:\/\/www.viaromana.org\/blog\/que-retenir-de-ce-texte-seminaire-de-lam-restituer-le-patrimoine-africain\/\",\"name\":\"Que retenir de ce texte : S\u00e9minaire de LAM | Restituer le patrimoine africain - Viaromana et arch\u00e9ologie.\",\"isPartOf\":{\"@id\":\"https:\/\/www.viaromana.org\/blog\/#website\"},\"datePublished\":\"2022-08-22T09:18:06+00:00\",\"dateModified\":\"2022-08-22T09:18:06+00:00\",\"description\":\"Que retenir de ce texte : S\u00e9minaire de LAM | Restituer le patrimoine africain article de Viaromana et arch\u00e9ologie.\",\"breadcrumb\":{\"@id\":\"https:\/\/www.viaromana.org\/blog\/que-retenir-de-ce-texte-seminaire-de-lam-restituer-le-patrimoine-africain\/#breadcrumb\"},\"inLanguage\":\"fr-FR\",\"potentialAction\":[{\"@type\":\"ReadAction\",\"target\":[\"https:\/\/www.viaromana.org\/blog\/que-retenir-de-ce-texte-seminaire-de-lam-restituer-le-patrimoine-africain\/\"]}]},{\"@type\":\"BreadcrumbList\",\"@id\":\"https:\/\/www.viaromana.org\/blog\/que-retenir-de-ce-texte-seminaire-de-lam-restituer-le-patrimoine-africain\/#breadcrumb\",\"itemListElement\":[{\"@type\":\"ListItem\",\"position\":1,\"name\":\"Accueil\",\"item\":\"https:\/\/www.viaromana.org\/blog\/\"},{\"@type\":\"ListItem\",\"position\":2,\"name\":\"Que retenir de ce texte : S\u00e9minaire de LAM | Restituer le patrimoine africain\"}]},{\"@type\":\"WebSite\",\"@id\":\"https:\/\/www.viaromana.org\/blog\/#website\",\"url\":\"https:\/\/www.viaromana.org\/blog\/\",\"name\":\"Viaromana et arch\u00e9ologie.\",\"description\":\"Site arch\u00e9ologique de la voie romaine (viaromana) Belgique-France-Rome\",\"publisher\":{\"@id\":\"https:\/\/www.viaromana.org\/blog\/#organization\"},\"potentialAction\":[{\"@type\":\"SearchAction\",\"target\":{\"@type\":\"EntryPoint\",\"urlTemplate\":\"https:\/\/www.viaromana.org\/blog\/?s={search_term_string}\"},\"query-input\":\"required name=search_term_string\"}],\"inLanguage\":\"fr-FR\"},{\"@type\":\"Organization\",\"@id\":\"https:\/\/www.viaromana.org\/blog\/#organization\",\"name\":\"viaromana\",\"url\":\"https:\/\/www.viaromana.org\/blog\/\",\"logo\":{\"@type\":\"ImageObject\",\"inLanguage\":\"fr-FR\",\"@id\":\"https:\/\/www.viaromana.org\/blog\/#\/schema\/logo\/image\/\",\"url\":\"https:\/\/www.viaromana.org\/blog\/wp-content\/uploads\/2021\/12\/logo-3.png\",\"contentUrl\":\"https:\/\/www.viaromana.org\/blog\/wp-content\/uploads\/2021\/12\/logo-3.png\",\"width\":300,\"height\":249,\"caption\":\"viaromana\"},\"image\":{\"@id\":\"https:\/\/www.viaromana.org\/blog\/#\/schema\/logo\/image\/\"}},{\"@type\":\"Person\",\"@id\":\"https:\/\/www.viaromana.org\/blog\/#\/schema\/person\/cde9c4655845091e1fe473fcd163c889\",\"name\":\"Robert\",\"image\":{\"@type\":\"ImageObject\",\"inLanguage\":\"fr-FR\",\"@id\":\"https:\/\/www.viaromana.org\/blog\/#\/schema\/person\/image\/\",\"url\":\"https:\/\/secure.gravatar.com\/avatar\/a168ec191013b636c2f278aec04e724b?s=96&d=mm&r=g\",\"contentUrl\":\"https:\/\/secure.gravatar.com\/avatar\/a168ec191013b636c2f278aec04e724b?s=96&d=mm&r=g\",\"caption\":\"Robert\"},\"sameAs\":[\"https:\/\/www.viaromana.org\/blog\"],\"url\":\"https:\/\/www.viaromana.org\/blog\/author\/anaadmin\/\"}]}<\/script>\n<!-- \/ Yoast SEO plugin. -->","yoast_head_json":{"title":"Que retenir de ce texte : S\u00e9minaire de LAM | Restituer le patrimoine africain - Viaromana et arch\u00e9ologie.","description":"Que retenir de ce texte : S\u00e9minaire de LAM | Restituer le patrimoine africain article de Viaromana et arch\u00e9ologie.","robots":{"index":"index","follow":"follow","max-snippet":"max-snippet:-1","max-image-preview":"max-image-preview:large","max-video-preview":"max-video-preview:-1"},"canonical":"https:\/\/www.viaromana.org\/blog\/que-retenir-de-ce-texte-seminaire-de-lam-restituer-le-patrimoine-africain\/","og_locale":"fr_FR","og_type":"article","og_title":"Que retenir de ce texte : S\u00e9minaire de LAM | Restituer le patrimoine africain - Viaromana et arch\u00e9ologie.","og_description":"Que retenir de ce texte : S\u00e9minaire de LAM | Restituer le patrimoine africain article de Viaromana et arch\u00e9ologie.","og_url":"https:\/\/www.viaromana.org\/blog\/que-retenir-de-ce-texte-seminaire-de-lam-restituer-le-patrimoine-africain\/","og_site_name":"Viaromana et arch\u00e9ologie.","article_published_time":"2022-08-22T09:18:06+00:00","og_image":[{"width":1664,"height":1664,"url":"https:\/\/www.viaromana.org\/blog\/wp-content\/uploads\/2022\/10\/unnamed-file-5.jpg","type":"image\/jpeg"}],"author":"Robert","twitter_card":"summary_large_image","twitter_misc":{"\u00c9crit par":"Robert","Dur\u00e9e de lecture estim\u00e9e":"3 minutes"},"schema":{"@context":"https:\/\/schema.org","@graph":[{"@type":"Article","@id":"https:\/\/www.viaromana.org\/blog\/que-retenir-de-ce-texte-seminaire-de-lam-restituer-le-patrimoine-africain\/#article","isPartOf":{"@id":"https:\/\/www.viaromana.org\/blog\/que-retenir-de-ce-texte-seminaire-de-lam-restituer-le-patrimoine-africain\/"},"author":{"name":"Robert","@id":"https:\/\/www.viaromana.org\/blog\/#\/schema\/person\/cde9c4655845091e1fe473fcd163c889"},"headline":"Que retenir de ce texte : S\u00e9minaire de LAM | Restituer le patrimoine africain","datePublished":"2022-08-22T09:18:06+00:00","dateModified":"2022-08-22T09:18:06+00:00","mainEntityOfPage":{"@id":"https:\/\/www.viaromana.org\/blog\/que-retenir-de-ce-texte-seminaire-de-lam-restituer-le-patrimoine-africain\/"},"wordCount":548,"publisher":{"@id":"https:\/\/www.viaromana.org\/blog\/#organization"},"articleSection":["Arch\u00e9ologie"],"inLanguage":"fr-FR"},{"@type":"WebPage","@id":"https:\/\/www.viaromana.org\/blog\/que-retenir-de-ce-texte-seminaire-de-lam-restituer-le-patrimoine-africain\/","url":"https:\/\/www.viaromana.org\/blog\/que-retenir-de-ce-texte-seminaire-de-lam-restituer-le-patrimoine-africain\/","name":"Que retenir de ce texte : S\u00e9minaire de LAM | Restituer le patrimoine africain - Viaromana et arch\u00e9ologie.","isPartOf":{"@id":"https:\/\/www.viaromana.org\/blog\/#website"},"datePublished":"2022-08-22T09:18:06+00:00","dateModified":"2022-08-22T09:18:06+00:00","description":"Que retenir de ce texte : S\u00e9minaire de LAM | Restituer le patrimoine africain article de Viaromana et arch\u00e9ologie.","breadcrumb":{"@id":"https:\/\/www.viaromana.org\/blog\/que-retenir-de-ce-texte-seminaire-de-lam-restituer-le-patrimoine-africain\/#breadcrumb"},"inLanguage":"fr-FR","potentialAction":[{"@type":"ReadAction","target":["https:\/\/www.viaromana.org\/blog\/que-retenir-de-ce-texte-seminaire-de-lam-restituer-le-patrimoine-africain\/"]}]},{"@type":"BreadcrumbList","@id":"https:\/\/www.viaromana.org\/blog\/que-retenir-de-ce-texte-seminaire-de-lam-restituer-le-patrimoine-africain\/#breadcrumb","itemListElement":[{"@type":"ListItem","position":1,"name":"Accueil","item":"https:\/\/www.viaromana.org\/blog\/"},{"@type":"ListItem","position":2,"name":"Que retenir de ce texte : S\u00e9minaire de LAM | Restituer le patrimoine africain"}]},{"@type":"WebSite","@id":"https:\/\/www.viaromana.org\/blog\/#website","url":"https:\/\/www.viaromana.org\/blog\/","name":"Viaromana et arch\u00e9ologie.","description":"Site arch\u00e9ologique de la voie romaine (viaromana) Belgique-France-Rome","publisher":{"@id":"https:\/\/www.viaromana.org\/blog\/#organization"},"potentialAction":[{"@type":"SearchAction","target":{"@type":"EntryPoint","urlTemplate":"https:\/\/www.viaromana.org\/blog\/?s={search_term_string}"},"query-input":"required name=search_term_string"}],"inLanguage":"fr-FR"},{"@type":"Organization","@id":"https:\/\/www.viaromana.org\/blog\/#organization","name":"viaromana","url":"https:\/\/www.viaromana.org\/blog\/","logo":{"@type":"ImageObject","inLanguage":"fr-FR","@id":"https:\/\/www.viaromana.org\/blog\/#\/schema\/logo\/image\/","url":"https:\/\/www.viaromana.org\/blog\/wp-content\/uploads\/2021\/12\/logo-3.png","contentUrl":"https:\/\/www.viaromana.org\/blog\/wp-content\/uploads\/2021\/12\/logo-3.png","width":300,"height":249,"caption":"viaromana"},"image":{"@id":"https:\/\/www.viaromana.org\/blog\/#\/schema\/logo\/image\/"}},{"@type":"Person","@id":"https:\/\/www.viaromana.org\/blog\/#\/schema\/person\/cde9c4655845091e1fe473fcd163c889","name":"Robert","image":{"@type":"ImageObject","inLanguage":"fr-FR","@id":"https:\/\/www.viaromana.org\/blog\/#\/schema\/person\/image\/","url":"https:\/\/secure.gravatar.com\/avatar\/a168ec191013b636c2f278aec04e724b?s=96&d=mm&r=g","contentUrl":"https:\/\/secure.gravatar.com\/avatar\/a168ec191013b636c2f278aec04e724b?s=96&d=mm&r=g","caption":"Robert"},"sameAs":["https:\/\/www.viaromana.org\/blog"],"url":"https:\/\/www.viaromana.org\/blog\/author\/anaadmin\/"}]}},"_links":{"self":[{"href":"https:\/\/www.viaromana.org\/blog\/wp-json\/wp\/v2\/posts\/1357"}],"collection":[{"href":"https:\/\/www.viaromana.org\/blog\/wp-json\/wp\/v2\/posts"}],"about":[{"href":"https:\/\/www.viaromana.org\/blog\/wp-json\/wp\/v2\/types\/post"}],"author":[{"embeddable":true,"href":"https:\/\/www.viaromana.org\/blog\/wp-json\/wp\/v2\/users\/1"}],"replies":[{"embeddable":true,"href":"https:\/\/www.viaromana.org\/blog\/wp-json\/wp\/v2\/comments?post=1357"}],"version-history":[{"count":0,"href":"https:\/\/www.viaromana.org\/blog\/wp-json\/wp\/v2\/posts\/1357\/revisions"}],"wp:featuredmedia":[{"embeddable":true,"href":"https:\/\/www.viaromana.org\/blog\/wp-json\/wp\/v2\/media\/1358"}],"wp:attachment":[{"href":"https:\/\/www.viaromana.org\/blog\/wp-json\/wp\/v2\/media?parent=1357"}],"wp:term":[{"taxonomy":"category","embeddable":true,"href":"https:\/\/www.viaromana.org\/blog\/wp-json\/wp\/v2\/categories?post=1357"},{"taxonomy":"post_tag","embeddable":true,"href":"https:\/\/www.viaromana.org\/blog\/wp-json\/wp\/v2\/tags?post=1357"}],"curies":[{"name":"wp","href":"https:\/\/api.w.org\/{rel}","templated":true}]}}