{"id":1351,"date":"2022-10-12T16:38:50","date_gmt":"2022-10-12T14:38:50","guid":{"rendered":"https:\/\/www.site.cdcl.xyz\/2022\/10\/12\/information-pour-les-fans-la-nature-cest-notre-culture\/"},"modified":"2022-10-12T16:38:50","modified_gmt":"2022-10-12T14:38:50","slug":"information-pour-les-fans-la-nature-cest-notre-culture","status":"publish","type":"post","link":"https:\/\/www.viaromana.org\/blog\/information-pour-les-fans-la-nature-cest-notre-culture\/","title":{"rendered":"Information pour les fans : La nature, c&rsquo;est notre culture !"},"content":{"rendered":"<p>A lire, ce papier sur internet dont la th\u00e9matique est \u00ab&nbsp;l\u2019arch\u00e9ologie&nbsp;\u00bb et qui est susceptible de vous s\u00e9duire.<\/p>\n<p>Son titre (La nature, c&rsquo;est notre culture !) en dit long.<\/p>\n<p>Sachez que l\u2019auteur (annonc\u00e9 sous le nom admin_vannes) est connu et fiable.<\/p>\n<p>L\u2019\u00e9ditorial peut en cons\u00e9quence \u00eatre pris au s\u00e9rieux.<\/p>\n<p>Le papier a \u00e9t\u00e9 divulgu\u00e9 \u00e0 une date mentionn\u00e9e 2022-10-12 16:38:50.<\/p>\n<p>L\u2019article d\u2019origine en question : <\/p>\n<p><span>La nature, c\u2019est notre culture !<\/span><br \/><span><span lang xml:lang>admin_vannes<\/span><\/span><br \/><span>mer 12\/10\/2022 \u2013 16:38<\/span><\/p>\n<div><img decoding=\"async\" src=\"https:\/\/www.viaromana.org\/blog\/wp-content\/uploads\/2022\/10\/information-pour-les-fans-la-nature-cest-notre-culture.gif\" alt><\/div>\n<div>\n<p>Conf\u00e9rences &amp; caf\u00e9s nature<\/p>\n<p>\u00ab La nature, c\u2019est notre culture ! \u00bb, c\u2019est un programme de&nbsp;manifestations qui a pour vocation&nbsp;d\u2019aborder&nbsp;les questions sur les relations de l\u2019Humain avec le vivant et son environnement, mais aussi&nbsp;d\u2019ouvrir des perspectives quant a\u0300 l\u2019apport des sciences de la vie pour apprendre, re\u0301fle\u0301chir et construire les grandes re\u0301flexions sur la nature du XXIe\u0300me sie\u0300cle.<\/p>\n<\/div>\n<div>Conf\u00e9rences<\/div>\n<div>2023-03-08<\/div>\n<div>2023-03-08<\/div>\n<div>\n<div class=\"paragraph paragraph--type--titre-de-section paragraph--type--h2\">\n<h3>Ecologie du choucas des tours, une esp\u00e8ce en expansion en Bretagne<\/h3>\n<\/div>\n<div class=\"paragraph paragraph--type--texte\">\n<div>\n<h4>Par Se\u0301bastien Dugravot,<\/h4>\n<p>Mai\u0302tre de confe\u0301rences Unite\u0301 BOREA<\/p>\n<p>\nUniversite\u0301 de Rennes 1 (35)<\/p>\n<p>Le Choucas des tours est une espe\u0300ce de Corvide\u0301 prote\u0301ge\u0301e dont les populations ont&nbsp;augmente\u0301 dans l\u2019ouest de la France lors des dernie\u0300res de\u0301cennies. Cette augmentation s\u2019est&nbsp;accompagne\u0301e de de\u0301ga\u0302ts importants engendre\u0301s aux cultures.<\/p>\n<p>Dans le but de limiter les&nbsp;contraintes impose\u0301es par l\u2019espe\u0300ce a\u0300 la profession agricole, des&nbsp;de\u0301rogations au statut de protection attribue\u0301es ces quinze dernie\u0300res anne\u0301es ont conduit a\u0300 la&nbsp;destruction d\u2019individus, sans que cela permette une ame\u0301lioration notable de la situation.<\/p>\n<p>L\u2019e\u0301tude que nous avons mene\u0301e sur le Choucas des tours avait pour objectif d\u2019ame\u0301liorer les connaissances sur l\u2019e\u0301cologie de l\u2019espe\u0300ce, afin d\u2019identifier des leviers pour freiner sa&nbsp;dynamique de\u0301mographique et diminuer les contraintes sur la production agricole. Nos travaux sugge\u0300rent que seule une limitation a\u0300 l\u2019acce\u0300s aux sites de nidification et aux&nbsp;ressources alimentaires notamment en pe\u0301riode hivernale, permettra a\u0300 moyen et long terme de freiner sa dynamique de\u0301mographique dans l\u2019Ouest de la France.<\/p>\n<p><strong>Rendez-vous a\u0300 20h30 :<\/strong><\/p>\n<p><strong>Universite\u0301 Bretagne Sud Campus de Tohannic 56000 Vannes<\/strong><\/p>\n<\/p><\/div>\n<\/div>\n<\/div>\n<div>\n<div class=\"paragraph paragraph--type--cartographie\">\n<h2>Universit\u00e9 Bretagne Sud Campus de Tohannic<\/h2>\n<\/p><\/div>\n<\/div>\n<div>Universit\u00e9 Bretagne Sud Campus de Tohannic<\/div>\n<div>R\u00e9serve de S\u00e9n\u00e9<\/div>\n<div>\n<div>Date de d\u00e9publication<\/div>\n<div>mer 08\/03\/2023 \u2013 23:59<\/div>\n<\/div>\n<p>A lire sur le m\u00eame th\u00e8me:<\/p>\n<p>REVUE ARCHEOLOGIQUE DE L\u2019EST n.40 ; l\u2019homme et son environnement : des lacs, des montagnes et des rivi\u00e8res ; bulles d\u2019arch\u00e9ologie offertes \u00e0 Andr\u00e9 Marguet.,<a target=\"_blank\" rel=\"nofollow\" href=\"https:\/\/www.viaromana.org\/blog\/goto\/https:\/\/www.epagine.fr\/ebook\/9782915544763-revue-archeologique-de-l-est-n-40-l-homme-et-son-environnement-des-lacs-des-montagnes-et-des-rivieres-bulles-d-archeologie-offertes-a-andre-marguet-revue-archeologique-de-l-est\/\"  target=\"_blank\" rel=\"noopener noreferrer nofollow\">Ouvrage <\/a><span><\/span>.<\/p>\n<p>Paris en 1200 ; histoire et arch\u00e9ologie d\u2019une capitale fortifi\u00e9e par Philippe Auguste.,<a target=\"_blank\" rel=\"nofollow\" href=\"https:\/\/www.viaromana.org\/blog\/goto\/https:\/\/www.epagine.fr\/ebook\/9782271123084-paris-en-1200-histoire-et-archeologie-d-une-capitale-fortifiee-par-philippe-auguste-denis-hayot\/\"  target=\"_blank\" rel=\"noopener noreferrer nofollow\">(la couverture) <\/a><span><\/span>.<\/p>\n<p>Recherches arch\u00e9ologiques en Angola ; pr\u00e9histoire, art rupestre, arch\u00e9ologie fun\u00e9raire.,<a target=\"_blank\" rel=\"nofollow\" href=\"https:\/\/www.viaromana.org\/blog\/goto\/https:\/\/www.epagine.fr\/ebook\/9782296200371-recherches-archeologiques-en-angola-prehistoire-art-rupestre-archeologie-funeraire-manuel-gutierrez\/\"  target=\"_blank\" rel=\"noopener noreferrer nofollow\">Le livre <\/a><span><\/span>.<\/p>\n<p>Plaisirs coupables, Tome 1 : Les Tr\u00e9sors de Daphn\u00e9.,<a target=\"_blank\" rel=\"nofollow\" href=\"https:\/\/www.viaromana.org\/blog\/goto\/https:\/\/booknode.com\/plaisirs_coupables_tome_1_les_tresors_de_daphne_074232\"  target=\"_blank\" rel=\"noopener noreferrer nofollow\">Le livre <\/a><span><\/span>.<\/p>\n","protected":false},"excerpt":{"rendered":"<p>A lire, ce papier sur internet dont la th\u00e9matique est \u00ab&nbsp;l\u2019arch\u00e9ologie&nbsp;\u00bb et qui est susceptible de vous s\u00e9duire. Son titre (La nature, c&rsquo;est notre culture !) en dit long. Sachez que l\u2019auteur (annonc\u00e9 sous le nom admin_vannes) est connu et fiable. L\u2019\u00e9ditorial peut en cons\u00e9quence \u00eatre pris au s\u00e9rieux. Le papier a \u00e9t\u00e9 divulgu\u00e9 \u00e0 une date mentionn\u00e9e 2022-10-12 16:38:50. L\u2019article d\u2019origine en question : La nature, c\u2019est notre culture !admin_vannesmer 12\/10\/2022 \u2013 16:38 Conf\u00e9rences &amp; caf\u00e9s nature \u00ab La nature, c\u2019est notre culture ! \u00bb, c\u2019est un programme de&nbsp;manifestations qui a pour vocation&nbsp;d\u2019aborder&nbsp;les questions sur les relations de l\u2019Humain\u2026<\/p>\n","protected":false},"author":1,"featured_media":1352,"comment_status":"closed","ping_status":"closed","sticky":false,"template":"","format":"standard","meta":{"footnotes":""},"categories":[2],"tags":[],"blocksy_meta":{"styles_descriptor":{"styles":{"desktop":"","tablet":"","mobile":""},"google_fonts":[],"version":4}},"yoast_head":"<!-- This site is optimized with the Yoast SEO plugin v21.1 - https:\/\/yoast.com\/wordpress\/plugins\/seo\/ -->\n<title>Information pour les fans : La nature, c&#039;est notre culture ! - Viaromana et arch\u00e9ologie.<\/title>\n<meta name=\"description\" content=\"Information pour les fans : La nature, c&#039;est notre culture ! article de Viaromana et arch\u00e9ologie.\" \/>\n<meta name=\"robots\" content=\"index, follow, max-snippet:-1, max-image-preview:large, max-video-preview:-1\" \/>\n<link rel=\"canonical\" href=\"https:\/\/www.viaromana.org\/blog\/information-pour-les-fans-la-nature-cest-notre-culture\/\" \/>\n<meta property=\"og:locale\" content=\"fr_FR\" \/>\n<meta property=\"og:type\" content=\"article\" \/>\n<meta property=\"og:title\" content=\"Information pour les fans : La nature, c&#039;est notre culture ! - Viaromana et arch\u00e9ologie.\" \/>\n<meta property=\"og:description\" content=\"Information pour les fans : La nature, c&#039;est notre culture ! article de Viaromana et arch\u00e9ologie.\" \/>\n<meta property=\"og:url\" content=\"https:\/\/www.viaromana.org\/blog\/information-pour-les-fans-la-nature-cest-notre-culture\/\" \/>\n<meta property=\"og:site_name\" content=\"Viaromana et arch\u00e9ologie.\" \/>\n<meta property=\"article:published_time\" content=\"2022-10-12T14:38:50+00:00\" \/>\n<meta property=\"og:image\" content=\"https:\/\/www.viaromana.org\/blog\/wp-content\/uploads\/2022\/10\/unnamed-file-4.jpg\" \/>\n\t<meta property=\"og:image:width\" content=\"282\" \/>\n\t<meta property=\"og:image:height\" content=\"390\" \/>\n\t<meta property=\"og:image:type\" content=\"image\/jpeg\" \/>\n<meta name=\"author\" content=\"Robert\" \/>\n<meta name=\"twitter:card\" content=\"summary_large_image\" \/>\n<meta name=\"twitter:label1\" content=\"\u00c9crit par\" \/>\n\t<meta name=\"twitter:data1\" content=\"Robert\" \/>\n\t<meta name=\"twitter:label2\" content=\"Dur\u00e9e de lecture estim\u00e9e\" \/>\n\t<meta name=\"twitter:data2\" content=\"2 minutes\" \/>\n<script type=\"application\/ld+json\" class=\"yoast-schema-graph\">{\"@context\":\"https:\/\/schema.org\",\"@graph\":[{\"@type\":\"Article\",\"@id\":\"https:\/\/www.viaromana.org\/blog\/information-pour-les-fans-la-nature-cest-notre-culture\/#article\",\"isPartOf\":{\"@id\":\"https:\/\/www.viaromana.org\/blog\/information-pour-les-fans-la-nature-cest-notre-culture\/\"},\"author\":{\"name\":\"Robert\",\"@id\":\"https:\/\/www.viaromana.org\/blog\/#\/schema\/person\/cde9c4655845091e1fe473fcd163c889\"},\"headline\":\"Information pour les fans : La nature, c&rsquo;est notre culture !\",\"datePublished\":\"2022-10-12T14:38:50+00:00\",\"dateModified\":\"2022-10-12T14:38:50+00:00\",\"mainEntityOfPage\":{\"@id\":\"https:\/\/www.viaromana.org\/blog\/information-pour-les-fans-la-nature-cest-notre-culture\/\"},\"wordCount\":505,\"publisher\":{\"@id\":\"https:\/\/www.viaromana.org\/blog\/#organization\"},\"articleSection\":[\"Arch\u00e9ologie\"],\"inLanguage\":\"fr-FR\"},{\"@type\":\"WebPage\",\"@id\":\"https:\/\/www.viaromana.org\/blog\/information-pour-les-fans-la-nature-cest-notre-culture\/\",\"url\":\"https:\/\/www.viaromana.org\/blog\/information-pour-les-fans-la-nature-cest-notre-culture\/\",\"name\":\"Information pour les fans : La nature, c'est notre culture ! - Viaromana et arch\u00e9ologie.\",\"isPartOf\":{\"@id\":\"https:\/\/www.viaromana.org\/blog\/#website\"},\"datePublished\":\"2022-10-12T14:38:50+00:00\",\"dateModified\":\"2022-10-12T14:38:50+00:00\",\"description\":\"Information pour les fans : La nature, c'est notre culture ! article de Viaromana et arch\u00e9ologie.\",\"breadcrumb\":{\"@id\":\"https:\/\/www.viaromana.org\/blog\/information-pour-les-fans-la-nature-cest-notre-culture\/#breadcrumb\"},\"inLanguage\":\"fr-FR\",\"potentialAction\":[{\"@type\":\"ReadAction\",\"target\":[\"https:\/\/www.viaromana.org\/blog\/information-pour-les-fans-la-nature-cest-notre-culture\/\"]}]},{\"@type\":\"BreadcrumbList\",\"@id\":\"https:\/\/www.viaromana.org\/blog\/information-pour-les-fans-la-nature-cest-notre-culture\/#breadcrumb\",\"itemListElement\":[{\"@type\":\"ListItem\",\"position\":1,\"name\":\"Accueil\",\"item\":\"https:\/\/www.viaromana.org\/blog\/\"},{\"@type\":\"ListItem\",\"position\":2,\"name\":\"Information pour les fans : La nature, c&rsquo;est notre culture !\"}]},{\"@type\":\"WebSite\",\"@id\":\"https:\/\/www.viaromana.org\/blog\/#website\",\"url\":\"https:\/\/www.viaromana.org\/blog\/\",\"name\":\"Viaromana et arch\u00e9ologie.\",\"description\":\"Site arch\u00e9ologique de la voie romaine (viaromana) Belgique-France-Rome\",\"publisher\":{\"@id\":\"https:\/\/www.viaromana.org\/blog\/#organization\"},\"potentialAction\":[{\"@type\":\"SearchAction\",\"target\":{\"@type\":\"EntryPoint\",\"urlTemplate\":\"https:\/\/www.viaromana.org\/blog\/?s={search_term_string}\"},\"query-input\":\"required name=search_term_string\"}],\"inLanguage\":\"fr-FR\"},{\"@type\":\"Organization\",\"@id\":\"https:\/\/www.viaromana.org\/blog\/#organization\",\"name\":\"viaromana\",\"url\":\"https:\/\/www.viaromana.org\/blog\/\",\"logo\":{\"@type\":\"ImageObject\",\"inLanguage\":\"fr-FR\",\"@id\":\"https:\/\/www.viaromana.org\/blog\/#\/schema\/logo\/image\/\",\"url\":\"https:\/\/www.viaromana.org\/blog\/wp-content\/uploads\/2021\/12\/logo-3.png\",\"contentUrl\":\"https:\/\/www.viaromana.org\/blog\/wp-content\/uploads\/2021\/12\/logo-3.png\",\"width\":300,\"height\":249,\"caption\":\"viaromana\"},\"image\":{\"@id\":\"https:\/\/www.viaromana.org\/blog\/#\/schema\/logo\/image\/\"}},{\"@type\":\"Person\",\"@id\":\"https:\/\/www.viaromana.org\/blog\/#\/schema\/person\/cde9c4655845091e1fe473fcd163c889\",\"name\":\"Robert\",\"image\":{\"@type\":\"ImageObject\",\"inLanguage\":\"fr-FR\",\"@id\":\"https:\/\/www.viaromana.org\/blog\/#\/schema\/person\/image\/\",\"url\":\"https:\/\/secure.gravatar.com\/avatar\/a168ec191013b636c2f278aec04e724b?s=96&d=mm&r=g\",\"contentUrl\":\"https:\/\/secure.gravatar.com\/avatar\/a168ec191013b636c2f278aec04e724b?s=96&d=mm&r=g\",\"caption\":\"Robert\"},\"sameAs\":[\"https:\/\/www.viaromana.org\/blog\"],\"url\":\"https:\/\/www.viaromana.org\/blog\/author\/anaadmin\/\"}]}<\/script>\n<!-- \/ Yoast SEO plugin. -->","yoast_head_json":{"title":"Information pour les fans : La nature, c'est notre culture ! - Viaromana et arch\u00e9ologie.","description":"Information pour les fans : La nature, c'est notre culture ! article de Viaromana et arch\u00e9ologie.","robots":{"index":"index","follow":"follow","max-snippet":"max-snippet:-1","max-image-preview":"max-image-preview:large","max-video-preview":"max-video-preview:-1"},"canonical":"https:\/\/www.viaromana.org\/blog\/information-pour-les-fans-la-nature-cest-notre-culture\/","og_locale":"fr_FR","og_type":"article","og_title":"Information pour les fans : La nature, c'est notre culture ! - Viaromana et arch\u00e9ologie.","og_description":"Information pour les fans : La nature, c'est notre culture ! article de Viaromana et arch\u00e9ologie.","og_url":"https:\/\/www.viaromana.org\/blog\/information-pour-les-fans-la-nature-cest-notre-culture\/","og_site_name":"Viaromana et arch\u00e9ologie.","article_published_time":"2022-10-12T14:38:50+00:00","og_image":[{"width":282,"height":390,"url":"https:\/\/www.viaromana.org\/blog\/wp-content\/uploads\/2022\/10\/unnamed-file-4.jpg","type":"image\/jpeg"}],"author":"Robert","twitter_card":"summary_large_image","twitter_misc":{"\u00c9crit par":"Robert","Dur\u00e9e de lecture estim\u00e9e":"2 minutes"},"schema":{"@context":"https:\/\/schema.org","@graph":[{"@type":"Article","@id":"https:\/\/www.viaromana.org\/blog\/information-pour-les-fans-la-nature-cest-notre-culture\/#article","isPartOf":{"@id":"https:\/\/www.viaromana.org\/blog\/information-pour-les-fans-la-nature-cest-notre-culture\/"},"author":{"name":"Robert","@id":"https:\/\/www.viaromana.org\/blog\/#\/schema\/person\/cde9c4655845091e1fe473fcd163c889"},"headline":"Information pour les fans : La nature, c&rsquo;est notre culture !","datePublished":"2022-10-12T14:38:50+00:00","dateModified":"2022-10-12T14:38:50+00:00","mainEntityOfPage":{"@id":"https:\/\/www.viaromana.org\/blog\/information-pour-les-fans-la-nature-cest-notre-culture\/"},"wordCount":505,"publisher":{"@id":"https:\/\/www.viaromana.org\/blog\/#organization"},"articleSection":["Arch\u00e9ologie"],"inLanguage":"fr-FR"},{"@type":"WebPage","@id":"https:\/\/www.viaromana.org\/blog\/information-pour-les-fans-la-nature-cest-notre-culture\/","url":"https:\/\/www.viaromana.org\/blog\/information-pour-les-fans-la-nature-cest-notre-culture\/","name":"Information pour les fans : La nature, c'est notre culture ! - Viaromana et arch\u00e9ologie.","isPartOf":{"@id":"https:\/\/www.viaromana.org\/blog\/#website"},"datePublished":"2022-10-12T14:38:50+00:00","dateModified":"2022-10-12T14:38:50+00:00","description":"Information pour les fans : La nature, c'est notre culture ! article de Viaromana et arch\u00e9ologie.","breadcrumb":{"@id":"https:\/\/www.viaromana.org\/blog\/information-pour-les-fans-la-nature-cest-notre-culture\/#breadcrumb"},"inLanguage":"fr-FR","potentialAction":[{"@type":"ReadAction","target":["https:\/\/www.viaromana.org\/blog\/information-pour-les-fans-la-nature-cest-notre-culture\/"]}]},{"@type":"BreadcrumbList","@id":"https:\/\/www.viaromana.org\/blog\/information-pour-les-fans-la-nature-cest-notre-culture\/#breadcrumb","itemListElement":[{"@type":"ListItem","position":1,"name":"Accueil","item":"https:\/\/www.viaromana.org\/blog\/"},{"@type":"ListItem","position":2,"name":"Information pour les fans : La nature, c&rsquo;est notre culture !"}]},{"@type":"WebSite","@id":"https:\/\/www.viaromana.org\/blog\/#website","url":"https:\/\/www.viaromana.org\/blog\/","name":"Viaromana et arch\u00e9ologie.","description":"Site arch\u00e9ologique de la voie romaine (viaromana) Belgique-France-Rome","publisher":{"@id":"https:\/\/www.viaromana.org\/blog\/#organization"},"potentialAction":[{"@type":"SearchAction","target":{"@type":"EntryPoint","urlTemplate":"https:\/\/www.viaromana.org\/blog\/?s={search_term_string}"},"query-input":"required name=search_term_string"}],"inLanguage":"fr-FR"},{"@type":"Organization","@id":"https:\/\/www.viaromana.org\/blog\/#organization","name":"viaromana","url":"https:\/\/www.viaromana.org\/blog\/","logo":{"@type":"ImageObject","inLanguage":"fr-FR","@id":"https:\/\/www.viaromana.org\/blog\/#\/schema\/logo\/image\/","url":"https:\/\/www.viaromana.org\/blog\/wp-content\/uploads\/2021\/12\/logo-3.png","contentUrl":"https:\/\/www.viaromana.org\/blog\/wp-content\/uploads\/2021\/12\/logo-3.png","width":300,"height":249,"caption":"viaromana"},"image":{"@id":"https:\/\/www.viaromana.org\/blog\/#\/schema\/logo\/image\/"}},{"@type":"Person","@id":"https:\/\/www.viaromana.org\/blog\/#\/schema\/person\/cde9c4655845091e1fe473fcd163c889","name":"Robert","image":{"@type":"ImageObject","inLanguage":"fr-FR","@id":"https:\/\/www.viaromana.org\/blog\/#\/schema\/person\/image\/","url":"https:\/\/secure.gravatar.com\/avatar\/a168ec191013b636c2f278aec04e724b?s=96&d=mm&r=g","contentUrl":"https:\/\/secure.gravatar.com\/avatar\/a168ec191013b636c2f278aec04e724b?s=96&d=mm&r=g","caption":"Robert"},"sameAs":["https:\/\/www.viaromana.org\/blog"],"url":"https:\/\/www.viaromana.org\/blog\/author\/anaadmin\/"}]}},"_links":{"self":[{"href":"https:\/\/www.viaromana.org\/blog\/wp-json\/wp\/v2\/posts\/1351"}],"collection":[{"href":"https:\/\/www.viaromana.org\/blog\/wp-json\/wp\/v2\/posts"}],"about":[{"href":"https:\/\/www.viaromana.org\/blog\/wp-json\/wp\/v2\/types\/post"}],"author":[{"embeddable":true,"href":"https:\/\/www.viaromana.org\/blog\/wp-json\/wp\/v2\/users\/1"}],"replies":[{"embeddable":true,"href":"https:\/\/www.viaromana.org\/blog\/wp-json\/wp\/v2\/comments?post=1351"}],"version-history":[{"count":0,"href":"https:\/\/www.viaromana.org\/blog\/wp-json\/wp\/v2\/posts\/1351\/revisions"}],"wp:featuredmedia":[{"embeddable":true,"href":"https:\/\/www.viaromana.org\/blog\/wp-json\/wp\/v2\/media\/1352"}],"wp:attachment":[{"href":"https:\/\/www.viaromana.org\/blog\/wp-json\/wp\/v2\/media?parent=1351"}],"wp:term":[{"taxonomy":"category","embeddable":true,"href":"https:\/\/www.viaromana.org\/blog\/wp-json\/wp\/v2\/categories?post=1351"},{"taxonomy":"post_tag","embeddable":true,"href":"https:\/\/www.viaromana.org\/blog\/wp-json\/wp\/v2\/tags?post=1351"}],"curies":[{"name":"wp","href":"https:\/\/api.w.org\/{rel}","templated":true}]}}