{"id":1347,"date":"2022-10-15T02:00:01","date_gmt":"2022-10-15T00:00:01","guid":{"rendered":"https:\/\/www.site.cdcl.xyz\/2022\/10\/15\/ne-manquez-pas-cette-derniere-actu-une-terre-sans-abeilles-festival-alimenterre\/"},"modified":"2022-10-15T02:00:01","modified_gmt":"2022-10-15T00:00:01","slug":"ne-manquez-pas-cette-derniere-actu-une-terre-sans-abeilles-festival-alimenterre","status":"publish","type":"post","link":"https:\/\/www.viaromana.org\/blog\/ne-manquez-pas-cette-derniere-actu-une-terre-sans-abeilles-festival-alimenterre\/","title":{"rendered":"Ne manquez pas cette derni\u00e8re actu : Une Terre sans Abeilles \u2013 Festival Alimenterre"},"content":{"rendered":"<p>Ce post ayant pour th\u00e9matique \u00ab&nbsp;l\u2019arch\u00e9ologie&nbsp;\u00bb a \u00e9t\u00e9 not\u00e9 sur le web, nous avons d\u00e9cid\u00e9 de vous le publier d\u00e8s \u00e0 pr\u00e9sent.<\/p>\n<p>Le titre saisissant (Une Terre sans Abeilles \u2013 Festival Alimenterre) est parlant.<\/p>\n<p> Pr\u00e9sent\u00e9 sous la signature \u00abnodule\u00bb, l\u2019\u00e9ditorialiste est reconnu comme quelqu\u2019un de s\u00e9rieux.<\/p>\n<p>L\u2019article peut donc \u00eatre pris au s\u00e9rieux.<\/p>\n<div>\n<p>Le film bien r\u00e9alis\u00e9, explore le sujet global de la disparition progressive des abeilles \u00e0 travers des exemples aux quatre coins du monde. Il expose les alertes des scientifiques et des apiculteurs de fa\u00e7on accessible. Il montre aussi des solutions plus ou moins viables pour lutter contre la diminution du nombre des abeilles. Le documentaire est \u00ab&nbsp;tout publics&nbsp;\u00bb. Il a le m\u00e9rite de donner la parole \u00e0 tous les acteurs concern\u00e9s, ce qui permettra des \u00e9changes riches \u00e0 la fin de la projection qui sera suivie d\u2019un \u00e9change avec des apiculteurs, en pr\u00e9sence de Patrick Marcireau, b\u00e9n\u00e9vole de l\u2019 association Abeilles Dauphinoises.<\/p>\n<p>Une initiation aux pas des bals folks sera propos\u00e9e entre 18h30 et 19h30 par l\u2019association Ensemailes.<\/p>\n<p>Buvette BIO et petite restauration payantes, en partenariat avec Epi\u2019Vrac et La Belle Verte de La Mure.<\/p>\n<h2 class=\"title info-comp\">Informations compl\u00e9mentaires<\/h2>\n<dl>\n<\/dl>\n<\/div>\n<p>Bibliographie :<\/p>\n<p>Tout\u00e2nkhamon, l\u2019ultime secret.,<a target=\"_blank\" rel=\"nofollow\" href=\"https:\/\/www.viaromana.org\/blog\/goto\/https:\/\/booknode.com\/toutankhamon_lultime_secret_058303\"  target=\"_blank\" rel=\"noopener noreferrer nofollow\">A voir et \u00e0 lire. <\/a><span><\/span>. Disponible sur internet.<\/p>\n<p>L\u2019or des Incas.,<a target=\"_blank\" rel=\"nofollow\" href=\"https:\/\/www.viaromana.org\/blog\/goto\/https:\/\/booknode.com\/lor_des_incas_043986\"  target=\"_blank\" rel=\"noopener noreferrer nofollow\">Le livre <\/a><span><\/span>.<\/p>\n<p>Regency, Tome 1 : Le mari\u00e9 maudit.,<a target=\"_blank\" rel=\"nofollow\" href=\"https:\/\/www.viaromana.org\/blog\/goto\/https:\/\/booknode.com\/regency_tome_1_le_marie_maudit_074154\"  target=\"_blank\" rel=\"noopener noreferrer nofollow\">A voir et \u00e0 lire. <\/a><span><\/span>.<\/p>\n<p>Manuel d\u2019arch\u00e9ologie: M\u00e9thodes, objets et concepts.,<a target=\"_blank\" rel=\"nofollow\" href=\"https:\/\/www.viaromana.org\/blog\/goto\/https:\/\/booknode.com\/manuel_darcheologie_methodes_objets_et_concepts_0619572\"  target=\"_blank\" rel=\"noopener noreferrer nofollow\">Ouvrage <\/a><span><\/span>. A emprunter en biblioth\u00e8que.<\/p>\n","protected":false},"excerpt":{"rendered":"<p>Ce post ayant pour th\u00e9matique \u00ab&nbsp;l\u2019arch\u00e9ologie&nbsp;\u00bb a \u00e9t\u00e9 not\u00e9 sur le web, nous avons d\u00e9cid\u00e9 de vous le publier d\u00e8s \u00e0 pr\u00e9sent. Le titre saisissant (Une Terre sans Abeilles \u2013 Festival Alimenterre) est parlant. Pr\u00e9sent\u00e9 sous la signature \u00abnodule\u00bb, l\u2019\u00e9ditorialiste est reconnu comme quelqu\u2019un de s\u00e9rieux. L\u2019article peut donc \u00eatre pris au s\u00e9rieux. Le film bien r\u00e9alis\u00e9, explore le sujet global de la disparition progressive des abeilles \u00e0 travers des exemples aux quatre coins du monde. Il expose les alertes des scientifiques et des apiculteurs de fa\u00e7on accessible. Il montre aussi des solutions plus ou moins viables pour lutter contre\u2026<\/p>\n","protected":false},"author":1,"featured_media":1348,"comment_status":"closed","ping_status":"closed","sticky":false,"template":"","format":"standard","meta":{"footnotes":""},"categories":[2],"tags":[],"blocksy_meta":{"styles_descriptor":{"styles":{"desktop":"","tablet":"","mobile":""},"google_fonts":[],"version":4}},"yoast_head":"<!-- This site is optimized with the Yoast SEO plugin v21.1 - https:\/\/yoast.com\/wordpress\/plugins\/seo\/ -->\n<title>Ne manquez pas cette derni\u00e8re actu : Une Terre sans Abeilles \u2013 Festival Alimenterre - Viaromana et arch\u00e9ologie.<\/title>\n<meta name=\"description\" content=\"Ne manquez pas cette derni\u00e8re actu : Une Terre sans Abeilles \u2013 Festival Alimenterre article de Viaromana et arch\u00e9ologie.\" \/>\n<meta name=\"robots\" content=\"index, follow, max-snippet:-1, max-image-preview:large, max-video-preview:-1\" \/>\n<link rel=\"canonical\" href=\"https:\/\/www.viaromana.org\/blog\/ne-manquez-pas-cette-derniere-actu-une-terre-sans-abeilles-festival-alimenterre\/\" \/>\n<meta property=\"og:locale\" content=\"fr_FR\" \/>\n<meta property=\"og:type\" content=\"article\" \/>\n<meta property=\"og:title\" content=\"Ne manquez pas cette derni\u00e8re actu : Une Terre sans Abeilles \u2013 Festival Alimenterre - Viaromana et arch\u00e9ologie.\" \/>\n<meta property=\"og:description\" content=\"Ne manquez pas cette derni\u00e8re actu : Une Terre sans Abeilles \u2013 Festival Alimenterre article de Viaromana et arch\u00e9ologie.\" \/>\n<meta property=\"og:url\" content=\"https:\/\/www.viaromana.org\/blog\/ne-manquez-pas-cette-derniere-actu-une-terre-sans-abeilles-festival-alimenterre\/\" \/>\n<meta property=\"og:site_name\" content=\"Viaromana et arch\u00e9ologie.\" \/>\n<meta property=\"article:published_time\" content=\"2022-10-15T00:00:01+00:00\" \/>\n<meta property=\"og:image\" content=\"https:\/\/www.viaromana.org\/blog\/wp-content\/uploads\/2022\/10\/de-la.jpg\" \/>\n\t<meta property=\"og:image:width\" content=\"1600\" \/>\n\t<meta property=\"og:image:height\" content=\"628\" \/>\n\t<meta property=\"og:image:type\" content=\"image\/jpeg\" \/>\n<meta name=\"author\" content=\"Robert\" \/>\n<meta name=\"twitter:card\" content=\"summary_large_image\" \/>\n<meta name=\"twitter:label1\" content=\"\u00c9crit par\" \/>\n\t<meta name=\"twitter:data1\" content=\"Robert\" \/>\n\t<meta name=\"twitter:label2\" content=\"Dur\u00e9e de lecture estim\u00e9e\" \/>\n\t<meta name=\"twitter:data2\" content=\"1 minute\" \/>\n<script type=\"application\/ld+json\" class=\"yoast-schema-graph\">{\"@context\":\"https:\/\/schema.org\",\"@graph\":[{\"@type\":\"Article\",\"@id\":\"https:\/\/www.viaromana.org\/blog\/ne-manquez-pas-cette-derniere-actu-une-terre-sans-abeilles-festival-alimenterre\/#article\",\"isPartOf\":{\"@id\":\"https:\/\/www.viaromana.org\/blog\/ne-manquez-pas-cette-derniere-actu-une-terre-sans-abeilles-festival-alimenterre\/\"},\"author\":{\"name\":\"Robert\",\"@id\":\"https:\/\/www.viaromana.org\/blog\/#\/schema\/person\/cde9c4655845091e1fe473fcd163c889\"},\"headline\":\"Ne manquez pas cette derni\u00e8re actu : Une Terre sans Abeilles \u2013 Festival Alimenterre\",\"datePublished\":\"2022-10-15T00:00:01+00:00\",\"dateModified\":\"2022-10-15T00:00:01+00:00\",\"mainEntityOfPage\":{\"@id\":\"https:\/\/www.viaromana.org\/blog\/ne-manquez-pas-cette-derniere-actu-une-terre-sans-abeilles-festival-alimenterre\/\"},\"wordCount\":269,\"publisher\":{\"@id\":\"https:\/\/www.viaromana.org\/blog\/#organization\"},\"articleSection\":[\"Arch\u00e9ologie\"],\"inLanguage\":\"fr-FR\"},{\"@type\":\"WebPage\",\"@id\":\"https:\/\/www.viaromana.org\/blog\/ne-manquez-pas-cette-derniere-actu-une-terre-sans-abeilles-festival-alimenterre\/\",\"url\":\"https:\/\/www.viaromana.org\/blog\/ne-manquez-pas-cette-derniere-actu-une-terre-sans-abeilles-festival-alimenterre\/\",\"name\":\"Ne manquez pas cette derni\u00e8re actu : Une Terre sans Abeilles \u2013 Festival Alimenterre - Viaromana et arch\u00e9ologie.\",\"isPartOf\":{\"@id\":\"https:\/\/www.viaromana.org\/blog\/#website\"},\"datePublished\":\"2022-10-15T00:00:01+00:00\",\"dateModified\":\"2022-10-15T00:00:01+00:00\",\"description\":\"Ne manquez pas cette derni\u00e8re actu : Une Terre sans Abeilles \u2013 Festival Alimenterre article de Viaromana et arch\u00e9ologie.\",\"breadcrumb\":{\"@id\":\"https:\/\/www.viaromana.org\/blog\/ne-manquez-pas-cette-derniere-actu-une-terre-sans-abeilles-festival-alimenterre\/#breadcrumb\"},\"inLanguage\":\"fr-FR\",\"potentialAction\":[{\"@type\":\"ReadAction\",\"target\":[\"https:\/\/www.viaromana.org\/blog\/ne-manquez-pas-cette-derniere-actu-une-terre-sans-abeilles-festival-alimenterre\/\"]}]},{\"@type\":\"BreadcrumbList\",\"@id\":\"https:\/\/www.viaromana.org\/blog\/ne-manquez-pas-cette-derniere-actu-une-terre-sans-abeilles-festival-alimenterre\/#breadcrumb\",\"itemListElement\":[{\"@type\":\"ListItem\",\"position\":1,\"name\":\"Accueil\",\"item\":\"https:\/\/www.viaromana.org\/blog\/\"},{\"@type\":\"ListItem\",\"position\":2,\"name\":\"Ne manquez pas cette derni\u00e8re actu : Une Terre sans Abeilles \u2013 Festival Alimenterre\"}]},{\"@type\":\"WebSite\",\"@id\":\"https:\/\/www.viaromana.org\/blog\/#website\",\"url\":\"https:\/\/www.viaromana.org\/blog\/\",\"name\":\"Viaromana et arch\u00e9ologie.\",\"description\":\"Site arch\u00e9ologique de la voie romaine (viaromana) Belgique-France-Rome\",\"publisher\":{\"@id\":\"https:\/\/www.viaromana.org\/blog\/#organization\"},\"potentialAction\":[{\"@type\":\"SearchAction\",\"target\":{\"@type\":\"EntryPoint\",\"urlTemplate\":\"https:\/\/www.viaromana.org\/blog\/?s={search_term_string}\"},\"query-input\":\"required name=search_term_string\"}],\"inLanguage\":\"fr-FR\"},{\"@type\":\"Organization\",\"@id\":\"https:\/\/www.viaromana.org\/blog\/#organization\",\"name\":\"viaromana\",\"url\":\"https:\/\/www.viaromana.org\/blog\/\",\"logo\":{\"@type\":\"ImageObject\",\"inLanguage\":\"fr-FR\",\"@id\":\"https:\/\/www.viaromana.org\/blog\/#\/schema\/logo\/image\/\",\"url\":\"https:\/\/www.viaromana.org\/blog\/wp-content\/uploads\/2021\/12\/logo-3.png\",\"contentUrl\":\"https:\/\/www.viaromana.org\/blog\/wp-content\/uploads\/2021\/12\/logo-3.png\",\"width\":300,\"height\":249,\"caption\":\"viaromana\"},\"image\":{\"@id\":\"https:\/\/www.viaromana.org\/blog\/#\/schema\/logo\/image\/\"}},{\"@type\":\"Person\",\"@id\":\"https:\/\/www.viaromana.org\/blog\/#\/schema\/person\/cde9c4655845091e1fe473fcd163c889\",\"name\":\"Robert\",\"image\":{\"@type\":\"ImageObject\",\"inLanguage\":\"fr-FR\",\"@id\":\"https:\/\/www.viaromana.org\/blog\/#\/schema\/person\/image\/\",\"url\":\"https:\/\/secure.gravatar.com\/avatar\/a168ec191013b636c2f278aec04e724b?s=96&d=mm&r=g\",\"contentUrl\":\"https:\/\/secure.gravatar.com\/avatar\/a168ec191013b636c2f278aec04e724b?s=96&d=mm&r=g\",\"caption\":\"Robert\"},\"sameAs\":[\"https:\/\/www.viaromana.org\/blog\"],\"url\":\"https:\/\/www.viaromana.org\/blog\/author\/anaadmin\/\"}]}<\/script>\n<!-- \/ Yoast SEO plugin. -->","yoast_head_json":{"title":"Ne manquez pas cette derni\u00e8re actu : Une Terre sans Abeilles \u2013 Festival Alimenterre - Viaromana et arch\u00e9ologie.","description":"Ne manquez pas cette derni\u00e8re actu : Une Terre sans Abeilles \u2013 Festival Alimenterre article de Viaromana et arch\u00e9ologie.","robots":{"index":"index","follow":"follow","max-snippet":"max-snippet:-1","max-image-preview":"max-image-preview:large","max-video-preview":"max-video-preview:-1"},"canonical":"https:\/\/www.viaromana.org\/blog\/ne-manquez-pas-cette-derniere-actu-une-terre-sans-abeilles-festival-alimenterre\/","og_locale":"fr_FR","og_type":"article","og_title":"Ne manquez pas cette derni\u00e8re actu : Une Terre sans Abeilles \u2013 Festival Alimenterre - Viaromana et arch\u00e9ologie.","og_description":"Ne manquez pas cette derni\u00e8re actu : Une Terre sans Abeilles \u2013 Festival Alimenterre article de Viaromana et arch\u00e9ologie.","og_url":"https:\/\/www.viaromana.org\/blog\/ne-manquez-pas-cette-derniere-actu-une-terre-sans-abeilles-festival-alimenterre\/","og_site_name":"Viaromana et arch\u00e9ologie.","article_published_time":"2022-10-15T00:00:01+00:00","og_image":[{"width":1600,"height":628,"url":"https:\/\/www.viaromana.org\/blog\/wp-content\/uploads\/2022\/10\/de-la.jpg","type":"image\/jpeg"}],"author":"Robert","twitter_card":"summary_large_image","twitter_misc":{"\u00c9crit par":"Robert","Dur\u00e9e de lecture estim\u00e9e":"1 minute"},"schema":{"@context":"https:\/\/schema.org","@graph":[{"@type":"Article","@id":"https:\/\/www.viaromana.org\/blog\/ne-manquez-pas-cette-derniere-actu-une-terre-sans-abeilles-festival-alimenterre\/#article","isPartOf":{"@id":"https:\/\/www.viaromana.org\/blog\/ne-manquez-pas-cette-derniere-actu-une-terre-sans-abeilles-festival-alimenterre\/"},"author":{"name":"Robert","@id":"https:\/\/www.viaromana.org\/blog\/#\/schema\/person\/cde9c4655845091e1fe473fcd163c889"},"headline":"Ne manquez pas cette derni\u00e8re actu : Une Terre sans Abeilles \u2013 Festival Alimenterre","datePublished":"2022-10-15T00:00:01+00:00","dateModified":"2022-10-15T00:00:01+00:00","mainEntityOfPage":{"@id":"https:\/\/www.viaromana.org\/blog\/ne-manquez-pas-cette-derniere-actu-une-terre-sans-abeilles-festival-alimenterre\/"},"wordCount":269,"publisher":{"@id":"https:\/\/www.viaromana.org\/blog\/#organization"},"articleSection":["Arch\u00e9ologie"],"inLanguage":"fr-FR"},{"@type":"WebPage","@id":"https:\/\/www.viaromana.org\/blog\/ne-manquez-pas-cette-derniere-actu-une-terre-sans-abeilles-festival-alimenterre\/","url":"https:\/\/www.viaromana.org\/blog\/ne-manquez-pas-cette-derniere-actu-une-terre-sans-abeilles-festival-alimenterre\/","name":"Ne manquez pas cette derni\u00e8re actu : Une Terre sans Abeilles \u2013 Festival Alimenterre - Viaromana et arch\u00e9ologie.","isPartOf":{"@id":"https:\/\/www.viaromana.org\/blog\/#website"},"datePublished":"2022-10-15T00:00:01+00:00","dateModified":"2022-10-15T00:00:01+00:00","description":"Ne manquez pas cette derni\u00e8re actu : Une Terre sans Abeilles \u2013 Festival Alimenterre article de Viaromana et arch\u00e9ologie.","breadcrumb":{"@id":"https:\/\/www.viaromana.org\/blog\/ne-manquez-pas-cette-derniere-actu-une-terre-sans-abeilles-festival-alimenterre\/#breadcrumb"},"inLanguage":"fr-FR","potentialAction":[{"@type":"ReadAction","target":["https:\/\/www.viaromana.org\/blog\/ne-manquez-pas-cette-derniere-actu-une-terre-sans-abeilles-festival-alimenterre\/"]}]},{"@type":"BreadcrumbList","@id":"https:\/\/www.viaromana.org\/blog\/ne-manquez-pas-cette-derniere-actu-une-terre-sans-abeilles-festival-alimenterre\/#breadcrumb","itemListElement":[{"@type":"ListItem","position":1,"name":"Accueil","item":"https:\/\/www.viaromana.org\/blog\/"},{"@type":"ListItem","position":2,"name":"Ne manquez pas cette derni\u00e8re actu : Une Terre sans Abeilles \u2013 Festival Alimenterre"}]},{"@type":"WebSite","@id":"https:\/\/www.viaromana.org\/blog\/#website","url":"https:\/\/www.viaromana.org\/blog\/","name":"Viaromana et arch\u00e9ologie.","description":"Site arch\u00e9ologique de la voie romaine (viaromana) Belgique-France-Rome","publisher":{"@id":"https:\/\/www.viaromana.org\/blog\/#organization"},"potentialAction":[{"@type":"SearchAction","target":{"@type":"EntryPoint","urlTemplate":"https:\/\/www.viaromana.org\/blog\/?s={search_term_string}"},"query-input":"required name=search_term_string"}],"inLanguage":"fr-FR"},{"@type":"Organization","@id":"https:\/\/www.viaromana.org\/blog\/#organization","name":"viaromana","url":"https:\/\/www.viaromana.org\/blog\/","logo":{"@type":"ImageObject","inLanguage":"fr-FR","@id":"https:\/\/www.viaromana.org\/blog\/#\/schema\/logo\/image\/","url":"https:\/\/www.viaromana.org\/blog\/wp-content\/uploads\/2021\/12\/logo-3.png","contentUrl":"https:\/\/www.viaromana.org\/blog\/wp-content\/uploads\/2021\/12\/logo-3.png","width":300,"height":249,"caption":"viaromana"},"image":{"@id":"https:\/\/www.viaromana.org\/blog\/#\/schema\/logo\/image\/"}},{"@type":"Person","@id":"https:\/\/www.viaromana.org\/blog\/#\/schema\/person\/cde9c4655845091e1fe473fcd163c889","name":"Robert","image":{"@type":"ImageObject","inLanguage":"fr-FR","@id":"https:\/\/www.viaromana.org\/blog\/#\/schema\/person\/image\/","url":"https:\/\/secure.gravatar.com\/avatar\/a168ec191013b636c2f278aec04e724b?s=96&d=mm&r=g","contentUrl":"https:\/\/secure.gravatar.com\/avatar\/a168ec191013b636c2f278aec04e724b?s=96&d=mm&r=g","caption":"Robert"},"sameAs":["https:\/\/www.viaromana.org\/blog"],"url":"https:\/\/www.viaromana.org\/blog\/author\/anaadmin\/"}]}},"_links":{"self":[{"href":"https:\/\/www.viaromana.org\/blog\/wp-json\/wp\/v2\/posts\/1347"}],"collection":[{"href":"https:\/\/www.viaromana.org\/blog\/wp-json\/wp\/v2\/posts"}],"about":[{"href":"https:\/\/www.viaromana.org\/blog\/wp-json\/wp\/v2\/types\/post"}],"author":[{"embeddable":true,"href":"https:\/\/www.viaromana.org\/blog\/wp-json\/wp\/v2\/users\/1"}],"replies":[{"embeddable":true,"href":"https:\/\/www.viaromana.org\/blog\/wp-json\/wp\/v2\/comments?post=1347"}],"version-history":[{"count":0,"href":"https:\/\/www.viaromana.org\/blog\/wp-json\/wp\/v2\/posts\/1347\/revisions"}],"wp:featuredmedia":[{"embeddable":true,"href":"https:\/\/www.viaromana.org\/blog\/wp-json\/wp\/v2\/media\/1348"}],"wp:attachment":[{"href":"https:\/\/www.viaromana.org\/blog\/wp-json\/wp\/v2\/media?parent=1347"}],"wp:term":[{"taxonomy":"category","embeddable":true,"href":"https:\/\/www.viaromana.org\/blog\/wp-json\/wp\/v2\/categories?post=1347"},{"taxonomy":"post_tag","embeddable":true,"href":"https:\/\/www.viaromana.org\/blog\/wp-json\/wp\/v2\/tags?post=1347"}],"curies":[{"name":"wp","href":"https:\/\/api.w.org\/{rel}","templated":true}]}}