{"id":1317,"date":"2022-10-06T15:35:50","date_gmt":"2022-10-06T13:35:50","guid":{"rendered":"https:\/\/www.site.cdcl.xyz\/2022\/10\/06\/editorial-tout-frais-maison-de-la-nature-de-la-ville-de-vannes\/"},"modified":"2022-10-06T15:35:50","modified_gmt":"2022-10-06T13:35:50","slug":"editorial-tout-frais-maison-de-la-nature-de-la-ville-de-vannes","status":"publish","type":"post","link":"https:\/\/www.viaromana.org\/blog\/editorial-tout-frais-maison-de-la-nature-de-la-ville-de-vannes\/","title":{"rendered":"Editorial tout frais : Maison de la Nature de la Ville de Vannes"},"content":{"rendered":"<p>Voici un \u00e9ditorial que notre staff est heureuse de r\u00e9v\u00e9ler ici sur notre site. Le sujet est \u00ab&nbsp;l\u2019arch\u00e9ologie&nbsp;\u00bb.<br \/>Le titre (Maison de la Nature de la Ville de Vannes) condense tout le papier.<\/p>\n<p>Le journaliste (pr\u00e9sent\u00e9 sous le nom admin_vannes) est positivement connu pour plusieurs autres \u00e9ditoriaux qu\u2019il a publi\u00e9s sur internet.<\/p>\n<p>Vous pouvez prendre connaissance de ces informations en toute s\u00e9curit\u00e9.<\/p>\n<p>L\u2019article a \u00e9t\u00e9 diffus\u00e9 \u00e0 une date not\u00e9e 2022-10-06 15:35:50.<\/p>\n<div>\n<h3>PROGRAMME DES ACTIVIT\u00c9S NATURE 5-12 ANS<\/h3>\n<p><strong>Mercredi 5 octobre, de 14 h \u00e0 17 h<\/strong><\/p>\n<p>Sortie observation des oiseaux dans les marais du H\u00e9zo<\/p>\n<p><strong>Mercredi 12 octobre, de 14 h \u00e0 17 h<\/strong><\/p>\n<p>P\u00eache \u00e0 pied \u00e0 la rencontre des animaux de l\u2019Estran<\/p>\n<p>Pr\u00e9voir des bottes<\/p>\n<p><strong>Mercredi 19 octobre, de 14 h \u00e0 17 h<\/strong><\/p>\n<p>Sur les traces et indices d\u2019animaux forestiers, au Bois du Huelfaut \u00e0 Elven.<\/p>\n<p><strong>Lundi 24 octobre pour les 5-7 ans de 14 h \u00e0 17 h,<\/strong><\/p>\n<p><strong>Mardi 25 octobre pour les 8-12 ans<\/strong><\/p>\n<p>Zoom sur les araign\u00e9es !<\/p>\n<p><strong>Jeudi 27 octobre pour les 5-7 ans de 14 h \u00e0 17 h,<\/strong><\/p>\n<p><strong>Mercredi 28 octobre pour les 8-12 ans<\/strong><\/p>\n<p>Sortie d\u00e9couverte de la nature \u00e0 v\u00e9lo sur les chemins de Vannes et S\u00e9n\u00e9<\/p>\n<p><strong>Mercredi 9 novembre de 14 h \u00e0 17 h<\/strong><\/p>\n<p>Sortie champignons au Bois du Huelfaut \u00e0 Elven.<\/p>\n<p><strong>Mercredi 16 novembre de 14 h \u00e0 17 h<\/strong><\/p>\n<p>Nature \u00e0 la loupe<\/p>\n<p><strong>Mercredi 23 novembre, de 14 h \u00e0 17 h<\/strong><\/p>\n<p>A la rencontre des salamandres tachet\u00e9es<\/p>\n<p><strong>Mercredi 30 novembre, de 14 h \u00e0 17 h<\/strong><\/p>\n<p>Sortie rando dans le Golfe du Morbihan \u00e0 Baden<\/p>\n<p><strong>Mercredis 7 et 14 d\u00e9cembre, de 14 h \u00e0 17 h<\/strong><\/p>\n<p>D\u00e9coration de No\u00ebl sur deux s\u00e9ances<\/p>\n<p>Les ateliers et sorties adultes en semaine<\/p>\n<p><strong>Mardi 11 octobre<\/strong><\/p>\n<p>D\u00e9couverte de la faune de l\u2019Estran \u00e0 Larmor Baden (p\u00eache \u00e0 pied), rendez-vous \u00e0 13 h<\/p>\n<p><strong>Jeudi 6 octobre \u00e0 14 h<\/strong><\/p>\n<p>Fabrication d\u2019un nichoir \u00e0 oiseaux (type m\u00e9sange, sitelle\u2026)<\/p>\n<p><strong>Jeudi 20 octobre \u00e0 14 h<\/strong><\/p>\n<p>Observation de l\u2019apiscope (ruche p\u00e9dagogique) : le fonctionnement d\u2019une colonie d\u2019abeilles domestiques. Ensuite petit expos\u00e9 sur les abeilles sauvages et fabrication d\u2019un nichoir pour les abeilles solitaires.<\/p>\n<\/div>\n<p>Bibliographie :<\/p>\n<p>Une histoire des repr\u00e9sentations mentales ; contribution \u00e0 une arch\u00e9ologie de la soci\u00e9t\u00e9 de la connaissance.,<a target=\"_blank\" rel=\"nofollow\" href=\"https:\/\/www.viaromana.org\/blog\/goto\/https:\/\/www.epagine.fr\/ebook\/9782296175846-une-histoire-des-representations-mentales-contribution-a-une-archeologie-de-la-societe-de-la-connaissance-claude-meyer\/\"  target=\"_blank\" rel=\"noopener noreferrer nofollow\">A voir et \u00e0 lire. <\/a><span><\/span>.<\/p>\n<p>Note sur le monument des sources de la Seine \u2013 Lue \u00e0 la Soci\u00e9t\u00e9 parisienne d\u2019arch\u00e9ologie et d\u2019histoire.,<a target=\"_blank\" rel=\"nofollow\" href=\"https:\/\/www.viaromana.org\/blog\/goto\/https:\/\/www.epagine.fr\/ebook\/9782346122714-note-sur-le-monument-des-sources-de-la-seine-lue-a-la-societe-parisienne-d-archeologie-et-d-histoire-charles-lucas\/\"  target=\"_blank\" rel=\"noopener noreferrer nofollow\">(la couverture) <\/a><span><\/span>.<\/p>\n<p>Sunkissed.,<a target=\"_blank\" rel=\"nofollow\" href=\"https:\/\/www.viaromana.org\/blog\/goto\/https:\/\/booknode.com\/sunkissed_0867033\"  target=\"_blank\" rel=\"noopener noreferrer nofollow\">(la couverture) <\/a><span><\/span>.<\/p>\n<p>Mines et pouvoir au Moyen \u00c2ge.,<a target=\"_blank\" rel=\"nofollow\" href=\"https:\/\/www.viaromana.org\/blog\/goto\/https:\/\/www.kobo.com\/de\/fr\/ebook\/mines-et-pouvoir-au-moyen-age\"  target=\"_blank\" rel=\"noopener noreferrer nofollow\">(Disponible) <\/a><span><\/span>.<\/p>\n","protected":false},"excerpt":{"rendered":"<p>Voici un \u00e9ditorial que notre staff est heureuse de r\u00e9v\u00e9ler ici sur notre site. Le sujet est \u00ab&nbsp;l\u2019arch\u00e9ologie&nbsp;\u00bb.Le titre (Maison de la Nature de la Ville de Vannes) condense tout le papier. Le journaliste (pr\u00e9sent\u00e9 sous le nom admin_vannes) est positivement connu pour plusieurs autres \u00e9ditoriaux qu\u2019il a publi\u00e9s sur internet. Vous pouvez prendre connaissance de ces informations en toute s\u00e9curit\u00e9. L\u2019article a \u00e9t\u00e9 diffus\u00e9 \u00e0 une date not\u00e9e 2022-10-06 15:35:50. PROGRAMME DES ACTIVIT\u00c9S NATURE 5-12 ANS Mercredi 5 octobre, de 14 h \u00e0 17 h Sortie observation des oiseaux dans les marais du H\u00e9zo Mercredi 12 octobre, de 14\u2026<\/p>\n","protected":false},"author":1,"featured_media":1318,"comment_status":"closed","ping_status":"closed","sticky":false,"template":"","format":"standard","meta":{"footnotes":""},"categories":[2],"tags":[],"blocksy_meta":{"styles_descriptor":{"styles":{"desktop":"","tablet":"","mobile":""},"google_fonts":[],"version":4}},"yoast_head":"<!-- This site is optimized with the Yoast SEO plugin v21.1 - https:\/\/yoast.com\/wordpress\/plugins\/seo\/ -->\n<title>Editorial tout frais : Maison de la Nature de la Ville de Vannes - Viaromana et arch\u00e9ologie.<\/title>\n<meta name=\"description\" content=\"Editorial tout frais : Maison de la Nature de la Ville de Vannes article de Viaromana et arch\u00e9ologie.\" \/>\n<meta name=\"robots\" content=\"index, follow, max-snippet:-1, max-image-preview:large, max-video-preview:-1\" \/>\n<link rel=\"canonical\" href=\"https:\/\/www.viaromana.org\/blog\/editorial-tout-frais-maison-de-la-nature-de-la-ville-de-vannes\/\" \/>\n<meta property=\"og:locale\" content=\"fr_FR\" \/>\n<meta property=\"og:type\" content=\"article\" \/>\n<meta property=\"og:title\" content=\"Editorial tout frais : Maison de la Nature de la Ville de Vannes - Viaromana et arch\u00e9ologie.\" \/>\n<meta property=\"og:description\" content=\"Editorial tout frais : Maison de la Nature de la Ville de Vannes article de Viaromana et arch\u00e9ologie.\" \/>\n<meta property=\"og:url\" content=\"https:\/\/www.viaromana.org\/blog\/editorial-tout-frais-maison-de-la-nature-de-la-ville-de-vannes\/\" \/>\n<meta property=\"og:site_name\" content=\"Viaromana et arch\u00e9ologie.\" \/>\n<meta property=\"article:published_time\" content=\"2022-10-06T13:35:50+00:00\" \/>\n<meta property=\"og:image\" content=\"https:\/\/www.viaromana.org\/blog\/wp-content\/uploads\/2022\/10\/14-h.jpg\" \/>\n\t<meta property=\"og:image:width\" content=\"900\" \/>\n\t<meta property=\"og:image:height\" content=\"950\" \/>\n\t<meta property=\"og:image:type\" content=\"image\/jpeg\" \/>\n<meta name=\"author\" content=\"Robert\" \/>\n<meta name=\"twitter:card\" content=\"summary_large_image\" \/>\n<meta name=\"twitter:label1\" content=\"\u00c9crit par\" \/>\n\t<meta name=\"twitter:data1\" content=\"Robert\" \/>\n\t<meta name=\"twitter:label2\" content=\"Dur\u00e9e de lecture estim\u00e9e\" \/>\n\t<meta name=\"twitter:data2\" content=\"2 minutes\" \/>\n<script type=\"application\/ld+json\" class=\"yoast-schema-graph\">{\"@context\":\"https:\/\/schema.org\",\"@graph\":[{\"@type\":\"Article\",\"@id\":\"https:\/\/www.viaromana.org\/blog\/editorial-tout-frais-maison-de-la-nature-de-la-ville-de-vannes\/#article\",\"isPartOf\":{\"@id\":\"https:\/\/www.viaromana.org\/blog\/editorial-tout-frais-maison-de-la-nature-de-la-ville-de-vannes\/\"},\"author\":{\"name\":\"Robert\",\"@id\":\"https:\/\/www.viaromana.org\/blog\/#\/schema\/person\/cde9c4655845091e1fe473fcd163c889\"},\"headline\":\"Editorial tout frais : Maison de la Nature de la Ville de Vannes\",\"datePublished\":\"2022-10-06T13:35:50+00:00\",\"dateModified\":\"2022-10-06T13:35:50+00:00\",\"mainEntityOfPage\":{\"@id\":\"https:\/\/www.viaromana.org\/blog\/editorial-tout-frais-maison-de-la-nature-de-la-ville-de-vannes\/\"},\"wordCount\":391,\"publisher\":{\"@id\":\"https:\/\/www.viaromana.org\/blog\/#organization\"},\"articleSection\":[\"Arch\u00e9ologie\"],\"inLanguage\":\"fr-FR\"},{\"@type\":\"WebPage\",\"@id\":\"https:\/\/www.viaromana.org\/blog\/editorial-tout-frais-maison-de-la-nature-de-la-ville-de-vannes\/\",\"url\":\"https:\/\/www.viaromana.org\/blog\/editorial-tout-frais-maison-de-la-nature-de-la-ville-de-vannes\/\",\"name\":\"Editorial tout frais : Maison de la Nature de la Ville de Vannes - Viaromana et arch\u00e9ologie.\",\"isPartOf\":{\"@id\":\"https:\/\/www.viaromana.org\/blog\/#website\"},\"datePublished\":\"2022-10-06T13:35:50+00:00\",\"dateModified\":\"2022-10-06T13:35:50+00:00\",\"description\":\"Editorial tout frais : Maison de la Nature de la Ville de Vannes article de Viaromana et arch\u00e9ologie.\",\"breadcrumb\":{\"@id\":\"https:\/\/www.viaromana.org\/blog\/editorial-tout-frais-maison-de-la-nature-de-la-ville-de-vannes\/#breadcrumb\"},\"inLanguage\":\"fr-FR\",\"potentialAction\":[{\"@type\":\"ReadAction\",\"target\":[\"https:\/\/www.viaromana.org\/blog\/editorial-tout-frais-maison-de-la-nature-de-la-ville-de-vannes\/\"]}]},{\"@type\":\"BreadcrumbList\",\"@id\":\"https:\/\/www.viaromana.org\/blog\/editorial-tout-frais-maison-de-la-nature-de-la-ville-de-vannes\/#breadcrumb\",\"itemListElement\":[{\"@type\":\"ListItem\",\"position\":1,\"name\":\"Accueil\",\"item\":\"https:\/\/www.viaromana.org\/blog\/\"},{\"@type\":\"ListItem\",\"position\":2,\"name\":\"Editorial tout frais : Maison de la Nature de la Ville de Vannes\"}]},{\"@type\":\"WebSite\",\"@id\":\"https:\/\/www.viaromana.org\/blog\/#website\",\"url\":\"https:\/\/www.viaromana.org\/blog\/\",\"name\":\"Viaromana et arch\u00e9ologie.\",\"description\":\"Site arch\u00e9ologique de la voie romaine (viaromana) Belgique-France-Rome\",\"publisher\":{\"@id\":\"https:\/\/www.viaromana.org\/blog\/#organization\"},\"potentialAction\":[{\"@type\":\"SearchAction\",\"target\":{\"@type\":\"EntryPoint\",\"urlTemplate\":\"https:\/\/www.viaromana.org\/blog\/?s={search_term_string}\"},\"query-input\":\"required name=search_term_string\"}],\"inLanguage\":\"fr-FR\"},{\"@type\":\"Organization\",\"@id\":\"https:\/\/www.viaromana.org\/blog\/#organization\",\"name\":\"viaromana\",\"url\":\"https:\/\/www.viaromana.org\/blog\/\",\"logo\":{\"@type\":\"ImageObject\",\"inLanguage\":\"fr-FR\",\"@id\":\"https:\/\/www.viaromana.org\/blog\/#\/schema\/logo\/image\/\",\"url\":\"https:\/\/www.viaromana.org\/blog\/wp-content\/uploads\/2021\/12\/logo-3.png\",\"contentUrl\":\"https:\/\/www.viaromana.org\/blog\/wp-content\/uploads\/2021\/12\/logo-3.png\",\"width\":300,\"height\":249,\"caption\":\"viaromana\"},\"image\":{\"@id\":\"https:\/\/www.viaromana.org\/blog\/#\/schema\/logo\/image\/\"}},{\"@type\":\"Person\",\"@id\":\"https:\/\/www.viaromana.org\/blog\/#\/schema\/person\/cde9c4655845091e1fe473fcd163c889\",\"name\":\"Robert\",\"image\":{\"@type\":\"ImageObject\",\"inLanguage\":\"fr-FR\",\"@id\":\"https:\/\/www.viaromana.org\/blog\/#\/schema\/person\/image\/\",\"url\":\"https:\/\/secure.gravatar.com\/avatar\/a168ec191013b636c2f278aec04e724b?s=96&d=mm&r=g\",\"contentUrl\":\"https:\/\/secure.gravatar.com\/avatar\/a168ec191013b636c2f278aec04e724b?s=96&d=mm&r=g\",\"caption\":\"Robert\"},\"sameAs\":[\"https:\/\/www.viaromana.org\/blog\"],\"url\":\"https:\/\/www.viaromana.org\/blog\/author\/anaadmin\/\"}]}<\/script>\n<!-- \/ Yoast SEO plugin. -->","yoast_head_json":{"title":"Editorial tout frais : Maison de la Nature de la Ville de Vannes - Viaromana et arch\u00e9ologie.","description":"Editorial tout frais : Maison de la Nature de la Ville de Vannes article de Viaromana et arch\u00e9ologie.","robots":{"index":"index","follow":"follow","max-snippet":"max-snippet:-1","max-image-preview":"max-image-preview:large","max-video-preview":"max-video-preview:-1"},"canonical":"https:\/\/www.viaromana.org\/blog\/editorial-tout-frais-maison-de-la-nature-de-la-ville-de-vannes\/","og_locale":"fr_FR","og_type":"article","og_title":"Editorial tout frais : Maison de la Nature de la Ville de Vannes - Viaromana et arch\u00e9ologie.","og_description":"Editorial tout frais : Maison de la Nature de la Ville de Vannes article de Viaromana et arch\u00e9ologie.","og_url":"https:\/\/www.viaromana.org\/blog\/editorial-tout-frais-maison-de-la-nature-de-la-ville-de-vannes\/","og_site_name":"Viaromana et arch\u00e9ologie.","article_published_time":"2022-10-06T13:35:50+00:00","og_image":[{"width":900,"height":950,"url":"https:\/\/www.viaromana.org\/blog\/wp-content\/uploads\/2022\/10\/14-h.jpg","type":"image\/jpeg"}],"author":"Robert","twitter_card":"summary_large_image","twitter_misc":{"\u00c9crit par":"Robert","Dur\u00e9e de lecture estim\u00e9e":"2 minutes"},"schema":{"@context":"https:\/\/schema.org","@graph":[{"@type":"Article","@id":"https:\/\/www.viaromana.org\/blog\/editorial-tout-frais-maison-de-la-nature-de-la-ville-de-vannes\/#article","isPartOf":{"@id":"https:\/\/www.viaromana.org\/blog\/editorial-tout-frais-maison-de-la-nature-de-la-ville-de-vannes\/"},"author":{"name":"Robert","@id":"https:\/\/www.viaromana.org\/blog\/#\/schema\/person\/cde9c4655845091e1fe473fcd163c889"},"headline":"Editorial tout frais : Maison de la Nature de la Ville de Vannes","datePublished":"2022-10-06T13:35:50+00:00","dateModified":"2022-10-06T13:35:50+00:00","mainEntityOfPage":{"@id":"https:\/\/www.viaromana.org\/blog\/editorial-tout-frais-maison-de-la-nature-de-la-ville-de-vannes\/"},"wordCount":391,"publisher":{"@id":"https:\/\/www.viaromana.org\/blog\/#organization"},"articleSection":["Arch\u00e9ologie"],"inLanguage":"fr-FR"},{"@type":"WebPage","@id":"https:\/\/www.viaromana.org\/blog\/editorial-tout-frais-maison-de-la-nature-de-la-ville-de-vannes\/","url":"https:\/\/www.viaromana.org\/blog\/editorial-tout-frais-maison-de-la-nature-de-la-ville-de-vannes\/","name":"Editorial tout frais : Maison de la Nature de la Ville de Vannes - Viaromana et arch\u00e9ologie.","isPartOf":{"@id":"https:\/\/www.viaromana.org\/blog\/#website"},"datePublished":"2022-10-06T13:35:50+00:00","dateModified":"2022-10-06T13:35:50+00:00","description":"Editorial tout frais : Maison de la Nature de la Ville de Vannes article de Viaromana et arch\u00e9ologie.","breadcrumb":{"@id":"https:\/\/www.viaromana.org\/blog\/editorial-tout-frais-maison-de-la-nature-de-la-ville-de-vannes\/#breadcrumb"},"inLanguage":"fr-FR","potentialAction":[{"@type":"ReadAction","target":["https:\/\/www.viaromana.org\/blog\/editorial-tout-frais-maison-de-la-nature-de-la-ville-de-vannes\/"]}]},{"@type":"BreadcrumbList","@id":"https:\/\/www.viaromana.org\/blog\/editorial-tout-frais-maison-de-la-nature-de-la-ville-de-vannes\/#breadcrumb","itemListElement":[{"@type":"ListItem","position":1,"name":"Accueil","item":"https:\/\/www.viaromana.org\/blog\/"},{"@type":"ListItem","position":2,"name":"Editorial tout frais : Maison de la Nature de la Ville de Vannes"}]},{"@type":"WebSite","@id":"https:\/\/www.viaromana.org\/blog\/#website","url":"https:\/\/www.viaromana.org\/blog\/","name":"Viaromana et arch\u00e9ologie.","description":"Site arch\u00e9ologique de la voie romaine (viaromana) Belgique-France-Rome","publisher":{"@id":"https:\/\/www.viaromana.org\/blog\/#organization"},"potentialAction":[{"@type":"SearchAction","target":{"@type":"EntryPoint","urlTemplate":"https:\/\/www.viaromana.org\/blog\/?s={search_term_string}"},"query-input":"required name=search_term_string"}],"inLanguage":"fr-FR"},{"@type":"Organization","@id":"https:\/\/www.viaromana.org\/blog\/#organization","name":"viaromana","url":"https:\/\/www.viaromana.org\/blog\/","logo":{"@type":"ImageObject","inLanguage":"fr-FR","@id":"https:\/\/www.viaromana.org\/blog\/#\/schema\/logo\/image\/","url":"https:\/\/www.viaromana.org\/blog\/wp-content\/uploads\/2021\/12\/logo-3.png","contentUrl":"https:\/\/www.viaromana.org\/blog\/wp-content\/uploads\/2021\/12\/logo-3.png","width":300,"height":249,"caption":"viaromana"},"image":{"@id":"https:\/\/www.viaromana.org\/blog\/#\/schema\/logo\/image\/"}},{"@type":"Person","@id":"https:\/\/www.viaromana.org\/blog\/#\/schema\/person\/cde9c4655845091e1fe473fcd163c889","name":"Robert","image":{"@type":"ImageObject","inLanguage":"fr-FR","@id":"https:\/\/www.viaromana.org\/blog\/#\/schema\/person\/image\/","url":"https:\/\/secure.gravatar.com\/avatar\/a168ec191013b636c2f278aec04e724b?s=96&d=mm&r=g","contentUrl":"https:\/\/secure.gravatar.com\/avatar\/a168ec191013b636c2f278aec04e724b?s=96&d=mm&r=g","caption":"Robert"},"sameAs":["https:\/\/www.viaromana.org\/blog"],"url":"https:\/\/www.viaromana.org\/blog\/author\/anaadmin\/"}]}},"_links":{"self":[{"href":"https:\/\/www.viaromana.org\/blog\/wp-json\/wp\/v2\/posts\/1317"}],"collection":[{"href":"https:\/\/www.viaromana.org\/blog\/wp-json\/wp\/v2\/posts"}],"about":[{"href":"https:\/\/www.viaromana.org\/blog\/wp-json\/wp\/v2\/types\/post"}],"author":[{"embeddable":true,"href":"https:\/\/www.viaromana.org\/blog\/wp-json\/wp\/v2\/users\/1"}],"replies":[{"embeddable":true,"href":"https:\/\/www.viaromana.org\/blog\/wp-json\/wp\/v2\/comments?post=1317"}],"version-history":[{"count":0,"href":"https:\/\/www.viaromana.org\/blog\/wp-json\/wp\/v2\/posts\/1317\/revisions"}],"wp:featuredmedia":[{"embeddable":true,"href":"https:\/\/www.viaromana.org\/blog\/wp-json\/wp\/v2\/media\/1318"}],"wp:attachment":[{"href":"https:\/\/www.viaromana.org\/blog\/wp-json\/wp\/v2\/media?parent=1317"}],"wp:term":[{"taxonomy":"category","embeddable":true,"href":"https:\/\/www.viaromana.org\/blog\/wp-json\/wp\/v2\/categories?post=1317"},{"taxonomy":"post_tag","embeddable":true,"href":"https:\/\/www.viaromana.org\/blog\/wp-json\/wp\/v2\/tags?post=1317"}],"curies":[{"name":"wp","href":"https:\/\/api.w.org\/{rel}","templated":true}]}}