{"id":1313,"date":"2022-10-04T18:15:41","date_gmt":"2022-10-04T16:15:41","guid":{"rendered":"https:\/\/www.site.cdcl.xyz\/2022\/10\/04\/quoi-retenir-de-ce-papier-vacances-dautomne-ville-de-vannes\/"},"modified":"2022-10-04T18:15:41","modified_gmt":"2022-10-04T16:15:41","slug":"quoi-retenir-de-ce-papier-vacances-dautomne-ville-de-vannes","status":"publish","type":"post","link":"https:\/\/www.viaromana.org\/blog\/quoi-retenir-de-ce-papier-vacances-dautomne-ville-de-vannes\/","title":{"rendered":"Quoi retenir de ce papier : Vacances d\u2019automne | Ville de Vannes"},"content":{"rendered":"<p>Nous avons remarqu\u00e9 un texte sur le web dont le th\u00e8me est \u00abl\u2019arch\u00e9ologie\u00bb.<\/p>\n<p>Le titre (Vacances d\u2019automne | Ville de Vannes) condense tout l\u2019article.<\/p>\n<p>Sachez que le chroniqueur (pr\u00e9sent\u00e9 sous le nom admin_vannes) est connu et fiable pour plusieurs autres \u00e9ditoriaux qu\u2019il a publi\u00e9s sur le web.<\/p>\n<p>L\u2019encart peut ainsi \u00eatre pris au s\u00e9rieux.<\/p>\n<p>Sachez que la date de publication est 2022-10-04 18:15:41.<\/p>\n<div>\n<div>\n<p>Les r\u00e9servations en accueil de loisirs de la ville de Vannes pour les vacances d\u2019automne, pour les enfants vannetais scolaris\u00e9s entre 2 ans et demi et 12 ans 11 mois, sont ouvertes depuis lundi 3 octobre sur le portail \u00ab Vannes et vous \u00bb selon les modalit\u00e9s de r\u00e9servation habituelles (r\u00e9ponse instantan\u00e9e \u00e0 votre demande de r\u00e9servation) *<\/p>\n<p>Nous attirons votre attention sur les points suivants :<\/p>\n<ul>\n<li>Le portail indique r\u00e9ponse \u00ab trait\u00e9e positivement \u00bb mais il peut s\u2019agir d\u2019une r\u00e9ponse positive partielle ; il est n\u00e9cessaire de v\u00e9rifier les r\u00e9servations prises en compte en cliquant sur l\u2019ic\u00f4ne de votre enfant o\u00f9 apparaitra alors le calendrier valid\u00e9.<\/li>\n<\/ul>\n<p>Pour les familles ne disposant pas d\u2019acc\u00e8s internet et les familles n\u2019ayant jamais fr\u00e9quent\u00e9 un centre de loisirs de la ville de Vannes*, l\u2019Accueil Unique Enfance recevra les familles sur rendez-vous le mercredi 05 octobre, au Centre Victor Hugo.<\/p>\n<p>Puis le portail r\u00e9ouvrira portail le jeudi 6 octobre \u00e0 13h.<\/p>\n<p><strong>Centres d\u2019accueil<\/strong><\/p>\n<p>Les accueils se feront \u00e0 Rohan (maternel et \u00e9l\u00e9mentaire), Tohannic (maternel et \u00e9l\u00e9mentaire), Ponant (maternel et \u00e9l\u00e9mentaire) et Pape Carpentier (maternel), \u00e0 la journ\u00e9e.<\/p>\n<p>Contact : accueil unique \u2013 22 avenue Victor Hugo. T\u00e9l : 02 97 01 65 10. accueil.unique@mairie-vannes.fr<\/p>\n<\/div>\n<\/div>\n<p>Parutions:<\/p>\n<p>R\u00e9centes d\u00e9couvertes concernant l\u2019arch\u00e9ologie du Fou-Nan (arch\u00e9ologie du Delta du M\u00e9kong).,<a target=\"_blank\" rel=\"nofollow\" href=\"https:\/\/www.viaromana.org\/blog\/goto\/https:\/\/www.epagine.fr\/ebook\/9782307343042-recentes-decouvertes-concernant-l-archeologie-du-fou-nan-archeologie-du-delta-du-mekong-louis-malleret\/\"  target=\"_blank\" rel=\"noopener noreferrer nofollow\">Clicker Ici <\/a><span><\/span>.<\/p>\n<p>Lucr\u00e8ce ; arch\u00e9ologie d\u2019un classique europ\u00e9en.,<a target=\"_blank\" rel=\"nofollow\" href=\"https:\/\/www.viaromana.org\/blog\/goto\/https:\/\/www.epagine.fr\/ebook\/9782213683904-lucrece-archeologie-d-un-classique-europeen-pierre-vesperini\/\"  target=\"_blank\" rel=\"noopener noreferrer nofollow\">A voir et \u00e0 lire. <\/a><span><\/span>.<\/p>\n<p>Tombes oubli\u00e9es.,<a target=\"_blank\" rel=\"nofollow\" href=\"https:\/\/www.viaromana.org\/blog\/goto\/https:\/\/booknode.com\/tombes_oubliees_03370022\"  target=\"_blank\" rel=\"noopener noreferrer nofollow\">Le livre <\/a><span><\/span>.<\/p>\n<p>Novgorod : histoire et arch\u00e9ologie d\u2019une r\u00e9publique russe m\u00e9di\u00e9vale (970-1478).,<a target=\"_blank\" rel=\"nofollow\" href=\"https:\/\/www.viaromana.org\/blog\/goto\/https:\/\/www.epagine.fr\/ebook\/9782271138330-novgorod-histoire-et-archeologie-d-une-republique-russe-medievale-970-1478-pierre-gonneau\/\"  target=\"_blank\" rel=\"noopener noreferrer nofollow\">Le livre <\/a><span><\/span>.<\/p>\n","protected":false},"excerpt":{"rendered":"<p>Nous avons remarqu\u00e9 un texte sur le web dont le th\u00e8me est \u00abl\u2019arch\u00e9ologie\u00bb. Le titre (Vacances d\u2019automne | Ville de Vannes) condense tout l\u2019article. Sachez que le chroniqueur (pr\u00e9sent\u00e9 sous le nom admin_vannes) est connu et fiable pour plusieurs autres \u00e9ditoriaux qu\u2019il a publi\u00e9s sur le web. L\u2019encart peut ainsi \u00eatre pris au s\u00e9rieux. Sachez que la date de publication est 2022-10-04 18:15:41. Les r\u00e9servations en accueil de loisirs de la ville de Vannes pour les vacances d\u2019automne, pour les enfants vannetais scolaris\u00e9s entre 2 ans et demi et 12 ans 11 mois, sont ouvertes depuis lundi 3 octobre sur\u2026<\/p>\n","protected":false},"author":1,"featured_media":1314,"comment_status":"closed","ping_status":"closed","sticky":false,"template":"","format":"standard","meta":{"footnotes":""},"categories":[2],"tags":[],"blocksy_meta":{"styles_descriptor":{"styles":{"desktop":"","tablet":"","mobile":""},"google_fonts":[],"version":4}},"yoast_head":"<!-- This site is optimized with the Yoast SEO plugin v21.1 - https:\/\/yoast.com\/wordpress\/plugins\/seo\/ -->\n<title>Quoi retenir de ce papier : Vacances d\u2019automne | Ville de Vannes - Viaromana et arch\u00e9ologie.<\/title>\n<meta name=\"description\" content=\"Quoi retenir de ce papier : Vacances d\u2019automne | Ville de Vannes article de Viaromana et arch\u00e9ologie.\" \/>\n<meta name=\"robots\" content=\"index, follow, max-snippet:-1, max-image-preview:large, max-video-preview:-1\" \/>\n<link rel=\"canonical\" href=\"https:\/\/www.viaromana.org\/blog\/quoi-retenir-de-ce-papier-vacances-dautomne-ville-de-vannes\/\" \/>\n<meta property=\"og:locale\" content=\"fr_FR\" \/>\n<meta property=\"og:type\" content=\"article\" \/>\n<meta property=\"og:title\" content=\"Quoi retenir de ce papier : Vacances d\u2019automne | Ville de Vannes - Viaromana et arch\u00e9ologie.\" \/>\n<meta property=\"og:description\" content=\"Quoi retenir de ce papier : Vacances d\u2019automne | Ville de Vannes article de Viaromana et arch\u00e9ologie.\" \/>\n<meta property=\"og:url\" content=\"https:\/\/www.viaromana.org\/blog\/quoi-retenir-de-ce-papier-vacances-dautomne-ville-de-vannes\/\" \/>\n<meta property=\"og:site_name\" content=\"Viaromana et arch\u00e9ologie.\" \/>\n<meta property=\"article:published_time\" content=\"2022-10-04T16:15:41+00:00\" \/>\n<meta property=\"og:image\" content=\"https:\/\/www.viaromana.org\/blog\/wp-content\/uploads\/2022\/10\/arch-ologie.jpg\" \/>\n\t<meta property=\"og:image:width\" content=\"640\" \/>\n\t<meta property=\"og:image:height\" content=\"640\" \/>\n\t<meta property=\"og:image:type\" content=\"image\/jpeg\" \/>\n<meta name=\"author\" content=\"Robert\" \/>\n<meta name=\"twitter:card\" content=\"summary_large_image\" \/>\n<meta name=\"twitter:label1\" content=\"\u00c9crit par\" \/>\n\t<meta name=\"twitter:data1\" content=\"Robert\" \/>\n\t<meta name=\"twitter:label2\" content=\"Dur\u00e9e de lecture estim\u00e9e\" \/>\n\t<meta name=\"twitter:data2\" content=\"2 minutes\" \/>\n<script type=\"application\/ld+json\" class=\"yoast-schema-graph\">{\"@context\":\"https:\/\/schema.org\",\"@graph\":[{\"@type\":\"Article\",\"@id\":\"https:\/\/www.viaromana.org\/blog\/quoi-retenir-de-ce-papier-vacances-dautomne-ville-de-vannes\/#article\",\"isPartOf\":{\"@id\":\"https:\/\/www.viaromana.org\/blog\/quoi-retenir-de-ce-papier-vacances-dautomne-ville-de-vannes\/\"},\"author\":{\"name\":\"Robert\",\"@id\":\"https:\/\/www.viaromana.org\/blog\/#\/schema\/person\/cde9c4655845091e1fe473fcd163c889\"},\"headline\":\"Quoi retenir de ce papier : Vacances d\u2019automne | Ville de Vannes\",\"datePublished\":\"2022-10-04T16:15:41+00:00\",\"dateModified\":\"2022-10-04T16:15:41+00:00\",\"mainEntityOfPage\":{\"@id\":\"https:\/\/www.viaromana.org\/blog\/quoi-retenir-de-ce-papier-vacances-dautomne-ville-de-vannes\/\"},\"wordCount\":345,\"publisher\":{\"@id\":\"https:\/\/www.viaromana.org\/blog\/#organization\"},\"articleSection\":[\"Arch\u00e9ologie\"],\"inLanguage\":\"fr-FR\"},{\"@type\":\"WebPage\",\"@id\":\"https:\/\/www.viaromana.org\/blog\/quoi-retenir-de-ce-papier-vacances-dautomne-ville-de-vannes\/\",\"url\":\"https:\/\/www.viaromana.org\/blog\/quoi-retenir-de-ce-papier-vacances-dautomne-ville-de-vannes\/\",\"name\":\"Quoi retenir de ce papier : Vacances d\u2019automne | Ville de Vannes - Viaromana et arch\u00e9ologie.\",\"isPartOf\":{\"@id\":\"https:\/\/www.viaromana.org\/blog\/#website\"},\"datePublished\":\"2022-10-04T16:15:41+00:00\",\"dateModified\":\"2022-10-04T16:15:41+00:00\",\"description\":\"Quoi retenir de ce papier : Vacances d\u2019automne | Ville de Vannes article de Viaromana et arch\u00e9ologie.\",\"breadcrumb\":{\"@id\":\"https:\/\/www.viaromana.org\/blog\/quoi-retenir-de-ce-papier-vacances-dautomne-ville-de-vannes\/#breadcrumb\"},\"inLanguage\":\"fr-FR\",\"potentialAction\":[{\"@type\":\"ReadAction\",\"target\":[\"https:\/\/www.viaromana.org\/blog\/quoi-retenir-de-ce-papier-vacances-dautomne-ville-de-vannes\/\"]}]},{\"@type\":\"BreadcrumbList\",\"@id\":\"https:\/\/www.viaromana.org\/blog\/quoi-retenir-de-ce-papier-vacances-dautomne-ville-de-vannes\/#breadcrumb\",\"itemListElement\":[{\"@type\":\"ListItem\",\"position\":1,\"name\":\"Accueil\",\"item\":\"https:\/\/www.viaromana.org\/blog\/\"},{\"@type\":\"ListItem\",\"position\":2,\"name\":\"Quoi retenir de ce papier : Vacances d\u2019automne | Ville de Vannes\"}]},{\"@type\":\"WebSite\",\"@id\":\"https:\/\/www.viaromana.org\/blog\/#website\",\"url\":\"https:\/\/www.viaromana.org\/blog\/\",\"name\":\"Viaromana et arch\u00e9ologie.\",\"description\":\"Site arch\u00e9ologique de la voie romaine (viaromana) Belgique-France-Rome\",\"publisher\":{\"@id\":\"https:\/\/www.viaromana.org\/blog\/#organization\"},\"potentialAction\":[{\"@type\":\"SearchAction\",\"target\":{\"@type\":\"EntryPoint\",\"urlTemplate\":\"https:\/\/www.viaromana.org\/blog\/?s={search_term_string}\"},\"query-input\":\"required name=search_term_string\"}],\"inLanguage\":\"fr-FR\"},{\"@type\":\"Organization\",\"@id\":\"https:\/\/www.viaromana.org\/blog\/#organization\",\"name\":\"viaromana\",\"url\":\"https:\/\/www.viaromana.org\/blog\/\",\"logo\":{\"@type\":\"ImageObject\",\"inLanguage\":\"fr-FR\",\"@id\":\"https:\/\/www.viaromana.org\/blog\/#\/schema\/logo\/image\/\",\"url\":\"https:\/\/www.viaromana.org\/blog\/wp-content\/uploads\/2021\/12\/logo-3.png\",\"contentUrl\":\"https:\/\/www.viaromana.org\/blog\/wp-content\/uploads\/2021\/12\/logo-3.png\",\"width\":300,\"height\":249,\"caption\":\"viaromana\"},\"image\":{\"@id\":\"https:\/\/www.viaromana.org\/blog\/#\/schema\/logo\/image\/\"}},{\"@type\":\"Person\",\"@id\":\"https:\/\/www.viaromana.org\/blog\/#\/schema\/person\/cde9c4655845091e1fe473fcd163c889\",\"name\":\"Robert\",\"image\":{\"@type\":\"ImageObject\",\"inLanguage\":\"fr-FR\",\"@id\":\"https:\/\/www.viaromana.org\/blog\/#\/schema\/person\/image\/\",\"url\":\"https:\/\/secure.gravatar.com\/avatar\/a168ec191013b636c2f278aec04e724b?s=96&d=mm&r=g\",\"contentUrl\":\"https:\/\/secure.gravatar.com\/avatar\/a168ec191013b636c2f278aec04e724b?s=96&d=mm&r=g\",\"caption\":\"Robert\"},\"sameAs\":[\"https:\/\/www.viaromana.org\/blog\"],\"url\":\"https:\/\/www.viaromana.org\/blog\/author\/anaadmin\/\"}]}<\/script>\n<!-- \/ Yoast SEO plugin. -->","yoast_head_json":{"title":"Quoi retenir de ce papier : Vacances d\u2019automne | Ville de Vannes - Viaromana et arch\u00e9ologie.","description":"Quoi retenir de ce papier : Vacances d\u2019automne | Ville de Vannes article de Viaromana et arch\u00e9ologie.","robots":{"index":"index","follow":"follow","max-snippet":"max-snippet:-1","max-image-preview":"max-image-preview:large","max-video-preview":"max-video-preview:-1"},"canonical":"https:\/\/www.viaromana.org\/blog\/quoi-retenir-de-ce-papier-vacances-dautomne-ville-de-vannes\/","og_locale":"fr_FR","og_type":"article","og_title":"Quoi retenir de ce papier : Vacances d\u2019automne | Ville de Vannes - Viaromana et arch\u00e9ologie.","og_description":"Quoi retenir de ce papier : Vacances d\u2019automne | Ville de Vannes article de Viaromana et arch\u00e9ologie.","og_url":"https:\/\/www.viaromana.org\/blog\/quoi-retenir-de-ce-papier-vacances-dautomne-ville-de-vannes\/","og_site_name":"Viaromana et arch\u00e9ologie.","article_published_time":"2022-10-04T16:15:41+00:00","og_image":[{"width":640,"height":640,"url":"https:\/\/www.viaromana.org\/blog\/wp-content\/uploads\/2022\/10\/arch-ologie.jpg","type":"image\/jpeg"}],"author":"Robert","twitter_card":"summary_large_image","twitter_misc":{"\u00c9crit par":"Robert","Dur\u00e9e de lecture estim\u00e9e":"2 minutes"},"schema":{"@context":"https:\/\/schema.org","@graph":[{"@type":"Article","@id":"https:\/\/www.viaromana.org\/blog\/quoi-retenir-de-ce-papier-vacances-dautomne-ville-de-vannes\/#article","isPartOf":{"@id":"https:\/\/www.viaromana.org\/blog\/quoi-retenir-de-ce-papier-vacances-dautomne-ville-de-vannes\/"},"author":{"name":"Robert","@id":"https:\/\/www.viaromana.org\/blog\/#\/schema\/person\/cde9c4655845091e1fe473fcd163c889"},"headline":"Quoi retenir de ce papier : Vacances d\u2019automne | Ville de Vannes","datePublished":"2022-10-04T16:15:41+00:00","dateModified":"2022-10-04T16:15:41+00:00","mainEntityOfPage":{"@id":"https:\/\/www.viaromana.org\/blog\/quoi-retenir-de-ce-papier-vacances-dautomne-ville-de-vannes\/"},"wordCount":345,"publisher":{"@id":"https:\/\/www.viaromana.org\/blog\/#organization"},"articleSection":["Arch\u00e9ologie"],"inLanguage":"fr-FR"},{"@type":"WebPage","@id":"https:\/\/www.viaromana.org\/blog\/quoi-retenir-de-ce-papier-vacances-dautomne-ville-de-vannes\/","url":"https:\/\/www.viaromana.org\/blog\/quoi-retenir-de-ce-papier-vacances-dautomne-ville-de-vannes\/","name":"Quoi retenir de ce papier : Vacances d\u2019automne | Ville de Vannes - Viaromana et arch\u00e9ologie.","isPartOf":{"@id":"https:\/\/www.viaromana.org\/blog\/#website"},"datePublished":"2022-10-04T16:15:41+00:00","dateModified":"2022-10-04T16:15:41+00:00","description":"Quoi retenir de ce papier : Vacances d\u2019automne | Ville de Vannes article de Viaromana et arch\u00e9ologie.","breadcrumb":{"@id":"https:\/\/www.viaromana.org\/blog\/quoi-retenir-de-ce-papier-vacances-dautomne-ville-de-vannes\/#breadcrumb"},"inLanguage":"fr-FR","potentialAction":[{"@type":"ReadAction","target":["https:\/\/www.viaromana.org\/blog\/quoi-retenir-de-ce-papier-vacances-dautomne-ville-de-vannes\/"]}]},{"@type":"BreadcrumbList","@id":"https:\/\/www.viaromana.org\/blog\/quoi-retenir-de-ce-papier-vacances-dautomne-ville-de-vannes\/#breadcrumb","itemListElement":[{"@type":"ListItem","position":1,"name":"Accueil","item":"https:\/\/www.viaromana.org\/blog\/"},{"@type":"ListItem","position":2,"name":"Quoi retenir de ce papier : Vacances d\u2019automne | Ville de Vannes"}]},{"@type":"WebSite","@id":"https:\/\/www.viaromana.org\/blog\/#website","url":"https:\/\/www.viaromana.org\/blog\/","name":"Viaromana et arch\u00e9ologie.","description":"Site arch\u00e9ologique de la voie romaine (viaromana) Belgique-France-Rome","publisher":{"@id":"https:\/\/www.viaromana.org\/blog\/#organization"},"potentialAction":[{"@type":"SearchAction","target":{"@type":"EntryPoint","urlTemplate":"https:\/\/www.viaromana.org\/blog\/?s={search_term_string}"},"query-input":"required name=search_term_string"}],"inLanguage":"fr-FR"},{"@type":"Organization","@id":"https:\/\/www.viaromana.org\/blog\/#organization","name":"viaromana","url":"https:\/\/www.viaromana.org\/blog\/","logo":{"@type":"ImageObject","inLanguage":"fr-FR","@id":"https:\/\/www.viaromana.org\/blog\/#\/schema\/logo\/image\/","url":"https:\/\/www.viaromana.org\/blog\/wp-content\/uploads\/2021\/12\/logo-3.png","contentUrl":"https:\/\/www.viaromana.org\/blog\/wp-content\/uploads\/2021\/12\/logo-3.png","width":300,"height":249,"caption":"viaromana"},"image":{"@id":"https:\/\/www.viaromana.org\/blog\/#\/schema\/logo\/image\/"}},{"@type":"Person","@id":"https:\/\/www.viaromana.org\/blog\/#\/schema\/person\/cde9c4655845091e1fe473fcd163c889","name":"Robert","image":{"@type":"ImageObject","inLanguage":"fr-FR","@id":"https:\/\/www.viaromana.org\/blog\/#\/schema\/person\/image\/","url":"https:\/\/secure.gravatar.com\/avatar\/a168ec191013b636c2f278aec04e724b?s=96&d=mm&r=g","contentUrl":"https:\/\/secure.gravatar.com\/avatar\/a168ec191013b636c2f278aec04e724b?s=96&d=mm&r=g","caption":"Robert"},"sameAs":["https:\/\/www.viaromana.org\/blog"],"url":"https:\/\/www.viaromana.org\/blog\/author\/anaadmin\/"}]}},"_links":{"self":[{"href":"https:\/\/www.viaromana.org\/blog\/wp-json\/wp\/v2\/posts\/1313"}],"collection":[{"href":"https:\/\/www.viaromana.org\/blog\/wp-json\/wp\/v2\/posts"}],"about":[{"href":"https:\/\/www.viaromana.org\/blog\/wp-json\/wp\/v2\/types\/post"}],"author":[{"embeddable":true,"href":"https:\/\/www.viaromana.org\/blog\/wp-json\/wp\/v2\/users\/1"}],"replies":[{"embeddable":true,"href":"https:\/\/www.viaromana.org\/blog\/wp-json\/wp\/v2\/comments?post=1313"}],"version-history":[{"count":0,"href":"https:\/\/www.viaromana.org\/blog\/wp-json\/wp\/v2\/posts\/1313\/revisions"}],"wp:featuredmedia":[{"embeddable":true,"href":"https:\/\/www.viaromana.org\/blog\/wp-json\/wp\/v2\/media\/1314"}],"wp:attachment":[{"href":"https:\/\/www.viaromana.org\/blog\/wp-json\/wp\/v2\/media?parent=1313"}],"wp:term":[{"taxonomy":"category","embeddable":true,"href":"https:\/\/www.viaromana.org\/blog\/wp-json\/wp\/v2\/categories?post=1313"},{"taxonomy":"post_tag","embeddable":true,"href":"https:\/\/www.viaromana.org\/blog\/wp-json\/wp\/v2\/tags?post=1313"}],"curies":[{"name":"wp","href":"https:\/\/api.w.org\/{rel}","templated":true}]}}