{"id":1303,"date":"2022-09-29T12:58:37","date_gmt":"2022-09-29T10:58:37","guid":{"rendered":"https:\/\/www.site.cdcl.xyz\/2022\/09\/29\/revue-de-presse-web-conference-jerome-obiols-la-photographie-de-montagne-en-noir-et-blanc\/"},"modified":"2022-09-29T12:58:37","modified_gmt":"2022-09-29T10:58:37","slug":"revue-de-presse-web-conference-jerome-obiols-la-photographie-de-montagne-en-noir-et-blanc","status":"publish","type":"post","link":"https:\/\/www.viaromana.org\/blog\/revue-de-presse-web-conference-jerome-obiols-la-photographie-de-montagne-en-noir-et-blanc\/","title":{"rendered":"Revue de presse web : Conf\u00e9rence Jerome Obiols \u00a0\u00bb La photographie de montagne en noir et blanc\u00a0\u00bb"},"content":{"rendered":"<p>Nous avons relev\u00e9 un article sur internet dont la th\u00e9matique est \u00abl\u2019arch\u00e9ologie\u00bb.<\/p>\n<p>Son titre saisissant (Conf\u00e9rence Jerome Obiols \u00a0\u00bb La photographie de montagne en noir et blanc\u00a0\u00bb) est \u00e9vocateur.<\/p>\n<p>Le journaliste (annonc\u00e9 sous le nom nodule) est connu et fiable pour plusieurs autres articles qu\u2019il a publi\u00e9s sur internet.<\/p>\n<p>Les infos concern\u00e9es sont donc consid\u00e9r\u00e9es v\u00e9ridiques.<\/p>\n<p>La date de publication est 2022-09-29 12:58:37.<\/p>\n<p>1\u00e8re \u00e9dition du festival d\u2019art visuel sur le th\u00e8me de la nature combinant photographies et conf\u00e9rences, pour sensibiliser le public aux arts visuels, \u00e0 la nature et permettre l\u2019\u00e9change avec les exposants.<br \/>Exposition photographique et conf\u00e9rences.<\/p>\n<p> Conf\u00e9rence Jerome Obiols \u00a0\u00bb La photographie de montagne en noir et blanc\u00a0\u00bb<\/p>\n<p>Parutions sur le m\u00eame sujet:<\/p>\n<p>R\u00e9v\u00e9lations de l\u2019arch\u00e9ologie.,<a target=\"_blank\" rel=\"nofollow\" href=\"https:\/\/www.viaromana.org\/blog\/goto\/https:\/\/www.epagine.fr\/ebook\/9782706266348-revelations-de-l-archeologie-henri-paul-eydoux\/\"  target=\"_blank\" rel=\"noopener noreferrer nofollow\">Le livre <\/a><span><\/span>.<\/p>\n<p>Perun, dieu slave de l\u2019orage.,<a target=\"_blank\" rel=\"nofollow\" href=\"https:\/\/www.viaromana.org\/blog\/goto\/https:\/\/www.kobo.com\/de\/fr\/ebook\/perun-dieu-slave-de-l-orage\"  target=\"_blank\" rel=\"noopener noreferrer nofollow\">Clicker Ici <\/a><span><\/span>.<\/p>\n<p>Un coin de Haute-Provence, C\u00e9reste au cours des si\u00e8cles : histoire, art, arch\u00e9ologie.,<a target=\"_blank\" rel=\"nofollow\" href=\"https:\/\/www.viaromana.org\/blog\/goto\/https:\/\/www.epagine.fr\/ebook\/9782307002505-un-coin-de-haute-provence-cereste-au-cours-des-siecles-histoire-art-archeologie-helia-vigne-d-octon\/\"  target=\"_blank\" rel=\"noopener noreferrer nofollow\">livre de r\u00e9f\u00e9rence <\/a><span><\/span>.<\/p>\n<p>P\u00e9n\u00e9lope Green, Tome 4 : La tiare de Nefertiti.,<a target=\"_blank\" rel=\"nofollow\" href=\"https:\/\/www.viaromana.org\/blog\/goto\/https:\/\/booknode.com\/penelope_green_tome_4_la_tiare_de_nefertiti_0932113\"  target=\"_blank\" rel=\"noopener noreferrer nofollow\">Ouvrage <\/a><span><\/span>. A emprunter en biblioth\u00e8que.<\/p>\n","protected":false},"excerpt":{"rendered":"<p>Nous avons relev\u00e9 un article sur internet dont la th\u00e9matique est \u00abl\u2019arch\u00e9ologie\u00bb. Son titre saisissant (Conf\u00e9rence Jerome Obiols \u00a0\u00bb La photographie de montagne en noir et blanc\u00a0\u00bb) est \u00e9vocateur. Le journaliste (annonc\u00e9 sous le nom nodule) est connu et fiable pour plusieurs autres articles qu\u2019il a publi\u00e9s sur internet. Les infos concern\u00e9es sont donc consid\u00e9r\u00e9es v\u00e9ridiques. La date de publication est 2022-09-29 12:58:37. 1\u00e8re \u00e9dition du festival d\u2019art visuel sur le th\u00e8me de la nature combinant photographies et conf\u00e9rences, pour sensibiliser le public aux arts visuels, \u00e0 la nature et permettre l\u2019\u00e9change avec les exposants.Exposition photographique et conf\u00e9rences. Conf\u00e9rence Jerome\u2026<\/p>\n","protected":false},"author":1,"featured_media":1304,"comment_status":"closed","ping_status":"closed","sticky":false,"template":"","format":"standard","meta":{"footnotes":""},"categories":[2],"tags":[],"blocksy_meta":{"styles_descriptor":{"styles":{"desktop":"","tablet":"","mobile":""},"google_fonts":[],"version":4}},"yoast_head":"<!-- This site is optimized with the Yoast SEO plugin v21.1 - https:\/\/yoast.com\/wordpress\/plugins\/seo\/ -->\n<title>Revue de presse web : Conf\u00e9rence Jerome Obiols &quot; La photographie de montagne en noir et blanc&quot; - Viaromana et arch\u00e9ologie.<\/title>\n<meta name=\"description\" content=\"Revue de presse web : Conf\u00e9rence Jerome Obiols &quot; La photographie de montagne en noir et blanc&quot; article de Viaromana et arch\u00e9ologie.\" \/>\n<meta name=\"robots\" content=\"index, follow, max-snippet:-1, max-image-preview:large, max-video-preview:-1\" \/>\n<link rel=\"canonical\" href=\"https:\/\/www.viaromana.org\/blog\/revue-de-presse-web-conference-jerome-obiols-la-photographie-de-montagne-en-noir-et-blanc\/\" \/>\n<meta property=\"og:locale\" content=\"fr_FR\" \/>\n<meta property=\"og:type\" content=\"article\" \/>\n<meta property=\"og:title\" content=\"Revue de presse web : Conf\u00e9rence Jerome Obiols &quot; La photographie de montagne en noir et blanc&quot; - Viaromana et arch\u00e9ologie.\" \/>\n<meta property=\"og:description\" content=\"Revue de presse web : Conf\u00e9rence Jerome Obiols &quot; La photographie de montagne en noir et blanc&quot; article de Viaromana et arch\u00e9ologie.\" \/>\n<meta property=\"og:url\" content=\"https:\/\/www.viaromana.org\/blog\/revue-de-presse-web-conference-jerome-obiols-la-photographie-de-montagne-en-noir-et-blanc\/\" \/>\n<meta property=\"og:site_name\" content=\"Viaromana et arch\u00e9ologie.\" \/>\n<meta property=\"article:published_time\" content=\"2022-09-29T10:58:37+00:00\" \/>\n<meta property=\"og:image\" content=\"https:\/\/www.viaromana.org\/blog\/wp-content\/uploads\/2022\/09\/unnamed-file-23-scaled.jpg\" \/>\n\t<meta property=\"og:image:width\" content=\"2560\" \/>\n\t<meta property=\"og:image:height\" content=\"1440\" \/>\n\t<meta property=\"og:image:type\" content=\"image\/jpeg\" \/>\n<meta name=\"author\" content=\"Robert\" \/>\n<meta name=\"twitter:card\" content=\"summary_large_image\" \/>\n<meta name=\"twitter:label1\" content=\"\u00c9crit par\" \/>\n\t<meta name=\"twitter:data1\" content=\"Robert\" \/>\n\t<meta name=\"twitter:label2\" content=\"Dur\u00e9e de lecture estim\u00e9e\" \/>\n\t<meta name=\"twitter:data2\" content=\"1 minute\" \/>\n<script type=\"application\/ld+json\" class=\"yoast-schema-graph\">{\"@context\":\"https:\/\/schema.org\",\"@graph\":[{\"@type\":\"Article\",\"@id\":\"https:\/\/www.viaromana.org\/blog\/revue-de-presse-web-conference-jerome-obiols-la-photographie-de-montagne-en-noir-et-blanc\/#article\",\"isPartOf\":{\"@id\":\"https:\/\/www.viaromana.org\/blog\/revue-de-presse-web-conference-jerome-obiols-la-photographie-de-montagne-en-noir-et-blanc\/\"},\"author\":{\"name\":\"Robert\",\"@id\":\"https:\/\/www.viaromana.org\/blog\/#\/schema\/person\/cde9c4655845091e1fe473fcd163c889\"},\"headline\":\"Revue de presse web : Conf\u00e9rence Jerome Obiols \u00a0\u00bb La photographie de montagne en noir et blanc\u00a0\u00bb\",\"datePublished\":\"2022-09-29T10:58:37+00:00\",\"dateModified\":\"2022-09-29T10:58:37+00:00\",\"mainEntityOfPage\":{\"@id\":\"https:\/\/www.viaromana.org\/blog\/revue-de-presse-web-conference-jerome-obiols-la-photographie-de-montagne-en-noir-et-blanc\/\"},\"wordCount\":198,\"publisher\":{\"@id\":\"https:\/\/www.viaromana.org\/blog\/#organization\"},\"articleSection\":[\"Arch\u00e9ologie\"],\"inLanguage\":\"fr-FR\"},{\"@type\":\"WebPage\",\"@id\":\"https:\/\/www.viaromana.org\/blog\/revue-de-presse-web-conference-jerome-obiols-la-photographie-de-montagne-en-noir-et-blanc\/\",\"url\":\"https:\/\/www.viaromana.org\/blog\/revue-de-presse-web-conference-jerome-obiols-la-photographie-de-montagne-en-noir-et-blanc\/\",\"name\":\"Revue de presse web : Conf\u00e9rence Jerome Obiols \\\" La photographie de montagne en noir et blanc\\\" - Viaromana et arch\u00e9ologie.\",\"isPartOf\":{\"@id\":\"https:\/\/www.viaromana.org\/blog\/#website\"},\"datePublished\":\"2022-09-29T10:58:37+00:00\",\"dateModified\":\"2022-09-29T10:58:37+00:00\",\"description\":\"Revue de presse web : Conf\u00e9rence Jerome Obiols \\\" La photographie de montagne en noir et blanc\\\" article de Viaromana et arch\u00e9ologie.\",\"breadcrumb\":{\"@id\":\"https:\/\/www.viaromana.org\/blog\/revue-de-presse-web-conference-jerome-obiols-la-photographie-de-montagne-en-noir-et-blanc\/#breadcrumb\"},\"inLanguage\":\"fr-FR\",\"potentialAction\":[{\"@type\":\"ReadAction\",\"target\":[\"https:\/\/www.viaromana.org\/blog\/revue-de-presse-web-conference-jerome-obiols-la-photographie-de-montagne-en-noir-et-blanc\/\"]}]},{\"@type\":\"BreadcrumbList\",\"@id\":\"https:\/\/www.viaromana.org\/blog\/revue-de-presse-web-conference-jerome-obiols-la-photographie-de-montagne-en-noir-et-blanc\/#breadcrumb\",\"itemListElement\":[{\"@type\":\"ListItem\",\"position\":1,\"name\":\"Accueil\",\"item\":\"https:\/\/www.viaromana.org\/blog\/\"},{\"@type\":\"ListItem\",\"position\":2,\"name\":\"Revue de presse web : Conf\u00e9rence Jerome Obiols \u00a0\u00bb La photographie de montagne en noir et blanc\u00a0\u00bb\"}]},{\"@type\":\"WebSite\",\"@id\":\"https:\/\/www.viaromana.org\/blog\/#website\",\"url\":\"https:\/\/www.viaromana.org\/blog\/\",\"name\":\"Viaromana et arch\u00e9ologie.\",\"description\":\"Site arch\u00e9ologique de la voie romaine (viaromana) Belgique-France-Rome\",\"publisher\":{\"@id\":\"https:\/\/www.viaromana.org\/blog\/#organization\"},\"potentialAction\":[{\"@type\":\"SearchAction\",\"target\":{\"@type\":\"EntryPoint\",\"urlTemplate\":\"https:\/\/www.viaromana.org\/blog\/?s={search_term_string}\"},\"query-input\":\"required name=search_term_string\"}],\"inLanguage\":\"fr-FR\"},{\"@type\":\"Organization\",\"@id\":\"https:\/\/www.viaromana.org\/blog\/#organization\",\"name\":\"viaromana\",\"url\":\"https:\/\/www.viaromana.org\/blog\/\",\"logo\":{\"@type\":\"ImageObject\",\"inLanguage\":\"fr-FR\",\"@id\":\"https:\/\/www.viaromana.org\/blog\/#\/schema\/logo\/image\/\",\"url\":\"https:\/\/www.viaromana.org\/blog\/wp-content\/uploads\/2021\/12\/logo-3.png\",\"contentUrl\":\"https:\/\/www.viaromana.org\/blog\/wp-content\/uploads\/2021\/12\/logo-3.png\",\"width\":300,\"height\":249,\"caption\":\"viaromana\"},\"image\":{\"@id\":\"https:\/\/www.viaromana.org\/blog\/#\/schema\/logo\/image\/\"}},{\"@type\":\"Person\",\"@id\":\"https:\/\/www.viaromana.org\/blog\/#\/schema\/person\/cde9c4655845091e1fe473fcd163c889\",\"name\":\"Robert\",\"image\":{\"@type\":\"ImageObject\",\"inLanguage\":\"fr-FR\",\"@id\":\"https:\/\/www.viaromana.org\/blog\/#\/schema\/person\/image\/\",\"url\":\"https:\/\/secure.gravatar.com\/avatar\/a168ec191013b636c2f278aec04e724b?s=96&d=mm&r=g\",\"contentUrl\":\"https:\/\/secure.gravatar.com\/avatar\/a168ec191013b636c2f278aec04e724b?s=96&d=mm&r=g\",\"caption\":\"Robert\"},\"sameAs\":[\"https:\/\/www.viaromana.org\/blog\"],\"url\":\"https:\/\/www.viaromana.org\/blog\/author\/anaadmin\/\"}]}<\/script>\n<!-- \/ Yoast SEO plugin. -->","yoast_head_json":{"title":"Revue de presse web : Conf\u00e9rence Jerome Obiols \" La photographie de montagne en noir et blanc\" - Viaromana et arch\u00e9ologie.","description":"Revue de presse web : Conf\u00e9rence Jerome Obiols \" La photographie de montagne en noir et blanc\" article de Viaromana et arch\u00e9ologie.","robots":{"index":"index","follow":"follow","max-snippet":"max-snippet:-1","max-image-preview":"max-image-preview:large","max-video-preview":"max-video-preview:-1"},"canonical":"https:\/\/www.viaromana.org\/blog\/revue-de-presse-web-conference-jerome-obiols-la-photographie-de-montagne-en-noir-et-blanc\/","og_locale":"fr_FR","og_type":"article","og_title":"Revue de presse web : Conf\u00e9rence Jerome Obiols \" La photographie de montagne en noir et blanc\" - Viaromana et arch\u00e9ologie.","og_description":"Revue de presse web : Conf\u00e9rence Jerome Obiols \" La photographie de montagne en noir et blanc\" article de Viaromana et arch\u00e9ologie.","og_url":"https:\/\/www.viaromana.org\/blog\/revue-de-presse-web-conference-jerome-obiols-la-photographie-de-montagne-en-noir-et-blanc\/","og_site_name":"Viaromana et arch\u00e9ologie.","article_published_time":"2022-09-29T10:58:37+00:00","og_image":[{"width":2560,"height":1440,"url":"https:\/\/www.viaromana.org\/blog\/wp-content\/uploads\/2022\/09\/unnamed-file-23-scaled.jpg","type":"image\/jpeg"}],"author":"Robert","twitter_card":"summary_large_image","twitter_misc":{"\u00c9crit par":"Robert","Dur\u00e9e de lecture estim\u00e9e":"1 minute"},"schema":{"@context":"https:\/\/schema.org","@graph":[{"@type":"Article","@id":"https:\/\/www.viaromana.org\/blog\/revue-de-presse-web-conference-jerome-obiols-la-photographie-de-montagne-en-noir-et-blanc\/#article","isPartOf":{"@id":"https:\/\/www.viaromana.org\/blog\/revue-de-presse-web-conference-jerome-obiols-la-photographie-de-montagne-en-noir-et-blanc\/"},"author":{"name":"Robert","@id":"https:\/\/www.viaromana.org\/blog\/#\/schema\/person\/cde9c4655845091e1fe473fcd163c889"},"headline":"Revue de presse web : Conf\u00e9rence Jerome Obiols \u00a0\u00bb La photographie de montagne en noir et blanc\u00a0\u00bb","datePublished":"2022-09-29T10:58:37+00:00","dateModified":"2022-09-29T10:58:37+00:00","mainEntityOfPage":{"@id":"https:\/\/www.viaromana.org\/blog\/revue-de-presse-web-conference-jerome-obiols-la-photographie-de-montagne-en-noir-et-blanc\/"},"wordCount":198,"publisher":{"@id":"https:\/\/www.viaromana.org\/blog\/#organization"},"articleSection":["Arch\u00e9ologie"],"inLanguage":"fr-FR"},{"@type":"WebPage","@id":"https:\/\/www.viaromana.org\/blog\/revue-de-presse-web-conference-jerome-obiols-la-photographie-de-montagne-en-noir-et-blanc\/","url":"https:\/\/www.viaromana.org\/blog\/revue-de-presse-web-conference-jerome-obiols-la-photographie-de-montagne-en-noir-et-blanc\/","name":"Revue de presse web : Conf\u00e9rence Jerome Obiols \" La photographie de montagne en noir et blanc\" - Viaromana et arch\u00e9ologie.","isPartOf":{"@id":"https:\/\/www.viaromana.org\/blog\/#website"},"datePublished":"2022-09-29T10:58:37+00:00","dateModified":"2022-09-29T10:58:37+00:00","description":"Revue de presse web : Conf\u00e9rence Jerome Obiols \" La photographie de montagne en noir et blanc\" article de Viaromana et arch\u00e9ologie.","breadcrumb":{"@id":"https:\/\/www.viaromana.org\/blog\/revue-de-presse-web-conference-jerome-obiols-la-photographie-de-montagne-en-noir-et-blanc\/#breadcrumb"},"inLanguage":"fr-FR","potentialAction":[{"@type":"ReadAction","target":["https:\/\/www.viaromana.org\/blog\/revue-de-presse-web-conference-jerome-obiols-la-photographie-de-montagne-en-noir-et-blanc\/"]}]},{"@type":"BreadcrumbList","@id":"https:\/\/www.viaromana.org\/blog\/revue-de-presse-web-conference-jerome-obiols-la-photographie-de-montagne-en-noir-et-blanc\/#breadcrumb","itemListElement":[{"@type":"ListItem","position":1,"name":"Accueil","item":"https:\/\/www.viaromana.org\/blog\/"},{"@type":"ListItem","position":2,"name":"Revue de presse web : Conf\u00e9rence Jerome Obiols \u00a0\u00bb La photographie de montagne en noir et blanc\u00a0\u00bb"}]},{"@type":"WebSite","@id":"https:\/\/www.viaromana.org\/blog\/#website","url":"https:\/\/www.viaromana.org\/blog\/","name":"Viaromana et arch\u00e9ologie.","description":"Site arch\u00e9ologique de la voie romaine (viaromana) Belgique-France-Rome","publisher":{"@id":"https:\/\/www.viaromana.org\/blog\/#organization"},"potentialAction":[{"@type":"SearchAction","target":{"@type":"EntryPoint","urlTemplate":"https:\/\/www.viaromana.org\/blog\/?s={search_term_string}"},"query-input":"required name=search_term_string"}],"inLanguage":"fr-FR"},{"@type":"Organization","@id":"https:\/\/www.viaromana.org\/blog\/#organization","name":"viaromana","url":"https:\/\/www.viaromana.org\/blog\/","logo":{"@type":"ImageObject","inLanguage":"fr-FR","@id":"https:\/\/www.viaromana.org\/blog\/#\/schema\/logo\/image\/","url":"https:\/\/www.viaromana.org\/blog\/wp-content\/uploads\/2021\/12\/logo-3.png","contentUrl":"https:\/\/www.viaromana.org\/blog\/wp-content\/uploads\/2021\/12\/logo-3.png","width":300,"height":249,"caption":"viaromana"},"image":{"@id":"https:\/\/www.viaromana.org\/blog\/#\/schema\/logo\/image\/"}},{"@type":"Person","@id":"https:\/\/www.viaromana.org\/blog\/#\/schema\/person\/cde9c4655845091e1fe473fcd163c889","name":"Robert","image":{"@type":"ImageObject","inLanguage":"fr-FR","@id":"https:\/\/www.viaromana.org\/blog\/#\/schema\/person\/image\/","url":"https:\/\/secure.gravatar.com\/avatar\/a168ec191013b636c2f278aec04e724b?s=96&d=mm&r=g","contentUrl":"https:\/\/secure.gravatar.com\/avatar\/a168ec191013b636c2f278aec04e724b?s=96&d=mm&r=g","caption":"Robert"},"sameAs":["https:\/\/www.viaromana.org\/blog"],"url":"https:\/\/www.viaromana.org\/blog\/author\/anaadmin\/"}]}},"_links":{"self":[{"href":"https:\/\/www.viaromana.org\/blog\/wp-json\/wp\/v2\/posts\/1303"}],"collection":[{"href":"https:\/\/www.viaromana.org\/blog\/wp-json\/wp\/v2\/posts"}],"about":[{"href":"https:\/\/www.viaromana.org\/blog\/wp-json\/wp\/v2\/types\/post"}],"author":[{"embeddable":true,"href":"https:\/\/www.viaromana.org\/blog\/wp-json\/wp\/v2\/users\/1"}],"replies":[{"embeddable":true,"href":"https:\/\/www.viaromana.org\/blog\/wp-json\/wp\/v2\/comments?post=1303"}],"version-history":[{"count":0,"href":"https:\/\/www.viaromana.org\/blog\/wp-json\/wp\/v2\/posts\/1303\/revisions"}],"wp:featuredmedia":[{"embeddable":true,"href":"https:\/\/www.viaromana.org\/blog\/wp-json\/wp\/v2\/media\/1304"}],"wp:attachment":[{"href":"https:\/\/www.viaromana.org\/blog\/wp-json\/wp\/v2\/media?parent=1303"}],"wp:term":[{"taxonomy":"category","embeddable":true,"href":"https:\/\/www.viaromana.org\/blog\/wp-json\/wp\/v2\/categories?post=1303"},{"taxonomy":"post_tag","embeddable":true,"href":"https:\/\/www.viaromana.org\/blog\/wp-json\/wp\/v2\/tags?post=1303"}],"curies":[{"name":"wp","href":"https:\/\/api.w.org\/{rel}","templated":true}]}}