{"id":1291,"date":"2022-09-26T12:31:48","date_gmt":"2022-09-26T10:31:48","guid":{"rendered":"https:\/\/www.site.cdcl.xyz\/2022\/09\/26\/information-pour-les-passionnes-la-culture-pour-tous\/"},"modified":"2022-09-26T12:31:48","modified_gmt":"2022-09-26T10:31:48","slug":"information-pour-les-passionnes-la-culture-pour-tous","status":"publish","type":"post","link":"https:\/\/www.viaromana.org\/blog\/information-pour-les-passionnes-la-culture-pour-tous\/","title":{"rendered":"Information pour les passionn\u00e9s : La culture pour tous"},"content":{"rendered":"<p>Cet \u00e9ditorial, dont le propos est \u00ab&nbsp;l\u2019arch\u00e9ologie&nbsp;\u00bb, vient d\u2019\u00eatre d\u00e9couvert sur le web, nous sommes heureux de vous en produire l\u2019essentiel ci-dessous.<\/p>\n<p>Le titre (La culture pour tous) en dit long.<\/p>\n<p> Identifi\u00e9 sous la signature \u00abd\u2019anonymat<br \/>\u00bb, le pigiste est reconnu comme quelqu\u2019un de s\u00e9rieux.<\/p>\n<p>Les informations \u00e9dit\u00e9es sont donc r\u00e9put\u00e9es valables.<\/p>\n<p>Sachez que la date de publication est 2022-09-26 12:31:48.<\/p>\n<p>Texte original mentionn\u00e9 : <\/p>\n<p><img decoding=\"async\" src=\"https:\/\/www.viaromana.org\/blog\/wp-content\/uploads\/2022\/09\/information-pour-les-passionnes-la-culture-pour-tous.jpg\"><\/p>\n<div>\n<p>Permettre aux habitants du territoire de b\u00e9n\u00e9ficier d\u2019un acc\u00e8s aux biens culturels, c\u2019est la mission principale assign\u00e9e au r\u00e9seau des dix m\u00e9diath\u00e8ques de l\u2019Agglo.<\/p>\n<\/div>\n<div>\n<p>La commune de Saint-R\u00e9my a souhait\u00e9 \u00e9tablir un partenariat avec l\u2019Agglo pour que les usagers de la m\u00e9diath\u00e8que communale \u00ab Les mots passants \u00bb b\u00e9n\u00e9ficient d\u2019un acc\u00e8s facilit\u00e9 aux collections de nos m\u00e9diath\u00e8ques. Gr\u00e2ce \u00e0 la convention de partenariat, conclue entre les deux collectivit\u00e9s, les habitants de Saint-R\u00e9my pourront ainsi r\u00e9server livres, CD et autres DVD, les r\u00e9cup\u00e9rer et les rendre, sans avoir \u00e0 se d\u00e9placer sur l\u2019une des m\u00e9diath\u00e8ques de l\u2019Agglo.<\/p>\n<\/div>\n<p>A lire sur le m\u00eame sujet:<\/p>\n<p>Raison et foi ; arch\u00e9ologie d\u2019une crise d\u2019Albert le Grand \u00e0 Jean-Paul II.,<a target=\"_blank\" rel=\"nofollow\" href=\"https:\/\/www.viaromana.org\/blog\/goto\/https:\/\/www.epagine.fr\/ebook\/9782021381054-raison-et-foi-archeologie-d-une-crise-d-albert-le-grand-a-jean-paul-ii-alain-de-libera\/\"  target=\"_blank\" rel=\"noopener noreferrer nofollow\">Ouvrage <\/a><span><\/span>. A emprunter en biblioth\u00e8que.<\/p>\n<p>Manuel d\u2019arch\u00e9ologie \u00e9trusque et romaine.,<a target=\"_blank\" rel=\"nofollow\" href=\"https:\/\/www.viaromana.org\/blog\/goto\/https:\/\/www.kobo.com\/de\/fr\/ebook\/manuel-d-archeologie-etrusque-et-romaine\"  target=\"_blank\" rel=\"noopener noreferrer nofollow\">Le livre <\/a><span><\/span>.<\/p>\n<p>Sanctuaire Genesis \u2013 Deuxi\u00e8me partie.,<a target=\"_blank\" rel=\"nofollow\" href=\"https:\/\/www.viaromana.org\/blog\/goto\/https:\/\/booknode.com\/sanctuaire_genesis_deuxieme_partie_01780625\"  target=\"_blank\" rel=\"noopener noreferrer nofollow\">A voir et \u00e0 lire. <\/a><span><\/span>. Disponible sur internet.<\/p>\n<p>Outsiders, Tome 1 : Markus.,<a target=\"_blank\" rel=\"nofollow\" href=\"https:\/\/www.viaromana.org\/blog\/goto\/https:\/\/booknode.com\/outsiders_tome_1_markus_03319922\"  target=\"_blank\" rel=\"noopener noreferrer nofollow\">(la couverture) <\/a><span><\/span>. Disponible Sur AMAZON.<\/p>\n","protected":false},"excerpt":{"rendered":"<p>Cet \u00e9ditorial, dont le propos est \u00ab&nbsp;l\u2019arch\u00e9ologie&nbsp;\u00bb, vient d\u2019\u00eatre d\u00e9couvert sur le web, nous sommes heureux de vous en produire l\u2019essentiel ci-dessous. Le titre (La culture pour tous) en dit long. Identifi\u00e9 sous la signature \u00abd\u2019anonymat\u00bb, le pigiste est reconnu comme quelqu\u2019un de s\u00e9rieux. Les informations \u00e9dit\u00e9es sont donc r\u00e9put\u00e9es valables. Sachez que la date de publication est 2022-09-26 12:31:48. Texte original mentionn\u00e9 : Permettre aux habitants du territoire de b\u00e9n\u00e9ficier d\u2019un acc\u00e8s aux biens culturels, c\u2019est la mission principale assign\u00e9e au r\u00e9seau des dix m\u00e9diath\u00e8ques de l\u2019Agglo. La commune de Saint-R\u00e9my a souhait\u00e9 \u00e9tablir un partenariat avec l\u2019Agglo pour\u2026<\/p>\n","protected":false},"author":1,"featured_media":1292,"comment_status":"closed","ping_status":"closed","sticky":false,"template":"","format":"standard","meta":{"footnotes":""},"categories":[2],"tags":[],"blocksy_meta":{"styles_descriptor":{"styles":{"desktop":"","tablet":"","mobile":""},"google_fonts":[],"version":4}},"yoast_head":"<!-- This site is optimized with the Yoast SEO plugin v21.1 - https:\/\/yoast.com\/wordpress\/plugins\/seo\/ -->\n<title>Information pour les passionn\u00e9s : La culture pour tous - Viaromana et arch\u00e9ologie.<\/title>\n<meta name=\"description\" content=\"Information pour les passionn\u00e9s : La culture pour tous article de Viaromana et arch\u00e9ologie.\" \/>\n<meta name=\"robots\" content=\"index, follow, max-snippet:-1, max-image-preview:large, max-video-preview:-1\" \/>\n<link rel=\"canonical\" href=\"https:\/\/www.viaromana.org\/blog\/information-pour-les-passionnes-la-culture-pour-tous\/\" \/>\n<meta property=\"og:locale\" content=\"fr_FR\" \/>\n<meta property=\"og:type\" content=\"article\" \/>\n<meta property=\"og:title\" content=\"Information pour les passionn\u00e9s : La culture pour tous - Viaromana et arch\u00e9ologie.\" \/>\n<meta property=\"og:description\" content=\"Information pour les passionn\u00e9s : La culture pour tous article de Viaromana et arch\u00e9ologie.\" \/>\n<meta property=\"og:url\" content=\"https:\/\/www.viaromana.org\/blog\/information-pour-les-passionnes-la-culture-pour-tous\/\" \/>\n<meta property=\"og:site_name\" content=\"Viaromana et arch\u00e9ologie.\" \/>\n<meta property=\"article:published_time\" content=\"2022-09-26T10:31:48+00:00\" \/>\n<meta property=\"og:image\" content=\"https:\/\/www.viaromana.org\/blog\/wp-content\/uploads\/2022\/09\/unnamed-file-18.jpg\" \/>\n\t<meta property=\"og:image:width\" content=\"690\" \/>\n\t<meta property=\"og:image:height\" content=\"1609\" \/>\n\t<meta property=\"og:image:type\" content=\"image\/jpeg\" \/>\n<meta name=\"author\" content=\"Robert\" \/>\n<meta name=\"twitter:card\" content=\"summary_large_image\" \/>\n<meta name=\"twitter:label1\" content=\"\u00c9crit par\" \/>\n\t<meta name=\"twitter:data1\" content=\"Robert\" \/>\n\t<meta name=\"twitter:label2\" content=\"Dur\u00e9e de lecture estim\u00e9e\" \/>\n\t<meta name=\"twitter:data2\" content=\"1 minute\" \/>\n<script type=\"application\/ld+json\" class=\"yoast-schema-graph\">{\"@context\":\"https:\/\/schema.org\",\"@graph\":[{\"@type\":\"Article\",\"@id\":\"https:\/\/www.viaromana.org\/blog\/information-pour-les-passionnes-la-culture-pour-tous\/#article\",\"isPartOf\":{\"@id\":\"https:\/\/www.viaromana.org\/blog\/information-pour-les-passionnes-la-culture-pour-tous\/\"},\"author\":{\"name\":\"Robert\",\"@id\":\"https:\/\/www.viaromana.org\/blog\/#\/schema\/person\/cde9c4655845091e1fe473fcd163c889\"},\"headline\":\"Information pour les passionn\u00e9s : La culture pour tous\",\"datePublished\":\"2022-09-26T10:31:48+00:00\",\"dateModified\":\"2022-09-26T10:31:48+00:00\",\"mainEntityOfPage\":{\"@id\":\"https:\/\/www.viaromana.org\/blog\/information-pour-les-passionnes-la-culture-pour-tous\/\"},\"wordCount\":264,\"publisher\":{\"@id\":\"https:\/\/www.viaromana.org\/blog\/#organization\"},\"articleSection\":[\"Arch\u00e9ologie\"],\"inLanguage\":\"fr-FR\"},{\"@type\":\"WebPage\",\"@id\":\"https:\/\/www.viaromana.org\/blog\/information-pour-les-passionnes-la-culture-pour-tous\/\",\"url\":\"https:\/\/www.viaromana.org\/blog\/information-pour-les-passionnes-la-culture-pour-tous\/\",\"name\":\"Information pour les passionn\u00e9s : La culture pour tous - Viaromana et arch\u00e9ologie.\",\"isPartOf\":{\"@id\":\"https:\/\/www.viaromana.org\/blog\/#website\"},\"datePublished\":\"2022-09-26T10:31:48+00:00\",\"dateModified\":\"2022-09-26T10:31:48+00:00\",\"description\":\"Information pour les passionn\u00e9s : La culture pour tous article de Viaromana et arch\u00e9ologie.\",\"breadcrumb\":{\"@id\":\"https:\/\/www.viaromana.org\/blog\/information-pour-les-passionnes-la-culture-pour-tous\/#breadcrumb\"},\"inLanguage\":\"fr-FR\",\"potentialAction\":[{\"@type\":\"ReadAction\",\"target\":[\"https:\/\/www.viaromana.org\/blog\/information-pour-les-passionnes-la-culture-pour-tous\/\"]}]},{\"@type\":\"BreadcrumbList\",\"@id\":\"https:\/\/www.viaromana.org\/blog\/information-pour-les-passionnes-la-culture-pour-tous\/#breadcrumb\",\"itemListElement\":[{\"@type\":\"ListItem\",\"position\":1,\"name\":\"Accueil\",\"item\":\"https:\/\/www.viaromana.org\/blog\/\"},{\"@type\":\"ListItem\",\"position\":2,\"name\":\"Information pour les passionn\u00e9s : La culture pour tous\"}]},{\"@type\":\"WebSite\",\"@id\":\"https:\/\/www.viaromana.org\/blog\/#website\",\"url\":\"https:\/\/www.viaromana.org\/blog\/\",\"name\":\"Viaromana et arch\u00e9ologie.\",\"description\":\"Site arch\u00e9ologique de la voie romaine (viaromana) Belgique-France-Rome\",\"publisher\":{\"@id\":\"https:\/\/www.viaromana.org\/blog\/#organization\"},\"potentialAction\":[{\"@type\":\"SearchAction\",\"target\":{\"@type\":\"EntryPoint\",\"urlTemplate\":\"https:\/\/www.viaromana.org\/blog\/?s={search_term_string}\"},\"query-input\":\"required name=search_term_string\"}],\"inLanguage\":\"fr-FR\"},{\"@type\":\"Organization\",\"@id\":\"https:\/\/www.viaromana.org\/blog\/#organization\",\"name\":\"viaromana\",\"url\":\"https:\/\/www.viaromana.org\/blog\/\",\"logo\":{\"@type\":\"ImageObject\",\"inLanguage\":\"fr-FR\",\"@id\":\"https:\/\/www.viaromana.org\/blog\/#\/schema\/logo\/image\/\",\"url\":\"https:\/\/www.viaromana.org\/blog\/wp-content\/uploads\/2021\/12\/logo-3.png\",\"contentUrl\":\"https:\/\/www.viaromana.org\/blog\/wp-content\/uploads\/2021\/12\/logo-3.png\",\"width\":300,\"height\":249,\"caption\":\"viaromana\"},\"image\":{\"@id\":\"https:\/\/www.viaromana.org\/blog\/#\/schema\/logo\/image\/\"}},{\"@type\":\"Person\",\"@id\":\"https:\/\/www.viaromana.org\/blog\/#\/schema\/person\/cde9c4655845091e1fe473fcd163c889\",\"name\":\"Robert\",\"image\":{\"@type\":\"ImageObject\",\"inLanguage\":\"fr-FR\",\"@id\":\"https:\/\/www.viaromana.org\/blog\/#\/schema\/person\/image\/\",\"url\":\"https:\/\/secure.gravatar.com\/avatar\/a168ec191013b636c2f278aec04e724b?s=96&d=mm&r=g\",\"contentUrl\":\"https:\/\/secure.gravatar.com\/avatar\/a168ec191013b636c2f278aec04e724b?s=96&d=mm&r=g\",\"caption\":\"Robert\"},\"sameAs\":[\"https:\/\/www.viaromana.org\/blog\"],\"url\":\"https:\/\/www.viaromana.org\/blog\/author\/anaadmin\/\"}]}<\/script>\n<!-- \/ Yoast SEO plugin. -->","yoast_head_json":{"title":"Information pour les passionn\u00e9s : La culture pour tous - Viaromana et arch\u00e9ologie.","description":"Information pour les passionn\u00e9s : La culture pour tous article de Viaromana et arch\u00e9ologie.","robots":{"index":"index","follow":"follow","max-snippet":"max-snippet:-1","max-image-preview":"max-image-preview:large","max-video-preview":"max-video-preview:-1"},"canonical":"https:\/\/www.viaromana.org\/blog\/information-pour-les-passionnes-la-culture-pour-tous\/","og_locale":"fr_FR","og_type":"article","og_title":"Information pour les passionn\u00e9s : La culture pour tous - Viaromana et arch\u00e9ologie.","og_description":"Information pour les passionn\u00e9s : La culture pour tous article de Viaromana et arch\u00e9ologie.","og_url":"https:\/\/www.viaromana.org\/blog\/information-pour-les-passionnes-la-culture-pour-tous\/","og_site_name":"Viaromana et arch\u00e9ologie.","article_published_time":"2022-09-26T10:31:48+00:00","og_image":[{"width":690,"height":1609,"url":"https:\/\/www.viaromana.org\/blog\/wp-content\/uploads\/2022\/09\/unnamed-file-18.jpg","type":"image\/jpeg"}],"author":"Robert","twitter_card":"summary_large_image","twitter_misc":{"\u00c9crit par":"Robert","Dur\u00e9e de lecture estim\u00e9e":"1 minute"},"schema":{"@context":"https:\/\/schema.org","@graph":[{"@type":"Article","@id":"https:\/\/www.viaromana.org\/blog\/information-pour-les-passionnes-la-culture-pour-tous\/#article","isPartOf":{"@id":"https:\/\/www.viaromana.org\/blog\/information-pour-les-passionnes-la-culture-pour-tous\/"},"author":{"name":"Robert","@id":"https:\/\/www.viaromana.org\/blog\/#\/schema\/person\/cde9c4655845091e1fe473fcd163c889"},"headline":"Information pour les passionn\u00e9s : La culture pour tous","datePublished":"2022-09-26T10:31:48+00:00","dateModified":"2022-09-26T10:31:48+00:00","mainEntityOfPage":{"@id":"https:\/\/www.viaromana.org\/blog\/information-pour-les-passionnes-la-culture-pour-tous\/"},"wordCount":264,"publisher":{"@id":"https:\/\/www.viaromana.org\/blog\/#organization"},"articleSection":["Arch\u00e9ologie"],"inLanguage":"fr-FR"},{"@type":"WebPage","@id":"https:\/\/www.viaromana.org\/blog\/information-pour-les-passionnes-la-culture-pour-tous\/","url":"https:\/\/www.viaromana.org\/blog\/information-pour-les-passionnes-la-culture-pour-tous\/","name":"Information pour les passionn\u00e9s : La culture pour tous - Viaromana et arch\u00e9ologie.","isPartOf":{"@id":"https:\/\/www.viaromana.org\/blog\/#website"},"datePublished":"2022-09-26T10:31:48+00:00","dateModified":"2022-09-26T10:31:48+00:00","description":"Information pour les passionn\u00e9s : La culture pour tous article de Viaromana et arch\u00e9ologie.","breadcrumb":{"@id":"https:\/\/www.viaromana.org\/blog\/information-pour-les-passionnes-la-culture-pour-tous\/#breadcrumb"},"inLanguage":"fr-FR","potentialAction":[{"@type":"ReadAction","target":["https:\/\/www.viaromana.org\/blog\/information-pour-les-passionnes-la-culture-pour-tous\/"]}]},{"@type":"BreadcrumbList","@id":"https:\/\/www.viaromana.org\/blog\/information-pour-les-passionnes-la-culture-pour-tous\/#breadcrumb","itemListElement":[{"@type":"ListItem","position":1,"name":"Accueil","item":"https:\/\/www.viaromana.org\/blog\/"},{"@type":"ListItem","position":2,"name":"Information pour les passionn\u00e9s : La culture pour tous"}]},{"@type":"WebSite","@id":"https:\/\/www.viaromana.org\/blog\/#website","url":"https:\/\/www.viaromana.org\/blog\/","name":"Viaromana et arch\u00e9ologie.","description":"Site arch\u00e9ologique de la voie romaine (viaromana) Belgique-France-Rome","publisher":{"@id":"https:\/\/www.viaromana.org\/blog\/#organization"},"potentialAction":[{"@type":"SearchAction","target":{"@type":"EntryPoint","urlTemplate":"https:\/\/www.viaromana.org\/blog\/?s={search_term_string}"},"query-input":"required name=search_term_string"}],"inLanguage":"fr-FR"},{"@type":"Organization","@id":"https:\/\/www.viaromana.org\/blog\/#organization","name":"viaromana","url":"https:\/\/www.viaromana.org\/blog\/","logo":{"@type":"ImageObject","inLanguage":"fr-FR","@id":"https:\/\/www.viaromana.org\/blog\/#\/schema\/logo\/image\/","url":"https:\/\/www.viaromana.org\/blog\/wp-content\/uploads\/2021\/12\/logo-3.png","contentUrl":"https:\/\/www.viaromana.org\/blog\/wp-content\/uploads\/2021\/12\/logo-3.png","width":300,"height":249,"caption":"viaromana"},"image":{"@id":"https:\/\/www.viaromana.org\/blog\/#\/schema\/logo\/image\/"}},{"@type":"Person","@id":"https:\/\/www.viaromana.org\/blog\/#\/schema\/person\/cde9c4655845091e1fe473fcd163c889","name":"Robert","image":{"@type":"ImageObject","inLanguage":"fr-FR","@id":"https:\/\/www.viaromana.org\/blog\/#\/schema\/person\/image\/","url":"https:\/\/secure.gravatar.com\/avatar\/a168ec191013b636c2f278aec04e724b?s=96&d=mm&r=g","contentUrl":"https:\/\/secure.gravatar.com\/avatar\/a168ec191013b636c2f278aec04e724b?s=96&d=mm&r=g","caption":"Robert"},"sameAs":["https:\/\/www.viaromana.org\/blog"],"url":"https:\/\/www.viaromana.org\/blog\/author\/anaadmin\/"}]}},"_links":{"self":[{"href":"https:\/\/www.viaromana.org\/blog\/wp-json\/wp\/v2\/posts\/1291"}],"collection":[{"href":"https:\/\/www.viaromana.org\/blog\/wp-json\/wp\/v2\/posts"}],"about":[{"href":"https:\/\/www.viaromana.org\/blog\/wp-json\/wp\/v2\/types\/post"}],"author":[{"embeddable":true,"href":"https:\/\/www.viaromana.org\/blog\/wp-json\/wp\/v2\/users\/1"}],"replies":[{"embeddable":true,"href":"https:\/\/www.viaromana.org\/blog\/wp-json\/wp\/v2\/comments?post=1291"}],"version-history":[{"count":0,"href":"https:\/\/www.viaromana.org\/blog\/wp-json\/wp\/v2\/posts\/1291\/revisions"}],"wp:featuredmedia":[{"embeddable":true,"href":"https:\/\/www.viaromana.org\/blog\/wp-json\/wp\/v2\/media\/1292"}],"wp:attachment":[{"href":"https:\/\/www.viaromana.org\/blog\/wp-json\/wp\/v2\/media?parent=1291"}],"wp:term":[{"taxonomy":"category","embeddable":true,"href":"https:\/\/www.viaromana.org\/blog\/wp-json\/wp\/v2\/categories?post=1291"},{"taxonomy":"post_tag","embeddable":true,"href":"https:\/\/www.viaromana.org\/blog\/wp-json\/wp\/v2\/tags?post=1291"}],"curies":[{"name":"wp","href":"https:\/\/api.w.org\/{rel}","templated":true}]}}