{"id":1287,"date":"2022-09-26T16:30:01","date_gmt":"2022-09-26T14:30:01","guid":{"rendered":"https:\/\/www.site.cdcl.xyz\/2022\/09\/26\/vous-aimerez-cela-fugue-trampoline-isere-tourisme\/"},"modified":"2022-09-26T16:30:01","modified_gmt":"2022-09-26T14:30:01","slug":"vous-aimerez-cela-fugue-trampoline-isere-tourisme","status":"publish","type":"post","link":"https:\/\/www.viaromana.org\/blog\/vous-aimerez-cela-fugue-trampoline-isere-tourisme\/","title":{"rendered":"Vous aimerez cela : Fugue \/ Trampoline | Is\u00e8re Tourisme"},"content":{"rendered":"<p>Nous venons de trouver cet \u00e9ditorial sur le th\u00e8me \u00ab&nbsp;l\u2019arch\u00e9ologie&nbsp;\u00bb. Avec plaisir nous vous en pr\u00e9sentons l\u2019essentiel ci-dessous.<\/p>\n<p>Son titre s\u00e9duisant (Fugue \/ Trampoline | Is\u00e8re Tourisme) est \u00e9vocateur.<\/p>\n<p> Annonc\u00e9 sous le nom \u00abnodule\u00bb, le r\u00e9dacteur est connu et fiable.<\/p>\n<p>La confiance est ainsi \u00e9lev\u00e9e concernant ce texte.<\/p>\n<p>Voici lle \u00ab&nbsp;papier&nbsp;\u00bb mentionn\u00e9 : <\/p>\n<div>\n<p>A la fois cirque et po\u00e9sie, Fugue\/Trampoline est une petite danse spectaculaire pour un homme et un objet, compos\u00e9e sur M\u00e9tamorphosis n\u00b02 de Phillip Glass. Une proposition du CCN2 \u2013 Centre chor\u00e9graphique national de Grenoble avec Grenoble-Alpes M\u00e9tropole<\/p>\n<\/div>\n<div>\n<p>Attentif \u00e0 faire r\u00e9sonner ses \u0153uvres avec les paysages vari\u00e9s du territoire de la m\u00e9tropole grenobloise et au plus pr\u00e8s de ses habitants, Yoann Bourgeois installe sa Fugue \/ Trampoline sur la place du march\u00e9 du village de Champagnier. A la fois cirque et po\u00e9sie, cette une petite danse spectaculaire pour un homme et un objet, compos\u00e9e sur M\u00e9tamorphosis n\u00b02 de Phillip Glass, est devenu une \u0153uvre embl\u00e9matique du r\u00e9pertoire du chor\u00e9graphe.<\/p>\n<h2 class=\"title info-comp\">Informations compl\u00e9mentaires<\/h2>\n<dl>\n<\/dl>\n<div class=\"labels row\">\n<div><img decoding=\"async\" src=\"https:\/\/www.site.cdcl.xyz\/wp-content\/uploads\/2022\/05\/Relecture-de-leditorial-Exposition-Romanche-un-nouveau-visage-pour.svg.svg+xml\" class><span>Animaux non accept\u00e9s<\/span><\/div>\n<\/div>\n<\/div>\n<p>Ouvrages sur le m\u00eame th\u00e8me:<\/p>\n<p>Raison et foi ; arch\u00e9ologie d\u2019une crise d\u2019Albert le Grand \u00e0 Jean-Paul II.,<a target=\"_blank\" rel=\"nofollow\" href=\"https:\/\/www.viaromana.org\/blog\/goto\/https:\/\/www.epagine.fr\/ebook\/9782021381054-raison-et-foi-archeologie-d-une-crise-d-albert-le-grand-a-jean-paul-ii-alain-de-libera\/\"  target=\"_blank\" rel=\"noopener noreferrer nofollow\">Ouvrage <\/a><span><\/span>.<\/p>\n<p>Manuel d\u2019arch\u00e9ologie grecque.,<a target=\"_blank\" rel=\"nofollow\" href=\"https:\/\/www.viaromana.org\/blog\/goto\/https:\/\/www.kobo.com\/de\/fr\/ebook\/manuel-d-archeologie-grecque-2\"  target=\"_blank\" rel=\"noopener noreferrer nofollow\">Clicker Ici <\/a><span><\/span>.<\/p>\n<p>Verdun.,<a target=\"_blank\" rel=\"nofollow\" href=\"https:\/\/www.viaromana.org\/blog\/goto\/https:\/\/www.epagine.fr\/ebook\/9782307114109-verdun-centre-national-d-archeologie-urbaine-franck-gama\/\"  target=\"_blank\" rel=\"noopener noreferrer nofollow\">Clicker Ici <\/a><span><\/span>.<\/p>\n<p>Note sur le monument des sources de la Seine \u2013 Lue \u00e0 la Soci\u00e9t\u00e9 parisienne d\u2019arch\u00e9ologie et d\u2019histoire.,<a target=\"_blank\" rel=\"nofollow\" href=\"https:\/\/www.viaromana.org\/blog\/goto\/https:\/\/www.kobo.com\/de\/fr\/ebook\/note-sur-le-monument-des-sources-de-la-seine-lue-a-la-societe-parisienne-d-archeologie-et-d-histoire\"  target=\"_blank\" rel=\"noopener noreferrer nofollow\">Le livre <\/a><span><\/span>.<\/p>\n","protected":false},"excerpt":{"rendered":"<p>Nous venons de trouver cet \u00e9ditorial sur le th\u00e8me \u00ab&nbsp;l\u2019arch\u00e9ologie&nbsp;\u00bb. Avec plaisir nous vous en pr\u00e9sentons l\u2019essentiel ci-dessous. Son titre s\u00e9duisant (Fugue \/ Trampoline | Is\u00e8re Tourisme) est \u00e9vocateur. Annonc\u00e9 sous le nom \u00abnodule\u00bb, le r\u00e9dacteur est connu et fiable. La confiance est ainsi \u00e9lev\u00e9e concernant ce texte. Voici lle \u00ab&nbsp;papier&nbsp;\u00bb mentionn\u00e9 : A la fois cirque et po\u00e9sie, Fugue\/Trampoline est une petite danse spectaculaire pour un homme et un objet, compos\u00e9e sur M\u00e9tamorphosis n\u00b02 de Phillip Glass. Une proposition du CCN2 \u2013 Centre chor\u00e9graphique national de Grenoble avec Grenoble-Alpes M\u00e9tropole Attentif \u00e0 faire r\u00e9sonner ses \u0153uvres avec les paysages\u2026<\/p>\n","protected":false},"author":1,"featured_media":1288,"comment_status":"closed","ping_status":"closed","sticky":false,"template":"","format":"standard","meta":{"footnotes":""},"categories":[2],"tags":[],"blocksy_meta":{"styles_descriptor":{"styles":{"desktop":"","tablet":"","mobile":""},"google_fonts":[],"version":4}},"yoast_head":"<!-- This site is optimized with the Yoast SEO plugin v21.1 - https:\/\/yoast.com\/wordpress\/plugins\/seo\/ -->\n<title>Vous aimerez cela : Fugue \/ Trampoline | Is\u00e8re Tourisme - Viaromana et arch\u00e9ologie.<\/title>\n<meta name=\"description\" content=\"Vous aimerez cela : Fugue \/ Trampoline | Is\u00e8re Tourisme article de Viaromana et arch\u00e9ologie.\" \/>\n<meta name=\"robots\" content=\"index, follow, max-snippet:-1, max-image-preview:large, max-video-preview:-1\" \/>\n<link rel=\"canonical\" href=\"https:\/\/www.viaromana.org\/blog\/vous-aimerez-cela-fugue-trampoline-isere-tourisme\/\" \/>\n<meta property=\"og:locale\" content=\"fr_FR\" \/>\n<meta property=\"og:type\" content=\"article\" \/>\n<meta property=\"og:title\" content=\"Vous aimerez cela : Fugue \/ Trampoline | Is\u00e8re Tourisme - Viaromana et arch\u00e9ologie.\" \/>\n<meta property=\"og:description\" content=\"Vous aimerez cela : Fugue \/ Trampoline | Is\u00e8re Tourisme article de Viaromana et arch\u00e9ologie.\" \/>\n<meta property=\"og:url\" content=\"https:\/\/www.viaromana.org\/blog\/vous-aimerez-cela-fugue-trampoline-isere-tourisme\/\" \/>\n<meta property=\"og:site_name\" content=\"Viaromana et arch\u00e9ologie.\" \/>\n<meta property=\"article:published_time\" content=\"2022-09-26T14:30:01+00:00\" \/>\n<meta property=\"og:image\" content=\"https:\/\/www.viaromana.org\/blog\/wp-content\/uploads\/2022\/09\/unnamed-file-17-scaled.jpg\" \/>\n\t<meta property=\"og:image:width\" content=\"2560\" \/>\n\t<meta property=\"og:image:height\" content=\"1750\" \/>\n\t<meta property=\"og:image:type\" content=\"image\/jpeg\" \/>\n<meta name=\"author\" content=\"Robert\" \/>\n<meta name=\"twitter:card\" content=\"summary_large_image\" \/>\n<meta name=\"twitter:label1\" content=\"\u00c9crit par\" \/>\n\t<meta name=\"twitter:data1\" content=\"Robert\" \/>\n\t<meta name=\"twitter:label2\" content=\"Dur\u00e9e de lecture estim\u00e9e\" \/>\n\t<meta name=\"twitter:data2\" content=\"1 minute\" \/>\n<script type=\"application\/ld+json\" class=\"yoast-schema-graph\">{\"@context\":\"https:\/\/schema.org\",\"@graph\":[{\"@type\":\"Article\",\"@id\":\"https:\/\/www.viaromana.org\/blog\/vous-aimerez-cela-fugue-trampoline-isere-tourisme\/#article\",\"isPartOf\":{\"@id\":\"https:\/\/www.viaromana.org\/blog\/vous-aimerez-cela-fugue-trampoline-isere-tourisme\/\"},\"author\":{\"name\":\"Robert\",\"@id\":\"https:\/\/www.viaromana.org\/blog\/#\/schema\/person\/cde9c4655845091e1fe473fcd163c889\"},\"headline\":\"Vous aimerez cela : Fugue \/ Trampoline | Is\u00e8re Tourisme\",\"datePublished\":\"2022-09-26T14:30:01+00:00\",\"dateModified\":\"2022-09-26T14:30:01+00:00\",\"mainEntityOfPage\":{\"@id\":\"https:\/\/www.viaromana.org\/blog\/vous-aimerez-cela-fugue-trampoline-isere-tourisme\/\"},\"wordCount\":255,\"publisher\":{\"@id\":\"https:\/\/www.viaromana.org\/blog\/#organization\"},\"articleSection\":[\"Arch\u00e9ologie\"],\"inLanguage\":\"fr-FR\"},{\"@type\":\"WebPage\",\"@id\":\"https:\/\/www.viaromana.org\/blog\/vous-aimerez-cela-fugue-trampoline-isere-tourisme\/\",\"url\":\"https:\/\/www.viaromana.org\/blog\/vous-aimerez-cela-fugue-trampoline-isere-tourisme\/\",\"name\":\"Vous aimerez cela : Fugue \/ Trampoline | Is\u00e8re Tourisme - Viaromana et arch\u00e9ologie.\",\"isPartOf\":{\"@id\":\"https:\/\/www.viaromana.org\/blog\/#website\"},\"datePublished\":\"2022-09-26T14:30:01+00:00\",\"dateModified\":\"2022-09-26T14:30:01+00:00\",\"description\":\"Vous aimerez cela : Fugue \/ Trampoline | Is\u00e8re Tourisme article de Viaromana et arch\u00e9ologie.\",\"breadcrumb\":{\"@id\":\"https:\/\/www.viaromana.org\/blog\/vous-aimerez-cela-fugue-trampoline-isere-tourisme\/#breadcrumb\"},\"inLanguage\":\"fr-FR\",\"potentialAction\":[{\"@type\":\"ReadAction\",\"target\":[\"https:\/\/www.viaromana.org\/blog\/vous-aimerez-cela-fugue-trampoline-isere-tourisme\/\"]}]},{\"@type\":\"BreadcrumbList\",\"@id\":\"https:\/\/www.viaromana.org\/blog\/vous-aimerez-cela-fugue-trampoline-isere-tourisme\/#breadcrumb\",\"itemListElement\":[{\"@type\":\"ListItem\",\"position\":1,\"name\":\"Accueil\",\"item\":\"https:\/\/www.viaromana.org\/blog\/\"},{\"@type\":\"ListItem\",\"position\":2,\"name\":\"Vous aimerez cela : Fugue \/ Trampoline | Is\u00e8re Tourisme\"}]},{\"@type\":\"WebSite\",\"@id\":\"https:\/\/www.viaromana.org\/blog\/#website\",\"url\":\"https:\/\/www.viaromana.org\/blog\/\",\"name\":\"Viaromana et arch\u00e9ologie.\",\"description\":\"Site arch\u00e9ologique de la voie romaine (viaromana) Belgique-France-Rome\",\"publisher\":{\"@id\":\"https:\/\/www.viaromana.org\/blog\/#organization\"},\"potentialAction\":[{\"@type\":\"SearchAction\",\"target\":{\"@type\":\"EntryPoint\",\"urlTemplate\":\"https:\/\/www.viaromana.org\/blog\/?s={search_term_string}\"},\"query-input\":\"required name=search_term_string\"}],\"inLanguage\":\"fr-FR\"},{\"@type\":\"Organization\",\"@id\":\"https:\/\/www.viaromana.org\/blog\/#organization\",\"name\":\"viaromana\",\"url\":\"https:\/\/www.viaromana.org\/blog\/\",\"logo\":{\"@type\":\"ImageObject\",\"inLanguage\":\"fr-FR\",\"@id\":\"https:\/\/www.viaromana.org\/blog\/#\/schema\/logo\/image\/\",\"url\":\"https:\/\/www.viaromana.org\/blog\/wp-content\/uploads\/2021\/12\/logo-3.png\",\"contentUrl\":\"https:\/\/www.viaromana.org\/blog\/wp-content\/uploads\/2021\/12\/logo-3.png\",\"width\":300,\"height\":249,\"caption\":\"viaromana\"},\"image\":{\"@id\":\"https:\/\/www.viaromana.org\/blog\/#\/schema\/logo\/image\/\"}},{\"@type\":\"Person\",\"@id\":\"https:\/\/www.viaromana.org\/blog\/#\/schema\/person\/cde9c4655845091e1fe473fcd163c889\",\"name\":\"Robert\",\"image\":{\"@type\":\"ImageObject\",\"inLanguage\":\"fr-FR\",\"@id\":\"https:\/\/www.viaromana.org\/blog\/#\/schema\/person\/image\/\",\"url\":\"https:\/\/secure.gravatar.com\/avatar\/a168ec191013b636c2f278aec04e724b?s=96&d=mm&r=g\",\"contentUrl\":\"https:\/\/secure.gravatar.com\/avatar\/a168ec191013b636c2f278aec04e724b?s=96&d=mm&r=g\",\"caption\":\"Robert\"},\"sameAs\":[\"https:\/\/www.viaromana.org\/blog\"],\"url\":\"https:\/\/www.viaromana.org\/blog\/author\/anaadmin\/\"}]}<\/script>\n<!-- \/ Yoast SEO plugin. -->","yoast_head_json":{"title":"Vous aimerez cela : Fugue \/ Trampoline | Is\u00e8re Tourisme - Viaromana et arch\u00e9ologie.","description":"Vous aimerez cela : Fugue \/ Trampoline | Is\u00e8re Tourisme article de Viaromana et arch\u00e9ologie.","robots":{"index":"index","follow":"follow","max-snippet":"max-snippet:-1","max-image-preview":"max-image-preview:large","max-video-preview":"max-video-preview:-1"},"canonical":"https:\/\/www.viaromana.org\/blog\/vous-aimerez-cela-fugue-trampoline-isere-tourisme\/","og_locale":"fr_FR","og_type":"article","og_title":"Vous aimerez cela : Fugue \/ Trampoline | Is\u00e8re Tourisme - Viaromana et arch\u00e9ologie.","og_description":"Vous aimerez cela : Fugue \/ Trampoline | Is\u00e8re Tourisme article de Viaromana et arch\u00e9ologie.","og_url":"https:\/\/www.viaromana.org\/blog\/vous-aimerez-cela-fugue-trampoline-isere-tourisme\/","og_site_name":"Viaromana et arch\u00e9ologie.","article_published_time":"2022-09-26T14:30:01+00:00","og_image":[{"width":2560,"height":1750,"url":"https:\/\/www.viaromana.org\/blog\/wp-content\/uploads\/2022\/09\/unnamed-file-17-scaled.jpg","type":"image\/jpeg"}],"author":"Robert","twitter_card":"summary_large_image","twitter_misc":{"\u00c9crit par":"Robert","Dur\u00e9e de lecture estim\u00e9e":"1 minute"},"schema":{"@context":"https:\/\/schema.org","@graph":[{"@type":"Article","@id":"https:\/\/www.viaromana.org\/blog\/vous-aimerez-cela-fugue-trampoline-isere-tourisme\/#article","isPartOf":{"@id":"https:\/\/www.viaromana.org\/blog\/vous-aimerez-cela-fugue-trampoline-isere-tourisme\/"},"author":{"name":"Robert","@id":"https:\/\/www.viaromana.org\/blog\/#\/schema\/person\/cde9c4655845091e1fe473fcd163c889"},"headline":"Vous aimerez cela : Fugue \/ Trampoline | Is\u00e8re Tourisme","datePublished":"2022-09-26T14:30:01+00:00","dateModified":"2022-09-26T14:30:01+00:00","mainEntityOfPage":{"@id":"https:\/\/www.viaromana.org\/blog\/vous-aimerez-cela-fugue-trampoline-isere-tourisme\/"},"wordCount":255,"publisher":{"@id":"https:\/\/www.viaromana.org\/blog\/#organization"},"articleSection":["Arch\u00e9ologie"],"inLanguage":"fr-FR"},{"@type":"WebPage","@id":"https:\/\/www.viaromana.org\/blog\/vous-aimerez-cela-fugue-trampoline-isere-tourisme\/","url":"https:\/\/www.viaromana.org\/blog\/vous-aimerez-cela-fugue-trampoline-isere-tourisme\/","name":"Vous aimerez cela : Fugue \/ Trampoline | Is\u00e8re Tourisme - Viaromana et arch\u00e9ologie.","isPartOf":{"@id":"https:\/\/www.viaromana.org\/blog\/#website"},"datePublished":"2022-09-26T14:30:01+00:00","dateModified":"2022-09-26T14:30:01+00:00","description":"Vous aimerez cela : Fugue \/ Trampoline | Is\u00e8re Tourisme article de Viaromana et arch\u00e9ologie.","breadcrumb":{"@id":"https:\/\/www.viaromana.org\/blog\/vous-aimerez-cela-fugue-trampoline-isere-tourisme\/#breadcrumb"},"inLanguage":"fr-FR","potentialAction":[{"@type":"ReadAction","target":["https:\/\/www.viaromana.org\/blog\/vous-aimerez-cela-fugue-trampoline-isere-tourisme\/"]}]},{"@type":"BreadcrumbList","@id":"https:\/\/www.viaromana.org\/blog\/vous-aimerez-cela-fugue-trampoline-isere-tourisme\/#breadcrumb","itemListElement":[{"@type":"ListItem","position":1,"name":"Accueil","item":"https:\/\/www.viaromana.org\/blog\/"},{"@type":"ListItem","position":2,"name":"Vous aimerez cela : Fugue \/ Trampoline | Is\u00e8re Tourisme"}]},{"@type":"WebSite","@id":"https:\/\/www.viaromana.org\/blog\/#website","url":"https:\/\/www.viaromana.org\/blog\/","name":"Viaromana et arch\u00e9ologie.","description":"Site arch\u00e9ologique de la voie romaine (viaromana) Belgique-France-Rome","publisher":{"@id":"https:\/\/www.viaromana.org\/blog\/#organization"},"potentialAction":[{"@type":"SearchAction","target":{"@type":"EntryPoint","urlTemplate":"https:\/\/www.viaromana.org\/blog\/?s={search_term_string}"},"query-input":"required name=search_term_string"}],"inLanguage":"fr-FR"},{"@type":"Organization","@id":"https:\/\/www.viaromana.org\/blog\/#organization","name":"viaromana","url":"https:\/\/www.viaromana.org\/blog\/","logo":{"@type":"ImageObject","inLanguage":"fr-FR","@id":"https:\/\/www.viaromana.org\/blog\/#\/schema\/logo\/image\/","url":"https:\/\/www.viaromana.org\/blog\/wp-content\/uploads\/2021\/12\/logo-3.png","contentUrl":"https:\/\/www.viaromana.org\/blog\/wp-content\/uploads\/2021\/12\/logo-3.png","width":300,"height":249,"caption":"viaromana"},"image":{"@id":"https:\/\/www.viaromana.org\/blog\/#\/schema\/logo\/image\/"}},{"@type":"Person","@id":"https:\/\/www.viaromana.org\/blog\/#\/schema\/person\/cde9c4655845091e1fe473fcd163c889","name":"Robert","image":{"@type":"ImageObject","inLanguage":"fr-FR","@id":"https:\/\/www.viaromana.org\/blog\/#\/schema\/person\/image\/","url":"https:\/\/secure.gravatar.com\/avatar\/a168ec191013b636c2f278aec04e724b?s=96&d=mm&r=g","contentUrl":"https:\/\/secure.gravatar.com\/avatar\/a168ec191013b636c2f278aec04e724b?s=96&d=mm&r=g","caption":"Robert"},"sameAs":["https:\/\/www.viaromana.org\/blog"],"url":"https:\/\/www.viaromana.org\/blog\/author\/anaadmin\/"}]}},"_links":{"self":[{"href":"https:\/\/www.viaromana.org\/blog\/wp-json\/wp\/v2\/posts\/1287"}],"collection":[{"href":"https:\/\/www.viaromana.org\/blog\/wp-json\/wp\/v2\/posts"}],"about":[{"href":"https:\/\/www.viaromana.org\/blog\/wp-json\/wp\/v2\/types\/post"}],"author":[{"embeddable":true,"href":"https:\/\/www.viaromana.org\/blog\/wp-json\/wp\/v2\/users\/1"}],"replies":[{"embeddable":true,"href":"https:\/\/www.viaromana.org\/blog\/wp-json\/wp\/v2\/comments?post=1287"}],"version-history":[{"count":0,"href":"https:\/\/www.viaromana.org\/blog\/wp-json\/wp\/v2\/posts\/1287\/revisions"}],"wp:featuredmedia":[{"embeddable":true,"href":"https:\/\/www.viaromana.org\/blog\/wp-json\/wp\/v2\/media\/1288"}],"wp:attachment":[{"href":"https:\/\/www.viaromana.org\/blog\/wp-json\/wp\/v2\/media?parent=1287"}],"wp:term":[{"taxonomy":"category","embeddable":true,"href":"https:\/\/www.viaromana.org\/blog\/wp-json\/wp\/v2\/categories?post=1287"},{"taxonomy":"post_tag","embeddable":true,"href":"https:\/\/www.viaromana.org\/blog\/wp-json\/wp\/v2\/tags?post=1287"}],"curies":[{"name":"wp","href":"https:\/\/api.w.org\/{rel}","templated":true}]}}