{"id":1281,"date":"2022-09-26T13:00:26","date_gmt":"2022-09-26T11:00:26","guid":{"rendered":"https:\/\/www.site.cdcl.xyz\/2022\/09\/26\/revue-de-presse-web-lagglomeration-sengage-en-faveur-du-logement-social\/"},"modified":"2022-09-26T13:00:26","modified_gmt":"2022-09-26T11:00:26","slug":"revue-de-presse-web-lagglomeration-sengage-en-faveur-du-logement-social","status":"publish","type":"post","link":"https:\/\/www.viaromana.org\/blog\/revue-de-presse-web-lagglomeration-sengage-en-faveur-du-logement-social\/","title":{"rendered":"Revue de presse web : L\u2019agglom\u00e9ration s\u2019engage en faveur du logement social"},"content":{"rendered":"<p>Nous avons relev\u00e9 un papier sur le web dont la th\u00e9matique est \u00abl\u2019arch\u00e9ologie\u00bb.<\/p>\n<p>Le titre troublant (L\u2019agglom\u00e9ration s\u2019engage en faveur du logement social) est parlant.<\/p>\n<p> Pr\u00e9sent\u00e9 sous la signature \u00abd\u2019anonymat<br \/>\u00bb, le r\u00e9dacteur est connu et fiable pour plusieurs autres \u00e9ditoriaux qu\u2019il a publi\u00e9s sur internet.<\/p>\n<p>La fiabilit\u00e9 est par cons\u00e9quent s\u00e9rieuse concernant cet \u00e9ditorial.<\/p>\n<p>Sachez que la date de parution est 2022-09-26 13:00:26.<\/p>\n<p>Voil\u00e0 lle \u00ab&nbsp;papier&nbsp;\u00bb : <\/p>\n<p><img decoding=\"async\" src=\"https:\/\/www.viaromana.org\/blog\/wp-content\/uploads\/2022\/09\/revue-de-presse-web-lagglomeration-sengage-en-faveur-du-logement-social.jpg\"><\/p>\n<div>\n<p>Afin d\u2019anticiper les \u00e9volutions d\u00e9mographiques et d\u2019offrir au plus grand nombre un logement de qualit\u00e9, l\u2019agglom\u00e9ration garantit les emprunts de bailleurs sociaux qui interviennent sur son territoire.<\/p>\n<\/div>\n<div>\n<p>En septembre, ce sont six garanties d\u2019emprunt au b\u00e9n\u00e9fice de deux bailleurs pour la construction de 89 logements sur quatre communes de l\u2019agglom\u00e9ration qui ont \u00e9t\u00e9 vot\u00e9es par le conseil d\u2019agglom\u00e9ration.<\/p>\n<\/div>\n<p>Lecture:<\/p>\n<p>Pretre anglais contre Henri IV arch\u00e9ologie d\u2019une haine religieuse.,<a target=\"_blank\" rel=\"nofollow\" href=\"https:\/\/www.viaromana.org\/blog\/goto\/https:\/\/www.epagine.fr\/ebook\/9782296806689-un-pretre-anglais-contre-henri-iv-francois-valerian\/\"  target=\"_blank\" rel=\"noopener noreferrer nofollow\">A voir et \u00e0 lire. <\/a><span><\/span>.<\/p>\n<p>Paix et communaut\u00e9s autour de l\u2019abbaye de Cluny.,<a target=\"_blank\" rel=\"nofollow\" href=\"https:\/\/www.viaromana.org\/blog\/goto\/https:\/\/www.kobo.com\/de\/fr\/ebook\/paix-et-communautes-autour-de-l-abbaye-de-cluny\"  target=\"_blank\" rel=\"noopener noreferrer nofollow\">livre de r\u00e9f\u00e9rence <\/a><span><\/span>. Disponible \u00e0 la FNAC.<\/p>\n<p>Villa 3. Histoire et arch\u00e9ologie des soci\u00e9t\u00e9s de la Vall\u00e9e de L\u2019\u00c8bre (vii-xie si\u00e8cles).,<a target=\"_blank\" rel=\"nofollow\" href=\"https:\/\/www.viaromana.org\/blog\/goto\/https:\/\/www.epagine.fr\/ebook\/9782810709885-villa-3-histoire-et-archeologie-des-societes-de-la-vallee-de-l-ebre-vii-xie-siecles-philippe-senac\/\"  target=\"_blank\" rel=\"noopener noreferrer nofollow\">(la couverture) <\/a><span><\/span>. Disponible \u00e0 l\u2019achat sur les plateformes Amazon, Fnac, Cultura \u2026.<\/p>\n<p>Manuel d\u2019arch\u00e9ologie grecque.,<a target=\"_blank\" rel=\"nofollow\" href=\"https:\/\/www.viaromana.org\/blog\/goto\/https:\/\/www.kobo.com\/de\/fr\/ebook\/manuel-d-archeologie-grecque-2\"  target=\"_blank\" rel=\"noopener noreferrer nofollow\">Clicker Ici <\/a><span><\/span>.<\/p>\n","protected":false},"excerpt":{"rendered":"<p>Nous avons relev\u00e9 un papier sur le web dont la th\u00e9matique est \u00abl\u2019arch\u00e9ologie\u00bb. Le titre troublant (L\u2019agglom\u00e9ration s\u2019engage en faveur du logement social) est parlant. Pr\u00e9sent\u00e9 sous la signature \u00abd\u2019anonymat\u00bb, le r\u00e9dacteur est connu et fiable pour plusieurs autres \u00e9ditoriaux qu\u2019il a publi\u00e9s sur internet. La fiabilit\u00e9 est par cons\u00e9quent s\u00e9rieuse concernant cet \u00e9ditorial. Sachez que la date de parution est 2022-09-26 13:00:26. Voil\u00e0 lle \u00ab&nbsp;papier&nbsp;\u00bb : Afin d\u2019anticiper les \u00e9volutions d\u00e9mographiques et d\u2019offrir au plus grand nombre un logement de qualit\u00e9, l\u2019agglom\u00e9ration garantit les emprunts de bailleurs sociaux qui interviennent sur son territoire. En septembre, ce sont six garanties\u2026<\/p>\n","protected":false},"author":1,"featured_media":1282,"comment_status":"closed","ping_status":"closed","sticky":false,"template":"","format":"standard","meta":{"footnotes":""},"categories":[2],"tags":[],"blocksy_meta":{"styles_descriptor":{"styles":{"desktop":"","tablet":"","mobile":""},"google_fonts":[],"version":4}},"yoast_head":"<!-- This site is optimized with the Yoast SEO plugin v21.1 - https:\/\/yoast.com\/wordpress\/plugins\/seo\/ -->\n<title>Revue de presse web : L\u2019agglom\u00e9ration s\u2019engage en faveur du logement social - Viaromana et arch\u00e9ologie.<\/title>\n<meta name=\"description\" content=\"Revue de presse web : L\u2019agglom\u00e9ration s\u2019engage en faveur du logement social article de Viaromana et arch\u00e9ologie.\" \/>\n<meta name=\"robots\" content=\"index, follow, max-snippet:-1, max-image-preview:large, max-video-preview:-1\" \/>\n<link rel=\"canonical\" href=\"https:\/\/www.viaromana.org\/blog\/revue-de-presse-web-lagglomeration-sengage-en-faveur-du-logement-social\/\" \/>\n<meta property=\"og:locale\" content=\"fr_FR\" \/>\n<meta property=\"og:type\" content=\"article\" \/>\n<meta property=\"og:title\" content=\"Revue de presse web : L\u2019agglom\u00e9ration s\u2019engage en faveur du logement social - Viaromana et arch\u00e9ologie.\" \/>\n<meta property=\"og:description\" content=\"Revue de presse web : L\u2019agglom\u00e9ration s\u2019engage en faveur du logement social article de Viaromana et arch\u00e9ologie.\" \/>\n<meta property=\"og:url\" content=\"https:\/\/www.viaromana.org\/blog\/revue-de-presse-web-lagglomeration-sengage-en-faveur-du-logement-social\/\" \/>\n<meta property=\"og:site_name\" content=\"Viaromana et arch\u00e9ologie.\" \/>\n<meta property=\"article:published_time\" content=\"2022-09-26T11:00:26+00:00\" \/>\n<meta property=\"og:image\" content=\"https:\/\/www.viaromana.org\/blog\/wp-content\/uploads\/2022\/09\/unnamed-file-15-scaled.jpg\" \/>\n\t<meta property=\"og:image:width\" content=\"2560\" \/>\n\t<meta property=\"og:image:height\" content=\"1709\" \/>\n\t<meta property=\"og:image:type\" content=\"image\/jpeg\" \/>\n<meta name=\"author\" content=\"Robert\" \/>\n<meta name=\"twitter:card\" content=\"summary_large_image\" \/>\n<meta name=\"twitter:label1\" content=\"\u00c9crit par\" \/>\n\t<meta name=\"twitter:data1\" content=\"Robert\" \/>\n\t<meta name=\"twitter:label2\" content=\"Dur\u00e9e de lecture estim\u00e9e\" \/>\n\t<meta name=\"twitter:data2\" content=\"1 minute\" \/>\n<script type=\"application\/ld+json\" class=\"yoast-schema-graph\">{\"@context\":\"https:\/\/schema.org\",\"@graph\":[{\"@type\":\"Article\",\"@id\":\"https:\/\/www.viaromana.org\/blog\/revue-de-presse-web-lagglomeration-sengage-en-faveur-du-logement-social\/#article\",\"isPartOf\":{\"@id\":\"https:\/\/www.viaromana.org\/blog\/revue-de-presse-web-lagglomeration-sengage-en-faveur-du-logement-social\/\"},\"author\":{\"name\":\"Robert\",\"@id\":\"https:\/\/www.viaromana.org\/blog\/#\/schema\/person\/cde9c4655845091e1fe473fcd163c889\"},\"headline\":\"Revue de presse web : L\u2019agglom\u00e9ration s\u2019engage en faveur du logement social\",\"datePublished\":\"2022-09-26T11:00:26+00:00\",\"dateModified\":\"2022-09-26T11:00:26+00:00\",\"mainEntityOfPage\":{\"@id\":\"https:\/\/www.viaromana.org\/blog\/revue-de-presse-web-lagglomeration-sengage-en-faveur-du-logement-social\/\"},\"wordCount\":236,\"publisher\":{\"@id\":\"https:\/\/www.viaromana.org\/blog\/#organization\"},\"articleSection\":[\"Arch\u00e9ologie\"],\"inLanguage\":\"fr-FR\"},{\"@type\":\"WebPage\",\"@id\":\"https:\/\/www.viaromana.org\/blog\/revue-de-presse-web-lagglomeration-sengage-en-faveur-du-logement-social\/\",\"url\":\"https:\/\/www.viaromana.org\/blog\/revue-de-presse-web-lagglomeration-sengage-en-faveur-du-logement-social\/\",\"name\":\"Revue de presse web : L\u2019agglom\u00e9ration s\u2019engage en faveur du logement social - Viaromana et arch\u00e9ologie.\",\"isPartOf\":{\"@id\":\"https:\/\/www.viaromana.org\/blog\/#website\"},\"datePublished\":\"2022-09-26T11:00:26+00:00\",\"dateModified\":\"2022-09-26T11:00:26+00:00\",\"description\":\"Revue de presse web : L\u2019agglom\u00e9ration s\u2019engage en faveur du logement social article de Viaromana et arch\u00e9ologie.\",\"breadcrumb\":{\"@id\":\"https:\/\/www.viaromana.org\/blog\/revue-de-presse-web-lagglomeration-sengage-en-faveur-du-logement-social\/#breadcrumb\"},\"inLanguage\":\"fr-FR\",\"potentialAction\":[{\"@type\":\"ReadAction\",\"target\":[\"https:\/\/www.viaromana.org\/blog\/revue-de-presse-web-lagglomeration-sengage-en-faveur-du-logement-social\/\"]}]},{\"@type\":\"BreadcrumbList\",\"@id\":\"https:\/\/www.viaromana.org\/blog\/revue-de-presse-web-lagglomeration-sengage-en-faveur-du-logement-social\/#breadcrumb\",\"itemListElement\":[{\"@type\":\"ListItem\",\"position\":1,\"name\":\"Accueil\",\"item\":\"https:\/\/www.viaromana.org\/blog\/\"},{\"@type\":\"ListItem\",\"position\":2,\"name\":\"Revue de presse web : L\u2019agglom\u00e9ration s\u2019engage en faveur du logement social\"}]},{\"@type\":\"WebSite\",\"@id\":\"https:\/\/www.viaromana.org\/blog\/#website\",\"url\":\"https:\/\/www.viaromana.org\/blog\/\",\"name\":\"Viaromana et arch\u00e9ologie.\",\"description\":\"Site arch\u00e9ologique de la voie romaine (viaromana) Belgique-France-Rome\",\"publisher\":{\"@id\":\"https:\/\/www.viaromana.org\/blog\/#organization\"},\"potentialAction\":[{\"@type\":\"SearchAction\",\"target\":{\"@type\":\"EntryPoint\",\"urlTemplate\":\"https:\/\/www.viaromana.org\/blog\/?s={search_term_string}\"},\"query-input\":\"required name=search_term_string\"}],\"inLanguage\":\"fr-FR\"},{\"@type\":\"Organization\",\"@id\":\"https:\/\/www.viaromana.org\/blog\/#organization\",\"name\":\"viaromana\",\"url\":\"https:\/\/www.viaromana.org\/blog\/\",\"logo\":{\"@type\":\"ImageObject\",\"inLanguage\":\"fr-FR\",\"@id\":\"https:\/\/www.viaromana.org\/blog\/#\/schema\/logo\/image\/\",\"url\":\"https:\/\/www.viaromana.org\/blog\/wp-content\/uploads\/2021\/12\/logo-3.png\",\"contentUrl\":\"https:\/\/www.viaromana.org\/blog\/wp-content\/uploads\/2021\/12\/logo-3.png\",\"width\":300,\"height\":249,\"caption\":\"viaromana\"},\"image\":{\"@id\":\"https:\/\/www.viaromana.org\/blog\/#\/schema\/logo\/image\/\"}},{\"@type\":\"Person\",\"@id\":\"https:\/\/www.viaromana.org\/blog\/#\/schema\/person\/cde9c4655845091e1fe473fcd163c889\",\"name\":\"Robert\",\"image\":{\"@type\":\"ImageObject\",\"inLanguage\":\"fr-FR\",\"@id\":\"https:\/\/www.viaromana.org\/blog\/#\/schema\/person\/image\/\",\"url\":\"https:\/\/secure.gravatar.com\/avatar\/a168ec191013b636c2f278aec04e724b?s=96&d=mm&r=g\",\"contentUrl\":\"https:\/\/secure.gravatar.com\/avatar\/a168ec191013b636c2f278aec04e724b?s=96&d=mm&r=g\",\"caption\":\"Robert\"},\"sameAs\":[\"https:\/\/www.viaromana.org\/blog\"],\"url\":\"https:\/\/www.viaromana.org\/blog\/author\/anaadmin\/\"}]}<\/script>\n<!-- \/ Yoast SEO plugin. -->","yoast_head_json":{"title":"Revue de presse web : L\u2019agglom\u00e9ration s\u2019engage en faveur du logement social - Viaromana et arch\u00e9ologie.","description":"Revue de presse web : L\u2019agglom\u00e9ration s\u2019engage en faveur du logement social article de Viaromana et arch\u00e9ologie.","robots":{"index":"index","follow":"follow","max-snippet":"max-snippet:-1","max-image-preview":"max-image-preview:large","max-video-preview":"max-video-preview:-1"},"canonical":"https:\/\/www.viaromana.org\/blog\/revue-de-presse-web-lagglomeration-sengage-en-faveur-du-logement-social\/","og_locale":"fr_FR","og_type":"article","og_title":"Revue de presse web : L\u2019agglom\u00e9ration s\u2019engage en faveur du logement social - Viaromana et arch\u00e9ologie.","og_description":"Revue de presse web : L\u2019agglom\u00e9ration s\u2019engage en faveur du logement social article de Viaromana et arch\u00e9ologie.","og_url":"https:\/\/www.viaromana.org\/blog\/revue-de-presse-web-lagglomeration-sengage-en-faveur-du-logement-social\/","og_site_name":"Viaromana et arch\u00e9ologie.","article_published_time":"2022-09-26T11:00:26+00:00","og_image":[{"width":2560,"height":1709,"url":"https:\/\/www.viaromana.org\/blog\/wp-content\/uploads\/2022\/09\/unnamed-file-15-scaled.jpg","type":"image\/jpeg"}],"author":"Robert","twitter_card":"summary_large_image","twitter_misc":{"\u00c9crit par":"Robert","Dur\u00e9e de lecture estim\u00e9e":"1 minute"},"schema":{"@context":"https:\/\/schema.org","@graph":[{"@type":"Article","@id":"https:\/\/www.viaromana.org\/blog\/revue-de-presse-web-lagglomeration-sengage-en-faveur-du-logement-social\/#article","isPartOf":{"@id":"https:\/\/www.viaromana.org\/blog\/revue-de-presse-web-lagglomeration-sengage-en-faveur-du-logement-social\/"},"author":{"name":"Robert","@id":"https:\/\/www.viaromana.org\/blog\/#\/schema\/person\/cde9c4655845091e1fe473fcd163c889"},"headline":"Revue de presse web : L\u2019agglom\u00e9ration s\u2019engage en faveur du logement social","datePublished":"2022-09-26T11:00:26+00:00","dateModified":"2022-09-26T11:00:26+00:00","mainEntityOfPage":{"@id":"https:\/\/www.viaromana.org\/blog\/revue-de-presse-web-lagglomeration-sengage-en-faveur-du-logement-social\/"},"wordCount":236,"publisher":{"@id":"https:\/\/www.viaromana.org\/blog\/#organization"},"articleSection":["Arch\u00e9ologie"],"inLanguage":"fr-FR"},{"@type":"WebPage","@id":"https:\/\/www.viaromana.org\/blog\/revue-de-presse-web-lagglomeration-sengage-en-faveur-du-logement-social\/","url":"https:\/\/www.viaromana.org\/blog\/revue-de-presse-web-lagglomeration-sengage-en-faveur-du-logement-social\/","name":"Revue de presse web : L\u2019agglom\u00e9ration s\u2019engage en faveur du logement social - Viaromana et arch\u00e9ologie.","isPartOf":{"@id":"https:\/\/www.viaromana.org\/blog\/#website"},"datePublished":"2022-09-26T11:00:26+00:00","dateModified":"2022-09-26T11:00:26+00:00","description":"Revue de presse web : L\u2019agglom\u00e9ration s\u2019engage en faveur du logement social article de Viaromana et arch\u00e9ologie.","breadcrumb":{"@id":"https:\/\/www.viaromana.org\/blog\/revue-de-presse-web-lagglomeration-sengage-en-faveur-du-logement-social\/#breadcrumb"},"inLanguage":"fr-FR","potentialAction":[{"@type":"ReadAction","target":["https:\/\/www.viaromana.org\/blog\/revue-de-presse-web-lagglomeration-sengage-en-faveur-du-logement-social\/"]}]},{"@type":"BreadcrumbList","@id":"https:\/\/www.viaromana.org\/blog\/revue-de-presse-web-lagglomeration-sengage-en-faveur-du-logement-social\/#breadcrumb","itemListElement":[{"@type":"ListItem","position":1,"name":"Accueil","item":"https:\/\/www.viaromana.org\/blog\/"},{"@type":"ListItem","position":2,"name":"Revue de presse web : L\u2019agglom\u00e9ration s\u2019engage en faveur du logement social"}]},{"@type":"WebSite","@id":"https:\/\/www.viaromana.org\/blog\/#website","url":"https:\/\/www.viaromana.org\/blog\/","name":"Viaromana et arch\u00e9ologie.","description":"Site arch\u00e9ologique de la voie romaine (viaromana) Belgique-France-Rome","publisher":{"@id":"https:\/\/www.viaromana.org\/blog\/#organization"},"potentialAction":[{"@type":"SearchAction","target":{"@type":"EntryPoint","urlTemplate":"https:\/\/www.viaromana.org\/blog\/?s={search_term_string}"},"query-input":"required name=search_term_string"}],"inLanguage":"fr-FR"},{"@type":"Organization","@id":"https:\/\/www.viaromana.org\/blog\/#organization","name":"viaromana","url":"https:\/\/www.viaromana.org\/blog\/","logo":{"@type":"ImageObject","inLanguage":"fr-FR","@id":"https:\/\/www.viaromana.org\/blog\/#\/schema\/logo\/image\/","url":"https:\/\/www.viaromana.org\/blog\/wp-content\/uploads\/2021\/12\/logo-3.png","contentUrl":"https:\/\/www.viaromana.org\/blog\/wp-content\/uploads\/2021\/12\/logo-3.png","width":300,"height":249,"caption":"viaromana"},"image":{"@id":"https:\/\/www.viaromana.org\/blog\/#\/schema\/logo\/image\/"}},{"@type":"Person","@id":"https:\/\/www.viaromana.org\/blog\/#\/schema\/person\/cde9c4655845091e1fe473fcd163c889","name":"Robert","image":{"@type":"ImageObject","inLanguage":"fr-FR","@id":"https:\/\/www.viaromana.org\/blog\/#\/schema\/person\/image\/","url":"https:\/\/secure.gravatar.com\/avatar\/a168ec191013b636c2f278aec04e724b?s=96&d=mm&r=g","contentUrl":"https:\/\/secure.gravatar.com\/avatar\/a168ec191013b636c2f278aec04e724b?s=96&d=mm&r=g","caption":"Robert"},"sameAs":["https:\/\/www.viaromana.org\/blog"],"url":"https:\/\/www.viaromana.org\/blog\/author\/anaadmin\/"}]}},"_links":{"self":[{"href":"https:\/\/www.viaromana.org\/blog\/wp-json\/wp\/v2\/posts\/1281"}],"collection":[{"href":"https:\/\/www.viaromana.org\/blog\/wp-json\/wp\/v2\/posts"}],"about":[{"href":"https:\/\/www.viaromana.org\/blog\/wp-json\/wp\/v2\/types\/post"}],"author":[{"embeddable":true,"href":"https:\/\/www.viaromana.org\/blog\/wp-json\/wp\/v2\/users\/1"}],"replies":[{"embeddable":true,"href":"https:\/\/www.viaromana.org\/blog\/wp-json\/wp\/v2\/comments?post=1281"}],"version-history":[{"count":0,"href":"https:\/\/www.viaromana.org\/blog\/wp-json\/wp\/v2\/posts\/1281\/revisions"}],"wp:featuredmedia":[{"embeddable":true,"href":"https:\/\/www.viaromana.org\/blog\/wp-json\/wp\/v2\/media\/1282"}],"wp:attachment":[{"href":"https:\/\/www.viaromana.org\/blog\/wp-json\/wp\/v2\/media?parent=1281"}],"wp:term":[{"taxonomy":"category","embeddable":true,"href":"https:\/\/www.viaromana.org\/blog\/wp-json\/wp\/v2\/categories?post=1281"},{"taxonomy":"post_tag","embeddable":true,"href":"https:\/\/www.viaromana.org\/blog\/wp-json\/wp\/v2\/tags?post=1281"}],"curies":[{"name":"wp","href":"https:\/\/api.w.org\/{rel}","templated":true}]}}