{"id":1263,"date":"2022-09-23T13:39:21","date_gmt":"2022-09-23T11:39:21","guid":{"rendered":"https:\/\/www.site.cdcl.xyz\/2022\/09\/23\/revue-de-presse-internet-seniors-dynamiques-ville-de-vannes\/"},"modified":"2022-09-23T13:39:21","modified_gmt":"2022-09-23T11:39:21","slug":"revue-de-presse-internet-seniors-dynamiques-ville-de-vannes","status":"publish","type":"post","link":"https:\/\/www.viaromana.org\/blog\/revue-de-presse-internet-seniors-dynamiques-ville-de-vannes\/","title":{"rendered":"Revue de presse internet : S\u00e9niors Dynamiques | Ville de Vannes"},"content":{"rendered":"<p>Dans le cadre de notre t\u00e2che de vous informer, nous publions ci-dessous un encart de plusieurs lignes vu sur internet il y a quelques minutes. Le th\u00e8me est \u00abl\u2019arch\u00e9ologie\u00bb.<\/p>\n<p>Son titre s\u00e9duisant (S\u00e9niors Dynamiques | Ville de Vannes) est \u00e9vocateur.<\/p>\n<p>Sachez que l\u2019auteur (annonc\u00e9 sous la signature admin_vannes) est reconnu comme quelqu\u2019un de s\u00e9rieux pour plusieurs autres posts qu\u2019il a publi\u00e9s sur le web.<\/p>\n<p>Vous pouvez prendre connaissance de ces informations en toute confiance.<\/p>\n<p>L\u2019encart a \u00e9t\u00e9 divulgu\u00e9 \u00e0 une date indiqu\u00e9e 2022-09-23 13:39:21.<\/p>\n<div>\n<div>\n<p><strong>Apre\u0300s-midi re\u0301cre\u0301atif et convivial de 14h30 \u00e0 17h<\/strong><\/p>\n<p>Chants de marins interpre\u0301te\u0301s par la Chorale Les Copains Sinagots Animation musicale et jeux orchestre\u0301s par Ste\u0301ph\u2019Anim<br \/>Gou\u0302ter de\u0301gustation de produits re\u0301gionaux<\/p>\n<p><strong><sup>100 places maximum<\/sup><\/strong><\/p>\n<p><strong><sup>Sur inscriptions<\/sup><\/strong><\/p>\n<\/div>\n<\/div>\n<div>\n<div>\n<p><strong>La main a\u0300 la pa\u0302te de 8h30 \u00e0 15h30<\/strong><\/p>\n<p><em>ateliers cuisines interge\u0301ne\u0301rationnels et de\u0301gustations<\/em><\/p>\n<p>De\u0301couverte des lieux d\u2019apprentissage des me\u0301tiers de la restauration<\/p>\n<p>Pre\u0301paration au sein des cuisines professionnelles de plats sur le the\u0300me<br \/>de la cuisine des produits de la mer, de\u0301couverte de la mise en place<br \/>et du service en salle. Sous la houlette des apprentis du Campus de Vannes du CFA de la Chambre des me\u0301tiers et du Lyce\u0301e professionnel Jean Gue\u0301henno De\u0301jeuner de\u0301gustation des plats confectionne\u0301s avec les apprentis et les e\u0301le\u0300ves<\/p>\n<p><sub><strong>A\u0300 la Chambre des me\u0301tiers de 9h a\u0300 15h30<br \/>20 places maximum<br \/>Au Lyce\u0301e professionnel Jean Gue\u0301he\u0301nno de 8h30 a\u0300 15h<\/strong><\/sub><\/p>\n<p><sub><strong>20 places maximum <\/strong><\/sub><\/p>\n<p><sub><strong>Sur inscription<\/strong><\/sub><\/p>\n<\/div>\n<\/div>\n<div>\n<div>\n<p><strong>Matine\u0301e : visite d\u2019un chantier ostre\u0301icole<\/strong><\/p>\n<p>avec de\u0301gustation. Pique-nique (a\u0300 apporter)<\/p>\n<p><strong>Apre\u0300s-midi : randonne\u0301e nature le long du littoral<\/strong><\/p>\n<p>avec un e\u0301co-guide<\/p>\n<p>Transport Vannes-Baden en car<br \/>De\u0301part de la maison des associations a\u0300 9h<\/p>\n<p>Accueil a\u0300 partir de 8h30<br \/>Retour a\u0300 la maison des associations a\u0300 17h<\/p>\n<p><strong><sup>50 places maximum<\/sup><\/strong><\/p>\n<p>\n<strong><sup>Sur inscription<\/sup><\/strong><\/p>\n<\/div>\n<\/div>\n<div>\n<div>\n<h3><strong>Le nume\u0301rique a\u0300 la porte\u0301e de tous<\/strong><\/h3>\n<p>Ateliers nume\u0301riques collectifs avec le conseiller nume\u0301rique<br \/>et le conseiller de Clic &amp; Vannes. Contenus des ateliers e\u0301tablis selon<br \/>les re\u0301sultats de l\u2019enque\u0302te \u00ab L\u2019informatique et moi ? \u00bb, mene\u0301e par les membres du Conseil des Ai\u0302ne\u0301s sur les usages du nume\u0301rique par les se\u0301niors a\u0300 Vannes<\/p>\n<h4>1er&nbsp;atelier : Abe\u0301ce\u0301daire du nume\u0301rique<\/h4>\n<p>Apprentissage du vocabulaire, lexiques et savoirs de base ; mieux comprendre et se repe\u0301rer dans le monde nume\u0301rique<\/p>\n<p><strong><sup>De 10h a\u0300 12h \u2013 au Centre Victor Hugo (Clic &amp; Vannes) Sur Inscription \u2013 8 places maximum<\/sup><\/strong><\/p>\n<h4>2nd&nbsp;atelier : Les de\u0301marches administratives en ligne<\/h4>\n<p>Bien appre\u0301hender les de\u0301marches en ligne, qu\u2019elles soient administratives (impo\u0302ts, retraite, ANTS) ou de sante\u0301 (Ameli, Doctolib\u2026)<\/p>\n<p><strong><sup>De 14h a\u0300 16h \u2013 8 places maximum<\/sup><\/strong><\/p>\n<p><strong><sup>Sur inscription<\/sup><\/strong><\/p>\n<h3><strong>Code de la route<\/strong><\/h3>\n<p>Repassez le code en vous amusant et de\u0301couvrez les nouveaute\u0301s du code de la route<br \/>Anime\u0301 par la Pre\u0301vention routie\u0300re<\/p>\n<p><strong><sup>De 14h a\u0300 16h au Palais des arts et des congre\u0300s<\/sup><\/strong><\/p>\n<p><strong><sup>Entre\u0301e libre (inscription possible)<\/sup><\/strong><\/p>\n<h3><strong>Les droits des se\u0301niors<\/strong><\/h3>\n<p>Espace conseil notarial : Information\/succession, la transmission, la protection des bien des ai\u0302ne\u0301s, le mandat de protection future. Anime\u0301 par la Chambre des Notaires du Morbihan<br \/>Espace du droit : Information\/droits des grands parents,<\/p>\n<p>les droits et obligations des enfants (l\u2019obligation alimentaire\u2026),<br \/>les droits de visite\u2026 Anime\u0301 par la Maison du droit et l\u2019Ordre des avocats<\/p>\n<p><strong><sub>De 14h a\u0300 17h au Palais des arts et des congre\u0300s Entretiens individuels et confidentiels<br \/>Entre\u0301e libre<\/sub><\/strong><\/p>\n<\/div>\n<\/div>\n<p>Ce objet r\u00e9pond \u00e0 vos interrogations vous adorerez beaucoup ces ouvrages:<\/p>\n<p>Villa 4. Histoire et arch\u00e9ologie de l\u2019occident musulman (viie-xve si\u00e8cle).,<a target=\"_blank\" rel=\"nofollow\" href=\"https:\/\/www.viaromana.org\/blog\/goto\/https:\/\/www.epagine.fr\/ebook\/9782810709878-villa-4-histoire-et-archeologie-de-l-occident-musulman-viie-xve-siecle-philippe-senac\/\"  target=\"_blank\" rel=\"noopener noreferrer nofollow\">Ouvrage <\/a><span><\/span>. A emprunter en biblioth\u00e8que.<\/p>\n<p>Notre-Dame de Paris ; histoire et arch\u00e9ologie d\u2019une cath\u00e9drale (XIIe-XIVe si\u00e8cle).,<a target=\"_blank\" rel=\"nofollow\" href=\"https:\/\/www.viaromana.org\/blog\/goto\/https:\/\/www.epagine.fr\/ebook\/9782271129185-notre-dame-de-paris-histoire-et-archeologie-d-une-cathedrale-xiie-xive-siecle-dany-sandron\/\"  target=\"_blank\" rel=\"noopener noreferrer nofollow\">Ouvrage <\/a><span><\/span>. A emprunter en biblioth\u00e8que.<\/p>\n<p>Sous un ciel \u00e9gyptien, Tome 2 : Scarab\u00e9e sacr\u00e9.,<a target=\"_blank\" rel=\"nofollow\" href=\"https:\/\/www.viaromana.org\/blog\/goto\/https:\/\/booknode.com\/sous_un_ciel_egyptien_tome_2_scarabee_sacre_03404066\"  target=\"_blank\" rel=\"noopener noreferrer nofollow\">Le livre <\/a><span><\/span>.<\/p>\n<p>M\u00e9langes d\u2019Histoire et d\u2019arch\u00e9ologie agenaises.,<a target=\"_blank\" rel=\"nofollow\" href=\"https:\/\/www.viaromana.org\/blog\/goto\/https:\/\/www.epagine.fr\/ebook\/9782307005971-melanges-d-histoire-et-d-archeologie-agenaises-jean-r-marboutin\/\"  target=\"_blank\" rel=\"noopener noreferrer nofollow\">(la couverture) <\/a><span><\/span>.<\/p>\n","protected":false},"excerpt":{"rendered":"<p>Dans le cadre de notre t\u00e2che de vous informer, nous publions ci-dessous un encart de plusieurs lignes vu sur internet il y a quelques minutes. Le th\u00e8me est \u00abl\u2019arch\u00e9ologie\u00bb. Son titre s\u00e9duisant (S\u00e9niors Dynamiques | Ville de Vannes) est \u00e9vocateur. Sachez que l\u2019auteur (annonc\u00e9 sous la signature admin_vannes) est reconnu comme quelqu\u2019un de s\u00e9rieux pour plusieurs autres posts qu\u2019il a publi\u00e9s sur le web. Vous pouvez prendre connaissance de ces informations en toute confiance. L\u2019encart a \u00e9t\u00e9 divulgu\u00e9 \u00e0 une date indiqu\u00e9e 2022-09-23 13:39:21. Apre\u0300s-midi re\u0301cre\u0301atif et convivial de 14h30 \u00e0 17h Chants de marins interpre\u0301te\u0301s par la Chorale Les\u2026<\/p>\n","protected":false},"author":1,"featured_media":1264,"comment_status":"closed","ping_status":"closed","sticky":false,"template":"","format":"standard","meta":{"footnotes":""},"categories":[2],"tags":[],"blocksy_meta":{"styles_descriptor":{"styles":{"desktop":"","tablet":"","mobile":""},"google_fonts":[],"version":4}},"yoast_head":"<!-- This site is optimized with the Yoast SEO plugin v21.1 - https:\/\/yoast.com\/wordpress\/plugins\/seo\/ -->\n<title>Revue de presse internet : S\u00e9niors Dynamiques | Ville de Vannes - Viaromana et arch\u00e9ologie.<\/title>\n<meta name=\"description\" content=\"Revue de presse internet : S\u00e9niors Dynamiques | Ville de Vannes article de Viaromana et arch\u00e9ologie.\" \/>\n<meta name=\"robots\" content=\"index, follow, max-snippet:-1, max-image-preview:large, max-video-preview:-1\" \/>\n<link rel=\"canonical\" href=\"https:\/\/www.viaromana.org\/blog\/revue-de-presse-internet-seniors-dynamiques-ville-de-vannes\/\" \/>\n<meta property=\"og:locale\" content=\"fr_FR\" \/>\n<meta property=\"og:type\" content=\"article\" \/>\n<meta property=\"og:title\" content=\"Revue de presse internet : S\u00e9niors Dynamiques | Ville de Vannes - Viaromana et arch\u00e9ologie.\" \/>\n<meta property=\"og:description\" content=\"Revue de presse internet : S\u00e9niors Dynamiques | Ville de Vannes article de Viaromana et arch\u00e9ologie.\" \/>\n<meta property=\"og:url\" content=\"https:\/\/www.viaromana.org\/blog\/revue-de-presse-internet-seniors-dynamiques-ville-de-vannes\/\" \/>\n<meta property=\"og:site_name\" content=\"Viaromana et arch\u00e9ologie.\" \/>\n<meta property=\"article:published_time\" content=\"2022-09-23T11:39:21+00:00\" \/>\n<meta property=\"og:image\" content=\"https:\/\/www.viaromana.org\/blog\/wp-content\/uploads\/2022\/09\/de-la-2-scaled.jpg\" \/>\n\t<meta property=\"og:image:width\" content=\"2560\" \/>\n\t<meta property=\"og:image:height\" content=\"1707\" \/>\n\t<meta property=\"og:image:type\" content=\"image\/jpeg\" \/>\n<meta name=\"author\" content=\"Robert\" \/>\n<meta name=\"twitter:card\" content=\"summary_large_image\" \/>\n<meta name=\"twitter:label1\" content=\"\u00c9crit par\" \/>\n\t<meta name=\"twitter:data1\" content=\"Robert\" \/>\n\t<meta name=\"twitter:label2\" content=\"Dur\u00e9e de lecture estim\u00e9e\" \/>\n\t<meta name=\"twitter:data2\" content=\"3 minutes\" \/>\n<script type=\"application\/ld+json\" class=\"yoast-schema-graph\">{\"@context\":\"https:\/\/schema.org\",\"@graph\":[{\"@type\":\"Article\",\"@id\":\"https:\/\/www.viaromana.org\/blog\/revue-de-presse-internet-seniors-dynamiques-ville-de-vannes\/#article\",\"isPartOf\":{\"@id\":\"https:\/\/www.viaromana.org\/blog\/revue-de-presse-internet-seniors-dynamiques-ville-de-vannes\/\"},\"author\":{\"name\":\"Robert\",\"@id\":\"https:\/\/www.viaromana.org\/blog\/#\/schema\/person\/cde9c4655845091e1fe473fcd163c889\"},\"headline\":\"Revue de presse internet : S\u00e9niors Dynamiques | Ville de Vannes\",\"datePublished\":\"2022-09-23T11:39:21+00:00\",\"dateModified\":\"2022-09-23T11:39:21+00:00\",\"mainEntityOfPage\":{\"@id\":\"https:\/\/www.viaromana.org\/blog\/revue-de-presse-internet-seniors-dynamiques-ville-de-vannes\/\"},\"wordCount\":673,\"publisher\":{\"@id\":\"https:\/\/www.viaromana.org\/blog\/#organization\"},\"articleSection\":[\"Arch\u00e9ologie\"],\"inLanguage\":\"fr-FR\"},{\"@type\":\"WebPage\",\"@id\":\"https:\/\/www.viaromana.org\/blog\/revue-de-presse-internet-seniors-dynamiques-ville-de-vannes\/\",\"url\":\"https:\/\/www.viaromana.org\/blog\/revue-de-presse-internet-seniors-dynamiques-ville-de-vannes\/\",\"name\":\"Revue de presse internet : S\u00e9niors Dynamiques | Ville de Vannes - Viaromana et arch\u00e9ologie.\",\"isPartOf\":{\"@id\":\"https:\/\/www.viaromana.org\/blog\/#website\"},\"datePublished\":\"2022-09-23T11:39:21+00:00\",\"dateModified\":\"2022-09-23T11:39:21+00:00\",\"description\":\"Revue de presse internet : S\u00e9niors Dynamiques | Ville de Vannes article de Viaromana et arch\u00e9ologie.\",\"breadcrumb\":{\"@id\":\"https:\/\/www.viaromana.org\/blog\/revue-de-presse-internet-seniors-dynamiques-ville-de-vannes\/#breadcrumb\"},\"inLanguage\":\"fr-FR\",\"potentialAction\":[{\"@type\":\"ReadAction\",\"target\":[\"https:\/\/www.viaromana.org\/blog\/revue-de-presse-internet-seniors-dynamiques-ville-de-vannes\/\"]}]},{\"@type\":\"BreadcrumbList\",\"@id\":\"https:\/\/www.viaromana.org\/blog\/revue-de-presse-internet-seniors-dynamiques-ville-de-vannes\/#breadcrumb\",\"itemListElement\":[{\"@type\":\"ListItem\",\"position\":1,\"name\":\"Accueil\",\"item\":\"https:\/\/www.viaromana.org\/blog\/\"},{\"@type\":\"ListItem\",\"position\":2,\"name\":\"Revue de presse internet : S\u00e9niors Dynamiques | Ville de Vannes\"}]},{\"@type\":\"WebSite\",\"@id\":\"https:\/\/www.viaromana.org\/blog\/#website\",\"url\":\"https:\/\/www.viaromana.org\/blog\/\",\"name\":\"Viaromana et arch\u00e9ologie.\",\"description\":\"Site arch\u00e9ologique de la voie romaine (viaromana) Belgique-France-Rome\",\"publisher\":{\"@id\":\"https:\/\/www.viaromana.org\/blog\/#organization\"},\"potentialAction\":[{\"@type\":\"SearchAction\",\"target\":{\"@type\":\"EntryPoint\",\"urlTemplate\":\"https:\/\/www.viaromana.org\/blog\/?s={search_term_string}\"},\"query-input\":\"required name=search_term_string\"}],\"inLanguage\":\"fr-FR\"},{\"@type\":\"Organization\",\"@id\":\"https:\/\/www.viaromana.org\/blog\/#organization\",\"name\":\"viaromana\",\"url\":\"https:\/\/www.viaromana.org\/blog\/\",\"logo\":{\"@type\":\"ImageObject\",\"inLanguage\":\"fr-FR\",\"@id\":\"https:\/\/www.viaromana.org\/blog\/#\/schema\/logo\/image\/\",\"url\":\"https:\/\/www.viaromana.org\/blog\/wp-content\/uploads\/2021\/12\/logo-3.png\",\"contentUrl\":\"https:\/\/www.viaromana.org\/blog\/wp-content\/uploads\/2021\/12\/logo-3.png\",\"width\":300,\"height\":249,\"caption\":\"viaromana\"},\"image\":{\"@id\":\"https:\/\/www.viaromana.org\/blog\/#\/schema\/logo\/image\/\"}},{\"@type\":\"Person\",\"@id\":\"https:\/\/www.viaromana.org\/blog\/#\/schema\/person\/cde9c4655845091e1fe473fcd163c889\",\"name\":\"Robert\",\"image\":{\"@type\":\"ImageObject\",\"inLanguage\":\"fr-FR\",\"@id\":\"https:\/\/www.viaromana.org\/blog\/#\/schema\/person\/image\/\",\"url\":\"https:\/\/secure.gravatar.com\/avatar\/a168ec191013b636c2f278aec04e724b?s=96&d=mm&r=g\",\"contentUrl\":\"https:\/\/secure.gravatar.com\/avatar\/a168ec191013b636c2f278aec04e724b?s=96&d=mm&r=g\",\"caption\":\"Robert\"},\"sameAs\":[\"https:\/\/www.viaromana.org\/blog\"],\"url\":\"https:\/\/www.viaromana.org\/blog\/author\/anaadmin\/\"}]}<\/script>\n<!-- \/ Yoast SEO plugin. -->","yoast_head_json":{"title":"Revue de presse internet : S\u00e9niors Dynamiques | Ville de Vannes - Viaromana et arch\u00e9ologie.","description":"Revue de presse internet : S\u00e9niors Dynamiques | Ville de Vannes article de Viaromana et arch\u00e9ologie.","robots":{"index":"index","follow":"follow","max-snippet":"max-snippet:-1","max-image-preview":"max-image-preview:large","max-video-preview":"max-video-preview:-1"},"canonical":"https:\/\/www.viaromana.org\/blog\/revue-de-presse-internet-seniors-dynamiques-ville-de-vannes\/","og_locale":"fr_FR","og_type":"article","og_title":"Revue de presse internet : S\u00e9niors Dynamiques | Ville de Vannes - Viaromana et arch\u00e9ologie.","og_description":"Revue de presse internet : S\u00e9niors Dynamiques | Ville de Vannes article de Viaromana et arch\u00e9ologie.","og_url":"https:\/\/www.viaromana.org\/blog\/revue-de-presse-internet-seniors-dynamiques-ville-de-vannes\/","og_site_name":"Viaromana et arch\u00e9ologie.","article_published_time":"2022-09-23T11:39:21+00:00","og_image":[{"width":2560,"height":1707,"url":"https:\/\/www.viaromana.org\/blog\/wp-content\/uploads\/2022\/09\/de-la-2-scaled.jpg","type":"image\/jpeg"}],"author":"Robert","twitter_card":"summary_large_image","twitter_misc":{"\u00c9crit par":"Robert","Dur\u00e9e de lecture estim\u00e9e":"3 minutes"},"schema":{"@context":"https:\/\/schema.org","@graph":[{"@type":"Article","@id":"https:\/\/www.viaromana.org\/blog\/revue-de-presse-internet-seniors-dynamiques-ville-de-vannes\/#article","isPartOf":{"@id":"https:\/\/www.viaromana.org\/blog\/revue-de-presse-internet-seniors-dynamiques-ville-de-vannes\/"},"author":{"name":"Robert","@id":"https:\/\/www.viaromana.org\/blog\/#\/schema\/person\/cde9c4655845091e1fe473fcd163c889"},"headline":"Revue de presse internet : S\u00e9niors Dynamiques | Ville de Vannes","datePublished":"2022-09-23T11:39:21+00:00","dateModified":"2022-09-23T11:39:21+00:00","mainEntityOfPage":{"@id":"https:\/\/www.viaromana.org\/blog\/revue-de-presse-internet-seniors-dynamiques-ville-de-vannes\/"},"wordCount":673,"publisher":{"@id":"https:\/\/www.viaromana.org\/blog\/#organization"},"articleSection":["Arch\u00e9ologie"],"inLanguage":"fr-FR"},{"@type":"WebPage","@id":"https:\/\/www.viaromana.org\/blog\/revue-de-presse-internet-seniors-dynamiques-ville-de-vannes\/","url":"https:\/\/www.viaromana.org\/blog\/revue-de-presse-internet-seniors-dynamiques-ville-de-vannes\/","name":"Revue de presse internet : S\u00e9niors Dynamiques | Ville de Vannes - Viaromana et arch\u00e9ologie.","isPartOf":{"@id":"https:\/\/www.viaromana.org\/blog\/#website"},"datePublished":"2022-09-23T11:39:21+00:00","dateModified":"2022-09-23T11:39:21+00:00","description":"Revue de presse internet : S\u00e9niors Dynamiques | Ville de Vannes article de Viaromana et arch\u00e9ologie.","breadcrumb":{"@id":"https:\/\/www.viaromana.org\/blog\/revue-de-presse-internet-seniors-dynamiques-ville-de-vannes\/#breadcrumb"},"inLanguage":"fr-FR","potentialAction":[{"@type":"ReadAction","target":["https:\/\/www.viaromana.org\/blog\/revue-de-presse-internet-seniors-dynamiques-ville-de-vannes\/"]}]},{"@type":"BreadcrumbList","@id":"https:\/\/www.viaromana.org\/blog\/revue-de-presse-internet-seniors-dynamiques-ville-de-vannes\/#breadcrumb","itemListElement":[{"@type":"ListItem","position":1,"name":"Accueil","item":"https:\/\/www.viaromana.org\/blog\/"},{"@type":"ListItem","position":2,"name":"Revue de presse internet : S\u00e9niors Dynamiques | Ville de Vannes"}]},{"@type":"WebSite","@id":"https:\/\/www.viaromana.org\/blog\/#website","url":"https:\/\/www.viaromana.org\/blog\/","name":"Viaromana et arch\u00e9ologie.","description":"Site arch\u00e9ologique de la voie romaine (viaromana) Belgique-France-Rome","publisher":{"@id":"https:\/\/www.viaromana.org\/blog\/#organization"},"potentialAction":[{"@type":"SearchAction","target":{"@type":"EntryPoint","urlTemplate":"https:\/\/www.viaromana.org\/blog\/?s={search_term_string}"},"query-input":"required name=search_term_string"}],"inLanguage":"fr-FR"},{"@type":"Organization","@id":"https:\/\/www.viaromana.org\/blog\/#organization","name":"viaromana","url":"https:\/\/www.viaromana.org\/blog\/","logo":{"@type":"ImageObject","inLanguage":"fr-FR","@id":"https:\/\/www.viaromana.org\/blog\/#\/schema\/logo\/image\/","url":"https:\/\/www.viaromana.org\/blog\/wp-content\/uploads\/2021\/12\/logo-3.png","contentUrl":"https:\/\/www.viaromana.org\/blog\/wp-content\/uploads\/2021\/12\/logo-3.png","width":300,"height":249,"caption":"viaromana"},"image":{"@id":"https:\/\/www.viaromana.org\/blog\/#\/schema\/logo\/image\/"}},{"@type":"Person","@id":"https:\/\/www.viaromana.org\/blog\/#\/schema\/person\/cde9c4655845091e1fe473fcd163c889","name":"Robert","image":{"@type":"ImageObject","inLanguage":"fr-FR","@id":"https:\/\/www.viaromana.org\/blog\/#\/schema\/person\/image\/","url":"https:\/\/secure.gravatar.com\/avatar\/a168ec191013b636c2f278aec04e724b?s=96&d=mm&r=g","contentUrl":"https:\/\/secure.gravatar.com\/avatar\/a168ec191013b636c2f278aec04e724b?s=96&d=mm&r=g","caption":"Robert"},"sameAs":["https:\/\/www.viaromana.org\/blog"],"url":"https:\/\/www.viaromana.org\/blog\/author\/anaadmin\/"}]}},"_links":{"self":[{"href":"https:\/\/www.viaromana.org\/blog\/wp-json\/wp\/v2\/posts\/1263"}],"collection":[{"href":"https:\/\/www.viaromana.org\/blog\/wp-json\/wp\/v2\/posts"}],"about":[{"href":"https:\/\/www.viaromana.org\/blog\/wp-json\/wp\/v2\/types\/post"}],"author":[{"embeddable":true,"href":"https:\/\/www.viaromana.org\/blog\/wp-json\/wp\/v2\/users\/1"}],"replies":[{"embeddable":true,"href":"https:\/\/www.viaromana.org\/blog\/wp-json\/wp\/v2\/comments?post=1263"}],"version-history":[{"count":0,"href":"https:\/\/www.viaromana.org\/blog\/wp-json\/wp\/v2\/posts\/1263\/revisions"}],"wp:featuredmedia":[{"embeddable":true,"href":"https:\/\/www.viaromana.org\/blog\/wp-json\/wp\/v2\/media\/1264"}],"wp:attachment":[{"href":"https:\/\/www.viaromana.org\/blog\/wp-json\/wp\/v2\/media?parent=1263"}],"wp:term":[{"taxonomy":"category","embeddable":true,"href":"https:\/\/www.viaromana.org\/blog\/wp-json\/wp\/v2\/categories?post=1263"},{"taxonomy":"post_tag","embeddable":true,"href":"https:\/\/www.viaromana.org\/blog\/wp-json\/wp\/v2\/tags?post=1263"}],"curies":[{"name":"wp","href":"https:\/\/api.w.org\/{rel}","templated":true}]}}