{"id":1251,"date":"2022-08-09T11:53:19","date_gmt":"2022-08-09T09:53:19","guid":{"rendered":"https:\/\/www.site.cdcl.xyz\/2022\/08\/09\/article-tout-frais-projection-danger-carriere-le-site-officiel-du-musee-daquitaine\/"},"modified":"2022-08-09T11:53:19","modified_gmt":"2022-08-09T09:53:19","slug":"article-tout-frais-projection-danger-carriere-le-site-officiel-du-musee-daquitaine","status":"publish","type":"post","link":"https:\/\/www.viaromana.org\/blog\/article-tout-frais-projection-danger-carriere-le-site-officiel-du-musee-daquitaine\/","title":{"rendered":"Article tout frais : Projection | Danger Carri\u00e8re | Le site officiel du mus\u00e9e d\u2019Aquitaine"},"content":{"rendered":"<p>En fouillant internet nous avons relev\u00e9 un post qui risque de vous ravir. Sa th\u00e9matique est \u00ab&nbsp;l\u2019arch\u00e9ologie&nbsp;\u00bb.<\/p>\n<p>Le titre saisissant (Projection | Danger Carri\u00e8re | Le site officiel du mus\u00e9e d\u2019Aquitaine) parle de lui-m\u00eame.<\/p>\n<p>Sachez que le journaliste (pr\u00e9sent\u00e9 sous la signature Mus\u00e9e d\u2019Aquitaine) est connu et fiable.<\/p>\n<p>Vous pouvez donc vous fier aux r\u00e9v\u00e9lations qu\u2019il donne.<\/p>\n<p>Sachez que la date de parution est 2022-08-09 11:53:19.<\/p>\n<p>Texte : <\/p>\n<div>\n<h3>Projection du film r\u00e9alis\u00e9 par la compagnie bordelaise La Grosse Situation dans les sous-sols du Nord-Gironde, en pr\u00e9sence de l\u2019\u00e9quipe<\/h3>\n<p>Bordeaux s\u2019est construite en laissant des creux dans les sous-sols. Des kilom\u00e8tres de galeries auxquels on acc\u00e8de en se risquant dans le noir. Des carri\u00e8res souterraines creus\u00e9es par des travailleurs avec seulement trois outils : le pic, le taillant et le gaffot. Des espaces oubli\u00e9s qui r\u00e9gurgitent l\u2019histoire sombre d\u2019une exploitation de plus.&nbsp;<\/p>\n<p>L\u2019\u00e9quipe de la Grosse Situation a pass\u00e9 quatre ann\u00e9es \u00e0 d\u00e9couvrir les dimensions souterraines du territoire du Cubzaguais et des gens qui y vivent. Rencontres avec des champignonnistes, des r\u00e9seaux de R\u00e9sistance, des animaux pr\u00e9historiques, des musiques underground, des dessins laiss\u00e9s sur les parois par les ouvriers carriers, mais aussi avec la r\u00e9alit\u00e9 de tonnes de d\u00e9chets d\u00e9vers\u00e9s. Rencontre avec la pierre, bien vivante, qui a des choses \u00e0 nous dire.<\/p>\n<div>\n<p>Le film a \u00e9t\u00e9 r\u00e9alis\u00e9 dans le cadre d\u2019un compagnonnage entre le Champ de Foire de Saint-Andr\u00e9-de-Cubzac (33) et la Grosse Situation.<\/p>\n<p>Production : La Grosse Situation \u2013 Le Champ de Foire \u2013 CLAP<\/p>\n<p>Avec le soutien de la DRAC Nouvelle Aquitaine et la Mairie de Saint-Andr\u00e9-de-Cubzac<\/p>\n<\/p><\/div>\n<p>Carte blanche organis\u00e9e en partenariat avec Bordeaux Patrimoine Mondial<\/p>\n<div><img decoding=\"async\" alt src=\"https:\/\/www.viaromana.org\/blog\/wp-content\/uploads\/2022\/09\/article-tout-frais-projection-danger-carriere-le-site-officiel-du-musee-daquitaine.jpg\"><br \/>&nbsp;\u00a9 M.H<\/div>\n<\/p><\/div>\n<p>Ce sujet vous a passionn\u00e9 vous appr\u00e9cierez tout autant ces livres:<\/p>\n<p>Raoul Taffin tombe \u00e0 l\u2019eau.,<a target=\"_blank\" rel=\"nofollow\" href=\"https:\/\/www.viaromana.org\/blog\/goto\/https:\/\/booknode.com\/raoul_taffin_tombe_a_leau_01616544\"  target=\"_blank\" rel=\"noopener noreferrer nofollow\">A voir et \u00e0 lire. <\/a><span><\/span>.<\/p>\n<p>Perun, dieu slave de l\u2019orage.,<a target=\"_blank\" rel=\"nofollow\" href=\"https:\/\/www.viaromana.org\/blog\/goto\/https:\/\/www.kobo.com\/de\/fr\/ebook\/perun-dieu-slave-de-l-orage\"  target=\"_blank\" rel=\"noopener noreferrer nofollow\">Clicker Ici <\/a><span><\/span>.<\/p>\n<p>Une archeologie de la toute puissance ; d\u2019o\u00f9 vient A ?.,<a target=\"_blank\" rel=\"nofollow\" href=\"https:\/\/www.viaromana.org\/blog\/goto\/https:\/\/www.epagine.fr\/ebook\/9782354271084-une-archeologie-de-la-toute-puissance-d-o-vient-a-guy-le-gaufey\/\"  target=\"_blank\" rel=\"noopener noreferrer nofollow\">(la couverture) <\/a><span><\/span>.<\/p>\n<p>Monnaies du haut Moyen \u00c2ge.,<a target=\"_blank\" rel=\"nofollow\" href=\"https:\/\/www.viaromana.org\/blog\/goto\/https:\/\/www.kobo.com\/de\/fr\/ebook\/monnaies-du-haut-moyen-age\"  target=\"_blank\" rel=\"noopener noreferrer nofollow\">(la couverture) <\/a><span><\/span>. Disponible \u00e0 l\u2019achat sur les plateformes Amazon, Fnac, Cultura \u2026.<\/p>\n","protected":false},"excerpt":{"rendered":"<p>En fouillant internet nous avons relev\u00e9 un post qui risque de vous ravir. Sa th\u00e9matique est \u00ab&nbsp;l\u2019arch\u00e9ologie&nbsp;\u00bb. Le titre saisissant (Projection | Danger Carri\u00e8re | Le site officiel du mus\u00e9e d\u2019Aquitaine) parle de lui-m\u00eame. Sachez que le journaliste (pr\u00e9sent\u00e9 sous la signature Mus\u00e9e d\u2019Aquitaine) est connu et fiable. Vous pouvez donc vous fier aux r\u00e9v\u00e9lations qu\u2019il donne. Sachez que la date de parution est 2022-08-09 11:53:19. Texte : Projection du film r\u00e9alis\u00e9 par la compagnie bordelaise La Grosse Situation dans les sous-sols du Nord-Gironde, en pr\u00e9sence de l\u2019\u00e9quipe Bordeaux s\u2019est construite en laissant des creux dans les sous-sols. Des kilom\u00e8tres\u2026<\/p>\n","protected":false},"author":1,"featured_media":1252,"comment_status":"closed","ping_status":"closed","sticky":false,"template":"","format":"standard","meta":{"footnotes":""},"categories":[2],"tags":[],"blocksy_meta":{"styles_descriptor":{"styles":{"desktop":"","tablet":"","mobile":""},"google_fonts":[],"version":4}},"yoast_head":"<!-- This site is optimized with the Yoast SEO plugin v21.1 - https:\/\/yoast.com\/wordpress\/plugins\/seo\/ -->\n<title>Article tout frais : Projection | Danger Carri\u00e8re | Le site officiel du mus\u00e9e d\u2019Aquitaine - Viaromana et arch\u00e9ologie.<\/title>\n<meta name=\"description\" content=\"Article tout frais : Projection | Danger Carri\u00e8re | Le site officiel du mus\u00e9e d\u2019Aquitaine article de Viaromana et arch\u00e9ologie.\" \/>\n<meta name=\"robots\" content=\"index, follow, max-snippet:-1, max-image-preview:large, max-video-preview:-1\" \/>\n<link rel=\"canonical\" href=\"https:\/\/www.viaromana.org\/blog\/article-tout-frais-projection-danger-carriere-le-site-officiel-du-musee-daquitaine\/\" \/>\n<meta property=\"og:locale\" content=\"fr_FR\" \/>\n<meta property=\"og:type\" content=\"article\" \/>\n<meta property=\"og:title\" content=\"Article tout frais : Projection | Danger Carri\u00e8re | Le site officiel du mus\u00e9e d\u2019Aquitaine - Viaromana et arch\u00e9ologie.\" \/>\n<meta property=\"og:description\" content=\"Article tout frais : Projection | Danger Carri\u00e8re | Le site officiel du mus\u00e9e d\u2019Aquitaine article de Viaromana et arch\u00e9ologie.\" \/>\n<meta property=\"og:url\" content=\"https:\/\/www.viaromana.org\/blog\/article-tout-frais-projection-danger-carriere-le-site-officiel-du-musee-daquitaine\/\" \/>\n<meta property=\"og:site_name\" content=\"Viaromana et arch\u00e9ologie.\" \/>\n<meta property=\"article:published_time\" content=\"2022-08-09T09:53:19+00:00\" \/>\n<meta property=\"og:image\" content=\"https:\/\/www.viaromana.org\/blog\/wp-content\/uploads\/2022\/09\/grosse-situation.jpg\" \/>\n\t<meta property=\"og:image:width\" content=\"1024\" \/>\n\t<meta property=\"og:image:height\" content=\"681\" \/>\n\t<meta property=\"og:image:type\" content=\"image\/jpeg\" \/>\n<meta name=\"author\" content=\"Robert\" \/>\n<meta name=\"twitter:card\" content=\"summary_large_image\" \/>\n<meta name=\"twitter:label1\" content=\"\u00c9crit par\" \/>\n\t<meta name=\"twitter:data1\" content=\"Robert\" \/>\n\t<meta name=\"twitter:label2\" content=\"Dur\u00e9e de lecture estim\u00e9e\" \/>\n\t<meta name=\"twitter:data2\" content=\"2 minutes\" \/>\n<script type=\"application\/ld+json\" class=\"yoast-schema-graph\">{\"@context\":\"https:\/\/schema.org\",\"@graph\":[{\"@type\":\"Article\",\"@id\":\"https:\/\/www.viaromana.org\/blog\/article-tout-frais-projection-danger-carriere-le-site-officiel-du-musee-daquitaine\/#article\",\"isPartOf\":{\"@id\":\"https:\/\/www.viaromana.org\/blog\/article-tout-frais-projection-danger-carriere-le-site-officiel-du-musee-daquitaine\/\"},\"author\":{\"name\":\"Robert\",\"@id\":\"https:\/\/www.viaromana.org\/blog\/#\/schema\/person\/cde9c4655845091e1fe473fcd163c889\"},\"headline\":\"Article tout frais : Projection | Danger Carri\u00e8re | Le site officiel du mus\u00e9e d\u2019Aquitaine\",\"datePublished\":\"2022-08-09T09:53:19+00:00\",\"dateModified\":\"2022-08-09T09:53:19+00:00\",\"mainEntityOfPage\":{\"@id\":\"https:\/\/www.viaromana.org\/blog\/article-tout-frais-projection-danger-carriere-le-site-officiel-du-musee-daquitaine\/\"},\"wordCount\":377,\"publisher\":{\"@id\":\"https:\/\/www.viaromana.org\/blog\/#organization\"},\"articleSection\":[\"Arch\u00e9ologie\"],\"inLanguage\":\"fr-FR\"},{\"@type\":\"WebPage\",\"@id\":\"https:\/\/www.viaromana.org\/blog\/article-tout-frais-projection-danger-carriere-le-site-officiel-du-musee-daquitaine\/\",\"url\":\"https:\/\/www.viaromana.org\/blog\/article-tout-frais-projection-danger-carriere-le-site-officiel-du-musee-daquitaine\/\",\"name\":\"Article tout frais : Projection | Danger Carri\u00e8re | Le site officiel du mus\u00e9e d\u2019Aquitaine - Viaromana et arch\u00e9ologie.\",\"isPartOf\":{\"@id\":\"https:\/\/www.viaromana.org\/blog\/#website\"},\"datePublished\":\"2022-08-09T09:53:19+00:00\",\"dateModified\":\"2022-08-09T09:53:19+00:00\",\"description\":\"Article tout frais : Projection | Danger Carri\u00e8re | Le site officiel du mus\u00e9e d\u2019Aquitaine article de Viaromana et arch\u00e9ologie.\",\"breadcrumb\":{\"@id\":\"https:\/\/www.viaromana.org\/blog\/article-tout-frais-projection-danger-carriere-le-site-officiel-du-musee-daquitaine\/#breadcrumb\"},\"inLanguage\":\"fr-FR\",\"potentialAction\":[{\"@type\":\"ReadAction\",\"target\":[\"https:\/\/www.viaromana.org\/blog\/article-tout-frais-projection-danger-carriere-le-site-officiel-du-musee-daquitaine\/\"]}]},{\"@type\":\"BreadcrumbList\",\"@id\":\"https:\/\/www.viaromana.org\/blog\/article-tout-frais-projection-danger-carriere-le-site-officiel-du-musee-daquitaine\/#breadcrumb\",\"itemListElement\":[{\"@type\":\"ListItem\",\"position\":1,\"name\":\"Accueil\",\"item\":\"https:\/\/www.viaromana.org\/blog\/\"},{\"@type\":\"ListItem\",\"position\":2,\"name\":\"Article tout frais : Projection | Danger Carri\u00e8re | Le site officiel du mus\u00e9e d\u2019Aquitaine\"}]},{\"@type\":\"WebSite\",\"@id\":\"https:\/\/www.viaromana.org\/blog\/#website\",\"url\":\"https:\/\/www.viaromana.org\/blog\/\",\"name\":\"Viaromana et arch\u00e9ologie.\",\"description\":\"Site arch\u00e9ologique de la voie romaine (viaromana) Belgique-France-Rome\",\"publisher\":{\"@id\":\"https:\/\/www.viaromana.org\/blog\/#organization\"},\"potentialAction\":[{\"@type\":\"SearchAction\",\"target\":{\"@type\":\"EntryPoint\",\"urlTemplate\":\"https:\/\/www.viaromana.org\/blog\/?s={search_term_string}\"},\"query-input\":\"required name=search_term_string\"}],\"inLanguage\":\"fr-FR\"},{\"@type\":\"Organization\",\"@id\":\"https:\/\/www.viaromana.org\/blog\/#organization\",\"name\":\"viaromana\",\"url\":\"https:\/\/www.viaromana.org\/blog\/\",\"logo\":{\"@type\":\"ImageObject\",\"inLanguage\":\"fr-FR\",\"@id\":\"https:\/\/www.viaromana.org\/blog\/#\/schema\/logo\/image\/\",\"url\":\"https:\/\/www.viaromana.org\/blog\/wp-content\/uploads\/2021\/12\/logo-3.png\",\"contentUrl\":\"https:\/\/www.viaromana.org\/blog\/wp-content\/uploads\/2021\/12\/logo-3.png\",\"width\":300,\"height\":249,\"caption\":\"viaromana\"},\"image\":{\"@id\":\"https:\/\/www.viaromana.org\/blog\/#\/schema\/logo\/image\/\"}},{\"@type\":\"Person\",\"@id\":\"https:\/\/www.viaromana.org\/blog\/#\/schema\/person\/cde9c4655845091e1fe473fcd163c889\",\"name\":\"Robert\",\"image\":{\"@type\":\"ImageObject\",\"inLanguage\":\"fr-FR\",\"@id\":\"https:\/\/www.viaromana.org\/blog\/#\/schema\/person\/image\/\",\"url\":\"https:\/\/secure.gravatar.com\/avatar\/a168ec191013b636c2f278aec04e724b?s=96&d=mm&r=g\",\"contentUrl\":\"https:\/\/secure.gravatar.com\/avatar\/a168ec191013b636c2f278aec04e724b?s=96&d=mm&r=g\",\"caption\":\"Robert\"},\"sameAs\":[\"https:\/\/www.viaromana.org\/blog\"],\"url\":\"https:\/\/www.viaromana.org\/blog\/author\/anaadmin\/\"}]}<\/script>\n<!-- \/ Yoast SEO plugin. -->","yoast_head_json":{"title":"Article tout frais : Projection | Danger Carri\u00e8re | Le site officiel du mus\u00e9e d\u2019Aquitaine - Viaromana et arch\u00e9ologie.","description":"Article tout frais : Projection | Danger Carri\u00e8re | Le site officiel du mus\u00e9e d\u2019Aquitaine article de Viaromana et arch\u00e9ologie.","robots":{"index":"index","follow":"follow","max-snippet":"max-snippet:-1","max-image-preview":"max-image-preview:large","max-video-preview":"max-video-preview:-1"},"canonical":"https:\/\/www.viaromana.org\/blog\/article-tout-frais-projection-danger-carriere-le-site-officiel-du-musee-daquitaine\/","og_locale":"fr_FR","og_type":"article","og_title":"Article tout frais : Projection | Danger Carri\u00e8re | Le site officiel du mus\u00e9e d\u2019Aquitaine - Viaromana et arch\u00e9ologie.","og_description":"Article tout frais : Projection | Danger Carri\u00e8re | Le site officiel du mus\u00e9e d\u2019Aquitaine article de Viaromana et arch\u00e9ologie.","og_url":"https:\/\/www.viaromana.org\/blog\/article-tout-frais-projection-danger-carriere-le-site-officiel-du-musee-daquitaine\/","og_site_name":"Viaromana et arch\u00e9ologie.","article_published_time":"2022-08-09T09:53:19+00:00","og_image":[{"width":1024,"height":681,"url":"https:\/\/www.viaromana.org\/blog\/wp-content\/uploads\/2022\/09\/grosse-situation.jpg","type":"image\/jpeg"}],"author":"Robert","twitter_card":"summary_large_image","twitter_misc":{"\u00c9crit par":"Robert","Dur\u00e9e de lecture estim\u00e9e":"2 minutes"},"schema":{"@context":"https:\/\/schema.org","@graph":[{"@type":"Article","@id":"https:\/\/www.viaromana.org\/blog\/article-tout-frais-projection-danger-carriere-le-site-officiel-du-musee-daquitaine\/#article","isPartOf":{"@id":"https:\/\/www.viaromana.org\/blog\/article-tout-frais-projection-danger-carriere-le-site-officiel-du-musee-daquitaine\/"},"author":{"name":"Robert","@id":"https:\/\/www.viaromana.org\/blog\/#\/schema\/person\/cde9c4655845091e1fe473fcd163c889"},"headline":"Article tout frais : Projection | Danger Carri\u00e8re | Le site officiel du mus\u00e9e d\u2019Aquitaine","datePublished":"2022-08-09T09:53:19+00:00","dateModified":"2022-08-09T09:53:19+00:00","mainEntityOfPage":{"@id":"https:\/\/www.viaromana.org\/blog\/article-tout-frais-projection-danger-carriere-le-site-officiel-du-musee-daquitaine\/"},"wordCount":377,"publisher":{"@id":"https:\/\/www.viaromana.org\/blog\/#organization"},"articleSection":["Arch\u00e9ologie"],"inLanguage":"fr-FR"},{"@type":"WebPage","@id":"https:\/\/www.viaromana.org\/blog\/article-tout-frais-projection-danger-carriere-le-site-officiel-du-musee-daquitaine\/","url":"https:\/\/www.viaromana.org\/blog\/article-tout-frais-projection-danger-carriere-le-site-officiel-du-musee-daquitaine\/","name":"Article tout frais : Projection | Danger Carri\u00e8re | Le site officiel du mus\u00e9e d\u2019Aquitaine - Viaromana et arch\u00e9ologie.","isPartOf":{"@id":"https:\/\/www.viaromana.org\/blog\/#website"},"datePublished":"2022-08-09T09:53:19+00:00","dateModified":"2022-08-09T09:53:19+00:00","description":"Article tout frais : Projection | Danger Carri\u00e8re | Le site officiel du mus\u00e9e d\u2019Aquitaine article de Viaromana et arch\u00e9ologie.","breadcrumb":{"@id":"https:\/\/www.viaromana.org\/blog\/article-tout-frais-projection-danger-carriere-le-site-officiel-du-musee-daquitaine\/#breadcrumb"},"inLanguage":"fr-FR","potentialAction":[{"@type":"ReadAction","target":["https:\/\/www.viaromana.org\/blog\/article-tout-frais-projection-danger-carriere-le-site-officiel-du-musee-daquitaine\/"]}]},{"@type":"BreadcrumbList","@id":"https:\/\/www.viaromana.org\/blog\/article-tout-frais-projection-danger-carriere-le-site-officiel-du-musee-daquitaine\/#breadcrumb","itemListElement":[{"@type":"ListItem","position":1,"name":"Accueil","item":"https:\/\/www.viaromana.org\/blog\/"},{"@type":"ListItem","position":2,"name":"Article tout frais : Projection | Danger Carri\u00e8re | Le site officiel du mus\u00e9e d\u2019Aquitaine"}]},{"@type":"WebSite","@id":"https:\/\/www.viaromana.org\/blog\/#website","url":"https:\/\/www.viaromana.org\/blog\/","name":"Viaromana et arch\u00e9ologie.","description":"Site arch\u00e9ologique de la voie romaine (viaromana) Belgique-France-Rome","publisher":{"@id":"https:\/\/www.viaromana.org\/blog\/#organization"},"potentialAction":[{"@type":"SearchAction","target":{"@type":"EntryPoint","urlTemplate":"https:\/\/www.viaromana.org\/blog\/?s={search_term_string}"},"query-input":"required name=search_term_string"}],"inLanguage":"fr-FR"},{"@type":"Organization","@id":"https:\/\/www.viaromana.org\/blog\/#organization","name":"viaromana","url":"https:\/\/www.viaromana.org\/blog\/","logo":{"@type":"ImageObject","inLanguage":"fr-FR","@id":"https:\/\/www.viaromana.org\/blog\/#\/schema\/logo\/image\/","url":"https:\/\/www.viaromana.org\/blog\/wp-content\/uploads\/2021\/12\/logo-3.png","contentUrl":"https:\/\/www.viaromana.org\/blog\/wp-content\/uploads\/2021\/12\/logo-3.png","width":300,"height":249,"caption":"viaromana"},"image":{"@id":"https:\/\/www.viaromana.org\/blog\/#\/schema\/logo\/image\/"}},{"@type":"Person","@id":"https:\/\/www.viaromana.org\/blog\/#\/schema\/person\/cde9c4655845091e1fe473fcd163c889","name":"Robert","image":{"@type":"ImageObject","inLanguage":"fr-FR","@id":"https:\/\/www.viaromana.org\/blog\/#\/schema\/person\/image\/","url":"https:\/\/secure.gravatar.com\/avatar\/a168ec191013b636c2f278aec04e724b?s=96&d=mm&r=g","contentUrl":"https:\/\/secure.gravatar.com\/avatar\/a168ec191013b636c2f278aec04e724b?s=96&d=mm&r=g","caption":"Robert"},"sameAs":["https:\/\/www.viaromana.org\/blog"],"url":"https:\/\/www.viaromana.org\/blog\/author\/anaadmin\/"}]}},"_links":{"self":[{"href":"https:\/\/www.viaromana.org\/blog\/wp-json\/wp\/v2\/posts\/1251"}],"collection":[{"href":"https:\/\/www.viaromana.org\/blog\/wp-json\/wp\/v2\/posts"}],"about":[{"href":"https:\/\/www.viaromana.org\/blog\/wp-json\/wp\/v2\/types\/post"}],"author":[{"embeddable":true,"href":"https:\/\/www.viaromana.org\/blog\/wp-json\/wp\/v2\/users\/1"}],"replies":[{"embeddable":true,"href":"https:\/\/www.viaromana.org\/blog\/wp-json\/wp\/v2\/comments?post=1251"}],"version-history":[{"count":0,"href":"https:\/\/www.viaromana.org\/blog\/wp-json\/wp\/v2\/posts\/1251\/revisions"}],"wp:featuredmedia":[{"embeddable":true,"href":"https:\/\/www.viaromana.org\/blog\/wp-json\/wp\/v2\/media\/1252"}],"wp:attachment":[{"href":"https:\/\/www.viaromana.org\/blog\/wp-json\/wp\/v2\/media?parent=1251"}],"wp:term":[{"taxonomy":"category","embeddable":true,"href":"https:\/\/www.viaromana.org\/blog\/wp-json\/wp\/v2\/categories?post=1251"},{"taxonomy":"post_tag","embeddable":true,"href":"https:\/\/www.viaromana.org\/blog\/wp-json\/wp\/v2\/tags?post=1251"}],"curies":[{"name":"wp","href":"https:\/\/api.w.org\/{rel}","templated":true}]}}