{"id":1213,"date":"2022-09-06T13:24:47","date_gmt":"2022-09-06T11:24:47","guid":{"rendered":"https:\/\/www.site.cdcl.xyz\/2022\/09\/06\/quoi-retenir-de-ce-texte-invitation-a-la-douceur-ville-de-vannes\/"},"modified":"2022-09-06T13:24:47","modified_gmt":"2022-09-06T11:24:47","slug":"quoi-retenir-de-ce-texte-invitation-a-la-douceur-ville-de-vannes","status":"publish","type":"post","link":"https:\/\/www.viaromana.org\/blog\/quoi-retenir-de-ce-texte-invitation-a-la-douceur-ville-de-vannes\/","title":{"rendered":"Quoi retenir de ce texte : Invitation \u00e0 la douceur | Ville de Vannes"},"content":{"rendered":"<p>Voil\u00e0 qui va vous satisfaire : Un nouveau texte que je viens de d\u00e9couvrir sur internet et que nous vous produisons ci-dessous. La th\u00e9matique est \u00ab&nbsp;l\u2019arch\u00e9ologie&nbsp;\u00bb.<\/p>\n<p>Son titre s\u00e9duisant (Invitation \u00e0 la douceur | Ville de Vannes) est sans ambages.<\/p>\n<p>Le r\u00e9dacteur (pr\u00e9sent\u00e9 sous la signature admin_vannes) est positivement connu pour plusieurs autres encarts qu\u2019il a publi\u00e9s sur le web.<\/p>\n<p>Le post peut donc \u00eatre pris au s\u00e9rieux.<\/p>\n<p>La date de parution est 2022-09-06 13:24:47.<\/p>\n<div>\n<div>\n<p>Lancement tout en douceur de la saison de Sc\u00e8nes du Golfe avec le talentueux Damien Fleau. Il jouera en plein air, sur le parvis du Palais des Arts, les compositions de son prochain album, Breaking Waves.<\/p>\n<p>\u00c0 14h30 et 17h, Parvis du Palais des arts et des congr\u00e8s \u2013 Place de Bretagne.<br \/>Dur\u00e9e : 1h<\/p>\n<\/div>\n<\/div>\n<p>Vous aimerez aussi:<\/p>\n<p>Suzanne C\u00e9saire ; arch\u00e9ologie litt\u00e9raire et artistique d\u2019une m\u00e9moire emp\u00each\u00e9e.,<a target=\"_blank\" rel=\"nofollow\" href=\"https:\/\/www.viaromana.org\/blog\/goto\/https:\/\/www.epagine.fr\/ebook\/9782811127961-suzanne-cesaire-archeologie-litteraire-et-artistique-d-une-memoire-empechee-anny-dominique-curtius\/\"  target=\"_blank\" rel=\"noopener noreferrer nofollow\">Ouvrage <\/a><span><\/span>. A emprunter en biblioth\u00e8que.<\/p>\n<p>Manuel d\u2019arch\u00e9ologie m\u00e9di\u00e9vale et moderne.,<a target=\"_blank\" rel=\"nofollow\" href=\"https:\/\/www.viaromana.org\/blog\/goto\/https:\/\/www.epagine.fr\/ebook\/9782200628888-manuel-d-archeologie-medievale-et-moderne-2e-edition-joelle-burnouf-danielle-arribet-deroin-bruno-desachy-florence-journot-anne-nissen-jaubert\/\"  target=\"_blank\" rel=\"noopener noreferrer nofollow\">Le livre <\/a><span><\/span>.<\/p>\n<p>Trois pierres, c\u2019est un mur\u2026 une histoire de l\u2019arch\u00e9ologie.,<a target=\"_blank\" rel=\"nofollow\" href=\"https:\/\/www.viaromana.org\/blog\/goto\/https:\/\/www.epagine.fr\/ebook\/9782271124937-trois-pierres-c-est-un-mur-une-histoire-de-l-archeologie-eric-h-cline\/\"  target=\"_blank\" rel=\"noopener noreferrer nofollow\">Le livre <\/a><span><\/span>. Disponible dans toutes les bonnes librairies.<\/p>\n<p>Plaisirs coupables, Tome 1 : Les Tr\u00e9sors de Daphn\u00e9.,<a target=\"_blank\" rel=\"nofollow\" href=\"https:\/\/www.viaromana.org\/blog\/goto\/https:\/\/booknode.com\/plaisirs_coupables_tome_1_les_tresors_de_daphne_074232\"  target=\"_blank\" rel=\"noopener noreferrer nofollow\">Le livre <\/a><span><\/span>. Ouvrage de r\u00e9f\u00e9rence.<\/p>\n","protected":false},"excerpt":{"rendered":"<p>Voil\u00e0 qui va vous satisfaire : Un nouveau texte que je viens de d\u00e9couvrir sur internet et que nous vous produisons ci-dessous. La th\u00e9matique est \u00ab&nbsp;l\u2019arch\u00e9ologie&nbsp;\u00bb. Son titre s\u00e9duisant (Invitation \u00e0 la douceur | Ville de Vannes) est sans ambages. Le r\u00e9dacteur (pr\u00e9sent\u00e9 sous la signature admin_vannes) est positivement connu pour plusieurs autres encarts qu\u2019il a publi\u00e9s sur le web. Le post peut donc \u00eatre pris au s\u00e9rieux. La date de parution est 2022-09-06 13:24:47. Lancement tout en douceur de la saison de Sc\u00e8nes du Golfe avec le talentueux Damien Fleau. Il jouera en plein air, sur le parvis du\u2026<\/p>\n","protected":false},"author":1,"featured_media":1214,"comment_status":"closed","ping_status":"closed","sticky":false,"template":"","format":"standard","meta":{"footnotes":""},"categories":[2],"tags":[],"blocksy_meta":{"styles_descriptor":{"styles":{"desktop":"","tablet":"","mobile":""},"google_fonts":[],"version":4}},"yoast_head":"<!-- This site is optimized with the Yoast SEO plugin v21.1 - https:\/\/yoast.com\/wordpress\/plugins\/seo\/ -->\n<title>Quoi retenir de ce texte : Invitation \u00e0 la douceur | Ville de Vannes - Viaromana et arch\u00e9ologie.<\/title>\n<meta name=\"description\" content=\"Quoi retenir de ce texte : Invitation \u00e0 la douceur | Ville de Vannes article de Viaromana et arch\u00e9ologie.\" \/>\n<meta name=\"robots\" content=\"index, follow, max-snippet:-1, max-image-preview:large, max-video-preview:-1\" \/>\n<link rel=\"canonical\" href=\"https:\/\/www.viaromana.org\/blog\/quoi-retenir-de-ce-texte-invitation-a-la-douceur-ville-de-vannes\/\" \/>\n<meta property=\"og:locale\" content=\"fr_FR\" \/>\n<meta property=\"og:type\" content=\"article\" \/>\n<meta property=\"og:title\" content=\"Quoi retenir de ce texte : Invitation \u00e0 la douceur | Ville de Vannes - Viaromana et arch\u00e9ologie.\" \/>\n<meta property=\"og:description\" content=\"Quoi retenir de ce texte : Invitation \u00e0 la douceur | Ville de Vannes article de Viaromana et arch\u00e9ologie.\" \/>\n<meta property=\"og:url\" content=\"https:\/\/www.viaromana.org\/blog\/quoi-retenir-de-ce-texte-invitation-a-la-douceur-ville-de-vannes\/\" \/>\n<meta property=\"og:site_name\" content=\"Viaromana et arch\u00e9ologie.\" \/>\n<meta property=\"article:published_time\" content=\"2022-09-06T11:24:47+00:00\" \/>\n<meta property=\"og:image\" content=\"https:\/\/www.viaromana.org\/blog\/wp-content\/uploads\/2022\/09\/arch-ologie-1.jpg\" \/>\n\t<meta property=\"og:image:width\" content=\"640\" \/>\n\t<meta property=\"og:image:height\" content=\"640\" \/>\n\t<meta property=\"og:image:type\" content=\"image\/jpeg\" \/>\n<meta name=\"author\" content=\"Robert\" \/>\n<meta name=\"twitter:card\" content=\"summary_large_image\" \/>\n<meta name=\"twitter:label1\" content=\"\u00c9crit par\" \/>\n\t<meta name=\"twitter:data1\" content=\"Robert\" \/>\n\t<meta name=\"twitter:label2\" content=\"Dur\u00e9e de lecture estim\u00e9e\" \/>\n\t<meta name=\"twitter:data2\" content=\"1 minute\" \/>\n<script type=\"application\/ld+json\" class=\"yoast-schema-graph\">{\"@context\":\"https:\/\/schema.org\",\"@graph\":[{\"@type\":\"Article\",\"@id\":\"https:\/\/www.viaromana.org\/blog\/quoi-retenir-de-ce-texte-invitation-a-la-douceur-ville-de-vannes\/#article\",\"isPartOf\":{\"@id\":\"https:\/\/www.viaromana.org\/blog\/quoi-retenir-de-ce-texte-invitation-a-la-douceur-ville-de-vannes\/\"},\"author\":{\"name\":\"Robert\",\"@id\":\"https:\/\/www.viaromana.org\/blog\/#\/schema\/person\/cde9c4655845091e1fe473fcd163c889\"},\"headline\":\"Quoi retenir de ce texte : Invitation \u00e0 la douceur | Ville de Vannes\",\"datePublished\":\"2022-09-06T11:24:47+00:00\",\"dateModified\":\"2022-09-06T11:24:47+00:00\",\"mainEntityOfPage\":{\"@id\":\"https:\/\/www.viaromana.org\/blog\/quoi-retenir-de-ce-texte-invitation-a-la-douceur-ville-de-vannes\/\"},\"wordCount\":222,\"publisher\":{\"@id\":\"https:\/\/www.viaromana.org\/blog\/#organization\"},\"articleSection\":[\"Arch\u00e9ologie\"],\"inLanguage\":\"fr-FR\"},{\"@type\":\"WebPage\",\"@id\":\"https:\/\/www.viaromana.org\/blog\/quoi-retenir-de-ce-texte-invitation-a-la-douceur-ville-de-vannes\/\",\"url\":\"https:\/\/www.viaromana.org\/blog\/quoi-retenir-de-ce-texte-invitation-a-la-douceur-ville-de-vannes\/\",\"name\":\"Quoi retenir de ce texte : Invitation \u00e0 la douceur | Ville de Vannes - Viaromana et arch\u00e9ologie.\",\"isPartOf\":{\"@id\":\"https:\/\/www.viaromana.org\/blog\/#website\"},\"datePublished\":\"2022-09-06T11:24:47+00:00\",\"dateModified\":\"2022-09-06T11:24:47+00:00\",\"description\":\"Quoi retenir de ce texte : Invitation \u00e0 la douceur | Ville de Vannes article de Viaromana et arch\u00e9ologie.\",\"breadcrumb\":{\"@id\":\"https:\/\/www.viaromana.org\/blog\/quoi-retenir-de-ce-texte-invitation-a-la-douceur-ville-de-vannes\/#breadcrumb\"},\"inLanguage\":\"fr-FR\",\"potentialAction\":[{\"@type\":\"ReadAction\",\"target\":[\"https:\/\/www.viaromana.org\/blog\/quoi-retenir-de-ce-texte-invitation-a-la-douceur-ville-de-vannes\/\"]}]},{\"@type\":\"BreadcrumbList\",\"@id\":\"https:\/\/www.viaromana.org\/blog\/quoi-retenir-de-ce-texte-invitation-a-la-douceur-ville-de-vannes\/#breadcrumb\",\"itemListElement\":[{\"@type\":\"ListItem\",\"position\":1,\"name\":\"Accueil\",\"item\":\"https:\/\/www.viaromana.org\/blog\/\"},{\"@type\":\"ListItem\",\"position\":2,\"name\":\"Quoi retenir de ce texte : Invitation \u00e0 la douceur | Ville de Vannes\"}]},{\"@type\":\"WebSite\",\"@id\":\"https:\/\/www.viaromana.org\/blog\/#website\",\"url\":\"https:\/\/www.viaromana.org\/blog\/\",\"name\":\"Viaromana et arch\u00e9ologie.\",\"description\":\"Site arch\u00e9ologique de la voie romaine (viaromana) Belgique-France-Rome\",\"publisher\":{\"@id\":\"https:\/\/www.viaromana.org\/blog\/#organization\"},\"potentialAction\":[{\"@type\":\"SearchAction\",\"target\":{\"@type\":\"EntryPoint\",\"urlTemplate\":\"https:\/\/www.viaromana.org\/blog\/?s={search_term_string}\"},\"query-input\":\"required name=search_term_string\"}],\"inLanguage\":\"fr-FR\"},{\"@type\":\"Organization\",\"@id\":\"https:\/\/www.viaromana.org\/blog\/#organization\",\"name\":\"viaromana\",\"url\":\"https:\/\/www.viaromana.org\/blog\/\",\"logo\":{\"@type\":\"ImageObject\",\"inLanguage\":\"fr-FR\",\"@id\":\"https:\/\/www.viaromana.org\/blog\/#\/schema\/logo\/image\/\",\"url\":\"https:\/\/www.viaromana.org\/blog\/wp-content\/uploads\/2021\/12\/logo-3.png\",\"contentUrl\":\"https:\/\/www.viaromana.org\/blog\/wp-content\/uploads\/2021\/12\/logo-3.png\",\"width\":300,\"height\":249,\"caption\":\"viaromana\"},\"image\":{\"@id\":\"https:\/\/www.viaromana.org\/blog\/#\/schema\/logo\/image\/\"}},{\"@type\":\"Person\",\"@id\":\"https:\/\/www.viaromana.org\/blog\/#\/schema\/person\/cde9c4655845091e1fe473fcd163c889\",\"name\":\"Robert\",\"image\":{\"@type\":\"ImageObject\",\"inLanguage\":\"fr-FR\",\"@id\":\"https:\/\/www.viaromana.org\/blog\/#\/schema\/person\/image\/\",\"url\":\"https:\/\/secure.gravatar.com\/avatar\/a168ec191013b636c2f278aec04e724b?s=96&d=mm&r=g\",\"contentUrl\":\"https:\/\/secure.gravatar.com\/avatar\/a168ec191013b636c2f278aec04e724b?s=96&d=mm&r=g\",\"caption\":\"Robert\"},\"sameAs\":[\"https:\/\/www.viaromana.org\/blog\"],\"url\":\"https:\/\/www.viaromana.org\/blog\/author\/anaadmin\/\"}]}<\/script>\n<!-- \/ Yoast SEO plugin. -->","yoast_head_json":{"title":"Quoi retenir de ce texte : Invitation \u00e0 la douceur | Ville de Vannes - Viaromana et arch\u00e9ologie.","description":"Quoi retenir de ce texte : Invitation \u00e0 la douceur | Ville de Vannes article de Viaromana et arch\u00e9ologie.","robots":{"index":"index","follow":"follow","max-snippet":"max-snippet:-1","max-image-preview":"max-image-preview:large","max-video-preview":"max-video-preview:-1"},"canonical":"https:\/\/www.viaromana.org\/blog\/quoi-retenir-de-ce-texte-invitation-a-la-douceur-ville-de-vannes\/","og_locale":"fr_FR","og_type":"article","og_title":"Quoi retenir de ce texte : Invitation \u00e0 la douceur | Ville de Vannes - Viaromana et arch\u00e9ologie.","og_description":"Quoi retenir de ce texte : Invitation \u00e0 la douceur | Ville de Vannes article de Viaromana et arch\u00e9ologie.","og_url":"https:\/\/www.viaromana.org\/blog\/quoi-retenir-de-ce-texte-invitation-a-la-douceur-ville-de-vannes\/","og_site_name":"Viaromana et arch\u00e9ologie.","article_published_time":"2022-09-06T11:24:47+00:00","og_image":[{"width":640,"height":640,"url":"https:\/\/www.viaromana.org\/blog\/wp-content\/uploads\/2022\/09\/arch-ologie-1.jpg","type":"image\/jpeg"}],"author":"Robert","twitter_card":"summary_large_image","twitter_misc":{"\u00c9crit par":"Robert","Dur\u00e9e de lecture estim\u00e9e":"1 minute"},"schema":{"@context":"https:\/\/schema.org","@graph":[{"@type":"Article","@id":"https:\/\/www.viaromana.org\/blog\/quoi-retenir-de-ce-texte-invitation-a-la-douceur-ville-de-vannes\/#article","isPartOf":{"@id":"https:\/\/www.viaromana.org\/blog\/quoi-retenir-de-ce-texte-invitation-a-la-douceur-ville-de-vannes\/"},"author":{"name":"Robert","@id":"https:\/\/www.viaromana.org\/blog\/#\/schema\/person\/cde9c4655845091e1fe473fcd163c889"},"headline":"Quoi retenir de ce texte : Invitation \u00e0 la douceur | Ville de Vannes","datePublished":"2022-09-06T11:24:47+00:00","dateModified":"2022-09-06T11:24:47+00:00","mainEntityOfPage":{"@id":"https:\/\/www.viaromana.org\/blog\/quoi-retenir-de-ce-texte-invitation-a-la-douceur-ville-de-vannes\/"},"wordCount":222,"publisher":{"@id":"https:\/\/www.viaromana.org\/blog\/#organization"},"articleSection":["Arch\u00e9ologie"],"inLanguage":"fr-FR"},{"@type":"WebPage","@id":"https:\/\/www.viaromana.org\/blog\/quoi-retenir-de-ce-texte-invitation-a-la-douceur-ville-de-vannes\/","url":"https:\/\/www.viaromana.org\/blog\/quoi-retenir-de-ce-texte-invitation-a-la-douceur-ville-de-vannes\/","name":"Quoi retenir de ce texte : Invitation \u00e0 la douceur | Ville de Vannes - Viaromana et arch\u00e9ologie.","isPartOf":{"@id":"https:\/\/www.viaromana.org\/blog\/#website"},"datePublished":"2022-09-06T11:24:47+00:00","dateModified":"2022-09-06T11:24:47+00:00","description":"Quoi retenir de ce texte : Invitation \u00e0 la douceur | Ville de Vannes article de Viaromana et arch\u00e9ologie.","breadcrumb":{"@id":"https:\/\/www.viaromana.org\/blog\/quoi-retenir-de-ce-texte-invitation-a-la-douceur-ville-de-vannes\/#breadcrumb"},"inLanguage":"fr-FR","potentialAction":[{"@type":"ReadAction","target":["https:\/\/www.viaromana.org\/blog\/quoi-retenir-de-ce-texte-invitation-a-la-douceur-ville-de-vannes\/"]}]},{"@type":"BreadcrumbList","@id":"https:\/\/www.viaromana.org\/blog\/quoi-retenir-de-ce-texte-invitation-a-la-douceur-ville-de-vannes\/#breadcrumb","itemListElement":[{"@type":"ListItem","position":1,"name":"Accueil","item":"https:\/\/www.viaromana.org\/blog\/"},{"@type":"ListItem","position":2,"name":"Quoi retenir de ce texte : Invitation \u00e0 la douceur | Ville de Vannes"}]},{"@type":"WebSite","@id":"https:\/\/www.viaromana.org\/blog\/#website","url":"https:\/\/www.viaromana.org\/blog\/","name":"Viaromana et arch\u00e9ologie.","description":"Site arch\u00e9ologique de la voie romaine (viaromana) Belgique-France-Rome","publisher":{"@id":"https:\/\/www.viaromana.org\/blog\/#organization"},"potentialAction":[{"@type":"SearchAction","target":{"@type":"EntryPoint","urlTemplate":"https:\/\/www.viaromana.org\/blog\/?s={search_term_string}"},"query-input":"required name=search_term_string"}],"inLanguage":"fr-FR"},{"@type":"Organization","@id":"https:\/\/www.viaromana.org\/blog\/#organization","name":"viaromana","url":"https:\/\/www.viaromana.org\/blog\/","logo":{"@type":"ImageObject","inLanguage":"fr-FR","@id":"https:\/\/www.viaromana.org\/blog\/#\/schema\/logo\/image\/","url":"https:\/\/www.viaromana.org\/blog\/wp-content\/uploads\/2021\/12\/logo-3.png","contentUrl":"https:\/\/www.viaromana.org\/blog\/wp-content\/uploads\/2021\/12\/logo-3.png","width":300,"height":249,"caption":"viaromana"},"image":{"@id":"https:\/\/www.viaromana.org\/blog\/#\/schema\/logo\/image\/"}},{"@type":"Person","@id":"https:\/\/www.viaromana.org\/blog\/#\/schema\/person\/cde9c4655845091e1fe473fcd163c889","name":"Robert","image":{"@type":"ImageObject","inLanguage":"fr-FR","@id":"https:\/\/www.viaromana.org\/blog\/#\/schema\/person\/image\/","url":"https:\/\/secure.gravatar.com\/avatar\/a168ec191013b636c2f278aec04e724b?s=96&d=mm&r=g","contentUrl":"https:\/\/secure.gravatar.com\/avatar\/a168ec191013b636c2f278aec04e724b?s=96&d=mm&r=g","caption":"Robert"},"sameAs":["https:\/\/www.viaromana.org\/blog"],"url":"https:\/\/www.viaromana.org\/blog\/author\/anaadmin\/"}]}},"_links":{"self":[{"href":"https:\/\/www.viaromana.org\/blog\/wp-json\/wp\/v2\/posts\/1213"}],"collection":[{"href":"https:\/\/www.viaromana.org\/blog\/wp-json\/wp\/v2\/posts"}],"about":[{"href":"https:\/\/www.viaromana.org\/blog\/wp-json\/wp\/v2\/types\/post"}],"author":[{"embeddable":true,"href":"https:\/\/www.viaromana.org\/blog\/wp-json\/wp\/v2\/users\/1"}],"replies":[{"embeddable":true,"href":"https:\/\/www.viaromana.org\/blog\/wp-json\/wp\/v2\/comments?post=1213"}],"version-history":[{"count":0,"href":"https:\/\/www.viaromana.org\/blog\/wp-json\/wp\/v2\/posts\/1213\/revisions"}],"wp:featuredmedia":[{"embeddable":true,"href":"https:\/\/www.viaromana.org\/blog\/wp-json\/wp\/v2\/media\/1214"}],"wp:attachment":[{"href":"https:\/\/www.viaromana.org\/blog\/wp-json\/wp\/v2\/media?parent=1213"}],"wp:term":[{"taxonomy":"category","embeddable":true,"href":"https:\/\/www.viaromana.org\/blog\/wp-json\/wp\/v2\/categories?post=1213"},{"taxonomy":"post_tag","embeddable":true,"href":"https:\/\/www.viaromana.org\/blog\/wp-json\/wp\/v2\/tags?post=1213"}],"curies":[{"name":"wp","href":"https:\/\/api.w.org\/{rel}","templated":true}]}}