{"id":1209,"date":"2022-07-29T10:00:40","date_gmt":"2022-07-29T08:00:40","guid":{"rendered":"https:\/\/www.site.cdcl.xyz\/2022\/07\/29\/derniere-actualite-pour-les-passionnes-journees-europeennes-du-patrimoine-et-du-matrimoine\/"},"modified":"2022-07-29T10:00:40","modified_gmt":"2022-07-29T08:00:40","slug":"derniere-actualite-pour-les-passionnes-journees-europeennes-du-patrimoine-et-du-matrimoine","status":"publish","type":"post","link":"https:\/\/www.viaromana.org\/blog\/derniere-actualite-pour-les-passionnes-journees-europeennes-du-patrimoine-et-du-matrimoine\/","title":{"rendered":"Derni\u00e8re actualit\u00e9 pour les passionn\u00e9s : Journ\u00e9es europ\u00e9ennes du patrimoine et du matrimoine"},"content":{"rendered":"<p>Voil\u00e0 un papier que je suis heureux de diffuser ici sur notre site. Le th\u00e8me est \u00ab&nbsp;l\u2019arch\u00e9ologie&nbsp;\u00bb.<br \/>Son titre (Journ\u00e9es europ\u00e9ennes du patrimoine et du matrimoine) parle de lui-m\u00eame.<\/p>\n<p> Annonc\u00e9 sous la signature \u00abMus\u00e9e d\u2019Aquitaine\u00bb, le r\u00e9dacteur est reconnu comme quelqu\u2019un de s\u00e9rieux pour d\u2019autres textes qu\u2019il a publi\u00e9s sur le web.<\/p>\n<p>Vous pouvez lire ces infos en toute confiance.<\/p>\n<p>Voici ll\u2019article en question : <\/p>\n<div>\n<h5>Mille et une propositions pour explorer 400 000 ans d\u2019histoire de Bordeaux et de la r\u00e9gion, avec toutes celles et ceux qui conservent et valorisent les riches collections du mus\u00e9e d\u2019Aquitaine<\/h5>\n<p>Et une fois n\u2019est pas coutume : la boutique du mus\u00e9e fait sa braderie ! Alors, ne tardez pas, dimanche ce sera peut-\u00eatre trop tard\u2026<\/p>\n<p><strong>D\u00e9couvrez ci-dessous le programme de samedi<\/strong><br \/><em>Sauf mention contraire, l\u2019ensemble des propositions est accessible sans r\u00e9servation<\/em><\/p>\n<p><strong><em>Voir le programme de dimanche<\/em><\/strong><\/p>\n<hr>\n<p><strong>Autour de l\u2019exposition <em>L\u2019air du temps<\/em><\/strong><\/p>\n<p>\u00ab&nbsp;L\u2019air du temps&nbsp;\u00bb, ce sont des centaines d\u2019\u00e9ventails rassembl\u00e9s pour notre plus grand plaisir, gr\u00e2ce \u00e0 la passion de deux collectionneurs bordelais ! Regorgeant de pi\u00e8ces pr\u00e9cieuses, rares ou \u00e9tonnantes, l\u2019exposition invite \u00e0 d\u00e9couvrir toutes les facettes d\u2019un petit \u00ab&nbsp;objet-monde&nbsp;\u00bb que l\u2019on se pla\u00eet \u00e0 montrer.<\/p>\n<div><strong>&gt;<\/strong> <strong>13h30<\/strong> : visite guid\u00e9e par Jean Suire et Patrick Lorient, collectionneurs et pr\u00eateurs des quelque 600 pi\u00e8ces pr\u00e9sent\u00e9es<br \/><em>Sur r\u00e9servation<\/em><\/div>\n<p><strong>&gt;&nbsp;<\/strong><strong>11h30 et 15h<\/strong>&nbsp;:&nbsp;visite de l\u2019exposition par nos m\u00e9diateurs et m\u00e9diatrices<\/p>\n<p><strong>&gt; de 14h30 \u00e0 17h30 :<\/strong> atelier \u00c9ventail POP-UP<br \/>Antoine et Yaelle, \u00e9tudiants en master Illustration de l\u2019Universit\u00e9 Bordeaux Montaigne invitent petits et grands \u00e0 cr\u00e9er une carte surprise en apprenant les bases du dessin et du pop-up. Cr\u00e9ation d\u2019une carte \u00e9ventail pour chaque participant, m\u00ealant pliages, collages et dessin. Ouvert \u00e0 tout.e.s, dans la limite des places disponibles !<\/p>\n<div>\n<hr>\n<p><strong>Autour de l\u2019exposition <em>O Candelabro<\/em><\/strong><\/p>\n<p>D\u00e9couvrez l\u2019hommage rendu \u00e0 l\u2019action h\u00e9ro\u00efque du Consul g\u00e9n\u00e9ral du Portugal, Aristides de Sousa Mendes. En juin 1940, il fit le choix de la d\u00e9sob\u00e9issance : \u00e0 Bordeaux, puis \u00e0 Bayonne, il signa contre les ordres de Salazar des milliers de visas qui furent autant de passeports pour la libert\u00e9.<\/p>\n<\/div>\n<p><strong>&gt; 14h30<\/strong> : visite comment\u00e9e et parcours en ville, sur les traces du Bordeaux de 1940<\/p>\n<p><strong>&gt; 15h15<\/strong> : visite comment\u00e9e de l\u2019exposition<\/p>\n<div>\n<hr>\n<p><strong>Bordeaux romaine : lire les pierres<\/strong><\/p>\n<p>L\u2019Antiquit\u00e9 de Bordeaux nous est surtout connue par un ensemble de pierres sculpt\u00e9es qui, sauv\u00e9es de la destruction, nous parlent d\u2019hommes, de femmes et d\u2019enfants, d\u2019activit\u00e9s, de conditions sociales et d\u2019origines g\u00e9ographiques, de coutumes et de croyances. D\u00e9chiffrez ces pierres avec Anne Zi\u00e9gl\u00e9, conservatrice en chef responsable des collections antiques du mus\u00e9e.<\/p>\n<p><strong>&gt; 11h<\/strong><\/p>\n<div>\n<hr>\n<p><strong>Les contes de Pierrette<\/strong><\/p>\n<p>L\u00e9a partage avec tendresse les belles histoires que lui a racont\u00e9es Pierrette, sa grand-m\u00e8re. Sorci\u00e8re et conteuse, elle vous fera traverser l\u2019histoire et saura \u00e9merveiller les plus petits. Peut-\u00eatre m\u00eame arrivera-t-elle \u00e0 vous ensorceler\u2026 ? Avec elle, vous percerez les secrets de contes de notre r\u00e9gion comme \u00ab Le cochon de la vieille \u00bb (\u00ab Lo tesson de la velha \u00bb) et bien d\u2019autres encore !<br \/><em>A partir de 6 ans<\/em><\/p>\n<p><strong>&gt; 11h15<\/strong><\/p>\n<hr>\n<p><strong>R<\/strong><strong>encontres<\/strong><\/p>\n<p>Pour ces Journ\u00e9es du patrimoine et du matrimoine, nous avons fait appel \u00e0 des chercheurs et chercheuses passionn\u00e9.e.s, qui partageront avec vous leurs derni\u00e8res d\u00e9couvertes arch\u00e9ologiques et historiques<\/p>\n<p><strong>&gt; 14 h<\/strong> : Laurent Grimbert, arch\u00e9ologue (Inrap), dirige la fouille d\u2019une imposante \u00e9pave m\u00e9rovingienne, \u00e0 Villenave-d\u2019Ornon<\/p>\n<p><strong>&gt; 15 h<\/strong> : Florence Verdin, arch\u00e9ologue (CNRS \/ Ausonius), a fouill\u00e9 un site n\u00e9olithique exceptionnel, sur la plage de la L\u00e8de du Gurp (\u00e0 Grayan-et-L\u2019H\u00f4pital)<\/p>\n<p><em>Dans la limite des places disponibles<\/em><\/p>\n<div>\n<hr>\n<p><strong>Femmes et espace public<\/strong><\/p>\n<p>Prenons un moment pour (re)parler ensemble des femmes dans l\u2019espace public : quelques chiffres et constats, mais surtout plein d\u2019id\u00e9es, que nous partagerons avec <em>Maryse Tourne<\/em>, fondatrice du CACIS et infatigable militante de la cause des femmes, <em>Julie Perez<\/em>, guide conf\u00e9renci\u00e8re (Bordeaux D\u00e9tours), et <em>Edith Maru\u00e9jouls<\/em>, directrice g\u00e9n\u00e9ral du bureau d\u2019\u00e9tude l\u2019ARObE (Atelier Recherche OBservatoire Egalit\u00e9). La rencontre sera introduite par <em>Claudine Bichet<\/em>, adjointe au maire de Bordeaux en charge de l\u2019\u00e9galit\u00e9 femmes-hommes, et sera mod\u00e9r\u00e9e par <em>Cathy Lafon<\/em>, journaliste et responsable du d\u00e9veloppement des ressources documentaires du groupe Sud Ouest.<\/p>\n<p><strong>&gt; 16h15<\/strong><\/p>\n<\/div>\n<p><em>Dans la limite des places disponibles<\/em><\/p>\n<p><em>___________________________________________________________________________________________________<\/em><\/p>\n<p><strong>Regards Crois\u00e9s<\/strong><br \/>&nbsp;<\/p>\n<p><strong>&gt; 15 h&nbsp;<\/strong><\/p>\n<p>Le temps d\u2019une visite, les jeunes de l\u2019E2C et de la Fondation Le Refuge vous proposent de partager leur vision du patrimoine&nbsp;et de vous pr\u00e9senter une s\u00e9lection d\u2019objets phares du mus\u00e9e d\u2019Aquitaine.<\/p>\n<p><em>Projet soutenu par la DRAC Nouvelle-Aquitaine dans le cadre de l\u2019op\u00e9ration \u00ab&nbsp;C\u2019est mon patrimoine&nbsp;\u00bb.<\/em><\/p>\n<p><img decoding=\"async\" alt src=\"https:\/\/www.viaromana.org\/blog\/wp-content\/uploads\/2022\/09\/derniere-actualite-pour-les-passionnes-journees-europeennes-du-patrimoine-et-du-matrimoine.jpg\"><\/p>\n<\/div>\n<\/div>\n<p><img decoding=\"async\" alt src=\"https:\/\/www.viaromana.org\/blog\/wp-content\/uploads\/2022\/09\/derniere-actualite-pour-les-passionnes-journees-europeennes-du-patrimoine-et-du-matrimoine-1.jpg\"><\/p>\n<\/div>\n<p>Ce objet vous a int\u00e9ress\u00e9 vous aimerez beaucoup ces ouvrages:<\/p>\n<p>Tremplin d\u2019\u00e9toiles.,<a target=\"_blank\" rel=\"nofollow\" href=\"https:\/\/www.viaromana.org\/blog\/goto\/https:\/\/booknode.com\/tremplin_detoiles_0148772\"  target=\"_blank\" rel=\"noopener noreferrer nofollow\">Clicker Ici <\/a><span><\/span>. Disponible dans toutes les bonnes biblioth\u00e8ques de votre d\u00e9partement.<\/p>\n<p>Observations critiques sur l\u2019arch\u00e9ologie dite pr\u00e9historique.,<a target=\"_blank\" rel=\"nofollow\" href=\"https:\/\/www.viaromana.org\/blog\/goto\/https:\/\/www.epagine.fr\/ebook\/9782346082339-observations-critiques-sur-l-archeologie-dite-prehistorique-felix-robiou\/\"  target=\"_blank\" rel=\"noopener noreferrer nofollow\">A voir et \u00e0 lire. <\/a><span><\/span>.<\/p>\n<p>Problemes d\u2019archeologie developpementale en afrique.,<a target=\"_blank\" rel=\"nofollow\" href=\"https:\/\/www.viaromana.org\/blog\/goto\/https:\/\/www.epagine.fr\/ebook\/9782140005398-problemes-d-archeologie-developpementale-en-afrique-alain-marliac\/\"  target=\"_blank\" rel=\"noopener noreferrer nofollow\">(Disponible) <\/a><span><\/span>. Disponible chez votre libraire.<\/p>\n<p>Pour une arch\u00e9ologie agraire.,<a target=\"_blank\" rel=\"nofollow\" href=\"https:\/\/www.viaromana.org\/blog\/goto\/https:\/\/www.epagine.fr\/ebook\/9791037625014-pour-une-archeologie-agraire-collectif\/\"  target=\"_blank\" rel=\"noopener noreferrer nofollow\">A voir et \u00e0 lire. <\/a><span><\/span>. Disponible sur internet.<\/p>\n","protected":false},"excerpt":{"rendered":"<p>Voil\u00e0 un papier que je suis heureux de diffuser ici sur notre site. Le th\u00e8me est \u00ab&nbsp;l\u2019arch\u00e9ologie&nbsp;\u00bb.Son titre (Journ\u00e9es europ\u00e9ennes du patrimoine et du matrimoine) parle de lui-m\u00eame. Annonc\u00e9 sous la signature \u00abMus\u00e9e d\u2019Aquitaine\u00bb, le r\u00e9dacteur est reconnu comme quelqu\u2019un de s\u00e9rieux pour d\u2019autres textes qu\u2019il a publi\u00e9s sur le web. Vous pouvez lire ces infos en toute confiance. Voici ll\u2019article en question : Mille et une propositions pour explorer 400 000 ans d\u2019histoire de Bordeaux et de la r\u00e9gion, avec toutes celles et ceux qui conservent et valorisent les riches collections du mus\u00e9e d\u2019Aquitaine Et une fois n\u2019est pas\u2026<\/p>\n","protected":false},"author":1,"featured_media":1210,"comment_status":"closed","ping_status":"closed","sticky":false,"template":"","format":"standard","meta":{"footnotes":""},"categories":[2],"tags":[],"blocksy_meta":{"styles_descriptor":{"styles":{"desktop":"","tablet":"","mobile":""},"google_fonts":[],"version":4}},"yoast_head":"<!-- This site is optimized with the Yoast SEO plugin v21.1 - https:\/\/yoast.com\/wordpress\/plugins\/seo\/ -->\n<title>Derni\u00e8re actualit\u00e9 pour les passionn\u00e9s : Journ\u00e9es europ\u00e9ennes du patrimoine et du matrimoine - Viaromana et arch\u00e9ologie.<\/title>\n<meta name=\"description\" content=\"Derni\u00e8re actualit\u00e9 pour les passionn\u00e9s : Journ\u00e9es europ\u00e9ennes du patrimoine et du matrimoine article de Viaromana et arch\u00e9ologie.\" \/>\n<meta name=\"robots\" content=\"index, follow, max-snippet:-1, max-image-preview:large, max-video-preview:-1\" \/>\n<link rel=\"canonical\" href=\"https:\/\/www.viaromana.org\/blog\/derniere-actualite-pour-les-passionnes-journees-europeennes-du-patrimoine-et-du-matrimoine\/\" \/>\n<meta property=\"og:locale\" content=\"fr_FR\" \/>\n<meta property=\"og:type\" content=\"article\" \/>\n<meta property=\"og:title\" content=\"Derni\u00e8re actualit\u00e9 pour les passionn\u00e9s : Journ\u00e9es europ\u00e9ennes du patrimoine et du matrimoine - Viaromana et arch\u00e9ologie.\" \/>\n<meta property=\"og:description\" content=\"Derni\u00e8re actualit\u00e9 pour les passionn\u00e9s : Journ\u00e9es europ\u00e9ennes du patrimoine et du matrimoine article de Viaromana et arch\u00e9ologie.\" \/>\n<meta property=\"og:url\" content=\"https:\/\/www.viaromana.org\/blog\/derniere-actualite-pour-les-passionnes-journees-europeennes-du-patrimoine-et-du-matrimoine\/\" \/>\n<meta property=\"og:site_name\" content=\"Viaromana et arch\u00e9ologie.\" \/>\n<meta property=\"article:published_time\" content=\"2022-07-29T08:00:40+00:00\" \/>\n<meta property=\"og:image\" content=\"https:\/\/www.viaromana.org\/blog\/wp-content\/uploads\/2022\/09\/unnamed-file.jpg\" \/>\n\t<meta property=\"og:image:width\" content=\"700\" \/>\n\t<meta property=\"og:image:height\" content=\"1750\" \/>\n\t<meta property=\"og:image:type\" content=\"image\/jpeg\" \/>\n<meta name=\"author\" content=\"Robert\" \/>\n<meta name=\"twitter:card\" content=\"summary_large_image\" \/>\n<meta name=\"twitter:label1\" content=\"\u00c9crit par\" \/>\n\t<meta name=\"twitter:data1\" content=\"Robert\" \/>\n\t<meta name=\"twitter:label2\" content=\"Dur\u00e9e de lecture estim\u00e9e\" \/>\n\t<meta name=\"twitter:data2\" content=\"4 minutes\" \/>\n<script type=\"application\/ld+json\" class=\"yoast-schema-graph\">{\"@context\":\"https:\/\/schema.org\",\"@graph\":[{\"@type\":\"Article\",\"@id\":\"https:\/\/www.viaromana.org\/blog\/derniere-actualite-pour-les-passionnes-journees-europeennes-du-patrimoine-et-du-matrimoine\/#article\",\"isPartOf\":{\"@id\":\"https:\/\/www.viaromana.org\/blog\/derniere-actualite-pour-les-passionnes-journees-europeennes-du-patrimoine-et-du-matrimoine\/\"},\"author\":{\"name\":\"Robert\",\"@id\":\"https:\/\/www.viaromana.org\/blog\/#\/schema\/person\/cde9c4655845091e1fe473fcd163c889\"},\"headline\":\"Derni\u00e8re actualit\u00e9 pour les passionn\u00e9s : Journ\u00e9es europ\u00e9ennes du patrimoine et du matrimoine\",\"datePublished\":\"2022-07-29T08:00:40+00:00\",\"dateModified\":\"2022-07-29T08:00:40+00:00\",\"mainEntityOfPage\":{\"@id\":\"https:\/\/www.viaromana.org\/blog\/derniere-actualite-pour-les-passionnes-journees-europeennes-du-patrimoine-et-du-matrimoine\/\"},\"wordCount\":916,\"publisher\":{\"@id\":\"https:\/\/www.viaromana.org\/blog\/#organization\"},\"articleSection\":[\"Arch\u00e9ologie\"],\"inLanguage\":\"fr-FR\"},{\"@type\":\"WebPage\",\"@id\":\"https:\/\/www.viaromana.org\/blog\/derniere-actualite-pour-les-passionnes-journees-europeennes-du-patrimoine-et-du-matrimoine\/\",\"url\":\"https:\/\/www.viaromana.org\/blog\/derniere-actualite-pour-les-passionnes-journees-europeennes-du-patrimoine-et-du-matrimoine\/\",\"name\":\"Derni\u00e8re actualit\u00e9 pour les passionn\u00e9s : Journ\u00e9es europ\u00e9ennes du patrimoine et du matrimoine - Viaromana et arch\u00e9ologie.\",\"isPartOf\":{\"@id\":\"https:\/\/www.viaromana.org\/blog\/#website\"},\"datePublished\":\"2022-07-29T08:00:40+00:00\",\"dateModified\":\"2022-07-29T08:00:40+00:00\",\"description\":\"Derni\u00e8re actualit\u00e9 pour les passionn\u00e9s : Journ\u00e9es europ\u00e9ennes du patrimoine et du matrimoine article de Viaromana et arch\u00e9ologie.\",\"breadcrumb\":{\"@id\":\"https:\/\/www.viaromana.org\/blog\/derniere-actualite-pour-les-passionnes-journees-europeennes-du-patrimoine-et-du-matrimoine\/#breadcrumb\"},\"inLanguage\":\"fr-FR\",\"potentialAction\":[{\"@type\":\"ReadAction\",\"target\":[\"https:\/\/www.viaromana.org\/blog\/derniere-actualite-pour-les-passionnes-journees-europeennes-du-patrimoine-et-du-matrimoine\/\"]}]},{\"@type\":\"BreadcrumbList\",\"@id\":\"https:\/\/www.viaromana.org\/blog\/derniere-actualite-pour-les-passionnes-journees-europeennes-du-patrimoine-et-du-matrimoine\/#breadcrumb\",\"itemListElement\":[{\"@type\":\"ListItem\",\"position\":1,\"name\":\"Accueil\",\"item\":\"https:\/\/www.viaromana.org\/blog\/\"},{\"@type\":\"ListItem\",\"position\":2,\"name\":\"Derni\u00e8re actualit\u00e9 pour les passionn\u00e9s : Journ\u00e9es europ\u00e9ennes du patrimoine et du matrimoine\"}]},{\"@type\":\"WebSite\",\"@id\":\"https:\/\/www.viaromana.org\/blog\/#website\",\"url\":\"https:\/\/www.viaromana.org\/blog\/\",\"name\":\"Viaromana et arch\u00e9ologie.\",\"description\":\"Site arch\u00e9ologique de la voie romaine (viaromana) Belgique-France-Rome\",\"publisher\":{\"@id\":\"https:\/\/www.viaromana.org\/blog\/#organization\"},\"potentialAction\":[{\"@type\":\"SearchAction\",\"target\":{\"@type\":\"EntryPoint\",\"urlTemplate\":\"https:\/\/www.viaromana.org\/blog\/?s={search_term_string}\"},\"query-input\":\"required name=search_term_string\"}],\"inLanguage\":\"fr-FR\"},{\"@type\":\"Organization\",\"@id\":\"https:\/\/www.viaromana.org\/blog\/#organization\",\"name\":\"viaromana\",\"url\":\"https:\/\/www.viaromana.org\/blog\/\",\"logo\":{\"@type\":\"ImageObject\",\"inLanguage\":\"fr-FR\",\"@id\":\"https:\/\/www.viaromana.org\/blog\/#\/schema\/logo\/image\/\",\"url\":\"https:\/\/www.viaromana.org\/blog\/wp-content\/uploads\/2021\/12\/logo-3.png\",\"contentUrl\":\"https:\/\/www.viaromana.org\/blog\/wp-content\/uploads\/2021\/12\/logo-3.png\",\"width\":300,\"height\":249,\"caption\":\"viaromana\"},\"image\":{\"@id\":\"https:\/\/www.viaromana.org\/blog\/#\/schema\/logo\/image\/\"}},{\"@type\":\"Person\",\"@id\":\"https:\/\/www.viaromana.org\/blog\/#\/schema\/person\/cde9c4655845091e1fe473fcd163c889\",\"name\":\"Robert\",\"image\":{\"@type\":\"ImageObject\",\"inLanguage\":\"fr-FR\",\"@id\":\"https:\/\/www.viaromana.org\/blog\/#\/schema\/person\/image\/\",\"url\":\"https:\/\/secure.gravatar.com\/avatar\/a168ec191013b636c2f278aec04e724b?s=96&d=mm&r=g\",\"contentUrl\":\"https:\/\/secure.gravatar.com\/avatar\/a168ec191013b636c2f278aec04e724b?s=96&d=mm&r=g\",\"caption\":\"Robert\"},\"sameAs\":[\"https:\/\/www.viaromana.org\/blog\"],\"url\":\"https:\/\/www.viaromana.org\/blog\/author\/anaadmin\/\"}]}<\/script>\n<!-- \/ Yoast SEO plugin. -->","yoast_head_json":{"title":"Derni\u00e8re actualit\u00e9 pour les passionn\u00e9s : Journ\u00e9es europ\u00e9ennes du patrimoine et du matrimoine - Viaromana et arch\u00e9ologie.","description":"Derni\u00e8re actualit\u00e9 pour les passionn\u00e9s : Journ\u00e9es europ\u00e9ennes du patrimoine et du matrimoine article de Viaromana et arch\u00e9ologie.","robots":{"index":"index","follow":"follow","max-snippet":"max-snippet:-1","max-image-preview":"max-image-preview:large","max-video-preview":"max-video-preview:-1"},"canonical":"https:\/\/www.viaromana.org\/blog\/derniere-actualite-pour-les-passionnes-journees-europeennes-du-patrimoine-et-du-matrimoine\/","og_locale":"fr_FR","og_type":"article","og_title":"Derni\u00e8re actualit\u00e9 pour les passionn\u00e9s : Journ\u00e9es europ\u00e9ennes du patrimoine et du matrimoine - Viaromana et arch\u00e9ologie.","og_description":"Derni\u00e8re actualit\u00e9 pour les passionn\u00e9s : Journ\u00e9es europ\u00e9ennes du patrimoine et du matrimoine article de Viaromana et arch\u00e9ologie.","og_url":"https:\/\/www.viaromana.org\/blog\/derniere-actualite-pour-les-passionnes-journees-europeennes-du-patrimoine-et-du-matrimoine\/","og_site_name":"Viaromana et arch\u00e9ologie.","article_published_time":"2022-07-29T08:00:40+00:00","og_image":[{"width":700,"height":1750,"url":"https:\/\/www.viaromana.org\/blog\/wp-content\/uploads\/2022\/09\/unnamed-file.jpg","type":"image\/jpeg"}],"author":"Robert","twitter_card":"summary_large_image","twitter_misc":{"\u00c9crit par":"Robert","Dur\u00e9e de lecture estim\u00e9e":"4 minutes"},"schema":{"@context":"https:\/\/schema.org","@graph":[{"@type":"Article","@id":"https:\/\/www.viaromana.org\/blog\/derniere-actualite-pour-les-passionnes-journees-europeennes-du-patrimoine-et-du-matrimoine\/#article","isPartOf":{"@id":"https:\/\/www.viaromana.org\/blog\/derniere-actualite-pour-les-passionnes-journees-europeennes-du-patrimoine-et-du-matrimoine\/"},"author":{"name":"Robert","@id":"https:\/\/www.viaromana.org\/blog\/#\/schema\/person\/cde9c4655845091e1fe473fcd163c889"},"headline":"Derni\u00e8re actualit\u00e9 pour les passionn\u00e9s : Journ\u00e9es europ\u00e9ennes du patrimoine et du matrimoine","datePublished":"2022-07-29T08:00:40+00:00","dateModified":"2022-07-29T08:00:40+00:00","mainEntityOfPage":{"@id":"https:\/\/www.viaromana.org\/blog\/derniere-actualite-pour-les-passionnes-journees-europeennes-du-patrimoine-et-du-matrimoine\/"},"wordCount":916,"publisher":{"@id":"https:\/\/www.viaromana.org\/blog\/#organization"},"articleSection":["Arch\u00e9ologie"],"inLanguage":"fr-FR"},{"@type":"WebPage","@id":"https:\/\/www.viaromana.org\/blog\/derniere-actualite-pour-les-passionnes-journees-europeennes-du-patrimoine-et-du-matrimoine\/","url":"https:\/\/www.viaromana.org\/blog\/derniere-actualite-pour-les-passionnes-journees-europeennes-du-patrimoine-et-du-matrimoine\/","name":"Derni\u00e8re actualit\u00e9 pour les passionn\u00e9s : Journ\u00e9es europ\u00e9ennes du patrimoine et du matrimoine - Viaromana et arch\u00e9ologie.","isPartOf":{"@id":"https:\/\/www.viaromana.org\/blog\/#website"},"datePublished":"2022-07-29T08:00:40+00:00","dateModified":"2022-07-29T08:00:40+00:00","description":"Derni\u00e8re actualit\u00e9 pour les passionn\u00e9s : Journ\u00e9es europ\u00e9ennes du patrimoine et du matrimoine article de Viaromana et arch\u00e9ologie.","breadcrumb":{"@id":"https:\/\/www.viaromana.org\/blog\/derniere-actualite-pour-les-passionnes-journees-europeennes-du-patrimoine-et-du-matrimoine\/#breadcrumb"},"inLanguage":"fr-FR","potentialAction":[{"@type":"ReadAction","target":["https:\/\/www.viaromana.org\/blog\/derniere-actualite-pour-les-passionnes-journees-europeennes-du-patrimoine-et-du-matrimoine\/"]}]},{"@type":"BreadcrumbList","@id":"https:\/\/www.viaromana.org\/blog\/derniere-actualite-pour-les-passionnes-journees-europeennes-du-patrimoine-et-du-matrimoine\/#breadcrumb","itemListElement":[{"@type":"ListItem","position":1,"name":"Accueil","item":"https:\/\/www.viaromana.org\/blog\/"},{"@type":"ListItem","position":2,"name":"Derni\u00e8re actualit\u00e9 pour les passionn\u00e9s : Journ\u00e9es europ\u00e9ennes du patrimoine et du matrimoine"}]},{"@type":"WebSite","@id":"https:\/\/www.viaromana.org\/blog\/#website","url":"https:\/\/www.viaromana.org\/blog\/","name":"Viaromana et arch\u00e9ologie.","description":"Site arch\u00e9ologique de la voie romaine (viaromana) Belgique-France-Rome","publisher":{"@id":"https:\/\/www.viaromana.org\/blog\/#organization"},"potentialAction":[{"@type":"SearchAction","target":{"@type":"EntryPoint","urlTemplate":"https:\/\/www.viaromana.org\/blog\/?s={search_term_string}"},"query-input":"required name=search_term_string"}],"inLanguage":"fr-FR"},{"@type":"Organization","@id":"https:\/\/www.viaromana.org\/blog\/#organization","name":"viaromana","url":"https:\/\/www.viaromana.org\/blog\/","logo":{"@type":"ImageObject","inLanguage":"fr-FR","@id":"https:\/\/www.viaromana.org\/blog\/#\/schema\/logo\/image\/","url":"https:\/\/www.viaromana.org\/blog\/wp-content\/uploads\/2021\/12\/logo-3.png","contentUrl":"https:\/\/www.viaromana.org\/blog\/wp-content\/uploads\/2021\/12\/logo-3.png","width":300,"height":249,"caption":"viaromana"},"image":{"@id":"https:\/\/www.viaromana.org\/blog\/#\/schema\/logo\/image\/"}},{"@type":"Person","@id":"https:\/\/www.viaromana.org\/blog\/#\/schema\/person\/cde9c4655845091e1fe473fcd163c889","name":"Robert","image":{"@type":"ImageObject","inLanguage":"fr-FR","@id":"https:\/\/www.viaromana.org\/blog\/#\/schema\/person\/image\/","url":"https:\/\/secure.gravatar.com\/avatar\/a168ec191013b636c2f278aec04e724b?s=96&d=mm&r=g","contentUrl":"https:\/\/secure.gravatar.com\/avatar\/a168ec191013b636c2f278aec04e724b?s=96&d=mm&r=g","caption":"Robert"},"sameAs":["https:\/\/www.viaromana.org\/blog"],"url":"https:\/\/www.viaromana.org\/blog\/author\/anaadmin\/"}]}},"_links":{"self":[{"href":"https:\/\/www.viaromana.org\/blog\/wp-json\/wp\/v2\/posts\/1209"}],"collection":[{"href":"https:\/\/www.viaromana.org\/blog\/wp-json\/wp\/v2\/posts"}],"about":[{"href":"https:\/\/www.viaromana.org\/blog\/wp-json\/wp\/v2\/types\/post"}],"author":[{"embeddable":true,"href":"https:\/\/www.viaromana.org\/blog\/wp-json\/wp\/v2\/users\/1"}],"replies":[{"embeddable":true,"href":"https:\/\/www.viaromana.org\/blog\/wp-json\/wp\/v2\/comments?post=1209"}],"version-history":[{"count":0,"href":"https:\/\/www.viaromana.org\/blog\/wp-json\/wp\/v2\/posts\/1209\/revisions"}],"wp:featuredmedia":[{"embeddable":true,"href":"https:\/\/www.viaromana.org\/blog\/wp-json\/wp\/v2\/media\/1210"}],"wp:attachment":[{"href":"https:\/\/www.viaromana.org\/blog\/wp-json\/wp\/v2\/media?parent=1209"}],"wp:term":[{"taxonomy":"category","embeddable":true,"href":"https:\/\/www.viaromana.org\/blog\/wp-json\/wp\/v2\/categories?post=1209"},{"taxonomy":"post_tag","embeddable":true,"href":"https:\/\/www.viaromana.org\/blog\/wp-json\/wp\/v2\/tags?post=1209"}],"curies":[{"name":"wp","href":"https:\/\/api.w.org\/{rel}","templated":true}]}}