{"id":1201,"date":"2022-08-31T15:31:22","date_gmt":"2022-08-31T13:31:22","guid":{"rendered":"https:\/\/www.site.cdcl.xyz\/2022\/08\/31\/quoi-penser-de-ce-texte-depuis-cinq-ans-le-bus-est-gratuit\/"},"modified":"2022-08-31T15:31:22","modified_gmt":"2022-08-31T13:31:22","slug":"quoi-penser-de-ce-texte-depuis-cinq-ans-le-bus-est-gratuit","status":"publish","type":"post","link":"https:\/\/www.viaromana.org\/blog\/quoi-penser-de-ce-texte-depuis-cinq-ans-le-bus-est-gratuit\/","title":{"rendered":"Quoi penser de ce texte : Depuis cinq ans, le bus est gratuit !"},"content":{"rendered":"<p>En explorant internet nous avons d\u00e9couvert un post qui risque de vous plaire. Son propos est \u00ab&nbsp;l\u2019arch\u00e9ologie&nbsp;\u00bb.<\/p>\n<p>Le titre s\u00e9duisant (Depuis cinq ans, le bus est gratuit !) est parlant.<\/p>\n<p>Sachez que le chroniqueur (annonc\u00e9 sous le nom d\u2019anonymat<br \/>) est reconnu comme quelqu\u2019un de s\u00e9rieux pour plusieurs autres \u00e9ditoriaux qu\u2019il a publi\u00e9s sur internet.<\/p>\n<p>La fiabilit\u00e9 est de ce fait marquante en ce qui concerne cet encart.<\/p>\n<p>Sachez que la date de publication est 2022-08-31 15:31:22.<\/p>\n<p><img decoding=\"async\" src=\"https:\/\/www.viaromana.org\/blog\/wp-content\/uploads\/2022\/08\/quoi-penser-de-ce-texte-depuis-cinq-ans-le-bus-est-gratuit.jpg\"><\/p>\n<div>\n<p>En septembre 2017, Niort Agglo a \u00e9t\u00e9 la premi\u00e8re agglom\u00e9ration dans sa cat\u00e9gorie \u00e0 rendre le transport en acc\u00e8s libre sur son territoire. Depuis, d\u2019autres collectivit\u00e9s ont franchi le pas ou ont lanc\u00e9 des exp\u00e9rimentations du m\u00eame ordre.<\/p>\n<\/div>\n<div>\n<p>La gratuit\u00e9 des transports a \u00e9t\u00e9 mise en place, bien avant que le pouvoir d\u2019achat ne devienne un sujet majeur de soci\u00e9t\u00e9 en France. Ce projet port\u00e9 par l\u2019Agglom\u00e9ration permet depuis cinq ans \u00e0 ses habitants de faire des \u00e9conomies pour se d\u00e9placer tout en adoptant une d\u00e9marche \u00e9cologique.<br \/>Cette offre quasi in\u00e9dite \u00e0 l\u2019\u00e9poque a fait du chemin !<\/p>\n<p>85 % des nouveaux usagers des bus Tanlib se d\u00e9pla\u00e7aient en voiture avant 2017. Le nombre de voyages a augment\u00e9 de 24 % depuis l\u2019ann\u00e9e derni\u00e8re et la tendance est \u00e0 la hausse. La mise en place de la gratuit\u00e9 des transports a incit\u00e9 la moiti\u00e9 des habitants \u00e0 r\u00e9fl\u00e9chir \u00e0 leurs modes de d\u00e9placements et 30 % \u00e0 modifier leurs pratiques.<\/p>\n<h2>Le bus,&nbsp;une r\u00e9ponse adapt\u00e9e \u00e0 vos besoins<\/h2>\n<p>Le r\u00e9seau Tanlib comporte 10 lignes urbaines, deux circuits de navettes en hypercentre entre la Br\u00e8che, la colline Saint-Andr\u00e9 et Port Boinot, sept lignes p\u00e9riurbaines, six lignes r\u00e9gionales et 187 circuits scolaires. Bient\u00f4t, Niort Agglo lancera une nouvelle d\u00e9l\u00e9gation de service public pour 2024-2029. L\u2019offre sera amen\u00e9e \u00e0 \u00e9voluer pour s\u2019adapter aux besoins des habitants dont le nombre ne cesse d\u2019augmenter. Le territoire gagne des habitants et de nouveaux salari\u00e9s chaque ann\u00e9e. D\u2019ici 2030, Niort accueillera \u00e9galement pr\u00e8s de 5 000 \u00e9tudiants.<\/p>\n<\/div>\n<p>Ouvrages sur un th\u00e8me comparable:<\/p>\n<p>Villa 4. Histoire et arch\u00e9ologie de l\u2019occident musulman (VIIe-XVe si\u00e8cle).,<a target=\"_blank\" rel=\"nofollow\" href=\"https:\/\/www.viaromana.org\/blog\/goto\/https:\/\/www.kobo.com\/de\/fr\/ebook\/villa-4-histoire-et-archeologie-de-l-occident-musulman-viie-xve-siecle\"  target=\"_blank\" rel=\"noopener noreferrer nofollow\">A voir et \u00e0 lire. <\/a><span><\/span>.<\/p>\n<p>Monnaies du haut Moyen \u00c2ge.,<a target=\"_blank\" rel=\"nofollow\" href=\"https:\/\/www.viaromana.org\/blog\/goto\/https:\/\/www.kobo.com\/de\/fr\/ebook\/monnaies-du-haut-moyen-age\"  target=\"_blank\" rel=\"noopener noreferrer nofollow\">(la couverture) <\/a><span><\/span>.<\/p>\n<p>R\u00e9centes d\u00e9couvertes concernant l\u2019arch\u00e9ologie du Fou-Nan (arch\u00e9ologie du Delta du M\u00e9kong).,<a target=\"_blank\" rel=\"nofollow\" href=\"https:\/\/www.viaromana.org\/blog\/goto\/https:\/\/www.epagine.fr\/ebook\/9782307343042-recentes-decouvertes-concernant-l-archeologie-du-fou-nan-archeologie-du-delta-du-mekong-louis-malleret\/\"  target=\"_blank\" rel=\"noopener noreferrer nofollow\">Clicker Ici <\/a><span><\/span>.<\/p>\n<p>Manuel d\u2019arch\u00e9ologie grecque.,<a target=\"_blank\" rel=\"nofollow\" href=\"https:\/\/www.viaromana.org\/blog\/goto\/https:\/\/www.epagine.fr\/ebook\/9782346076642-manuel-d-archeologie-grecque-maxime-collignon\/\"  target=\"_blank\" rel=\"noopener noreferrer nofollow\">A voir et \u00e0 lire. <\/a><span><\/span>. Disponible sur internet.<\/p>\n","protected":false},"excerpt":{"rendered":"<p>En explorant internet nous avons d\u00e9couvert un post qui risque de vous plaire. Son propos est \u00ab&nbsp;l\u2019arch\u00e9ologie&nbsp;\u00bb. Le titre s\u00e9duisant (Depuis cinq ans, le bus est gratuit !) est parlant. Sachez que le chroniqueur (annonc\u00e9 sous le nom d\u2019anonymat) est reconnu comme quelqu\u2019un de s\u00e9rieux pour plusieurs autres \u00e9ditoriaux qu\u2019il a publi\u00e9s sur internet. La fiabilit\u00e9 est de ce fait marquante en ce qui concerne cet encart. Sachez que la date de publication est 2022-08-31 15:31:22. En septembre 2017, Niort Agglo a \u00e9t\u00e9 la premi\u00e8re agglom\u00e9ration dans sa cat\u00e9gorie \u00e0 rendre le transport en acc\u00e8s libre sur son territoire. Depuis,\u2026<\/p>\n","protected":false},"author":1,"featured_media":1202,"comment_status":"closed","ping_status":"closed","sticky":false,"template":"","format":"standard","meta":{"footnotes":""},"categories":[2],"tags":[],"blocksy_meta":{"styles_descriptor":{"styles":{"desktop":"","tablet":"","mobile":""},"google_fonts":[],"version":4}},"yoast_head":"<!-- This site is optimized with the Yoast SEO plugin v21.1 - https:\/\/yoast.com\/wordpress\/plugins\/seo\/ -->\n<title>Quoi penser de ce texte : Depuis cinq ans, le bus est gratuit ! - Viaromana et arch\u00e9ologie.<\/title>\n<meta name=\"description\" content=\"Quoi penser de ce texte : Depuis cinq ans, le bus est gratuit ! article de Viaromana et arch\u00e9ologie.\" \/>\n<meta name=\"robots\" content=\"index, follow, max-snippet:-1, max-image-preview:large, max-video-preview:-1\" \/>\n<link rel=\"canonical\" href=\"https:\/\/www.viaromana.org\/blog\/quoi-penser-de-ce-texte-depuis-cinq-ans-le-bus-est-gratuit\/\" \/>\n<meta property=\"og:locale\" content=\"fr_FR\" \/>\n<meta property=\"og:type\" content=\"article\" \/>\n<meta property=\"og:title\" content=\"Quoi penser de ce texte : Depuis cinq ans, le bus est gratuit ! - Viaromana et arch\u00e9ologie.\" \/>\n<meta property=\"og:description\" content=\"Quoi penser de ce texte : Depuis cinq ans, le bus est gratuit ! article de Viaromana et arch\u00e9ologie.\" \/>\n<meta property=\"og:url\" content=\"https:\/\/www.viaromana.org\/blog\/quoi-penser-de-ce-texte-depuis-cinq-ans-le-bus-est-gratuit\/\" \/>\n<meta property=\"og:site_name\" content=\"Viaromana et arch\u00e9ologie.\" \/>\n<meta property=\"article:published_time\" content=\"2022-08-31T13:31:22+00:00\" \/>\n<meta property=\"og:image\" content=\"https:\/\/www.viaromana.org\/blog\/wp-content\/uploads\/2022\/08\/arch-ologie-4.jpg\" \/>\n\t<meta property=\"og:image:width\" content=\"640\" \/>\n\t<meta property=\"og:image:height\" content=\"640\" \/>\n\t<meta property=\"og:image:type\" content=\"image\/jpeg\" \/>\n<meta name=\"author\" content=\"Robert\" \/>\n<meta name=\"twitter:card\" content=\"summary_large_image\" \/>\n<meta name=\"twitter:label1\" content=\"\u00c9crit par\" \/>\n\t<meta name=\"twitter:data1\" content=\"Robert\" \/>\n\t<meta name=\"twitter:label2\" content=\"Dur\u00e9e de lecture estim\u00e9e\" \/>\n\t<meta name=\"twitter:data2\" content=\"2 minutes\" \/>\n<script type=\"application\/ld+json\" class=\"yoast-schema-graph\">{\"@context\":\"https:\/\/schema.org\",\"@graph\":[{\"@type\":\"Article\",\"@id\":\"https:\/\/www.viaromana.org\/blog\/quoi-penser-de-ce-texte-depuis-cinq-ans-le-bus-est-gratuit\/#article\",\"isPartOf\":{\"@id\":\"https:\/\/www.viaromana.org\/blog\/quoi-penser-de-ce-texte-depuis-cinq-ans-le-bus-est-gratuit\/\"},\"author\":{\"name\":\"Robert\",\"@id\":\"https:\/\/www.viaromana.org\/blog\/#\/schema\/person\/cde9c4655845091e1fe473fcd163c889\"},\"headline\":\"Quoi penser de ce texte : Depuis cinq ans, le bus est gratuit !\",\"datePublished\":\"2022-08-31T13:31:22+00:00\",\"dateModified\":\"2022-08-31T13:31:22+00:00\",\"mainEntityOfPage\":{\"@id\":\"https:\/\/www.viaromana.org\/blog\/quoi-penser-de-ce-texte-depuis-cinq-ans-le-bus-est-gratuit\/\"},\"wordCount\":427,\"publisher\":{\"@id\":\"https:\/\/www.viaromana.org\/blog\/#organization\"},\"articleSection\":[\"Arch\u00e9ologie\"],\"inLanguage\":\"fr-FR\"},{\"@type\":\"WebPage\",\"@id\":\"https:\/\/www.viaromana.org\/blog\/quoi-penser-de-ce-texte-depuis-cinq-ans-le-bus-est-gratuit\/\",\"url\":\"https:\/\/www.viaromana.org\/blog\/quoi-penser-de-ce-texte-depuis-cinq-ans-le-bus-est-gratuit\/\",\"name\":\"Quoi penser de ce texte : Depuis cinq ans, le bus est gratuit ! - Viaromana et arch\u00e9ologie.\",\"isPartOf\":{\"@id\":\"https:\/\/www.viaromana.org\/blog\/#website\"},\"datePublished\":\"2022-08-31T13:31:22+00:00\",\"dateModified\":\"2022-08-31T13:31:22+00:00\",\"description\":\"Quoi penser de ce texte : Depuis cinq ans, le bus est gratuit ! article de Viaromana et arch\u00e9ologie.\",\"breadcrumb\":{\"@id\":\"https:\/\/www.viaromana.org\/blog\/quoi-penser-de-ce-texte-depuis-cinq-ans-le-bus-est-gratuit\/#breadcrumb\"},\"inLanguage\":\"fr-FR\",\"potentialAction\":[{\"@type\":\"ReadAction\",\"target\":[\"https:\/\/www.viaromana.org\/blog\/quoi-penser-de-ce-texte-depuis-cinq-ans-le-bus-est-gratuit\/\"]}]},{\"@type\":\"BreadcrumbList\",\"@id\":\"https:\/\/www.viaromana.org\/blog\/quoi-penser-de-ce-texte-depuis-cinq-ans-le-bus-est-gratuit\/#breadcrumb\",\"itemListElement\":[{\"@type\":\"ListItem\",\"position\":1,\"name\":\"Accueil\",\"item\":\"https:\/\/www.viaromana.org\/blog\/\"},{\"@type\":\"ListItem\",\"position\":2,\"name\":\"Quoi penser de ce texte : Depuis cinq ans, le bus est gratuit !\"}]},{\"@type\":\"WebSite\",\"@id\":\"https:\/\/www.viaromana.org\/blog\/#website\",\"url\":\"https:\/\/www.viaromana.org\/blog\/\",\"name\":\"Viaromana et arch\u00e9ologie.\",\"description\":\"Site arch\u00e9ologique de la voie romaine (viaromana) Belgique-France-Rome\",\"publisher\":{\"@id\":\"https:\/\/www.viaromana.org\/blog\/#organization\"},\"potentialAction\":[{\"@type\":\"SearchAction\",\"target\":{\"@type\":\"EntryPoint\",\"urlTemplate\":\"https:\/\/www.viaromana.org\/blog\/?s={search_term_string}\"},\"query-input\":\"required name=search_term_string\"}],\"inLanguage\":\"fr-FR\"},{\"@type\":\"Organization\",\"@id\":\"https:\/\/www.viaromana.org\/blog\/#organization\",\"name\":\"viaromana\",\"url\":\"https:\/\/www.viaromana.org\/blog\/\",\"logo\":{\"@type\":\"ImageObject\",\"inLanguage\":\"fr-FR\",\"@id\":\"https:\/\/www.viaromana.org\/blog\/#\/schema\/logo\/image\/\",\"url\":\"https:\/\/www.viaromana.org\/blog\/wp-content\/uploads\/2021\/12\/logo-3.png\",\"contentUrl\":\"https:\/\/www.viaromana.org\/blog\/wp-content\/uploads\/2021\/12\/logo-3.png\",\"width\":300,\"height\":249,\"caption\":\"viaromana\"},\"image\":{\"@id\":\"https:\/\/www.viaromana.org\/blog\/#\/schema\/logo\/image\/\"}},{\"@type\":\"Person\",\"@id\":\"https:\/\/www.viaromana.org\/blog\/#\/schema\/person\/cde9c4655845091e1fe473fcd163c889\",\"name\":\"Robert\",\"image\":{\"@type\":\"ImageObject\",\"inLanguage\":\"fr-FR\",\"@id\":\"https:\/\/www.viaromana.org\/blog\/#\/schema\/person\/image\/\",\"url\":\"https:\/\/secure.gravatar.com\/avatar\/a168ec191013b636c2f278aec04e724b?s=96&d=mm&r=g\",\"contentUrl\":\"https:\/\/secure.gravatar.com\/avatar\/a168ec191013b636c2f278aec04e724b?s=96&d=mm&r=g\",\"caption\":\"Robert\"},\"sameAs\":[\"https:\/\/www.viaromana.org\/blog\"],\"url\":\"https:\/\/www.viaromana.org\/blog\/author\/anaadmin\/\"}]}<\/script>\n<!-- \/ Yoast SEO plugin. -->","yoast_head_json":{"title":"Quoi penser de ce texte : Depuis cinq ans, le bus est gratuit ! - Viaromana et arch\u00e9ologie.","description":"Quoi penser de ce texte : Depuis cinq ans, le bus est gratuit ! article de Viaromana et arch\u00e9ologie.","robots":{"index":"index","follow":"follow","max-snippet":"max-snippet:-1","max-image-preview":"max-image-preview:large","max-video-preview":"max-video-preview:-1"},"canonical":"https:\/\/www.viaromana.org\/blog\/quoi-penser-de-ce-texte-depuis-cinq-ans-le-bus-est-gratuit\/","og_locale":"fr_FR","og_type":"article","og_title":"Quoi penser de ce texte : Depuis cinq ans, le bus est gratuit ! - Viaromana et arch\u00e9ologie.","og_description":"Quoi penser de ce texte : Depuis cinq ans, le bus est gratuit ! article de Viaromana et arch\u00e9ologie.","og_url":"https:\/\/www.viaromana.org\/blog\/quoi-penser-de-ce-texte-depuis-cinq-ans-le-bus-est-gratuit\/","og_site_name":"Viaromana et arch\u00e9ologie.","article_published_time":"2022-08-31T13:31:22+00:00","og_image":[{"width":640,"height":640,"url":"https:\/\/www.viaromana.org\/blog\/wp-content\/uploads\/2022\/08\/arch-ologie-4.jpg","type":"image\/jpeg"}],"author":"Robert","twitter_card":"summary_large_image","twitter_misc":{"\u00c9crit par":"Robert","Dur\u00e9e de lecture estim\u00e9e":"2 minutes"},"schema":{"@context":"https:\/\/schema.org","@graph":[{"@type":"Article","@id":"https:\/\/www.viaromana.org\/blog\/quoi-penser-de-ce-texte-depuis-cinq-ans-le-bus-est-gratuit\/#article","isPartOf":{"@id":"https:\/\/www.viaromana.org\/blog\/quoi-penser-de-ce-texte-depuis-cinq-ans-le-bus-est-gratuit\/"},"author":{"name":"Robert","@id":"https:\/\/www.viaromana.org\/blog\/#\/schema\/person\/cde9c4655845091e1fe473fcd163c889"},"headline":"Quoi penser de ce texte : Depuis cinq ans, le bus est gratuit !","datePublished":"2022-08-31T13:31:22+00:00","dateModified":"2022-08-31T13:31:22+00:00","mainEntityOfPage":{"@id":"https:\/\/www.viaromana.org\/blog\/quoi-penser-de-ce-texte-depuis-cinq-ans-le-bus-est-gratuit\/"},"wordCount":427,"publisher":{"@id":"https:\/\/www.viaromana.org\/blog\/#organization"},"articleSection":["Arch\u00e9ologie"],"inLanguage":"fr-FR"},{"@type":"WebPage","@id":"https:\/\/www.viaromana.org\/blog\/quoi-penser-de-ce-texte-depuis-cinq-ans-le-bus-est-gratuit\/","url":"https:\/\/www.viaromana.org\/blog\/quoi-penser-de-ce-texte-depuis-cinq-ans-le-bus-est-gratuit\/","name":"Quoi penser de ce texte : Depuis cinq ans, le bus est gratuit ! - Viaromana et arch\u00e9ologie.","isPartOf":{"@id":"https:\/\/www.viaromana.org\/blog\/#website"},"datePublished":"2022-08-31T13:31:22+00:00","dateModified":"2022-08-31T13:31:22+00:00","description":"Quoi penser de ce texte : Depuis cinq ans, le bus est gratuit ! article de Viaromana et arch\u00e9ologie.","breadcrumb":{"@id":"https:\/\/www.viaromana.org\/blog\/quoi-penser-de-ce-texte-depuis-cinq-ans-le-bus-est-gratuit\/#breadcrumb"},"inLanguage":"fr-FR","potentialAction":[{"@type":"ReadAction","target":["https:\/\/www.viaromana.org\/blog\/quoi-penser-de-ce-texte-depuis-cinq-ans-le-bus-est-gratuit\/"]}]},{"@type":"BreadcrumbList","@id":"https:\/\/www.viaromana.org\/blog\/quoi-penser-de-ce-texte-depuis-cinq-ans-le-bus-est-gratuit\/#breadcrumb","itemListElement":[{"@type":"ListItem","position":1,"name":"Accueil","item":"https:\/\/www.viaromana.org\/blog\/"},{"@type":"ListItem","position":2,"name":"Quoi penser de ce texte : Depuis cinq ans, le bus est gratuit !"}]},{"@type":"WebSite","@id":"https:\/\/www.viaromana.org\/blog\/#website","url":"https:\/\/www.viaromana.org\/blog\/","name":"Viaromana et arch\u00e9ologie.","description":"Site arch\u00e9ologique de la voie romaine (viaromana) Belgique-France-Rome","publisher":{"@id":"https:\/\/www.viaromana.org\/blog\/#organization"},"potentialAction":[{"@type":"SearchAction","target":{"@type":"EntryPoint","urlTemplate":"https:\/\/www.viaromana.org\/blog\/?s={search_term_string}"},"query-input":"required name=search_term_string"}],"inLanguage":"fr-FR"},{"@type":"Organization","@id":"https:\/\/www.viaromana.org\/blog\/#organization","name":"viaromana","url":"https:\/\/www.viaromana.org\/blog\/","logo":{"@type":"ImageObject","inLanguage":"fr-FR","@id":"https:\/\/www.viaromana.org\/blog\/#\/schema\/logo\/image\/","url":"https:\/\/www.viaromana.org\/blog\/wp-content\/uploads\/2021\/12\/logo-3.png","contentUrl":"https:\/\/www.viaromana.org\/blog\/wp-content\/uploads\/2021\/12\/logo-3.png","width":300,"height":249,"caption":"viaromana"},"image":{"@id":"https:\/\/www.viaromana.org\/blog\/#\/schema\/logo\/image\/"}},{"@type":"Person","@id":"https:\/\/www.viaromana.org\/blog\/#\/schema\/person\/cde9c4655845091e1fe473fcd163c889","name":"Robert","image":{"@type":"ImageObject","inLanguage":"fr-FR","@id":"https:\/\/www.viaromana.org\/blog\/#\/schema\/person\/image\/","url":"https:\/\/secure.gravatar.com\/avatar\/a168ec191013b636c2f278aec04e724b?s=96&d=mm&r=g","contentUrl":"https:\/\/secure.gravatar.com\/avatar\/a168ec191013b636c2f278aec04e724b?s=96&d=mm&r=g","caption":"Robert"},"sameAs":["https:\/\/www.viaromana.org\/blog"],"url":"https:\/\/www.viaromana.org\/blog\/author\/anaadmin\/"}]}},"_links":{"self":[{"href":"https:\/\/www.viaromana.org\/blog\/wp-json\/wp\/v2\/posts\/1201"}],"collection":[{"href":"https:\/\/www.viaromana.org\/blog\/wp-json\/wp\/v2\/posts"}],"about":[{"href":"https:\/\/www.viaromana.org\/blog\/wp-json\/wp\/v2\/types\/post"}],"author":[{"embeddable":true,"href":"https:\/\/www.viaromana.org\/blog\/wp-json\/wp\/v2\/users\/1"}],"replies":[{"embeddable":true,"href":"https:\/\/www.viaromana.org\/blog\/wp-json\/wp\/v2\/comments?post=1201"}],"version-history":[{"count":0,"href":"https:\/\/www.viaromana.org\/blog\/wp-json\/wp\/v2\/posts\/1201\/revisions"}],"wp:featuredmedia":[{"embeddable":true,"href":"https:\/\/www.viaromana.org\/blog\/wp-json\/wp\/v2\/media\/1202"}],"wp:attachment":[{"href":"https:\/\/www.viaromana.org\/blog\/wp-json\/wp\/v2\/media?parent=1201"}],"wp:term":[{"taxonomy":"category","embeddable":true,"href":"https:\/\/www.viaromana.org\/blog\/wp-json\/wp\/v2\/categories?post=1201"},{"taxonomy":"post_tag","embeddable":true,"href":"https:\/\/www.viaromana.org\/blog\/wp-json\/wp\/v2\/tags?post=1201"}],"curies":[{"name":"wp","href":"https:\/\/api.w.org\/{rel}","templated":true}]}}