{"id":1177,"date":"2022-08-12T11:04:26","date_gmt":"2022-08-12T09:04:26","guid":{"rendered":"https:\/\/www.site.cdcl.xyz\/2022\/08\/12\/article-tout-frais-la-ville-accueille-une-famille-ukrainienne-dans-un-logement-du-ccas\/"},"modified":"2022-08-12T11:04:26","modified_gmt":"2022-08-12T09:04:26","slug":"article-tout-frais-la-ville-accueille-une-famille-ukrainienne-dans-un-logement-du-ccas","status":"publish","type":"post","link":"https:\/\/www.viaromana.org\/blog\/article-tout-frais-la-ville-accueille-une-famille-ukrainienne-dans-un-logement-du-ccas\/","title":{"rendered":"Article tout frais : La Ville accueille une famille ukrainienne dans un logement du CCAS"},"content":{"rendered":"<p>J\u2019ai d\u00e9couvert un article sur le web dont le propos est \u00abl\u2019arch\u00e9ologie\u00bb.<\/p>\n<p>Le titre troublant (La Ville accueille une famille ukrainienne dans un logement du CCAS) est \u00e9vocateur.<\/p>\n<p> Annonc\u00e9 sous le nom \u00abadmin_vannes\u00bb, l\u2019\u00e9ditorialiste est connu et fiable.<\/p>\n<div>\n<div>\n<p>C\u2019est la r\u00e9alisation d\u2019un projet solidaire et social qui a \u00e9t\u00e9 men\u00e9 en moins de deux mois : la remise en \u00e9tat d\u2019un logement appartenant au CCAS de la Ville de Vannes, au sein de la R\u00e9sidence Autonomie municipale Pasteur accueillant des personnes \u00e2g\u00e9es.<br \/>Cet appartement a \u00e9t\u00e9 propos\u00e9 \u00e0 une famille ukrainienne, un couple et leurs deux enfants, pendant deux ans. Ce projet a \u00e9t\u00e9 men\u00e9 gr\u00e2ce au partenariat entre le CCAS, l\u2019association Habitat et Humanisme avec une subvention du Conseil D\u00e9partemental.<\/p>\n<p>L\u2019appartement du 8 rue Pasteur, qui appartient au CCAS de la Ville, n\u2019\u00e9tait pas en \u00e9tat d\u2019\u00eatre habit\u00e9.<br \/>Gr\u00e2ce aux soutiens de nombreux partenaires, Conseil D\u00e9partemental, le CCAS, Leroy-Merlin, Electro D\u00e9p\u00f4t, la F\u00e9d\u00e9ration Habitat et Humanisme, MAREVA et les b\u00e9n\u00e9voles et salari\u00e9s d\u2019Habitat et Humanisme Morbihan, ce logement a pu \u00eatre am\u00e9nag\u00e9 en un temps record. II accueille ainsi, dans un cadre r\u00e9nov\u00e9, cette famille ukrainienne depuis le d\u00e9but du mois d\u2019ao\u00fbt.<\/p>\n<p>L\u2019accueil officiel de cette famille a eu lieu aujourd\u2019hui, vendredi 12 ao\u00fbt, \u00e0 la R\u00e9sidence Pasteur \u00e0 Vannes<\/p>\n<\/div>\n<\/div>\n<div>\n<div>\n<p>Rappelons que l\u2019\u00c9tat, via la Pr\u00e9fecture, joue un r\u00f4le important depuis le d\u00e9but de la crise ukrainienne pour accueillir dignement les familles d\u00e9plac\u00e9es, avec l\u2019aide notamment de l\u2019association Habitat et Humanisme Morbihan.<\/p>\n<p>Habitat et Humanisme Morbihan, agr\u00e9\u00e9 par la pr\u00e9fecture pour cette interm\u00e9diation locative exceptionnelle, a cherch\u00e9 des b\u00e9n\u00e9voles \u00ab traducteurs \u00bb ou \u00ab accompagnants \u00bb, mobilis\u00e9 des logements, sollicit\u00e9 des partenariats afin de pouvoir proposer au plus vite des logements ind\u00e9pendants aux familles d\u00e9plac\u00e9es.<\/p>\n<\/div>\n<\/div>\n<p>Ce th\u00e8me correspond \u00e0 vos questions vous adorerez tout autant ces ouvrages:<\/p>\n<p>Promenades d\u2019arch\u00e9ologie sous-marine.,<a target=\"_blank\" rel=\"nofollow\" href=\"https:\/\/www.viaromana.org\/blog\/goto\/https:\/\/www.epagine.fr\/ebook\/9782307495413-promenades-d-archeologie-sous-marine-philippe-diole\/\"  target=\"_blank\" rel=\"noopener noreferrer nofollow\">(la couverture) <\/a><span><\/span>.<\/p>\n<p>On a retrouv\u00e9 l\u2019histoire de France ; comment l\u2019arch\u00e9ologie raconte notre pass\u00e9.,<a target=\"_blank\" rel=\"nofollow\" href=\"https:\/\/www.viaromana.org\/blog\/goto\/https:\/\/www.epagine.fr\/ebook\/9782221131305-on-a-retrouve-l-histoire-de-france-comment-l-archeologie-raconte-notre-passe-jean-paul-demoule\/\"  target=\"_blank\" rel=\"noopener noreferrer nofollow\">(Disponible) <\/a><span><\/span>.<\/p>\n<p>scandale au manoir.,<a target=\"_blank\" rel=\"nofollow\" href=\"https:\/\/www.viaromana.org\/blog\/goto\/https:\/\/booknode.com\/scandale_au_manoir_0114281\"  target=\"_blank\" rel=\"noopener noreferrer nofollow\">Le livre <\/a><span><\/span>. Disponible dans toutes les bonnes librairies.<\/p>\n<p>Note sur le monument des sources de la Seine \u2013 Lue \u00e0 la Soci\u00e9t\u00e9 parisienne d\u2019arch\u00e9ologie et d\u2019histoire.,<a target=\"_blank\" rel=\"nofollow\" href=\"https:\/\/www.viaromana.org\/blog\/goto\/https:\/\/www.kobo.com\/de\/fr\/ebook\/note-sur-le-monument-des-sources-de-la-seine-lue-a-la-societe-parisienne-d-archeologie-et-d-histoire\"  target=\"_blank\" rel=\"noopener noreferrer nofollow\">Le livre <\/a><span><\/span>. Ouvrage de r\u00e9f\u00e9rence.<\/p>\n","protected":false},"excerpt":{"rendered":"<p>J\u2019ai d\u00e9couvert un article sur le web dont le propos est \u00abl\u2019arch\u00e9ologie\u00bb. Le titre troublant (La Ville accueille une famille ukrainienne dans un logement du CCAS) est \u00e9vocateur. Annonc\u00e9 sous le nom \u00abadmin_vannes\u00bb, l\u2019\u00e9ditorialiste est connu et fiable. C\u2019est la r\u00e9alisation d\u2019un projet solidaire et social qui a \u00e9t\u00e9 men\u00e9 en moins de deux mois : la remise en \u00e9tat d\u2019un logement appartenant au CCAS de la Ville de Vannes, au sein de la R\u00e9sidence Autonomie municipale Pasteur accueillant des personnes \u00e2g\u00e9es.Cet appartement a \u00e9t\u00e9 propos\u00e9 \u00e0 une famille ukrainienne, un couple et leurs deux enfants, pendant deux ans. Ce\u2026<\/p>\n","protected":false},"author":1,"featured_media":1178,"comment_status":"closed","ping_status":"closed","sticky":false,"template":"","format":"standard","meta":{"footnotes":""},"categories":[2],"tags":[],"blocksy_meta":{"styles_descriptor":{"styles":{"desktop":"","tablet":"","mobile":""},"google_fonts":[],"version":4}},"yoast_head":"<!-- This site is optimized with the Yoast SEO plugin v21.1 - https:\/\/yoast.com\/wordpress\/plugins\/seo\/ -->\n<title>Article tout frais : La Ville accueille une famille ukrainienne dans un logement du CCAS - Viaromana et arch\u00e9ologie.<\/title>\n<meta name=\"description\" content=\"Article tout frais : La Ville accueille une famille ukrainienne dans un logement du CCAS article de Viaromana et arch\u00e9ologie.\" \/>\n<meta name=\"robots\" content=\"index, follow, max-snippet:-1, max-image-preview:large, max-video-preview:-1\" \/>\n<link rel=\"canonical\" href=\"https:\/\/www.viaromana.org\/blog\/article-tout-frais-la-ville-accueille-une-famille-ukrainienne-dans-un-logement-du-ccas\/\" \/>\n<meta property=\"og:locale\" content=\"fr_FR\" \/>\n<meta property=\"og:type\" content=\"article\" \/>\n<meta property=\"og:title\" content=\"Article tout frais : La Ville accueille une famille ukrainienne dans un logement du CCAS - Viaromana et arch\u00e9ologie.\" \/>\n<meta property=\"og:description\" content=\"Article tout frais : La Ville accueille une famille ukrainienne dans un logement du CCAS article de Viaromana et arch\u00e9ologie.\" \/>\n<meta property=\"og:url\" content=\"https:\/\/www.viaromana.org\/blog\/article-tout-frais-la-ville-accueille-une-famille-ukrainienne-dans-un-logement-du-ccas\/\" \/>\n<meta property=\"og:site_name\" content=\"Viaromana et arch\u00e9ologie.\" \/>\n<meta property=\"article:published_time\" content=\"2022-08-12T09:04:26+00:00\" \/>\n<meta property=\"og:image\" content=\"https:\/\/www.viaromana.org\/blog\/wp-content\/uploads\/2022\/08\/unnamed-file-2-scaled.jpg\" \/>\n\t<meta property=\"og:image:width\" content=\"2560\" \/>\n\t<meta property=\"og:image:height\" content=\"1535\" \/>\n\t<meta property=\"og:image:type\" content=\"image\/jpeg\" \/>\n<meta name=\"author\" content=\"Robert\" \/>\n<meta name=\"twitter:card\" content=\"summary_large_image\" \/>\n<meta name=\"twitter:label1\" content=\"\u00c9crit par\" \/>\n\t<meta name=\"twitter:data1\" content=\"Robert\" \/>\n\t<meta name=\"twitter:label2\" content=\"Dur\u00e9e de lecture estim\u00e9e\" \/>\n\t<meta name=\"twitter:data2\" content=\"2 minutes\" \/>\n<script type=\"application\/ld+json\" class=\"yoast-schema-graph\">{\"@context\":\"https:\/\/schema.org\",\"@graph\":[{\"@type\":\"Article\",\"@id\":\"https:\/\/www.viaromana.org\/blog\/article-tout-frais-la-ville-accueille-une-famille-ukrainienne-dans-un-logement-du-ccas\/#article\",\"isPartOf\":{\"@id\":\"https:\/\/www.viaromana.org\/blog\/article-tout-frais-la-ville-accueille-une-famille-ukrainienne-dans-un-logement-du-ccas\/\"},\"author\":{\"name\":\"Robert\",\"@id\":\"https:\/\/www.viaromana.org\/blog\/#\/schema\/person\/cde9c4655845091e1fe473fcd163c889\"},\"headline\":\"Article tout frais : La Ville accueille une famille ukrainienne dans un logement du CCAS\",\"datePublished\":\"2022-08-12T09:04:26+00:00\",\"dateModified\":\"2022-08-12T09:04:26+00:00\",\"mainEntityOfPage\":{\"@id\":\"https:\/\/www.viaromana.org\/blog\/article-tout-frais-la-ville-accueille-une-famille-ukrainienne-dans-un-logement-du-ccas\/\"},\"wordCount\":414,\"publisher\":{\"@id\":\"https:\/\/www.viaromana.org\/blog\/#organization\"},\"articleSection\":[\"Arch\u00e9ologie\"],\"inLanguage\":\"fr-FR\"},{\"@type\":\"WebPage\",\"@id\":\"https:\/\/www.viaromana.org\/blog\/article-tout-frais-la-ville-accueille-une-famille-ukrainienne-dans-un-logement-du-ccas\/\",\"url\":\"https:\/\/www.viaromana.org\/blog\/article-tout-frais-la-ville-accueille-une-famille-ukrainienne-dans-un-logement-du-ccas\/\",\"name\":\"Article tout frais : La Ville accueille une famille ukrainienne dans un logement du CCAS - Viaromana et arch\u00e9ologie.\",\"isPartOf\":{\"@id\":\"https:\/\/www.viaromana.org\/blog\/#website\"},\"datePublished\":\"2022-08-12T09:04:26+00:00\",\"dateModified\":\"2022-08-12T09:04:26+00:00\",\"description\":\"Article tout frais : La Ville accueille une famille ukrainienne dans un logement du CCAS article de Viaromana et arch\u00e9ologie.\",\"breadcrumb\":{\"@id\":\"https:\/\/www.viaromana.org\/blog\/article-tout-frais-la-ville-accueille-une-famille-ukrainienne-dans-un-logement-du-ccas\/#breadcrumb\"},\"inLanguage\":\"fr-FR\",\"potentialAction\":[{\"@type\":\"ReadAction\",\"target\":[\"https:\/\/www.viaromana.org\/blog\/article-tout-frais-la-ville-accueille-une-famille-ukrainienne-dans-un-logement-du-ccas\/\"]}]},{\"@type\":\"BreadcrumbList\",\"@id\":\"https:\/\/www.viaromana.org\/blog\/article-tout-frais-la-ville-accueille-une-famille-ukrainienne-dans-un-logement-du-ccas\/#breadcrumb\",\"itemListElement\":[{\"@type\":\"ListItem\",\"position\":1,\"name\":\"Accueil\",\"item\":\"https:\/\/www.viaromana.org\/blog\/\"},{\"@type\":\"ListItem\",\"position\":2,\"name\":\"Article tout frais : La Ville accueille une famille ukrainienne dans un logement du CCAS\"}]},{\"@type\":\"WebSite\",\"@id\":\"https:\/\/www.viaromana.org\/blog\/#website\",\"url\":\"https:\/\/www.viaromana.org\/blog\/\",\"name\":\"Viaromana et arch\u00e9ologie.\",\"description\":\"Site arch\u00e9ologique de la voie romaine (viaromana) Belgique-France-Rome\",\"publisher\":{\"@id\":\"https:\/\/www.viaromana.org\/blog\/#organization\"},\"potentialAction\":[{\"@type\":\"SearchAction\",\"target\":{\"@type\":\"EntryPoint\",\"urlTemplate\":\"https:\/\/www.viaromana.org\/blog\/?s={search_term_string}\"},\"query-input\":\"required name=search_term_string\"}],\"inLanguage\":\"fr-FR\"},{\"@type\":\"Organization\",\"@id\":\"https:\/\/www.viaromana.org\/blog\/#organization\",\"name\":\"viaromana\",\"url\":\"https:\/\/www.viaromana.org\/blog\/\",\"logo\":{\"@type\":\"ImageObject\",\"inLanguage\":\"fr-FR\",\"@id\":\"https:\/\/www.viaromana.org\/blog\/#\/schema\/logo\/image\/\",\"url\":\"https:\/\/www.viaromana.org\/blog\/wp-content\/uploads\/2021\/12\/logo-3.png\",\"contentUrl\":\"https:\/\/www.viaromana.org\/blog\/wp-content\/uploads\/2021\/12\/logo-3.png\",\"width\":300,\"height\":249,\"caption\":\"viaromana\"},\"image\":{\"@id\":\"https:\/\/www.viaromana.org\/blog\/#\/schema\/logo\/image\/\"}},{\"@type\":\"Person\",\"@id\":\"https:\/\/www.viaromana.org\/blog\/#\/schema\/person\/cde9c4655845091e1fe473fcd163c889\",\"name\":\"Robert\",\"image\":{\"@type\":\"ImageObject\",\"inLanguage\":\"fr-FR\",\"@id\":\"https:\/\/www.viaromana.org\/blog\/#\/schema\/person\/image\/\",\"url\":\"https:\/\/secure.gravatar.com\/avatar\/a168ec191013b636c2f278aec04e724b?s=96&d=mm&r=g\",\"contentUrl\":\"https:\/\/secure.gravatar.com\/avatar\/a168ec191013b636c2f278aec04e724b?s=96&d=mm&r=g\",\"caption\":\"Robert\"},\"sameAs\":[\"https:\/\/www.viaromana.org\/blog\"],\"url\":\"https:\/\/www.viaromana.org\/blog\/author\/anaadmin\/\"}]}<\/script>\n<!-- \/ Yoast SEO plugin. -->","yoast_head_json":{"title":"Article tout frais : La Ville accueille une famille ukrainienne dans un logement du CCAS - Viaromana et arch\u00e9ologie.","description":"Article tout frais : La Ville accueille une famille ukrainienne dans un logement du CCAS article de Viaromana et arch\u00e9ologie.","robots":{"index":"index","follow":"follow","max-snippet":"max-snippet:-1","max-image-preview":"max-image-preview:large","max-video-preview":"max-video-preview:-1"},"canonical":"https:\/\/www.viaromana.org\/blog\/article-tout-frais-la-ville-accueille-une-famille-ukrainienne-dans-un-logement-du-ccas\/","og_locale":"fr_FR","og_type":"article","og_title":"Article tout frais : La Ville accueille une famille ukrainienne dans un logement du CCAS - Viaromana et arch\u00e9ologie.","og_description":"Article tout frais : La Ville accueille une famille ukrainienne dans un logement du CCAS article de Viaromana et arch\u00e9ologie.","og_url":"https:\/\/www.viaromana.org\/blog\/article-tout-frais-la-ville-accueille-une-famille-ukrainienne-dans-un-logement-du-ccas\/","og_site_name":"Viaromana et arch\u00e9ologie.","article_published_time":"2022-08-12T09:04:26+00:00","og_image":[{"width":2560,"height":1535,"url":"https:\/\/www.viaromana.org\/blog\/wp-content\/uploads\/2022\/08\/unnamed-file-2-scaled.jpg","type":"image\/jpeg"}],"author":"Robert","twitter_card":"summary_large_image","twitter_misc":{"\u00c9crit par":"Robert","Dur\u00e9e de lecture estim\u00e9e":"2 minutes"},"schema":{"@context":"https:\/\/schema.org","@graph":[{"@type":"Article","@id":"https:\/\/www.viaromana.org\/blog\/article-tout-frais-la-ville-accueille-une-famille-ukrainienne-dans-un-logement-du-ccas\/#article","isPartOf":{"@id":"https:\/\/www.viaromana.org\/blog\/article-tout-frais-la-ville-accueille-une-famille-ukrainienne-dans-un-logement-du-ccas\/"},"author":{"name":"Robert","@id":"https:\/\/www.viaromana.org\/blog\/#\/schema\/person\/cde9c4655845091e1fe473fcd163c889"},"headline":"Article tout frais : La Ville accueille une famille ukrainienne dans un logement du CCAS","datePublished":"2022-08-12T09:04:26+00:00","dateModified":"2022-08-12T09:04:26+00:00","mainEntityOfPage":{"@id":"https:\/\/www.viaromana.org\/blog\/article-tout-frais-la-ville-accueille-une-famille-ukrainienne-dans-un-logement-du-ccas\/"},"wordCount":414,"publisher":{"@id":"https:\/\/www.viaromana.org\/blog\/#organization"},"articleSection":["Arch\u00e9ologie"],"inLanguage":"fr-FR"},{"@type":"WebPage","@id":"https:\/\/www.viaromana.org\/blog\/article-tout-frais-la-ville-accueille-une-famille-ukrainienne-dans-un-logement-du-ccas\/","url":"https:\/\/www.viaromana.org\/blog\/article-tout-frais-la-ville-accueille-une-famille-ukrainienne-dans-un-logement-du-ccas\/","name":"Article tout frais : La Ville accueille une famille ukrainienne dans un logement du CCAS - Viaromana et arch\u00e9ologie.","isPartOf":{"@id":"https:\/\/www.viaromana.org\/blog\/#website"},"datePublished":"2022-08-12T09:04:26+00:00","dateModified":"2022-08-12T09:04:26+00:00","description":"Article tout frais : La Ville accueille une famille ukrainienne dans un logement du CCAS article de Viaromana et arch\u00e9ologie.","breadcrumb":{"@id":"https:\/\/www.viaromana.org\/blog\/article-tout-frais-la-ville-accueille-une-famille-ukrainienne-dans-un-logement-du-ccas\/#breadcrumb"},"inLanguage":"fr-FR","potentialAction":[{"@type":"ReadAction","target":["https:\/\/www.viaromana.org\/blog\/article-tout-frais-la-ville-accueille-une-famille-ukrainienne-dans-un-logement-du-ccas\/"]}]},{"@type":"BreadcrumbList","@id":"https:\/\/www.viaromana.org\/blog\/article-tout-frais-la-ville-accueille-une-famille-ukrainienne-dans-un-logement-du-ccas\/#breadcrumb","itemListElement":[{"@type":"ListItem","position":1,"name":"Accueil","item":"https:\/\/www.viaromana.org\/blog\/"},{"@type":"ListItem","position":2,"name":"Article tout frais : La Ville accueille une famille ukrainienne dans un logement du CCAS"}]},{"@type":"WebSite","@id":"https:\/\/www.viaromana.org\/blog\/#website","url":"https:\/\/www.viaromana.org\/blog\/","name":"Viaromana et arch\u00e9ologie.","description":"Site arch\u00e9ologique de la voie romaine (viaromana) Belgique-France-Rome","publisher":{"@id":"https:\/\/www.viaromana.org\/blog\/#organization"},"potentialAction":[{"@type":"SearchAction","target":{"@type":"EntryPoint","urlTemplate":"https:\/\/www.viaromana.org\/blog\/?s={search_term_string}"},"query-input":"required name=search_term_string"}],"inLanguage":"fr-FR"},{"@type":"Organization","@id":"https:\/\/www.viaromana.org\/blog\/#organization","name":"viaromana","url":"https:\/\/www.viaromana.org\/blog\/","logo":{"@type":"ImageObject","inLanguage":"fr-FR","@id":"https:\/\/www.viaromana.org\/blog\/#\/schema\/logo\/image\/","url":"https:\/\/www.viaromana.org\/blog\/wp-content\/uploads\/2021\/12\/logo-3.png","contentUrl":"https:\/\/www.viaromana.org\/blog\/wp-content\/uploads\/2021\/12\/logo-3.png","width":300,"height":249,"caption":"viaromana"},"image":{"@id":"https:\/\/www.viaromana.org\/blog\/#\/schema\/logo\/image\/"}},{"@type":"Person","@id":"https:\/\/www.viaromana.org\/blog\/#\/schema\/person\/cde9c4655845091e1fe473fcd163c889","name":"Robert","image":{"@type":"ImageObject","inLanguage":"fr-FR","@id":"https:\/\/www.viaromana.org\/blog\/#\/schema\/person\/image\/","url":"https:\/\/secure.gravatar.com\/avatar\/a168ec191013b636c2f278aec04e724b?s=96&d=mm&r=g","contentUrl":"https:\/\/secure.gravatar.com\/avatar\/a168ec191013b636c2f278aec04e724b?s=96&d=mm&r=g","caption":"Robert"},"sameAs":["https:\/\/www.viaromana.org\/blog"],"url":"https:\/\/www.viaromana.org\/blog\/author\/anaadmin\/"}]}},"_links":{"self":[{"href":"https:\/\/www.viaromana.org\/blog\/wp-json\/wp\/v2\/posts\/1177"}],"collection":[{"href":"https:\/\/www.viaromana.org\/blog\/wp-json\/wp\/v2\/posts"}],"about":[{"href":"https:\/\/www.viaromana.org\/blog\/wp-json\/wp\/v2\/types\/post"}],"author":[{"embeddable":true,"href":"https:\/\/www.viaromana.org\/blog\/wp-json\/wp\/v2\/users\/1"}],"replies":[{"embeddable":true,"href":"https:\/\/www.viaromana.org\/blog\/wp-json\/wp\/v2\/comments?post=1177"}],"version-history":[{"count":0,"href":"https:\/\/www.viaromana.org\/blog\/wp-json\/wp\/v2\/posts\/1177\/revisions"}],"wp:featuredmedia":[{"embeddable":true,"href":"https:\/\/www.viaromana.org\/blog\/wp-json\/wp\/v2\/media\/1178"}],"wp:attachment":[{"href":"https:\/\/www.viaromana.org\/blog\/wp-json\/wp\/v2\/media?parent=1177"}],"wp:term":[{"taxonomy":"category","embeddable":true,"href":"https:\/\/www.viaromana.org\/blog\/wp-json\/wp\/v2\/categories?post=1177"},{"taxonomy":"post_tag","embeddable":true,"href":"https:\/\/www.viaromana.org\/blog\/wp-json\/wp\/v2\/tags?post=1177"}],"curies":[{"name":"wp","href":"https:\/\/api.w.org\/{rel}","templated":true}]}}