{"id":1171,"date":"2022-08-10T17:03:04","date_gmt":"2022-08-10T15:03:04","guid":{"rendered":"https:\/\/www.site.cdcl.xyz\/2022\/08\/10\/vous-aimerez-cette-parution-vigilance-jaune-pic-de-chaleur\/"},"modified":"2022-08-10T17:03:04","modified_gmt":"2022-08-10T15:03:04","slug":"vous-aimerez-cette-parution-vigilance-jaune-pic-de-chaleur","status":"publish","type":"post","link":"https:\/\/www.viaromana.org\/blog\/vous-aimerez-cette-parution-vigilance-jaune-pic-de-chaleur\/","title":{"rendered":"Vous aimerez cette parution : VIGILANCE JAUNE \u2013 PIC DE CHALEUR"},"content":{"rendered":"<p>Voil\u00e0 un papier que notre staff est heureuse de r\u00e9v\u00e9ler ici sur notre blog. Le propos est \u00ab&nbsp;l\u2019arch\u00e9ologie&nbsp;\u00bb.<br \/>Le titre troublant (VIGILANCE JAUNE \u2013 PIC DE CHALEUR) r\u00e9capitule tout le texte.<\/p>\n<p>L\u2019\u00e9crivain (identifi\u00e9 sous la signature admin_vannes) est positivement connu.<\/p>\n<p>Vous pouvez donc donner du cr\u00e9dit \u00e0 cette actualit\u00e9.<\/p>\n<p>Texte d\u2019origine : <\/p>\n<div>\n<div>\n<p>Au vu des informations transmises par M\u00e9t\u00e9o-France et conform\u00e9ment au plan de vigilance m\u00e9t\u00e9orologique, Le Pr\u00e9fet du Morbihan a plac\u00e9 le d\u00e9partement en \u00e9tat de vigilance m\u00e9t\u00e9orologique de JAUNE pour les ph\u00e9nom\u00e8nes suivants :<\/p>\n<p><strong>AVIS DE VIGILANCE JAUNE \u2013 PIC DE CHALEUR.<\/strong><\/p>\n<ul>\n<li><strong>D\u00e9but de l\u2019\u00e9pisode: mercredi 10 ao\u00fbt 2022 \u00e0 partir de 12h00<\/strong><\/li>\n<li><strong>Fin pr\u00e9visible de l\u2019\u00e9pisode: dimanche 14 ao\u00fbt 2022 \u00e0 12h00<\/strong><\/li>\n<\/ul>\n<\/div>\n<\/div>\n<div>\n<div>\n<p><strong>Pendant cet \u00e9pisode de forte chaleur il est tr\u00e8s fortement conseill\u00e9 de&nbsp; :<\/strong><\/p>\n<ul>\n<li>maintenir votre logement frais (fermez fen\u00eatres et volets la journ\u00e9e, ouvrez-les le soir et la nuit s\u2019il fait plus frais) ;<\/li>\n<li>Prendre des nouvelles ou rendre visite (deux fois par jour) aux personnes \u00e2g\u00e9es de votre entourage, souffrant de maladies chroniques ou isol\u00e9es. Accompagnez les dans un endroit frais ;<\/li>\n<li>Boire r\u00e9guli\u00e8rement et fr\u00e9quemment de l\u2019eau sans attendre d\u2019avoir soif;<\/li>\n<li>D\u2019utiliser ventilateur et\/ou climatisation si vous en disposez. Sinon essayez de vous rendre dans un dans un endroit frais ou climatis\u00e9 (grandes surfaces, cin\u00e9mas \u2026 ) deux \u00e0 trois heures par jour;<\/li>\n<li>Rafra\u00eechissez-vous et mouillez vous le corps plusieurs fois par jour ;<\/li>\n<li>Ne sortez pas aux heures les plus chaudes<\/li>\n<li>Limitez vos activit\u00e9s physiques<\/li>\n<\/ul>\n<p>Retrouver toutes les consignes sur le site de la pr\u00e9fecture du Morbihan.<\/p>\n<\/div>\n<\/div>\n<p>Ce th\u00e8me apporte des r\u00e9ponses \u00e0 vos recherches vous appr\u00e9cierez \u00e9galement ces ouvrages:<\/p>\n<p>Villa 3. Histoire et arch\u00e9ologie des soci\u00e9t\u00e9s de la Vall\u00e9e de L\u2019\u00c8bre (vii-xie si\u00e8cles).,<a target=\"_blank\" rel=\"nofollow\" href=\"https:\/\/www.viaromana.org\/blog\/goto\/https:\/\/www.epagine.fr\/ebook\/9782810709885-villa-3-histoire-et-archeologie-des-societes-de-la-vallee-de-l-ebre-vii-xie-siecles-philippe-senac\/\"  target=\"_blank\" rel=\"noopener noreferrer nofollow\">(la couverture) <\/a><span><\/span>. Disponible \u00e0 l\u2019achat sur les plateformes Amazon, Fnac, Cultura \u2026.<\/p>\n<p>Pour une arch\u00e9ologie agraire.,<a target=\"_blank\" rel=\"nofollow\" href=\"https:\/\/www.viaromana.org\/blog\/goto\/https:\/\/www.epagine.fr\/ebook\/9791037625014-pour-une-archeologie-agraire-collectif\/\"  target=\"_blank\" rel=\"noopener noreferrer nofollow\">A voir et \u00e0 lire. <\/a><span><\/span>. Disponible sur internet.<\/p>\n<p>Recherches arch\u00e9ologiques au coeur de Forum Iulii : Les fouilles dans le groupe \u00e9piscopal de Fr\u00e9jus et ses abords (1979-1989).,<a target=\"_blank\" rel=\"nofollow\" href=\"https:\/\/www.viaromana.org\/blog\/goto\/https:\/\/booknode.com\/recherches_archeologiques_au_coeur_de_forum_iulii_les_fouilles_dans_le_groupe_episcopal_de_frejus_et_ses_abords_1979_1989_01293133\"  target=\"_blank\" rel=\"noopener noreferrer nofollow\">(la couverture) <\/a><span><\/span>.<\/p>\n<p>Manuel d\u2019arch\u00e9ologie \u00e9trusque et romaine.,<a target=\"_blank\" rel=\"nofollow\" href=\"https:\/\/www.viaromana.org\/blog\/goto\/https:\/\/www.kobo.com\/de\/fr\/ebook\/manuel-d-archeologie-etrusque-et-romaine\"  target=\"_blank\" rel=\"noopener noreferrer nofollow\">Le livre <\/a><span><\/span>.<\/p>\n","protected":false},"excerpt":{"rendered":"<p>Voil\u00e0 un papier que notre staff est heureuse de r\u00e9v\u00e9ler ici sur notre blog. Le propos est \u00ab&nbsp;l\u2019arch\u00e9ologie&nbsp;\u00bb.Le titre troublant (VIGILANCE JAUNE \u2013 PIC DE CHALEUR) r\u00e9capitule tout le texte. L\u2019\u00e9crivain (identifi\u00e9 sous la signature admin_vannes) est positivement connu. Vous pouvez donc donner du cr\u00e9dit \u00e0 cette actualit\u00e9. Texte d\u2019origine : Au vu des informations transmises par M\u00e9t\u00e9o-France et conform\u00e9ment au plan de vigilance m\u00e9t\u00e9orologique, Le Pr\u00e9fet du Morbihan a plac\u00e9 le d\u00e9partement en \u00e9tat de vigilance m\u00e9t\u00e9orologique de JAUNE pour les ph\u00e9nom\u00e8nes suivants : AVIS DE VIGILANCE JAUNE \u2013 PIC DE CHALEUR. D\u00e9but de l\u2019\u00e9pisode: mercredi 10 ao\u00fbt 2022\u2026<\/p>\n","protected":false},"author":1,"featured_media":1172,"comment_status":"closed","ping_status":"closed","sticky":false,"template":"","format":"standard","meta":{"footnotes":""},"categories":[2],"tags":[],"blocksy_meta":{"styles_descriptor":{"styles":{"desktop":"","tablet":"","mobile":""},"google_fonts":[],"version":4}},"yoast_head":"<!-- This site is optimized with the Yoast SEO plugin v21.1 - https:\/\/yoast.com\/wordpress\/plugins\/seo\/ -->\n<title>Vous aimerez cette parution : VIGILANCE JAUNE \u2013 PIC DE CHALEUR - Viaromana et arch\u00e9ologie.<\/title>\n<meta name=\"description\" content=\"Vous aimerez cette parution : VIGILANCE JAUNE \u2013 PIC DE CHALEUR article de Viaromana et arch\u00e9ologie.\" \/>\n<meta name=\"robots\" content=\"index, follow, max-snippet:-1, max-image-preview:large, max-video-preview:-1\" \/>\n<link rel=\"canonical\" href=\"https:\/\/www.viaromana.org\/blog\/vous-aimerez-cette-parution-vigilance-jaune-pic-de-chaleur\/\" \/>\n<meta property=\"og:locale\" content=\"fr_FR\" \/>\n<meta property=\"og:type\" content=\"article\" \/>\n<meta property=\"og:title\" content=\"Vous aimerez cette parution : VIGILANCE JAUNE \u2013 PIC DE CHALEUR - Viaromana et arch\u00e9ologie.\" \/>\n<meta property=\"og:description\" content=\"Vous aimerez cette parution : VIGILANCE JAUNE \u2013 PIC DE CHALEUR article de Viaromana et arch\u00e9ologie.\" \/>\n<meta property=\"og:url\" content=\"https:\/\/www.viaromana.org\/blog\/vous-aimerez-cette-parution-vigilance-jaune-pic-de-chaleur\/\" \/>\n<meta property=\"og:site_name\" content=\"Viaromana et arch\u00e9ologie.\" \/>\n<meta property=\"article:published_time\" content=\"2022-08-10T15:03:04+00:00\" \/>\n<meta property=\"og:image\" content=\"https:\/\/www.viaromana.org\/blog\/wp-content\/uploads\/2022\/08\/de-l-scaled.jpg\" \/>\n\t<meta property=\"og:image:width\" content=\"2560\" \/>\n\t<meta property=\"og:image:height\" content=\"1707\" \/>\n\t<meta property=\"og:image:type\" content=\"image\/jpeg\" \/>\n<meta name=\"author\" content=\"Robert\" \/>\n<meta name=\"twitter:card\" content=\"summary_large_image\" \/>\n<meta name=\"twitter:label1\" content=\"\u00c9crit par\" \/>\n\t<meta name=\"twitter:data1\" content=\"Robert\" \/>\n\t<meta name=\"twitter:label2\" content=\"Dur\u00e9e de lecture estim\u00e9e\" \/>\n\t<meta name=\"twitter:data2\" content=\"2 minutes\" \/>\n<script type=\"application\/ld+json\" class=\"yoast-schema-graph\">{\"@context\":\"https:\/\/schema.org\",\"@graph\":[{\"@type\":\"Article\",\"@id\":\"https:\/\/www.viaromana.org\/blog\/vous-aimerez-cette-parution-vigilance-jaune-pic-de-chaleur\/#article\",\"isPartOf\":{\"@id\":\"https:\/\/www.viaromana.org\/blog\/vous-aimerez-cette-parution-vigilance-jaune-pic-de-chaleur\/\"},\"author\":{\"name\":\"Robert\",\"@id\":\"https:\/\/www.viaromana.org\/blog\/#\/schema\/person\/cde9c4655845091e1fe473fcd163c889\"},\"headline\":\"Vous aimerez cette parution : VIGILANCE JAUNE \u2013 PIC DE CHALEUR\",\"datePublished\":\"2022-08-10T15:03:04+00:00\",\"dateModified\":\"2022-08-10T15:03:04+00:00\",\"mainEntityOfPage\":{\"@id\":\"https:\/\/www.viaromana.org\/blog\/vous-aimerez-cette-parution-vigilance-jaune-pic-de-chaleur\/\"},\"wordCount\":381,\"publisher\":{\"@id\":\"https:\/\/www.viaromana.org\/blog\/#organization\"},\"articleSection\":[\"Arch\u00e9ologie\"],\"inLanguage\":\"fr-FR\"},{\"@type\":\"WebPage\",\"@id\":\"https:\/\/www.viaromana.org\/blog\/vous-aimerez-cette-parution-vigilance-jaune-pic-de-chaleur\/\",\"url\":\"https:\/\/www.viaromana.org\/blog\/vous-aimerez-cette-parution-vigilance-jaune-pic-de-chaleur\/\",\"name\":\"Vous aimerez cette parution : VIGILANCE JAUNE \u2013 PIC DE CHALEUR - Viaromana et arch\u00e9ologie.\",\"isPartOf\":{\"@id\":\"https:\/\/www.viaromana.org\/blog\/#website\"},\"datePublished\":\"2022-08-10T15:03:04+00:00\",\"dateModified\":\"2022-08-10T15:03:04+00:00\",\"description\":\"Vous aimerez cette parution : VIGILANCE JAUNE \u2013 PIC DE CHALEUR article de Viaromana et arch\u00e9ologie.\",\"breadcrumb\":{\"@id\":\"https:\/\/www.viaromana.org\/blog\/vous-aimerez-cette-parution-vigilance-jaune-pic-de-chaleur\/#breadcrumb\"},\"inLanguage\":\"fr-FR\",\"potentialAction\":[{\"@type\":\"ReadAction\",\"target\":[\"https:\/\/www.viaromana.org\/blog\/vous-aimerez-cette-parution-vigilance-jaune-pic-de-chaleur\/\"]}]},{\"@type\":\"BreadcrumbList\",\"@id\":\"https:\/\/www.viaromana.org\/blog\/vous-aimerez-cette-parution-vigilance-jaune-pic-de-chaleur\/#breadcrumb\",\"itemListElement\":[{\"@type\":\"ListItem\",\"position\":1,\"name\":\"Accueil\",\"item\":\"https:\/\/www.viaromana.org\/blog\/\"},{\"@type\":\"ListItem\",\"position\":2,\"name\":\"Vous aimerez cette parution : VIGILANCE JAUNE \u2013 PIC DE CHALEUR\"}]},{\"@type\":\"WebSite\",\"@id\":\"https:\/\/www.viaromana.org\/blog\/#website\",\"url\":\"https:\/\/www.viaromana.org\/blog\/\",\"name\":\"Viaromana et arch\u00e9ologie.\",\"description\":\"Site arch\u00e9ologique de la voie romaine (viaromana) Belgique-France-Rome\",\"publisher\":{\"@id\":\"https:\/\/www.viaromana.org\/blog\/#organization\"},\"potentialAction\":[{\"@type\":\"SearchAction\",\"target\":{\"@type\":\"EntryPoint\",\"urlTemplate\":\"https:\/\/www.viaromana.org\/blog\/?s={search_term_string}\"},\"query-input\":\"required name=search_term_string\"}],\"inLanguage\":\"fr-FR\"},{\"@type\":\"Organization\",\"@id\":\"https:\/\/www.viaromana.org\/blog\/#organization\",\"name\":\"viaromana\",\"url\":\"https:\/\/www.viaromana.org\/blog\/\",\"logo\":{\"@type\":\"ImageObject\",\"inLanguage\":\"fr-FR\",\"@id\":\"https:\/\/www.viaromana.org\/blog\/#\/schema\/logo\/image\/\",\"url\":\"https:\/\/www.viaromana.org\/blog\/wp-content\/uploads\/2021\/12\/logo-3.png\",\"contentUrl\":\"https:\/\/www.viaromana.org\/blog\/wp-content\/uploads\/2021\/12\/logo-3.png\",\"width\":300,\"height\":249,\"caption\":\"viaromana\"},\"image\":{\"@id\":\"https:\/\/www.viaromana.org\/blog\/#\/schema\/logo\/image\/\"}},{\"@type\":\"Person\",\"@id\":\"https:\/\/www.viaromana.org\/blog\/#\/schema\/person\/cde9c4655845091e1fe473fcd163c889\",\"name\":\"Robert\",\"image\":{\"@type\":\"ImageObject\",\"inLanguage\":\"fr-FR\",\"@id\":\"https:\/\/www.viaromana.org\/blog\/#\/schema\/person\/image\/\",\"url\":\"https:\/\/secure.gravatar.com\/avatar\/a168ec191013b636c2f278aec04e724b?s=96&d=mm&r=g\",\"contentUrl\":\"https:\/\/secure.gravatar.com\/avatar\/a168ec191013b636c2f278aec04e724b?s=96&d=mm&r=g\",\"caption\":\"Robert\"},\"sameAs\":[\"https:\/\/www.viaromana.org\/blog\"],\"url\":\"https:\/\/www.viaromana.org\/blog\/author\/anaadmin\/\"}]}<\/script>\n<!-- \/ Yoast SEO plugin. -->","yoast_head_json":{"title":"Vous aimerez cette parution : VIGILANCE JAUNE \u2013 PIC DE CHALEUR - Viaromana et arch\u00e9ologie.","description":"Vous aimerez cette parution : VIGILANCE JAUNE \u2013 PIC DE CHALEUR article de Viaromana et arch\u00e9ologie.","robots":{"index":"index","follow":"follow","max-snippet":"max-snippet:-1","max-image-preview":"max-image-preview:large","max-video-preview":"max-video-preview:-1"},"canonical":"https:\/\/www.viaromana.org\/blog\/vous-aimerez-cette-parution-vigilance-jaune-pic-de-chaleur\/","og_locale":"fr_FR","og_type":"article","og_title":"Vous aimerez cette parution : VIGILANCE JAUNE \u2013 PIC DE CHALEUR - Viaromana et arch\u00e9ologie.","og_description":"Vous aimerez cette parution : VIGILANCE JAUNE \u2013 PIC DE CHALEUR article de Viaromana et arch\u00e9ologie.","og_url":"https:\/\/www.viaromana.org\/blog\/vous-aimerez-cette-parution-vigilance-jaune-pic-de-chaleur\/","og_site_name":"Viaromana et arch\u00e9ologie.","article_published_time":"2022-08-10T15:03:04+00:00","og_image":[{"width":2560,"height":1707,"url":"https:\/\/www.viaromana.org\/blog\/wp-content\/uploads\/2022\/08\/de-l-scaled.jpg","type":"image\/jpeg"}],"author":"Robert","twitter_card":"summary_large_image","twitter_misc":{"\u00c9crit par":"Robert","Dur\u00e9e de lecture estim\u00e9e":"2 minutes"},"schema":{"@context":"https:\/\/schema.org","@graph":[{"@type":"Article","@id":"https:\/\/www.viaromana.org\/blog\/vous-aimerez-cette-parution-vigilance-jaune-pic-de-chaleur\/#article","isPartOf":{"@id":"https:\/\/www.viaromana.org\/blog\/vous-aimerez-cette-parution-vigilance-jaune-pic-de-chaleur\/"},"author":{"name":"Robert","@id":"https:\/\/www.viaromana.org\/blog\/#\/schema\/person\/cde9c4655845091e1fe473fcd163c889"},"headline":"Vous aimerez cette parution : VIGILANCE JAUNE \u2013 PIC DE CHALEUR","datePublished":"2022-08-10T15:03:04+00:00","dateModified":"2022-08-10T15:03:04+00:00","mainEntityOfPage":{"@id":"https:\/\/www.viaromana.org\/blog\/vous-aimerez-cette-parution-vigilance-jaune-pic-de-chaleur\/"},"wordCount":381,"publisher":{"@id":"https:\/\/www.viaromana.org\/blog\/#organization"},"articleSection":["Arch\u00e9ologie"],"inLanguage":"fr-FR"},{"@type":"WebPage","@id":"https:\/\/www.viaromana.org\/blog\/vous-aimerez-cette-parution-vigilance-jaune-pic-de-chaleur\/","url":"https:\/\/www.viaromana.org\/blog\/vous-aimerez-cette-parution-vigilance-jaune-pic-de-chaleur\/","name":"Vous aimerez cette parution : VIGILANCE JAUNE \u2013 PIC DE CHALEUR - Viaromana et arch\u00e9ologie.","isPartOf":{"@id":"https:\/\/www.viaromana.org\/blog\/#website"},"datePublished":"2022-08-10T15:03:04+00:00","dateModified":"2022-08-10T15:03:04+00:00","description":"Vous aimerez cette parution : VIGILANCE JAUNE \u2013 PIC DE CHALEUR article de Viaromana et arch\u00e9ologie.","breadcrumb":{"@id":"https:\/\/www.viaromana.org\/blog\/vous-aimerez-cette-parution-vigilance-jaune-pic-de-chaleur\/#breadcrumb"},"inLanguage":"fr-FR","potentialAction":[{"@type":"ReadAction","target":["https:\/\/www.viaromana.org\/blog\/vous-aimerez-cette-parution-vigilance-jaune-pic-de-chaleur\/"]}]},{"@type":"BreadcrumbList","@id":"https:\/\/www.viaromana.org\/blog\/vous-aimerez-cette-parution-vigilance-jaune-pic-de-chaleur\/#breadcrumb","itemListElement":[{"@type":"ListItem","position":1,"name":"Accueil","item":"https:\/\/www.viaromana.org\/blog\/"},{"@type":"ListItem","position":2,"name":"Vous aimerez cette parution : VIGILANCE JAUNE \u2013 PIC DE CHALEUR"}]},{"@type":"WebSite","@id":"https:\/\/www.viaromana.org\/blog\/#website","url":"https:\/\/www.viaromana.org\/blog\/","name":"Viaromana et arch\u00e9ologie.","description":"Site arch\u00e9ologique de la voie romaine (viaromana) Belgique-France-Rome","publisher":{"@id":"https:\/\/www.viaromana.org\/blog\/#organization"},"potentialAction":[{"@type":"SearchAction","target":{"@type":"EntryPoint","urlTemplate":"https:\/\/www.viaromana.org\/blog\/?s={search_term_string}"},"query-input":"required name=search_term_string"}],"inLanguage":"fr-FR"},{"@type":"Organization","@id":"https:\/\/www.viaromana.org\/blog\/#organization","name":"viaromana","url":"https:\/\/www.viaromana.org\/blog\/","logo":{"@type":"ImageObject","inLanguage":"fr-FR","@id":"https:\/\/www.viaromana.org\/blog\/#\/schema\/logo\/image\/","url":"https:\/\/www.viaromana.org\/blog\/wp-content\/uploads\/2021\/12\/logo-3.png","contentUrl":"https:\/\/www.viaromana.org\/blog\/wp-content\/uploads\/2021\/12\/logo-3.png","width":300,"height":249,"caption":"viaromana"},"image":{"@id":"https:\/\/www.viaromana.org\/blog\/#\/schema\/logo\/image\/"}},{"@type":"Person","@id":"https:\/\/www.viaromana.org\/blog\/#\/schema\/person\/cde9c4655845091e1fe473fcd163c889","name":"Robert","image":{"@type":"ImageObject","inLanguage":"fr-FR","@id":"https:\/\/www.viaromana.org\/blog\/#\/schema\/person\/image\/","url":"https:\/\/secure.gravatar.com\/avatar\/a168ec191013b636c2f278aec04e724b?s=96&d=mm&r=g","contentUrl":"https:\/\/secure.gravatar.com\/avatar\/a168ec191013b636c2f278aec04e724b?s=96&d=mm&r=g","caption":"Robert"},"sameAs":["https:\/\/www.viaromana.org\/blog"],"url":"https:\/\/www.viaromana.org\/blog\/author\/anaadmin\/"}]}},"_links":{"self":[{"href":"https:\/\/www.viaromana.org\/blog\/wp-json\/wp\/v2\/posts\/1171"}],"collection":[{"href":"https:\/\/www.viaromana.org\/blog\/wp-json\/wp\/v2\/posts"}],"about":[{"href":"https:\/\/www.viaromana.org\/blog\/wp-json\/wp\/v2\/types\/post"}],"author":[{"embeddable":true,"href":"https:\/\/www.viaromana.org\/blog\/wp-json\/wp\/v2\/users\/1"}],"replies":[{"embeddable":true,"href":"https:\/\/www.viaromana.org\/blog\/wp-json\/wp\/v2\/comments?post=1171"}],"version-history":[{"count":0,"href":"https:\/\/www.viaromana.org\/blog\/wp-json\/wp\/v2\/posts\/1171\/revisions"}],"wp:featuredmedia":[{"embeddable":true,"href":"https:\/\/www.viaromana.org\/blog\/wp-json\/wp\/v2\/media\/1172"}],"wp:attachment":[{"href":"https:\/\/www.viaromana.org\/blog\/wp-json\/wp\/v2\/media?parent=1171"}],"wp:term":[{"taxonomy":"category","embeddable":true,"href":"https:\/\/www.viaromana.org\/blog\/wp-json\/wp\/v2\/categories?post=1171"},{"taxonomy":"post_tag","embeddable":true,"href":"https:\/\/www.viaromana.org\/blog\/wp-json\/wp\/v2\/tags?post=1171"}],"curies":[{"name":"wp","href":"https:\/\/api.w.org\/{rel}","templated":true}]}}