{"id":1169,"date":"2022-08-09T15:47:30","date_gmt":"2022-08-09T13:47:30","guid":{"rendered":"https:\/\/www.site.cdcl.xyz\/2022\/08\/09\/sur-internet-festival-darvor-dansomp-ar-vro\/"},"modified":"2022-08-09T15:47:30","modified_gmt":"2022-08-09T13:47:30","slug":"sur-internet-festival-darvor-dansomp-ar-vro","status":"publish","type":"post","link":"https:\/\/www.viaromana.org\/blog\/sur-internet-festival-darvor-dansomp-ar-vro\/","title":{"rendered":"Sur internet : Festival d\u2019Arvor \u2013 Da\u00f1somp ar vro"},"content":{"rendered":"<p>Un fois de plus, ce site va vous divulguer un post qui circule sur internet. La th\u00e9matique est \u00abl\u2019arch\u00e9ologie\u00bb.<\/p>\n<p>Son titre s\u00e9duisant (Festival d\u2019Arvor \u2013 Da\u00f1somp ar vro) est \u00e9vocateur.<\/p>\n<p>Le journaliste (pr\u00e9sent\u00e9 sous le nom admin_vannes) est reconnu comme quelqu\u2019un de s\u00e9rieux pour plusieurs autres papiers qu\u2019il a publi\u00e9s sur le web.<\/p>\n<p>L\u2019encart a \u00e9t\u00e9 diffus\u00e9 \u00e0 une date not\u00e9e 2022-08-09 15:47:30.<\/p>\n<p>Voil\u00e0 lle \u00ab&nbsp;papier&nbsp;\u00bb : <\/p>\n<div>\n<p>Quoi de plus naturel que d\u2019ouvrir le festival d\u2019Arvor par les excellents ambassadeurs de la ville de Vannes, \u00e0 savoir son Bagad Melinerion et son Cercle Kelc\u2019h keltieg Gwened.&nbsp; La jeunesse tient une place de premier plan dans le projet associatif du festival d\u2019Arvor, le spectacle Da\u00f1somp ar vro ( Dansons le pays ) lance les festivit\u00e9s : 50 enfants des groupes de Pluneret et d\u2019Auray, 12 musiciens, une technologie mise au service du spectacle ( vid\u00e9o, lumi\u00e8res, d\u00e9cors\u2026 ), plus de 150 costumes\u2026&nbsp; &nbsp;<br \/>Un spectacle \u00e9poustouflant port\u00e9 par des ambassadeurs pleins d\u2019\u00e9nergie et d\u2019\u00e9motion.<\/p>\n<p>Le 12 ao\u00fbt, de 20h30 \u00e0 22h30. Tarif : 5 \u20ac (gratuit moins de 12 ans).<\/p>\n<\/div>\n<p>Ce objet vous a captiv\u00e9 vous aimerez pareillement ces parutions:<\/p>\n<p>Sur les pas de Rams\u00e8s.,<a target=\"_blank\" rel=\"nofollow\" href=\"https:\/\/www.viaromana.org\/blog\/goto\/https:\/\/booknode.com\/sur_les_pas_de_ramses_0116106\"  target=\"_blank\" rel=\"noopener noreferrer nofollow\">Le livre <\/a><span><\/span>.<\/p>\n<p>M\u00e9langes d\u2019Histoire et d\u2019arch\u00e9ologie agenaises.,<a target=\"_blank\" rel=\"nofollow\" href=\"https:\/\/www.viaromana.org\/blog\/goto\/https:\/\/www.epagine.fr\/ebook\/9782307005971-melanges-d-histoire-et-d-archeologie-agenaises-jean-r-marboutin\/\"  target=\"_blank\" rel=\"noopener noreferrer nofollow\">(la couverture) <\/a><span><\/span>.<\/p>\n<p>Pr\u00e9cis d\u2019arch\u00e9ologie biblique.,<a target=\"_blank\" rel=\"nofollow\" href=\"https:\/\/www.viaromana.org\/blog\/goto\/https:\/\/www.epagine.fr\/ebook\/9782307159438-precis-d-archeologie-biblique-augustin-georges-barrois\/\"  target=\"_blank\" rel=\"noopener noreferrer nofollow\">Ouvrage <\/a><span><\/span>.<\/p>\n<p>Manuel d\u2019arch\u00e9ologie \u00e9trusque et romaine.,<a target=\"_blank\" rel=\"nofollow\" href=\"https:\/\/www.viaromana.org\/blog\/goto\/https:\/\/www.epagine.fr\/ebook\/9782346060832-manuel-d-archeologie-etrusque-et-romaine-jules-martha\/\"  target=\"_blank\" rel=\"noopener noreferrer nofollow\">Ouvrage <\/a><span><\/span>.<\/p>\n","protected":false},"excerpt":{"rendered":"<p>Un fois de plus, ce site va vous divulguer un post qui circule sur internet. La th\u00e9matique est \u00abl\u2019arch\u00e9ologie\u00bb. Son titre s\u00e9duisant (Festival d\u2019Arvor \u2013 Da\u00f1somp ar vro) est \u00e9vocateur. Le journaliste (pr\u00e9sent\u00e9 sous le nom admin_vannes) est reconnu comme quelqu\u2019un de s\u00e9rieux pour plusieurs autres papiers qu\u2019il a publi\u00e9s sur le web. L\u2019encart a \u00e9t\u00e9 diffus\u00e9 \u00e0 une date not\u00e9e 2022-08-09 15:47:30. Voil\u00e0 lle \u00ab&nbsp;papier&nbsp;\u00bb : Quoi de plus naturel que d\u2019ouvrir le festival d\u2019Arvor par les excellents ambassadeurs de la ville de Vannes, \u00e0 savoir son Bagad Melinerion et son Cercle Kelc\u2019h keltieg Gwened.&nbsp; La jeunesse tient une\u2026<\/p>\n","protected":false},"author":1,"featured_media":1170,"comment_status":"closed","ping_status":"closed","sticky":false,"template":"","format":"standard","meta":{"footnotes":""},"categories":[2],"tags":[],"blocksy_meta":{"styles_descriptor":{"styles":{"desktop":"","tablet":"","mobile":""},"google_fonts":[],"version":4}},"yoast_head":"<!-- This site is optimized with the Yoast SEO plugin v21.1 - https:\/\/yoast.com\/wordpress\/plugins\/seo\/ -->\n<title>Sur internet : Festival d\u2019Arvor \u2013 Da\u00f1somp ar vro - Viaromana et arch\u00e9ologie.<\/title>\n<meta name=\"description\" content=\"Sur internet : Festival d\u2019Arvor \u2013 Da\u00f1somp ar vro article de Viaromana et arch\u00e9ologie.\" \/>\n<meta name=\"robots\" content=\"index, follow, max-snippet:-1, max-image-preview:large, max-video-preview:-1\" \/>\n<link rel=\"canonical\" href=\"https:\/\/www.viaromana.org\/blog\/sur-internet-festival-darvor-dansomp-ar-vro\/\" \/>\n<meta property=\"og:locale\" content=\"fr_FR\" \/>\n<meta property=\"og:type\" content=\"article\" \/>\n<meta property=\"og:title\" content=\"Sur internet : Festival d\u2019Arvor \u2013 Da\u00f1somp ar vro - Viaromana et arch\u00e9ologie.\" \/>\n<meta property=\"og:description\" content=\"Sur internet : Festival d\u2019Arvor \u2013 Da\u00f1somp ar vro article de Viaromana et arch\u00e9ologie.\" \/>\n<meta property=\"og:url\" content=\"https:\/\/www.viaromana.org\/blog\/sur-internet-festival-darvor-dansomp-ar-vro\/\" \/>\n<meta property=\"og:site_name\" content=\"Viaromana et arch\u00e9ologie.\" \/>\n<meta property=\"article:published_time\" content=\"2022-08-09T13:47:30+00:00\" \/>\n<meta property=\"og:image\" content=\"https:\/\/www.viaromana.org\/blog\/wp-content\/uploads\/2022\/08\/unnamed-file-1-scaled.jpg\" \/>\n\t<meta property=\"og:image:width\" content=\"1707\" \/>\n\t<meta property=\"og:image:height\" content=\"2560\" \/>\n\t<meta property=\"og:image:type\" content=\"image\/jpeg\" \/>\n<meta name=\"author\" content=\"Robert\" \/>\n<meta name=\"twitter:card\" content=\"summary_large_image\" \/>\n<meta name=\"twitter:label1\" content=\"\u00c9crit par\" \/>\n\t<meta name=\"twitter:data1\" content=\"Robert\" \/>\n\t<meta name=\"twitter:label2\" content=\"Dur\u00e9e de lecture estim\u00e9e\" \/>\n\t<meta name=\"twitter:data2\" content=\"1 minute\" \/>\n<script type=\"application\/ld+json\" class=\"yoast-schema-graph\">{\"@context\":\"https:\/\/schema.org\",\"@graph\":[{\"@type\":\"Article\",\"@id\":\"https:\/\/www.viaromana.org\/blog\/sur-internet-festival-darvor-dansomp-ar-vro\/#article\",\"isPartOf\":{\"@id\":\"https:\/\/www.viaromana.org\/blog\/sur-internet-festival-darvor-dansomp-ar-vro\/\"},\"author\":{\"name\":\"Robert\",\"@id\":\"https:\/\/www.viaromana.org\/blog\/#\/schema\/person\/cde9c4655845091e1fe473fcd163c889\"},\"headline\":\"Sur internet : Festival d\u2019Arvor \u2013 Da\u00f1somp ar vro\",\"datePublished\":\"2022-08-09T13:47:30+00:00\",\"dateModified\":\"2022-08-09T13:47:30+00:00\",\"mainEntityOfPage\":{\"@id\":\"https:\/\/www.viaromana.org\/blog\/sur-internet-festival-darvor-dansomp-ar-vro\/\"},\"wordCount\":245,\"publisher\":{\"@id\":\"https:\/\/www.viaromana.org\/blog\/#organization\"},\"articleSection\":[\"Arch\u00e9ologie\"],\"inLanguage\":\"fr-FR\"},{\"@type\":\"WebPage\",\"@id\":\"https:\/\/www.viaromana.org\/blog\/sur-internet-festival-darvor-dansomp-ar-vro\/\",\"url\":\"https:\/\/www.viaromana.org\/blog\/sur-internet-festival-darvor-dansomp-ar-vro\/\",\"name\":\"Sur internet : Festival d\u2019Arvor \u2013 Da\u00f1somp ar vro - Viaromana et arch\u00e9ologie.\",\"isPartOf\":{\"@id\":\"https:\/\/www.viaromana.org\/blog\/#website\"},\"datePublished\":\"2022-08-09T13:47:30+00:00\",\"dateModified\":\"2022-08-09T13:47:30+00:00\",\"description\":\"Sur internet : Festival d\u2019Arvor \u2013 Da\u00f1somp ar vro article de Viaromana et arch\u00e9ologie.\",\"breadcrumb\":{\"@id\":\"https:\/\/www.viaromana.org\/blog\/sur-internet-festival-darvor-dansomp-ar-vro\/#breadcrumb\"},\"inLanguage\":\"fr-FR\",\"potentialAction\":[{\"@type\":\"ReadAction\",\"target\":[\"https:\/\/www.viaromana.org\/blog\/sur-internet-festival-darvor-dansomp-ar-vro\/\"]}]},{\"@type\":\"BreadcrumbList\",\"@id\":\"https:\/\/www.viaromana.org\/blog\/sur-internet-festival-darvor-dansomp-ar-vro\/#breadcrumb\",\"itemListElement\":[{\"@type\":\"ListItem\",\"position\":1,\"name\":\"Accueil\",\"item\":\"https:\/\/www.viaromana.org\/blog\/\"},{\"@type\":\"ListItem\",\"position\":2,\"name\":\"Sur internet : Festival d\u2019Arvor \u2013 Da\u00f1somp ar vro\"}]},{\"@type\":\"WebSite\",\"@id\":\"https:\/\/www.viaromana.org\/blog\/#website\",\"url\":\"https:\/\/www.viaromana.org\/blog\/\",\"name\":\"Viaromana et arch\u00e9ologie.\",\"description\":\"Site arch\u00e9ologique de la voie romaine (viaromana) Belgique-France-Rome\",\"publisher\":{\"@id\":\"https:\/\/www.viaromana.org\/blog\/#organization\"},\"potentialAction\":[{\"@type\":\"SearchAction\",\"target\":{\"@type\":\"EntryPoint\",\"urlTemplate\":\"https:\/\/www.viaromana.org\/blog\/?s={search_term_string}\"},\"query-input\":\"required name=search_term_string\"}],\"inLanguage\":\"fr-FR\"},{\"@type\":\"Organization\",\"@id\":\"https:\/\/www.viaromana.org\/blog\/#organization\",\"name\":\"viaromana\",\"url\":\"https:\/\/www.viaromana.org\/blog\/\",\"logo\":{\"@type\":\"ImageObject\",\"inLanguage\":\"fr-FR\",\"@id\":\"https:\/\/www.viaromana.org\/blog\/#\/schema\/logo\/image\/\",\"url\":\"https:\/\/www.viaromana.org\/blog\/wp-content\/uploads\/2021\/12\/logo-3.png\",\"contentUrl\":\"https:\/\/www.viaromana.org\/blog\/wp-content\/uploads\/2021\/12\/logo-3.png\",\"width\":300,\"height\":249,\"caption\":\"viaromana\"},\"image\":{\"@id\":\"https:\/\/www.viaromana.org\/blog\/#\/schema\/logo\/image\/\"}},{\"@type\":\"Person\",\"@id\":\"https:\/\/www.viaromana.org\/blog\/#\/schema\/person\/cde9c4655845091e1fe473fcd163c889\",\"name\":\"Robert\",\"image\":{\"@type\":\"ImageObject\",\"inLanguage\":\"fr-FR\",\"@id\":\"https:\/\/www.viaromana.org\/blog\/#\/schema\/person\/image\/\",\"url\":\"https:\/\/secure.gravatar.com\/avatar\/a168ec191013b636c2f278aec04e724b?s=96&d=mm&r=g\",\"contentUrl\":\"https:\/\/secure.gravatar.com\/avatar\/a168ec191013b636c2f278aec04e724b?s=96&d=mm&r=g\",\"caption\":\"Robert\"},\"sameAs\":[\"https:\/\/www.viaromana.org\/blog\"],\"url\":\"https:\/\/www.viaromana.org\/blog\/author\/anaadmin\/\"}]}<\/script>\n<!-- \/ Yoast SEO plugin. -->","yoast_head_json":{"title":"Sur internet : Festival d\u2019Arvor \u2013 Da\u00f1somp ar vro - Viaromana et arch\u00e9ologie.","description":"Sur internet : Festival d\u2019Arvor \u2013 Da\u00f1somp ar vro article de Viaromana et arch\u00e9ologie.","robots":{"index":"index","follow":"follow","max-snippet":"max-snippet:-1","max-image-preview":"max-image-preview:large","max-video-preview":"max-video-preview:-1"},"canonical":"https:\/\/www.viaromana.org\/blog\/sur-internet-festival-darvor-dansomp-ar-vro\/","og_locale":"fr_FR","og_type":"article","og_title":"Sur internet : Festival d\u2019Arvor \u2013 Da\u00f1somp ar vro - Viaromana et arch\u00e9ologie.","og_description":"Sur internet : Festival d\u2019Arvor \u2013 Da\u00f1somp ar vro article de Viaromana et arch\u00e9ologie.","og_url":"https:\/\/www.viaromana.org\/blog\/sur-internet-festival-darvor-dansomp-ar-vro\/","og_site_name":"Viaromana et arch\u00e9ologie.","article_published_time":"2022-08-09T13:47:30+00:00","og_image":[{"width":1707,"height":2560,"url":"https:\/\/www.viaromana.org\/blog\/wp-content\/uploads\/2022\/08\/unnamed-file-1-scaled.jpg","type":"image\/jpeg"}],"author":"Robert","twitter_card":"summary_large_image","twitter_misc":{"\u00c9crit par":"Robert","Dur\u00e9e de lecture estim\u00e9e":"1 minute"},"schema":{"@context":"https:\/\/schema.org","@graph":[{"@type":"Article","@id":"https:\/\/www.viaromana.org\/blog\/sur-internet-festival-darvor-dansomp-ar-vro\/#article","isPartOf":{"@id":"https:\/\/www.viaromana.org\/blog\/sur-internet-festival-darvor-dansomp-ar-vro\/"},"author":{"name":"Robert","@id":"https:\/\/www.viaromana.org\/blog\/#\/schema\/person\/cde9c4655845091e1fe473fcd163c889"},"headline":"Sur internet : Festival d\u2019Arvor \u2013 Da\u00f1somp ar vro","datePublished":"2022-08-09T13:47:30+00:00","dateModified":"2022-08-09T13:47:30+00:00","mainEntityOfPage":{"@id":"https:\/\/www.viaromana.org\/blog\/sur-internet-festival-darvor-dansomp-ar-vro\/"},"wordCount":245,"publisher":{"@id":"https:\/\/www.viaromana.org\/blog\/#organization"},"articleSection":["Arch\u00e9ologie"],"inLanguage":"fr-FR"},{"@type":"WebPage","@id":"https:\/\/www.viaromana.org\/blog\/sur-internet-festival-darvor-dansomp-ar-vro\/","url":"https:\/\/www.viaromana.org\/blog\/sur-internet-festival-darvor-dansomp-ar-vro\/","name":"Sur internet : Festival d\u2019Arvor \u2013 Da\u00f1somp ar vro - Viaromana et arch\u00e9ologie.","isPartOf":{"@id":"https:\/\/www.viaromana.org\/blog\/#website"},"datePublished":"2022-08-09T13:47:30+00:00","dateModified":"2022-08-09T13:47:30+00:00","description":"Sur internet : Festival d\u2019Arvor \u2013 Da\u00f1somp ar vro article de Viaromana et arch\u00e9ologie.","breadcrumb":{"@id":"https:\/\/www.viaromana.org\/blog\/sur-internet-festival-darvor-dansomp-ar-vro\/#breadcrumb"},"inLanguage":"fr-FR","potentialAction":[{"@type":"ReadAction","target":["https:\/\/www.viaromana.org\/blog\/sur-internet-festival-darvor-dansomp-ar-vro\/"]}]},{"@type":"BreadcrumbList","@id":"https:\/\/www.viaromana.org\/blog\/sur-internet-festival-darvor-dansomp-ar-vro\/#breadcrumb","itemListElement":[{"@type":"ListItem","position":1,"name":"Accueil","item":"https:\/\/www.viaromana.org\/blog\/"},{"@type":"ListItem","position":2,"name":"Sur internet : Festival d\u2019Arvor \u2013 Da\u00f1somp ar vro"}]},{"@type":"WebSite","@id":"https:\/\/www.viaromana.org\/blog\/#website","url":"https:\/\/www.viaromana.org\/blog\/","name":"Viaromana et arch\u00e9ologie.","description":"Site arch\u00e9ologique de la voie romaine (viaromana) Belgique-France-Rome","publisher":{"@id":"https:\/\/www.viaromana.org\/blog\/#organization"},"potentialAction":[{"@type":"SearchAction","target":{"@type":"EntryPoint","urlTemplate":"https:\/\/www.viaromana.org\/blog\/?s={search_term_string}"},"query-input":"required name=search_term_string"}],"inLanguage":"fr-FR"},{"@type":"Organization","@id":"https:\/\/www.viaromana.org\/blog\/#organization","name":"viaromana","url":"https:\/\/www.viaromana.org\/blog\/","logo":{"@type":"ImageObject","inLanguage":"fr-FR","@id":"https:\/\/www.viaromana.org\/blog\/#\/schema\/logo\/image\/","url":"https:\/\/www.viaromana.org\/blog\/wp-content\/uploads\/2021\/12\/logo-3.png","contentUrl":"https:\/\/www.viaromana.org\/blog\/wp-content\/uploads\/2021\/12\/logo-3.png","width":300,"height":249,"caption":"viaromana"},"image":{"@id":"https:\/\/www.viaromana.org\/blog\/#\/schema\/logo\/image\/"}},{"@type":"Person","@id":"https:\/\/www.viaromana.org\/blog\/#\/schema\/person\/cde9c4655845091e1fe473fcd163c889","name":"Robert","image":{"@type":"ImageObject","inLanguage":"fr-FR","@id":"https:\/\/www.viaromana.org\/blog\/#\/schema\/person\/image\/","url":"https:\/\/secure.gravatar.com\/avatar\/a168ec191013b636c2f278aec04e724b?s=96&d=mm&r=g","contentUrl":"https:\/\/secure.gravatar.com\/avatar\/a168ec191013b636c2f278aec04e724b?s=96&d=mm&r=g","caption":"Robert"},"sameAs":["https:\/\/www.viaromana.org\/blog"],"url":"https:\/\/www.viaromana.org\/blog\/author\/anaadmin\/"}]}},"_links":{"self":[{"href":"https:\/\/www.viaromana.org\/blog\/wp-json\/wp\/v2\/posts\/1169"}],"collection":[{"href":"https:\/\/www.viaromana.org\/blog\/wp-json\/wp\/v2\/posts"}],"about":[{"href":"https:\/\/www.viaromana.org\/blog\/wp-json\/wp\/v2\/types\/post"}],"author":[{"embeddable":true,"href":"https:\/\/www.viaromana.org\/blog\/wp-json\/wp\/v2\/users\/1"}],"replies":[{"embeddable":true,"href":"https:\/\/www.viaromana.org\/blog\/wp-json\/wp\/v2\/comments?post=1169"}],"version-history":[{"count":0,"href":"https:\/\/www.viaromana.org\/blog\/wp-json\/wp\/v2\/posts\/1169\/revisions"}],"wp:featuredmedia":[{"embeddable":true,"href":"https:\/\/www.viaromana.org\/blog\/wp-json\/wp\/v2\/media\/1170"}],"wp:attachment":[{"href":"https:\/\/www.viaromana.org\/blog\/wp-json\/wp\/v2\/media?parent=1169"}],"wp:term":[{"taxonomy":"category","embeddable":true,"href":"https:\/\/www.viaromana.org\/blog\/wp-json\/wp\/v2\/categories?post=1169"},{"taxonomy":"post_tag","embeddable":true,"href":"https:\/\/www.viaromana.org\/blog\/wp-json\/wp\/v2\/tags?post=1169"}],"curies":[{"name":"wp","href":"https:\/\/api.w.org\/{rel}","templated":true}]}}