{"id":1153,"date":"2022-07-28T11:24:01","date_gmt":"2022-07-28T09:24:01","guid":{"rendered":"https:\/\/www.site.cdcl.xyz\/2022\/07\/28\/infos-pour-les-fans-travailleur-social-f-h-cdd\/"},"modified":"2022-07-28T11:24:01","modified_gmt":"2022-07-28T09:24:01","slug":"infos-pour-les-fans-travailleur-social-f-h-cdd","status":"publish","type":"post","link":"https:\/\/www.viaromana.org\/blog\/infos-pour-les-fans-travailleur-social-f-h-cdd\/","title":{"rendered":"Infos pour les fans : Travailleur social (F\/H) \u2013 CDD"},"content":{"rendered":"<p>Notre \u00e9quipe vient de trouver ce post sur le th\u00e8me \u00ab&nbsp;l\u2019arch\u00e9ologie&nbsp;\u00bb. Avec r\u00e9gal nous vous en r\u00e9v\u00e9lons l\u2019essentiel ci-dessous.<\/p>\n<p>Son titre (Travailleur social (F\/H) \u2013 CDD) est \u00e9vocateur.<\/p>\n<p>Le journaliste (pr\u00e9sent\u00e9 sous la signature admin_vannes) est positivement connu.<\/p>\n<p>Vous pouvez prendre connaissance de ces r\u00e9v\u00e9lations en toute tranquillit\u00e9.<\/p>\n<p>La date de publication est 2022-07-28 11:24:01.<\/p>\n<div>\n<p><strong>R\u00e9f\u00e9rent de parcours de R\u00e9ussite \u00e9ducative, au sein du service de D\u00e9veloppement Social Urbain, \u00e0 50 %, sous la responsabilit\u00e9 du coordonnateur Local du PRE :<\/strong><\/p>\n<p>\u2013 Assurer la mise en \u0153uvre et le suivi des parcours personnalis\u00e9s de R\u00e9ussite Educative en lien avec des enfants \u00e2g\u00e9s de 3 \u00e0 16 ans, leurs familles, ainsi que les professionnels, structures et institutions.<\/p>\n<ul>\n<li>Participer aux diagnostics de situations individuelles,<\/li>\n<li>Organiser et assurer le suivi des parcours,<\/li>\n<li>Accompagner les enfants et les familles dans les relations avec les institutions \u00e9ducatives et m\u00e9dico-sociales,<\/li>\n<li>Participer \u00e0 l\u2019\u00e9laboration d\u2019actions collectives,<\/li>\n<li>Participer \u00e0 l\u2019\u00e9valuation des mesures mises en \u0153uvre.<\/li>\n<li>Instruire les dossiers.<\/li>\n<\/ul>\n<\/div>\n<p>Livres sur un th\u00e8me \u00e9quivalent:<\/p>\n<p>Regency, Tome 1 : Le mari\u00e9 maudit.,<a target=\"_blank\" rel=\"nofollow\" href=\"https:\/\/www.viaromana.org\/blog\/goto\/https:\/\/booknode.com\/regency_tome_1_le_marie_maudit_074154\"  target=\"_blank\" rel=\"noopener noreferrer nofollow\">A voir et \u00e0 lire. <\/a><span><\/span>. Disponible sur internet.<\/p>\n<p>Pierre et Arch\u00e9ologie \u2013 Tautavel, 14-15-16 mai 1998.,<a target=\"_blank\" rel=\"nofollow\" href=\"https:\/\/www.viaromana.org\/blog\/goto\/https:\/\/booknode.com\/pierre_et_archeologie_tautavel_14_15_16_mai_1998_098002\"  target=\"_blank\" rel=\"noopener noreferrer nofollow\">(la couverture) <\/a><span><\/span>.<\/p>\n<p>Suzanne C\u00e9saire ; arch\u00e9ologie litt\u00e9raire et artistique d\u2019une m\u00e9moire emp\u00each\u00e9e.,<a target=\"_blank\" rel=\"nofollow\" href=\"https:\/\/www.viaromana.org\/blog\/goto\/https:\/\/www.epagine.fr\/ebook\/9782811127961-suzanne-cesaire-archeologie-litteraire-et-artistique-d-une-memoire-empechee-anny-dominique-curtius\/\"  target=\"_blank\" rel=\"noopener noreferrer nofollow\">Ouvrage <\/a><span><\/span>. A emprunter en biblioth\u00e8que.<\/p>\n<p>Manuel d\u2019arch\u00e9ologie.,<a target=\"_blank\" rel=\"nofollow\" href=\"https:\/\/www.viaromana.org\/blog\/goto\/https:\/\/www.epagine.fr\/ebook\/9782200619169-manuel-d-archeologie-francois-djindjian\/\"  target=\"_blank\" rel=\"noopener noreferrer nofollow\">Le livre <\/a><span><\/span>.<\/p>\n","protected":false},"excerpt":{"rendered":"<p>Notre \u00e9quipe vient de trouver ce post sur le th\u00e8me \u00ab&nbsp;l\u2019arch\u00e9ologie&nbsp;\u00bb. Avec r\u00e9gal nous vous en r\u00e9v\u00e9lons l\u2019essentiel ci-dessous. Son titre (Travailleur social (F\/H) \u2013 CDD) est \u00e9vocateur. Le journaliste (pr\u00e9sent\u00e9 sous la signature admin_vannes) est positivement connu. Vous pouvez prendre connaissance de ces r\u00e9v\u00e9lations en toute tranquillit\u00e9. La date de publication est 2022-07-28 11:24:01. R\u00e9f\u00e9rent de parcours de R\u00e9ussite \u00e9ducative, au sein du service de D\u00e9veloppement Social Urbain, \u00e0 50 %, sous la responsabilit\u00e9 du coordonnateur Local du PRE : \u2013 Assurer la mise en \u0153uvre et le suivi des parcours personnalis\u00e9s de R\u00e9ussite Educative en lien avec des\u2026<\/p>\n","protected":false},"author":1,"featured_media":1154,"comment_status":"closed","ping_status":"closed","sticky":false,"template":"","format":"standard","meta":{"footnotes":""},"categories":[2],"tags":[],"blocksy_meta":{"styles_descriptor":{"styles":{"desktop":"","tablet":"","mobile":""},"google_fonts":[],"version":4}},"yoast_head":"<!-- This site is optimized with the Yoast SEO plugin v21.1 - https:\/\/yoast.com\/wordpress\/plugins\/seo\/ -->\n<title>Infos pour les fans : Travailleur social (F\/H) \u2013 CDD - Viaromana et arch\u00e9ologie.<\/title>\n<meta name=\"description\" content=\"Infos pour les fans : Travailleur social (F\/H) \u2013 CDD article de Viaromana et arch\u00e9ologie.\" \/>\n<meta name=\"robots\" content=\"index, follow, max-snippet:-1, max-image-preview:large, max-video-preview:-1\" \/>\n<link rel=\"canonical\" href=\"https:\/\/www.viaromana.org\/blog\/infos-pour-les-fans-travailleur-social-f-h-cdd\/\" \/>\n<meta property=\"og:locale\" content=\"fr_FR\" \/>\n<meta property=\"og:type\" content=\"article\" \/>\n<meta property=\"og:title\" content=\"Infos pour les fans : Travailleur social (F\/H) \u2013 CDD - Viaromana et arch\u00e9ologie.\" \/>\n<meta property=\"og:description\" content=\"Infos pour les fans : Travailleur social (F\/H) \u2013 CDD article de Viaromana et arch\u00e9ologie.\" \/>\n<meta property=\"og:url\" content=\"https:\/\/www.viaromana.org\/blog\/infos-pour-les-fans-travailleur-social-f-h-cdd\/\" \/>\n<meta property=\"og:site_name\" content=\"Viaromana et arch\u00e9ologie.\" \/>\n<meta property=\"article:published_time\" content=\"2022-07-28T09:24:01+00:00\" \/>\n<meta property=\"og:image\" content=\"https:\/\/www.viaromana.org\/blog\/wp-content\/uploads\/2022\/07\/unnamed-file-15.jpg\" \/>\n\t<meta property=\"og:image:width\" content=\"1024\" \/>\n\t<meta property=\"og:image:height\" content=\"681\" \/>\n\t<meta property=\"og:image:type\" content=\"image\/jpeg\" \/>\n<meta name=\"author\" content=\"Robert\" \/>\n<meta name=\"twitter:card\" content=\"summary_large_image\" \/>\n<meta name=\"twitter:label1\" content=\"\u00c9crit par\" \/>\n\t<meta name=\"twitter:data1\" content=\"Robert\" \/>\n\t<meta name=\"twitter:label2\" content=\"Dur\u00e9e de lecture estim\u00e9e\" \/>\n\t<meta name=\"twitter:data2\" content=\"1 minute\" \/>\n<script type=\"application\/ld+json\" class=\"yoast-schema-graph\">{\"@context\":\"https:\/\/schema.org\",\"@graph\":[{\"@type\":\"Article\",\"@id\":\"https:\/\/www.viaromana.org\/blog\/infos-pour-les-fans-travailleur-social-f-h-cdd\/#article\",\"isPartOf\":{\"@id\":\"https:\/\/www.viaromana.org\/blog\/infos-pour-les-fans-travailleur-social-f-h-cdd\/\"},\"author\":{\"name\":\"Robert\",\"@id\":\"https:\/\/www.viaromana.org\/blog\/#\/schema\/person\/cde9c4655845091e1fe473fcd163c889\"},\"headline\":\"Infos pour les fans : Travailleur social (F\/H) \u2013 CDD\",\"datePublished\":\"2022-07-28T09:24:01+00:00\",\"dateModified\":\"2022-07-28T09:24:01+00:00\",\"mainEntityOfPage\":{\"@id\":\"https:\/\/www.viaromana.org\/blog\/infos-pour-les-fans-travailleur-social-f-h-cdd\/\"},\"wordCount\":239,\"publisher\":{\"@id\":\"https:\/\/www.viaromana.org\/blog\/#organization\"},\"articleSection\":[\"Arch\u00e9ologie\"],\"inLanguage\":\"fr-FR\"},{\"@type\":\"WebPage\",\"@id\":\"https:\/\/www.viaromana.org\/blog\/infos-pour-les-fans-travailleur-social-f-h-cdd\/\",\"url\":\"https:\/\/www.viaromana.org\/blog\/infos-pour-les-fans-travailleur-social-f-h-cdd\/\",\"name\":\"Infos pour les fans : Travailleur social (F\/H) \u2013 CDD - Viaromana et arch\u00e9ologie.\",\"isPartOf\":{\"@id\":\"https:\/\/www.viaromana.org\/blog\/#website\"},\"datePublished\":\"2022-07-28T09:24:01+00:00\",\"dateModified\":\"2022-07-28T09:24:01+00:00\",\"description\":\"Infos pour les fans : Travailleur social (F\/H) \u2013 CDD article de Viaromana et arch\u00e9ologie.\",\"breadcrumb\":{\"@id\":\"https:\/\/www.viaromana.org\/blog\/infos-pour-les-fans-travailleur-social-f-h-cdd\/#breadcrumb\"},\"inLanguage\":\"fr-FR\",\"potentialAction\":[{\"@type\":\"ReadAction\",\"target\":[\"https:\/\/www.viaromana.org\/blog\/infos-pour-les-fans-travailleur-social-f-h-cdd\/\"]}]},{\"@type\":\"BreadcrumbList\",\"@id\":\"https:\/\/www.viaromana.org\/blog\/infos-pour-les-fans-travailleur-social-f-h-cdd\/#breadcrumb\",\"itemListElement\":[{\"@type\":\"ListItem\",\"position\":1,\"name\":\"Accueil\",\"item\":\"https:\/\/www.viaromana.org\/blog\/\"},{\"@type\":\"ListItem\",\"position\":2,\"name\":\"Infos pour les fans : Travailleur social (F\/H) \u2013 CDD\"}]},{\"@type\":\"WebSite\",\"@id\":\"https:\/\/www.viaromana.org\/blog\/#website\",\"url\":\"https:\/\/www.viaromana.org\/blog\/\",\"name\":\"Viaromana et arch\u00e9ologie.\",\"description\":\"Site arch\u00e9ologique de la voie romaine (viaromana) Belgique-France-Rome\",\"publisher\":{\"@id\":\"https:\/\/www.viaromana.org\/blog\/#organization\"},\"potentialAction\":[{\"@type\":\"SearchAction\",\"target\":{\"@type\":\"EntryPoint\",\"urlTemplate\":\"https:\/\/www.viaromana.org\/blog\/?s={search_term_string}\"},\"query-input\":\"required name=search_term_string\"}],\"inLanguage\":\"fr-FR\"},{\"@type\":\"Organization\",\"@id\":\"https:\/\/www.viaromana.org\/blog\/#organization\",\"name\":\"viaromana\",\"url\":\"https:\/\/www.viaromana.org\/blog\/\",\"logo\":{\"@type\":\"ImageObject\",\"inLanguage\":\"fr-FR\",\"@id\":\"https:\/\/www.viaromana.org\/blog\/#\/schema\/logo\/image\/\",\"url\":\"https:\/\/www.viaromana.org\/blog\/wp-content\/uploads\/2021\/12\/logo-3.png\",\"contentUrl\":\"https:\/\/www.viaromana.org\/blog\/wp-content\/uploads\/2021\/12\/logo-3.png\",\"width\":300,\"height\":249,\"caption\":\"viaromana\"},\"image\":{\"@id\":\"https:\/\/www.viaromana.org\/blog\/#\/schema\/logo\/image\/\"}},{\"@type\":\"Person\",\"@id\":\"https:\/\/www.viaromana.org\/blog\/#\/schema\/person\/cde9c4655845091e1fe473fcd163c889\",\"name\":\"Robert\",\"image\":{\"@type\":\"ImageObject\",\"inLanguage\":\"fr-FR\",\"@id\":\"https:\/\/www.viaromana.org\/blog\/#\/schema\/person\/image\/\",\"url\":\"https:\/\/secure.gravatar.com\/avatar\/a168ec191013b636c2f278aec04e724b?s=96&d=mm&r=g\",\"contentUrl\":\"https:\/\/secure.gravatar.com\/avatar\/a168ec191013b636c2f278aec04e724b?s=96&d=mm&r=g\",\"caption\":\"Robert\"},\"sameAs\":[\"https:\/\/www.viaromana.org\/blog\"],\"url\":\"https:\/\/www.viaromana.org\/blog\/author\/anaadmin\/\"}]}<\/script>\n<!-- \/ Yoast SEO plugin. -->","yoast_head_json":{"title":"Infos pour les fans : Travailleur social (F\/H) \u2013 CDD - Viaromana et arch\u00e9ologie.","description":"Infos pour les fans : Travailleur social (F\/H) \u2013 CDD article de Viaromana et arch\u00e9ologie.","robots":{"index":"index","follow":"follow","max-snippet":"max-snippet:-1","max-image-preview":"max-image-preview:large","max-video-preview":"max-video-preview:-1"},"canonical":"https:\/\/www.viaromana.org\/blog\/infos-pour-les-fans-travailleur-social-f-h-cdd\/","og_locale":"fr_FR","og_type":"article","og_title":"Infos pour les fans : Travailleur social (F\/H) \u2013 CDD - Viaromana et arch\u00e9ologie.","og_description":"Infos pour les fans : Travailleur social (F\/H) \u2013 CDD article de Viaromana et arch\u00e9ologie.","og_url":"https:\/\/www.viaromana.org\/blog\/infos-pour-les-fans-travailleur-social-f-h-cdd\/","og_site_name":"Viaromana et arch\u00e9ologie.","article_published_time":"2022-07-28T09:24:01+00:00","og_image":[{"width":1024,"height":681,"url":"https:\/\/www.viaromana.org\/blog\/wp-content\/uploads\/2022\/07\/unnamed-file-15.jpg","type":"image\/jpeg"}],"author":"Robert","twitter_card":"summary_large_image","twitter_misc":{"\u00c9crit par":"Robert","Dur\u00e9e de lecture estim\u00e9e":"1 minute"},"schema":{"@context":"https:\/\/schema.org","@graph":[{"@type":"Article","@id":"https:\/\/www.viaromana.org\/blog\/infos-pour-les-fans-travailleur-social-f-h-cdd\/#article","isPartOf":{"@id":"https:\/\/www.viaromana.org\/blog\/infos-pour-les-fans-travailleur-social-f-h-cdd\/"},"author":{"name":"Robert","@id":"https:\/\/www.viaromana.org\/blog\/#\/schema\/person\/cde9c4655845091e1fe473fcd163c889"},"headline":"Infos pour les fans : Travailleur social (F\/H) \u2013 CDD","datePublished":"2022-07-28T09:24:01+00:00","dateModified":"2022-07-28T09:24:01+00:00","mainEntityOfPage":{"@id":"https:\/\/www.viaromana.org\/blog\/infos-pour-les-fans-travailleur-social-f-h-cdd\/"},"wordCount":239,"publisher":{"@id":"https:\/\/www.viaromana.org\/blog\/#organization"},"articleSection":["Arch\u00e9ologie"],"inLanguage":"fr-FR"},{"@type":"WebPage","@id":"https:\/\/www.viaromana.org\/blog\/infos-pour-les-fans-travailleur-social-f-h-cdd\/","url":"https:\/\/www.viaromana.org\/blog\/infos-pour-les-fans-travailleur-social-f-h-cdd\/","name":"Infos pour les fans : Travailleur social (F\/H) \u2013 CDD - Viaromana et arch\u00e9ologie.","isPartOf":{"@id":"https:\/\/www.viaromana.org\/blog\/#website"},"datePublished":"2022-07-28T09:24:01+00:00","dateModified":"2022-07-28T09:24:01+00:00","description":"Infos pour les fans : Travailleur social (F\/H) \u2013 CDD article de Viaromana et arch\u00e9ologie.","breadcrumb":{"@id":"https:\/\/www.viaromana.org\/blog\/infos-pour-les-fans-travailleur-social-f-h-cdd\/#breadcrumb"},"inLanguage":"fr-FR","potentialAction":[{"@type":"ReadAction","target":["https:\/\/www.viaromana.org\/blog\/infos-pour-les-fans-travailleur-social-f-h-cdd\/"]}]},{"@type":"BreadcrumbList","@id":"https:\/\/www.viaromana.org\/blog\/infos-pour-les-fans-travailleur-social-f-h-cdd\/#breadcrumb","itemListElement":[{"@type":"ListItem","position":1,"name":"Accueil","item":"https:\/\/www.viaromana.org\/blog\/"},{"@type":"ListItem","position":2,"name":"Infos pour les fans : Travailleur social (F\/H) \u2013 CDD"}]},{"@type":"WebSite","@id":"https:\/\/www.viaromana.org\/blog\/#website","url":"https:\/\/www.viaromana.org\/blog\/","name":"Viaromana et arch\u00e9ologie.","description":"Site arch\u00e9ologique de la voie romaine (viaromana) Belgique-France-Rome","publisher":{"@id":"https:\/\/www.viaromana.org\/blog\/#organization"},"potentialAction":[{"@type":"SearchAction","target":{"@type":"EntryPoint","urlTemplate":"https:\/\/www.viaromana.org\/blog\/?s={search_term_string}"},"query-input":"required name=search_term_string"}],"inLanguage":"fr-FR"},{"@type":"Organization","@id":"https:\/\/www.viaromana.org\/blog\/#organization","name":"viaromana","url":"https:\/\/www.viaromana.org\/blog\/","logo":{"@type":"ImageObject","inLanguage":"fr-FR","@id":"https:\/\/www.viaromana.org\/blog\/#\/schema\/logo\/image\/","url":"https:\/\/www.viaromana.org\/blog\/wp-content\/uploads\/2021\/12\/logo-3.png","contentUrl":"https:\/\/www.viaromana.org\/blog\/wp-content\/uploads\/2021\/12\/logo-3.png","width":300,"height":249,"caption":"viaromana"},"image":{"@id":"https:\/\/www.viaromana.org\/blog\/#\/schema\/logo\/image\/"}},{"@type":"Person","@id":"https:\/\/www.viaromana.org\/blog\/#\/schema\/person\/cde9c4655845091e1fe473fcd163c889","name":"Robert","image":{"@type":"ImageObject","inLanguage":"fr-FR","@id":"https:\/\/www.viaromana.org\/blog\/#\/schema\/person\/image\/","url":"https:\/\/secure.gravatar.com\/avatar\/a168ec191013b636c2f278aec04e724b?s=96&d=mm&r=g","contentUrl":"https:\/\/secure.gravatar.com\/avatar\/a168ec191013b636c2f278aec04e724b?s=96&d=mm&r=g","caption":"Robert"},"sameAs":["https:\/\/www.viaromana.org\/blog"],"url":"https:\/\/www.viaromana.org\/blog\/author\/anaadmin\/"}]}},"_links":{"self":[{"href":"https:\/\/www.viaromana.org\/blog\/wp-json\/wp\/v2\/posts\/1153"}],"collection":[{"href":"https:\/\/www.viaromana.org\/blog\/wp-json\/wp\/v2\/posts"}],"about":[{"href":"https:\/\/www.viaromana.org\/blog\/wp-json\/wp\/v2\/types\/post"}],"author":[{"embeddable":true,"href":"https:\/\/www.viaromana.org\/blog\/wp-json\/wp\/v2\/users\/1"}],"replies":[{"embeddable":true,"href":"https:\/\/www.viaromana.org\/blog\/wp-json\/wp\/v2\/comments?post=1153"}],"version-history":[{"count":0,"href":"https:\/\/www.viaromana.org\/blog\/wp-json\/wp\/v2\/posts\/1153\/revisions"}],"wp:featuredmedia":[{"embeddable":true,"href":"https:\/\/www.viaromana.org\/blog\/wp-json\/wp\/v2\/media\/1154"}],"wp:attachment":[{"href":"https:\/\/www.viaromana.org\/blog\/wp-json\/wp\/v2\/media?parent=1153"}],"wp:term":[{"taxonomy":"category","embeddable":true,"href":"https:\/\/www.viaromana.org\/blog\/wp-json\/wp\/v2\/categories?post=1153"},{"taxonomy":"post_tag","embeddable":true,"href":"https:\/\/www.viaromana.org\/blog\/wp-json\/wp\/v2\/tags?post=1153"}],"curies":[{"name":"wp","href":"https:\/\/api.w.org\/{rel}","templated":true}]}}