{"id":1145,"date":"2022-07-12T11:35:09","date_gmt":"2022-07-12T09:35:09","guid":{"rendered":"https:\/\/www.site.cdcl.xyz\/2022\/07\/12\/infos-pour-les-passionnes-les-cours-decole-changent-de-visage\/"},"modified":"2022-07-12T11:35:09","modified_gmt":"2022-07-12T09:35:09","slug":"infos-pour-les-passionnes-les-cours-decole-changent-de-visage","status":"publish","type":"post","link":"https:\/\/www.viaromana.org\/blog\/infos-pour-les-passionnes-les-cours-decole-changent-de-visage\/","title":{"rendered":"Infos pour les passionn\u00e9s : Les cours d\u2019\u00e9cole changent de visage !"},"content":{"rendered":"<p>Voil\u00e0 qui va vous s\u00e9duire : Un nouvel article que nous venons de identifier sur le web et que nous vous proposons ci-dessous. Le propos est \u00ab&nbsp;l\u2019arch\u00e9ologie&nbsp;\u00bb.<\/p>\n<p>Le titre (Les cours d\u2019\u00e9cole changent de visage !) est \u00e9vocateur.<\/p>\n<p>L\u2019auteur (pr\u00e9sent\u00e9 sous la signature Robin DROMARD) est reconnu comme quelqu\u2019un de s\u00e9rieux pour plusieurs autres textes qu\u2019il a publi\u00e9s sur internet.<\/p>\n<p>Vous pouvez de ce fait vous fier aux infos qu\u2019il \u00e9dite.<\/p>\n<div>\n<p class=\"lead\"><span><img decoding=\"async\" loading=\"lazy\" class=\"alignnone wp-image-24845 size-img-article\" src=\"https:\/\/www.viaromana.org\/blog\/wp-content\/uploads\/2022\/07\/infos-pour-les-passionnes-les-cours-decole-changent-de-visage.jpg\" alt width=\"550\" height=\"367\"><\/span><\/p>\n<p><span>Les travaux de renaturation des cours d\u2019\u00e9cole des groupes Pr\u00e9vert et Richebourg ont commenc\u00e9 hier, initiant par la m\u00eame occasion une premi\u00e8re r\u00e9union de chantier <em>in situ<\/em> entre les entreprises de construction Colas SJE, Id Verde, les bureaux d\u2019\u00e9tudes Verdi, JDM paysagistes, et les services techniques de la Ville ainsi que Geoffrey Visi, Conseiller municipal d\u00e9l\u00e9gu\u00e9 au cadre de vie. <\/span><span>Cette tranche principale de travaux durera jusqu\u2019\u00e0 la rentr\u00e9e scolaire de septembre et les finitions seront r\u00e9alis\u00e9es pendant les vacances de la Toussaint.<\/span><\/p>\n<\/p><\/div>\n<div>\n<p><span> Le Maire, Jean-Yves Ravier, et le Conseiller municipal ont ensuite pr\u00e9sent\u00e9 le projet \u00e0 une d\u00e9l\u00e9gation de la Ville de Saint-Claude, \u00e9galement en r\u00e9flexion sur le r\u00e9am\u00e9nagement de ses cours d\u2019\u00e9cole.<\/span><\/p>\n<p><img decoding=\"async\" loading=\"lazy\" width=\"550\" height=\"367\" class=\"alignnone size-img-article wp-image-24860\" src=\"https:\/\/www.viaromana.org\/blog\/wp-content\/uploads\/2022\/07\/infos-pour-les-passionnes-les-cours-decole-changent-de-visage-1.jpg\" alt><\/p>\n<p><em>De g. \u00e0 d. : Alain Bernard (6e Adjoint d\u00e9l\u00e9gu\u00e9 au Patrimoine b\u00e2ti et \u00e9difices communaux, \u00e0 la Politique de l\u2019Habitat, Saint-Claude), Geoffrey Visi (Conseiller municipal d\u00e9l\u00e9gu\u00e9 au cadre de vie, Lons-le-Saunier), Gr\u00e9gory Sac\u00e9p\u00e9 (Directeur service enfance jeunesse, Saint-Claude) et Herminia Elineau (1\u00e8re Adjointe d\u00e9l\u00e9gu\u00e9e aux Affaires G\u00e9n\u00e9rales, aux Affaires scolaires, p\u00e9riscolaires, \u00e0 la restauration scolaire, \u00e0 la jeunesse et au Personnel communal)<\/em><\/p>\n<p><img decoding=\"async\" loading=\"lazy\" width=\"550\" height=\"367\" class=\"alignnone size-img-article wp-image-24848\" src=\"https:\/\/www.viaromana.org\/blog\/wp-content\/uploads\/2022\/07\/infos-pour-les-passionnes-les-cours-decole-changent-de-visage-2.jpg\" alt><br \/><img decoding=\"async\" loading=\"lazy\" width=\"550\" height=\"367\" class=\"alignnone size-img-article wp-image-24847\" src=\"https:\/\/www.viaromana.org\/blog\/wp-content\/uploads\/2022\/07\/infos-pour-les-passionnes-les-cours-decole-changent-de-visage-3.jpg\" alt><br \/><img decoding=\"async\" loading=\"lazy\" width=\"550\" height=\"367\" class=\"alignnone size-img-article wp-image-24846\" src=\"https:\/\/www.viaromana.org\/blog\/wp-content\/uploads\/2022\/07\/infos-pour-les-passionnes-les-cours-decole-changent-de-visage-4.jpg\" alt><\/p>\n<p><span>Occupant une place centrale \u00e0 Lons-le-Saunier, les cours d\u2019\u00e9coles sont pour la plupart des surfaces b\u00e9tonn\u00e9es et imperm\u00e9ables, fruit d\u2019une logique d\u2019am\u00e9nagement aujourd\u2019hui d\u00e9pass\u00e9e. Ces espaces sont non seulement d\u00e9connect\u00e9s de la nature mais aussi peu qualitatifs pour ses usagers. Face \u00e0 ce constat, l\u2019\u00e9quipe municipale a mis en place ce grand projet de renaturation et de v\u00e9g\u00e9talisation des cours d\u2019\u00e9cole d\u00e8s les premiers mois de son mandat avec comme objectif de&nbsp; :<\/span><\/p>\n<ul>\n<li><span>Lutter contre et s\u2019adapter au changement climatique<\/span><\/li>\n<li><span>Perm\u00e9abiliser les sols et r\u00e9cup\u00e9rer les eaux de toitures pour une gestion diff\u00e9renci\u00e9e des eaux pluviales<\/span><\/li>\n<li><span>Sensibiliser les adultes et les enfants au respect de l\u2019environnement<\/span><\/li>\n<li><span>Cr\u00e9er un espace d\u2019apprentissage central dans le d\u00e9veloppement des enfants<\/span><\/li>\n<li><span>Favoriser le bien \u00eatre de l\u2019ensemble des utilisateurs en diversifiant les espaces (zones calme, dynamique, p\u00e9dagogique, nature, etc.)<\/span><\/li>\n<li><span>Ramener la nature et la vie dans ces espaces urbains aujourd\u2019hui st\u00e9riles.<\/span><\/li>\n<\/ul>\n<p><img decoding=\"async\" loading=\"lazy\" width=\"550\" height=\"367\" class=\"alignnone size-img-article wp-image-24855\" src=\"https:\/\/www.viaromana.org\/blog\/wp-content\/uploads\/2022\/07\/infos-pour-les-passionnes-les-cours-decole-changent-de-visage-5.jpg\" alt> <img decoding=\"async\" loading=\"lazy\" width=\"550\" height=\"367\" class=\"alignnone size-img-article wp-image-24856\" src=\"https:\/\/www.viaromana.org\/blog\/wp-content\/uploads\/2022\/07\/infos-pour-les-passionnes-les-cours-decole-changent-de-visage-6.jpg\" alt> <img decoding=\"async\" loading=\"lazy\" width=\"550\" height=\"367\" class=\"alignnone size-img-article wp-image-24857\" src=\"https:\/\/www.viaromana.org\/blog\/wp-content\/uploads\/2022\/07\/infos-pour-les-passionnes-les-cours-decole-changent-de-visage-7.jpg\" alt> <img decoding=\"async\" loading=\"lazy\" width=\"550\" height=\"367\" class=\"alignnone size-img-article wp-image-24858\" src=\"https:\/\/www.viaromana.org\/blog\/wp-content\/uploads\/2022\/07\/infos-pour-les-passionnes-les-cours-decole-changent-de-visage-8.jpg\" alt> <img decoding=\"async\" loading=\"lazy\" width=\"550\" height=\"367\" class=\"alignnone size-img-article wp-image-24859\" src=\"https:\/\/www.viaromana.org\/blog\/wp-content\/uploads\/2022\/07\/infos-pour-les-passionnes-les-cours-decole-changent-de-visage-9.jpg\" alt><\/p>\n<p><span>Les projets techniques ont \u00e9t\u00e9 con\u00e7us en \u00e9troite collaboration avec les directeurs d\u2019\u00e9coles et les responsables des activit\u00e9s p\u00e9riscolaires et sont \u00e0 retrouver ICI.<\/span><\/p>\n<p><span>Le montant de cette double op\u00e9ration s\u2019\u00e9l\u00e8ve \u00e0 908 191 \u20acTTC. Le projet devrait recevoir des subventions de l\u2019\u00c9tat au titre de la DETR* (16,99%), de la R\u00e9gion Bourgogne Franche Comt\u00e9 (36,20%) et l\u2019Agence de l\u2019Eau Rh\u00f4ne M\u00e9diterran\u00e9e Corse (26,81%), soit un reste \u00e0 charge pour la Ville qui serait d\u2019environ 20%.<br \/><\/span><\/p>\n<p><span>*Dotation d\u2019\u00c9quipement des Territoires Ruraux<\/span><\/p>\n<\/div>\n<p>Parutions:<\/p>\n<p>Un crocodile sur un banc de sable.,<a target=\"_blank\" rel=\"nofollow\" href=\"https:\/\/www.viaromana.org\/blog\/goto\/https:\/\/booknode.com\/un_crocodile_sur_un_banc_de_sable_049761\"  target=\"_blank\" rel=\"noopener noreferrer nofollow\">Le livre <\/a><span><\/span>.<\/p>\n<p>Pour une arch\u00e9ologie agraire.,<a target=\"_blank\" rel=\"nofollow\" href=\"https:\/\/www.viaromana.org\/blog\/goto\/https:\/\/www.epagine.fr\/ebook\/9791037625014-pour-une-archeologie-agraire-collectif\/\"  target=\"_blank\" rel=\"noopener noreferrer nofollow\">A voir et \u00e0 lire. <\/a><span><\/span>.<\/p>\n<p>Sous le sable d\u2019Egypte.,<a target=\"_blank\" rel=\"nofollow\" href=\"https:\/\/www.viaromana.org\/blog\/goto\/https:\/\/booknode.com\/sous_le_sable_degypte_02989473\"  target=\"_blank\" rel=\"noopener noreferrer nofollow\">livre de r\u00e9f\u00e9rence <\/a><span><\/span>. Disponible \u00e0 la FNAC.<\/p>\n<p>P\u00e9n\u00e9lope Green, Tome 4 : La tiare de Nefertiti.,<a target=\"_blank\" rel=\"nofollow\" href=\"https:\/\/www.viaromana.org\/blog\/goto\/https:\/\/booknode.com\/penelope_green_tome_4_la_tiare_de_nefertiti_0932113\"  target=\"_blank\" rel=\"noopener noreferrer nofollow\">Ouvrage <\/a><span><\/span>. A emprunter en biblioth\u00e8que.<\/p>\n","protected":false},"excerpt":{"rendered":"<p>Voil\u00e0 qui va vous s\u00e9duire : Un nouvel article que nous venons de identifier sur le web et que nous vous proposons ci-dessous. Le propos est \u00ab&nbsp;l\u2019arch\u00e9ologie&nbsp;\u00bb. Le titre (Les cours d\u2019\u00e9cole changent de visage !) est \u00e9vocateur. L\u2019auteur (pr\u00e9sent\u00e9 sous la signature Robin DROMARD) est reconnu comme quelqu\u2019un de s\u00e9rieux pour plusieurs autres textes qu\u2019il a publi\u00e9s sur internet. Vous pouvez de ce fait vous fier aux infos qu\u2019il \u00e9dite. Les travaux de renaturation des cours d\u2019\u00e9cole des groupes Pr\u00e9vert et Richebourg ont commenc\u00e9 hier, initiant par la m\u00eame occasion une premi\u00e8re r\u00e9union de chantier in situ entre les\u2026<\/p>\n","protected":false},"author":1,"featured_media":1146,"comment_status":"closed","ping_status":"closed","sticky":false,"template":"","format":"standard","meta":{"footnotes":""},"categories":[2],"tags":[],"blocksy_meta":{"styles_descriptor":{"styles":{"desktop":"","tablet":"","mobile":""},"google_fonts":[],"version":4}},"yoast_head":"<!-- This site is optimized with the Yoast SEO plugin v21.1 - https:\/\/yoast.com\/wordpress\/plugins\/seo\/ -->\n<title>Infos pour les passionn\u00e9s : Les cours d\u2019\u00e9cole changent de visage ! - Viaromana et arch\u00e9ologie.<\/title>\n<meta name=\"description\" content=\"Infos pour les passionn\u00e9s : Les cours d\u2019\u00e9cole changent de visage ! article de Viaromana et arch\u00e9ologie.\" \/>\n<meta name=\"robots\" content=\"index, follow, max-snippet:-1, max-image-preview:large, max-video-preview:-1\" \/>\n<link rel=\"canonical\" href=\"https:\/\/www.viaromana.org\/blog\/infos-pour-les-passionnes-les-cours-decole-changent-de-visage\/\" \/>\n<meta property=\"og:locale\" content=\"fr_FR\" \/>\n<meta property=\"og:type\" content=\"article\" \/>\n<meta property=\"og:title\" content=\"Infos pour les passionn\u00e9s : Les cours d\u2019\u00e9cole changent de visage ! - Viaromana et arch\u00e9ologie.\" \/>\n<meta property=\"og:description\" content=\"Infos pour les passionn\u00e9s : Les cours d\u2019\u00e9cole changent de visage ! article de Viaromana et arch\u00e9ologie.\" \/>\n<meta property=\"og:url\" content=\"https:\/\/www.viaromana.org\/blog\/infos-pour-les-passionnes-les-cours-decole-changent-de-visage\/\" \/>\n<meta property=\"og:site_name\" content=\"Viaromana et arch\u00e9ologie.\" \/>\n<meta property=\"article:published_time\" content=\"2022-07-12T09:35:09+00:00\" \/>\n<meta property=\"og:image\" content=\"https:\/\/www.viaromana.org\/blog\/wp-content\/uploads\/2022\/07\/unnamed-file-13.jpg\" \/>\n\t<meta property=\"og:image:width\" content=\"1440\" \/>\n\t<meta property=\"og:image:height\" content=\"1920\" \/>\n\t<meta property=\"og:image:type\" content=\"image\/jpeg\" \/>\n<meta name=\"author\" content=\"Robert\" \/>\n<meta name=\"twitter:card\" content=\"summary_large_image\" \/>\n<meta name=\"twitter:label1\" content=\"\u00c9crit par\" \/>\n\t<meta name=\"twitter:data1\" content=\"Robert\" \/>\n\t<meta name=\"twitter:label2\" content=\"Dur\u00e9e de lecture estim\u00e9e\" \/>\n\t<meta name=\"twitter:data2\" content=\"3 minutes\" \/>\n<script type=\"application\/ld+json\" class=\"yoast-schema-graph\">{\"@context\":\"https:\/\/schema.org\",\"@graph\":[{\"@type\":\"Article\",\"@id\":\"https:\/\/www.viaromana.org\/blog\/infos-pour-les-passionnes-les-cours-decole-changent-de-visage\/#article\",\"isPartOf\":{\"@id\":\"https:\/\/www.viaromana.org\/blog\/infos-pour-les-passionnes-les-cours-decole-changent-de-visage\/\"},\"author\":{\"name\":\"Robert\",\"@id\":\"https:\/\/www.viaromana.org\/blog\/#\/schema\/person\/cde9c4655845091e1fe473fcd163c889\"},\"headline\":\"Infos pour les passionn\u00e9s : Les cours d\u2019\u00e9cole changent de visage !\",\"datePublished\":\"2022-07-12T09:35:09+00:00\",\"dateModified\":\"2022-07-12T09:35:09+00:00\",\"mainEntityOfPage\":{\"@id\":\"https:\/\/www.viaromana.org\/blog\/infos-pour-les-passionnes-les-cours-decole-changent-de-visage\/\"},\"wordCount\":607,\"publisher\":{\"@id\":\"https:\/\/www.viaromana.org\/blog\/#organization\"},\"articleSection\":[\"Arch\u00e9ologie\"],\"inLanguage\":\"fr-FR\"},{\"@type\":\"WebPage\",\"@id\":\"https:\/\/www.viaromana.org\/blog\/infos-pour-les-passionnes-les-cours-decole-changent-de-visage\/\",\"url\":\"https:\/\/www.viaromana.org\/blog\/infos-pour-les-passionnes-les-cours-decole-changent-de-visage\/\",\"name\":\"Infos pour les passionn\u00e9s : Les cours d\u2019\u00e9cole changent de visage ! - Viaromana et arch\u00e9ologie.\",\"isPartOf\":{\"@id\":\"https:\/\/www.viaromana.org\/blog\/#website\"},\"datePublished\":\"2022-07-12T09:35:09+00:00\",\"dateModified\":\"2022-07-12T09:35:09+00:00\",\"description\":\"Infos pour les passionn\u00e9s : Les cours d\u2019\u00e9cole changent de visage ! article de Viaromana et arch\u00e9ologie.\",\"breadcrumb\":{\"@id\":\"https:\/\/www.viaromana.org\/blog\/infos-pour-les-passionnes-les-cours-decole-changent-de-visage\/#breadcrumb\"},\"inLanguage\":\"fr-FR\",\"potentialAction\":[{\"@type\":\"ReadAction\",\"target\":[\"https:\/\/www.viaromana.org\/blog\/infos-pour-les-passionnes-les-cours-decole-changent-de-visage\/\"]}]},{\"@type\":\"BreadcrumbList\",\"@id\":\"https:\/\/www.viaromana.org\/blog\/infos-pour-les-passionnes-les-cours-decole-changent-de-visage\/#breadcrumb\",\"itemListElement\":[{\"@type\":\"ListItem\",\"position\":1,\"name\":\"Accueil\",\"item\":\"https:\/\/www.viaromana.org\/blog\/\"},{\"@type\":\"ListItem\",\"position\":2,\"name\":\"Infos pour les passionn\u00e9s : Les cours d\u2019\u00e9cole changent de visage !\"}]},{\"@type\":\"WebSite\",\"@id\":\"https:\/\/www.viaromana.org\/blog\/#website\",\"url\":\"https:\/\/www.viaromana.org\/blog\/\",\"name\":\"Viaromana et arch\u00e9ologie.\",\"description\":\"Site arch\u00e9ologique de la voie romaine (viaromana) Belgique-France-Rome\",\"publisher\":{\"@id\":\"https:\/\/www.viaromana.org\/blog\/#organization\"},\"potentialAction\":[{\"@type\":\"SearchAction\",\"target\":{\"@type\":\"EntryPoint\",\"urlTemplate\":\"https:\/\/www.viaromana.org\/blog\/?s={search_term_string}\"},\"query-input\":\"required name=search_term_string\"}],\"inLanguage\":\"fr-FR\"},{\"@type\":\"Organization\",\"@id\":\"https:\/\/www.viaromana.org\/blog\/#organization\",\"name\":\"viaromana\",\"url\":\"https:\/\/www.viaromana.org\/blog\/\",\"logo\":{\"@type\":\"ImageObject\",\"inLanguage\":\"fr-FR\",\"@id\":\"https:\/\/www.viaromana.org\/blog\/#\/schema\/logo\/image\/\",\"url\":\"https:\/\/www.viaromana.org\/blog\/wp-content\/uploads\/2021\/12\/logo-3.png\",\"contentUrl\":\"https:\/\/www.viaromana.org\/blog\/wp-content\/uploads\/2021\/12\/logo-3.png\",\"width\":300,\"height\":249,\"caption\":\"viaromana\"},\"image\":{\"@id\":\"https:\/\/www.viaromana.org\/blog\/#\/schema\/logo\/image\/\"}},{\"@type\":\"Person\",\"@id\":\"https:\/\/www.viaromana.org\/blog\/#\/schema\/person\/cde9c4655845091e1fe473fcd163c889\",\"name\":\"Robert\",\"image\":{\"@type\":\"ImageObject\",\"inLanguage\":\"fr-FR\",\"@id\":\"https:\/\/www.viaromana.org\/blog\/#\/schema\/person\/image\/\",\"url\":\"https:\/\/secure.gravatar.com\/avatar\/a168ec191013b636c2f278aec04e724b?s=96&d=mm&r=g\",\"contentUrl\":\"https:\/\/secure.gravatar.com\/avatar\/a168ec191013b636c2f278aec04e724b?s=96&d=mm&r=g\",\"caption\":\"Robert\"},\"sameAs\":[\"https:\/\/www.viaromana.org\/blog\"],\"url\":\"https:\/\/www.viaromana.org\/blog\/author\/anaadmin\/\"}]}<\/script>\n<!-- \/ Yoast SEO plugin. -->","yoast_head_json":{"title":"Infos pour les passionn\u00e9s : Les cours d\u2019\u00e9cole changent de visage ! - Viaromana et arch\u00e9ologie.","description":"Infos pour les passionn\u00e9s : Les cours d\u2019\u00e9cole changent de visage ! article de Viaromana et arch\u00e9ologie.","robots":{"index":"index","follow":"follow","max-snippet":"max-snippet:-1","max-image-preview":"max-image-preview:large","max-video-preview":"max-video-preview:-1"},"canonical":"https:\/\/www.viaromana.org\/blog\/infos-pour-les-passionnes-les-cours-decole-changent-de-visage\/","og_locale":"fr_FR","og_type":"article","og_title":"Infos pour les passionn\u00e9s : Les cours d\u2019\u00e9cole changent de visage ! - Viaromana et arch\u00e9ologie.","og_description":"Infos pour les passionn\u00e9s : Les cours d\u2019\u00e9cole changent de visage ! article de Viaromana et arch\u00e9ologie.","og_url":"https:\/\/www.viaromana.org\/blog\/infos-pour-les-passionnes-les-cours-decole-changent-de-visage\/","og_site_name":"Viaromana et arch\u00e9ologie.","article_published_time":"2022-07-12T09:35:09+00:00","og_image":[{"width":1440,"height":1920,"url":"https:\/\/www.viaromana.org\/blog\/wp-content\/uploads\/2022\/07\/unnamed-file-13.jpg","type":"image\/jpeg"}],"author":"Robert","twitter_card":"summary_large_image","twitter_misc":{"\u00c9crit par":"Robert","Dur\u00e9e de lecture estim\u00e9e":"3 minutes"},"schema":{"@context":"https:\/\/schema.org","@graph":[{"@type":"Article","@id":"https:\/\/www.viaromana.org\/blog\/infos-pour-les-passionnes-les-cours-decole-changent-de-visage\/#article","isPartOf":{"@id":"https:\/\/www.viaromana.org\/blog\/infos-pour-les-passionnes-les-cours-decole-changent-de-visage\/"},"author":{"name":"Robert","@id":"https:\/\/www.viaromana.org\/blog\/#\/schema\/person\/cde9c4655845091e1fe473fcd163c889"},"headline":"Infos pour les passionn\u00e9s : Les cours d\u2019\u00e9cole changent de visage !","datePublished":"2022-07-12T09:35:09+00:00","dateModified":"2022-07-12T09:35:09+00:00","mainEntityOfPage":{"@id":"https:\/\/www.viaromana.org\/blog\/infos-pour-les-passionnes-les-cours-decole-changent-de-visage\/"},"wordCount":607,"publisher":{"@id":"https:\/\/www.viaromana.org\/blog\/#organization"},"articleSection":["Arch\u00e9ologie"],"inLanguage":"fr-FR"},{"@type":"WebPage","@id":"https:\/\/www.viaromana.org\/blog\/infos-pour-les-passionnes-les-cours-decole-changent-de-visage\/","url":"https:\/\/www.viaromana.org\/blog\/infos-pour-les-passionnes-les-cours-decole-changent-de-visage\/","name":"Infos pour les passionn\u00e9s : Les cours d\u2019\u00e9cole changent de visage ! - Viaromana et arch\u00e9ologie.","isPartOf":{"@id":"https:\/\/www.viaromana.org\/blog\/#website"},"datePublished":"2022-07-12T09:35:09+00:00","dateModified":"2022-07-12T09:35:09+00:00","description":"Infos pour les passionn\u00e9s : Les cours d\u2019\u00e9cole changent de visage ! article de Viaromana et arch\u00e9ologie.","breadcrumb":{"@id":"https:\/\/www.viaromana.org\/blog\/infos-pour-les-passionnes-les-cours-decole-changent-de-visage\/#breadcrumb"},"inLanguage":"fr-FR","potentialAction":[{"@type":"ReadAction","target":["https:\/\/www.viaromana.org\/blog\/infos-pour-les-passionnes-les-cours-decole-changent-de-visage\/"]}]},{"@type":"BreadcrumbList","@id":"https:\/\/www.viaromana.org\/blog\/infos-pour-les-passionnes-les-cours-decole-changent-de-visage\/#breadcrumb","itemListElement":[{"@type":"ListItem","position":1,"name":"Accueil","item":"https:\/\/www.viaromana.org\/blog\/"},{"@type":"ListItem","position":2,"name":"Infos pour les passionn\u00e9s : Les cours d\u2019\u00e9cole changent de visage !"}]},{"@type":"WebSite","@id":"https:\/\/www.viaromana.org\/blog\/#website","url":"https:\/\/www.viaromana.org\/blog\/","name":"Viaromana et arch\u00e9ologie.","description":"Site arch\u00e9ologique de la voie romaine (viaromana) Belgique-France-Rome","publisher":{"@id":"https:\/\/www.viaromana.org\/blog\/#organization"},"potentialAction":[{"@type":"SearchAction","target":{"@type":"EntryPoint","urlTemplate":"https:\/\/www.viaromana.org\/blog\/?s={search_term_string}"},"query-input":"required name=search_term_string"}],"inLanguage":"fr-FR"},{"@type":"Organization","@id":"https:\/\/www.viaromana.org\/blog\/#organization","name":"viaromana","url":"https:\/\/www.viaromana.org\/blog\/","logo":{"@type":"ImageObject","inLanguage":"fr-FR","@id":"https:\/\/www.viaromana.org\/blog\/#\/schema\/logo\/image\/","url":"https:\/\/www.viaromana.org\/blog\/wp-content\/uploads\/2021\/12\/logo-3.png","contentUrl":"https:\/\/www.viaromana.org\/blog\/wp-content\/uploads\/2021\/12\/logo-3.png","width":300,"height":249,"caption":"viaromana"},"image":{"@id":"https:\/\/www.viaromana.org\/blog\/#\/schema\/logo\/image\/"}},{"@type":"Person","@id":"https:\/\/www.viaromana.org\/blog\/#\/schema\/person\/cde9c4655845091e1fe473fcd163c889","name":"Robert","image":{"@type":"ImageObject","inLanguage":"fr-FR","@id":"https:\/\/www.viaromana.org\/blog\/#\/schema\/person\/image\/","url":"https:\/\/secure.gravatar.com\/avatar\/a168ec191013b636c2f278aec04e724b?s=96&d=mm&r=g","contentUrl":"https:\/\/secure.gravatar.com\/avatar\/a168ec191013b636c2f278aec04e724b?s=96&d=mm&r=g","caption":"Robert"},"sameAs":["https:\/\/www.viaromana.org\/blog"],"url":"https:\/\/www.viaromana.org\/blog\/author\/anaadmin\/"}]}},"_links":{"self":[{"href":"https:\/\/www.viaromana.org\/blog\/wp-json\/wp\/v2\/posts\/1145"}],"collection":[{"href":"https:\/\/www.viaromana.org\/blog\/wp-json\/wp\/v2\/posts"}],"about":[{"href":"https:\/\/www.viaromana.org\/blog\/wp-json\/wp\/v2\/types\/post"}],"author":[{"embeddable":true,"href":"https:\/\/www.viaromana.org\/blog\/wp-json\/wp\/v2\/users\/1"}],"replies":[{"embeddable":true,"href":"https:\/\/www.viaromana.org\/blog\/wp-json\/wp\/v2\/comments?post=1145"}],"version-history":[{"count":0,"href":"https:\/\/www.viaromana.org\/blog\/wp-json\/wp\/v2\/posts\/1145\/revisions"}],"wp:featuredmedia":[{"embeddable":true,"href":"https:\/\/www.viaromana.org\/blog\/wp-json\/wp\/v2\/media\/1146"}],"wp:attachment":[{"href":"https:\/\/www.viaromana.org\/blog\/wp-json\/wp\/v2\/media?parent=1145"}],"wp:term":[{"taxonomy":"category","embeddable":true,"href":"https:\/\/www.viaromana.org\/blog\/wp-json\/wp\/v2\/categories?post=1145"},{"taxonomy":"post_tag","embeddable":true,"href":"https:\/\/www.viaromana.org\/blog\/wp-json\/wp\/v2\/tags?post=1145"}],"curies":[{"name":"wp","href":"https:\/\/api.w.org\/{rel}","templated":true}]}}