{"id":1143,"date":"2022-07-19T14:58:35","date_gmt":"2022-07-19T12:58:35","guid":{"rendered":"https:\/\/www.site.cdcl.xyz\/2022\/07\/19\/edito-tout-frais-dechets-menagers-rue-perrin-de-nouveaux-lieux-de-depose-jusquau-31-aout\/"},"modified":"2022-07-19T14:58:35","modified_gmt":"2022-07-19T12:58:35","slug":"edito-tout-frais-dechets-menagers-rue-perrin-de-nouveaux-lieux-de-depose-jusquau-31-aout","status":"publish","type":"post","link":"https:\/\/www.viaromana.org\/blog\/edito-tout-frais-dechets-menagers-rue-perrin-de-nouveaux-lieux-de-depose-jusquau-31-aout\/","title":{"rendered":"Edito tout frais : D\u00e9chets m\u00e9nagers rue Perrin : de nouveaux lieux de d\u00e9pose jusqu\u2019au 31 ao\u00fbt"},"content":{"rendered":"<p>Cet article ayant pour th\u00e9matique \u00ab&nbsp;l\u2019arch\u00e9ologie&nbsp;\u00bb se propage sur le web, nous avons projet\u00e9 de vous le exposer sans attendre.<\/p>\n<p>Son titre s\u00e9duisant (D\u00e9chets m\u00e9nagers rue Perrin : de nouveaux lieux de d\u00e9pose jusqu\u2019au 31 ao\u00fbt) est sans d\u00e9tour.<\/p>\n<p> Pr\u00e9sent\u00e9 sous le nom \u00abRobin DROMARD\u00bb, l\u2019\u00e9ditorialiste est positivement connu pour plusieurs autres articles qu\u2019il a publi\u00e9s sur internet.<\/p>\n<p>Il n\u2019y a pas de raison de douter du s\u00e9rieux de ces informations.<\/p>\n<p>L\u2019article a \u00e9t\u00e9 \u00e9dit\u00e9 \u00e0 une date indiqu\u00e9e 2022-07-19 14:58:35.<\/p>\n<p>Texte : <\/p>\n<div>\n<p id=\"breadcrumbs\" class=\"breadcrumbs\"><span><span>Accueil \u00bb <span>Actualit\u00e9s \u00bb <span>Actu. \u00bb <span class=\"breadcrumb_last\">D\u00e9chets m\u00e9nagers rue Perrin : de nouveaux lieux de d\u00e9pose jusqu\u2019au 31 ao\u00fbt<\/span><\/span><\/span><\/span><\/span><\/p>\n<div class=\"bloc-editor\">\n<p class=\"lead\">Suite \u00e0 la pose de nouvelles bornes automatiques \u00e0 l\u2019entr\u00e9e de la rue de Ronde (croisement rue Jean Jaur\u00e8s) et<strong> jusqu\u2019au 31 ao\u00fbt 2022<\/strong>, les habitants et les commer\u00e7ants de la rue Perrin devront d\u00e9poser leurs bacs de d\u00e9chets sur les lieux identifi\u00e9s sur la carte ci-dessous (Ronde\/Jean Jaur\u00e8s et Ronde\/S\u00e9bile). Il sera \u00e9galement possible d\u2019apporter les bacs \u00e0 l\u2019angle des rues de Ronde et des Cordeliers.<\/p>\n<p><img decoding=\"async\" loading=\"lazy\" width=\"550\" height=\"388\" class=\"alignnone size-img-article wp-image-24982\" src=\"https:\/\/www.viaromana.org\/blog\/wp-content\/uploads\/2022\/07\/edito-tout-frais-dechets-menagers-rue-perrin-de-nouveaux-lieux-de-depose-jusquau-31-aout.jpg\" alt><\/p>\n<p>La mise en service des nouvelles bornes automatiques aura lieu <span id=\"OBJ_PREFIX_DWT1024_com_zimbra_date\" class=\"Object\" role=\"link\"><span id=\"OBJ_PREFIX_DWT1099_com_zimbra_date\" class=\"Object\" role=\"link\">mardi<\/span><\/span> 26 juillet, \u00e0 1h du matin :<\/p>\n<ul>\n<li>Rue ouverte de 1h&nbsp; du matin \u00e0 10h30 du matin.<\/li>\n<li>Rue ferm\u00e9e de 10h30 du matin \u00e0 1h du matin.<\/li>\n<\/ul>\n<p><img decoding=\"async\" loading=\"lazy\" width=\"550\" height=\"367\" class=\"alignnone size-img-article wp-image-24981\" src=\"https:\/\/www.viaromana.org\/blog\/wp-content\/uploads\/2022\/07\/edito-tout-frais-dechets-menagers-rue-perrin-de-nouveaux-lieux-de-depose-jusquau-31-aout-1.jpg\" alt><\/p>\n<\/p><\/div>\n<\/div>\n<p>Publications sur un propos semblable:<\/p>\n<p>R\u00e9v\u00e9lations de l\u2019arch\u00e9ologie.,<a target=\"_blank\" rel=\"nofollow\" href=\"https:\/\/www.viaromana.org\/blog\/goto\/https:\/\/www.epagine.fr\/ebook\/9782706266348-revelations-de-l-archeologie-henri-paul-eydoux\/\"  target=\"_blank\" rel=\"noopener noreferrer nofollow\">Le livre <\/a><span><\/span>. Disponible dans toutes les bonnes librairies.<\/p>\n<p>Pour une histoire de l\u2019arch\u00e9ologie XVIIIe si\u00e8cle \u2013 1945.,<a target=\"_blank\" rel=\"nofollow\" href=\"https:\/\/www.viaromana.org\/blog\/goto\/https:\/\/www.kobo.com\/de\/fr\/ebook\/pour-une-histoire-de-l-archeologie-xviiie-siecle-1945\"  target=\"_blank\" rel=\"noopener noreferrer nofollow\">Le livre <\/a><span><\/span>. Disponible dans toutes les bonnes librairies.<\/p>\n<p>S\u00e9journer au bain.,<a target=\"_blank\" rel=\"nofollow\" href=\"https:\/\/www.viaromana.org\/blog\/goto\/https:\/\/www.kobo.com\/de\/fr\/ebook\/sejourner-au-bain\"  target=\"_blank\" rel=\"noopener noreferrer nofollow\">(Disponible) <\/a><span><\/span>.<\/p>\n<p>Papaut\u00e9, monachisme et th\u00e9ories politiques. Volume I.,<a target=\"_blank\" rel=\"nofollow\" href=\"https:\/\/www.viaromana.org\/blog\/goto\/https:\/\/www.kobo.com\/de\/fr\/ebook\/papaute-monachisme-et-theories-politiques-volume-i\"  target=\"_blank\" rel=\"noopener noreferrer nofollow\">(Disponible) <\/a><span><\/span>.<\/p>\n","protected":false},"excerpt":{"rendered":"<p>Cet article ayant pour th\u00e9matique \u00ab&nbsp;l\u2019arch\u00e9ologie&nbsp;\u00bb se propage sur le web, nous avons projet\u00e9 de vous le exposer sans attendre. Son titre s\u00e9duisant (D\u00e9chets m\u00e9nagers rue Perrin : de nouveaux lieux de d\u00e9pose jusqu\u2019au 31 ao\u00fbt) est sans d\u00e9tour. Pr\u00e9sent\u00e9 sous le nom \u00abRobin DROMARD\u00bb, l\u2019\u00e9ditorialiste est positivement connu pour plusieurs autres articles qu\u2019il a publi\u00e9s sur internet. Il n\u2019y a pas de raison de douter du s\u00e9rieux de ces informations. L\u2019article a \u00e9t\u00e9 \u00e9dit\u00e9 \u00e0 une date indiqu\u00e9e 2022-07-19 14:58:35. Texte : Accueil \u00bb Actualit\u00e9s \u00bb Actu. \u00bb D\u00e9chets m\u00e9nagers rue Perrin : de nouveaux lieux de d\u00e9pose jusqu\u2019au\u2026<\/p>\n","protected":false},"author":1,"featured_media":1144,"comment_status":"closed","ping_status":"closed","sticky":false,"template":"","format":"standard","meta":{"footnotes":""},"categories":[2],"tags":[],"blocksy_meta":{"styles_descriptor":{"styles":{"desktop":"","tablet":"","mobile":""},"google_fonts":[],"version":4}},"yoast_head":"<!-- This site is optimized with the Yoast SEO plugin v21.1 - https:\/\/yoast.com\/wordpress\/plugins\/seo\/ -->\n<title>Edito tout frais : D\u00e9chets m\u00e9nagers rue Perrin : de nouveaux lieux de d\u00e9pose jusqu\u2019au 31 ao\u00fbt - Viaromana et arch\u00e9ologie.<\/title>\n<meta name=\"description\" content=\"Edito tout frais : D\u00e9chets m\u00e9nagers rue Perrin : de nouveaux lieux de d\u00e9pose jusqu\u2019au 31 ao\u00fbt article de Viaromana et arch\u00e9ologie.\" \/>\n<meta name=\"robots\" content=\"index, follow, max-snippet:-1, max-image-preview:large, max-video-preview:-1\" \/>\n<link rel=\"canonical\" href=\"https:\/\/www.viaromana.org\/blog\/edito-tout-frais-dechets-menagers-rue-perrin-de-nouveaux-lieux-de-depose-jusquau-31-aout\/\" \/>\n<meta property=\"og:locale\" content=\"fr_FR\" \/>\n<meta property=\"og:type\" content=\"article\" \/>\n<meta property=\"og:title\" content=\"Edito tout frais : D\u00e9chets m\u00e9nagers rue Perrin : de nouveaux lieux de d\u00e9pose jusqu\u2019au 31 ao\u00fbt - Viaromana et arch\u00e9ologie.\" \/>\n<meta property=\"og:description\" content=\"Edito tout frais : D\u00e9chets m\u00e9nagers rue Perrin : de nouveaux lieux de d\u00e9pose jusqu\u2019au 31 ao\u00fbt article de Viaromana et arch\u00e9ologie.\" \/>\n<meta property=\"og:url\" content=\"https:\/\/www.viaromana.org\/blog\/edito-tout-frais-dechets-menagers-rue-perrin-de-nouveaux-lieux-de-depose-jusquau-31-aout\/\" \/>\n<meta property=\"og:site_name\" content=\"Viaromana et arch\u00e9ologie.\" \/>\n<meta property=\"article:published_time\" content=\"2022-07-19T12:58:35+00:00\" \/>\n<meta property=\"og:image\" content=\"https:\/\/www.viaromana.org\/blog\/wp-content\/uploads\/2022\/07\/unnamed-file-12.jpg\" \/>\n\t<meta property=\"og:image:width\" content=\"1440\" \/>\n\t<meta property=\"og:image:height\" content=\"1920\" \/>\n\t<meta property=\"og:image:type\" content=\"image\/jpeg\" \/>\n<meta name=\"author\" content=\"Robert\" \/>\n<meta name=\"twitter:card\" content=\"summary_large_image\" \/>\n<meta name=\"twitter:label1\" content=\"\u00c9crit par\" \/>\n\t<meta name=\"twitter:data1\" content=\"Robert\" \/>\n\t<meta name=\"twitter:label2\" content=\"Dur\u00e9e de lecture estim\u00e9e\" \/>\n\t<meta name=\"twitter:data2\" content=\"1 minute\" \/>\n<script type=\"application\/ld+json\" class=\"yoast-schema-graph\">{\"@context\":\"https:\/\/schema.org\",\"@graph\":[{\"@type\":\"Article\",\"@id\":\"https:\/\/www.viaromana.org\/blog\/edito-tout-frais-dechets-menagers-rue-perrin-de-nouveaux-lieux-de-depose-jusquau-31-aout\/#article\",\"isPartOf\":{\"@id\":\"https:\/\/www.viaromana.org\/blog\/edito-tout-frais-dechets-menagers-rue-perrin-de-nouveaux-lieux-de-depose-jusquau-31-aout\/\"},\"author\":{\"name\":\"Robert\",\"@id\":\"https:\/\/www.viaromana.org\/blog\/#\/schema\/person\/cde9c4655845091e1fe473fcd163c889\"},\"headline\":\"Edito tout frais : D\u00e9chets m\u00e9nagers rue Perrin : de nouveaux lieux de d\u00e9pose jusqu\u2019au 31 ao\u00fbt\",\"datePublished\":\"2022-07-19T12:58:35+00:00\",\"dateModified\":\"2022-07-19T12:58:35+00:00\",\"mainEntityOfPage\":{\"@id\":\"https:\/\/www.viaromana.org\/blog\/edito-tout-frais-dechets-menagers-rue-perrin-de-nouveaux-lieux-de-depose-jusquau-31-aout\/\"},\"wordCount\":302,\"publisher\":{\"@id\":\"https:\/\/www.viaromana.org\/blog\/#organization\"},\"articleSection\":[\"Arch\u00e9ologie\"],\"inLanguage\":\"fr-FR\"},{\"@type\":\"WebPage\",\"@id\":\"https:\/\/www.viaromana.org\/blog\/edito-tout-frais-dechets-menagers-rue-perrin-de-nouveaux-lieux-de-depose-jusquau-31-aout\/\",\"url\":\"https:\/\/www.viaromana.org\/blog\/edito-tout-frais-dechets-menagers-rue-perrin-de-nouveaux-lieux-de-depose-jusquau-31-aout\/\",\"name\":\"Edito tout frais : D\u00e9chets m\u00e9nagers rue Perrin : de nouveaux lieux de d\u00e9pose jusqu\u2019au 31 ao\u00fbt - Viaromana et arch\u00e9ologie.\",\"isPartOf\":{\"@id\":\"https:\/\/www.viaromana.org\/blog\/#website\"},\"datePublished\":\"2022-07-19T12:58:35+00:00\",\"dateModified\":\"2022-07-19T12:58:35+00:00\",\"description\":\"Edito tout frais : D\u00e9chets m\u00e9nagers rue Perrin : de nouveaux lieux de d\u00e9pose jusqu\u2019au 31 ao\u00fbt article de Viaromana et arch\u00e9ologie.\",\"breadcrumb\":{\"@id\":\"https:\/\/www.viaromana.org\/blog\/edito-tout-frais-dechets-menagers-rue-perrin-de-nouveaux-lieux-de-depose-jusquau-31-aout\/#breadcrumb\"},\"inLanguage\":\"fr-FR\",\"potentialAction\":[{\"@type\":\"ReadAction\",\"target\":[\"https:\/\/www.viaromana.org\/blog\/edito-tout-frais-dechets-menagers-rue-perrin-de-nouveaux-lieux-de-depose-jusquau-31-aout\/\"]}]},{\"@type\":\"BreadcrumbList\",\"@id\":\"https:\/\/www.viaromana.org\/blog\/edito-tout-frais-dechets-menagers-rue-perrin-de-nouveaux-lieux-de-depose-jusquau-31-aout\/#breadcrumb\",\"itemListElement\":[{\"@type\":\"ListItem\",\"position\":1,\"name\":\"Accueil\",\"item\":\"https:\/\/www.viaromana.org\/blog\/\"},{\"@type\":\"ListItem\",\"position\":2,\"name\":\"Edito tout frais : D\u00e9chets m\u00e9nagers rue Perrin : de nouveaux lieux de d\u00e9pose jusqu\u2019au 31 ao\u00fbt\"}]},{\"@type\":\"WebSite\",\"@id\":\"https:\/\/www.viaromana.org\/blog\/#website\",\"url\":\"https:\/\/www.viaromana.org\/blog\/\",\"name\":\"Viaromana et arch\u00e9ologie.\",\"description\":\"Site arch\u00e9ologique de la voie romaine (viaromana) Belgique-France-Rome\",\"publisher\":{\"@id\":\"https:\/\/www.viaromana.org\/blog\/#organization\"},\"potentialAction\":[{\"@type\":\"SearchAction\",\"target\":{\"@type\":\"EntryPoint\",\"urlTemplate\":\"https:\/\/www.viaromana.org\/blog\/?s={search_term_string}\"},\"query-input\":\"required name=search_term_string\"}],\"inLanguage\":\"fr-FR\"},{\"@type\":\"Organization\",\"@id\":\"https:\/\/www.viaromana.org\/blog\/#organization\",\"name\":\"viaromana\",\"url\":\"https:\/\/www.viaromana.org\/blog\/\",\"logo\":{\"@type\":\"ImageObject\",\"inLanguage\":\"fr-FR\",\"@id\":\"https:\/\/www.viaromana.org\/blog\/#\/schema\/logo\/image\/\",\"url\":\"https:\/\/www.viaromana.org\/blog\/wp-content\/uploads\/2021\/12\/logo-3.png\",\"contentUrl\":\"https:\/\/www.viaromana.org\/blog\/wp-content\/uploads\/2021\/12\/logo-3.png\",\"width\":300,\"height\":249,\"caption\":\"viaromana\"},\"image\":{\"@id\":\"https:\/\/www.viaromana.org\/blog\/#\/schema\/logo\/image\/\"}},{\"@type\":\"Person\",\"@id\":\"https:\/\/www.viaromana.org\/blog\/#\/schema\/person\/cde9c4655845091e1fe473fcd163c889\",\"name\":\"Robert\",\"image\":{\"@type\":\"ImageObject\",\"inLanguage\":\"fr-FR\",\"@id\":\"https:\/\/www.viaromana.org\/blog\/#\/schema\/person\/image\/\",\"url\":\"https:\/\/secure.gravatar.com\/avatar\/a168ec191013b636c2f278aec04e724b?s=96&d=mm&r=g\",\"contentUrl\":\"https:\/\/secure.gravatar.com\/avatar\/a168ec191013b636c2f278aec04e724b?s=96&d=mm&r=g\",\"caption\":\"Robert\"},\"sameAs\":[\"https:\/\/www.viaromana.org\/blog\"],\"url\":\"https:\/\/www.viaromana.org\/blog\/author\/anaadmin\/\"}]}<\/script>\n<!-- \/ Yoast SEO plugin. -->","yoast_head_json":{"title":"Edito tout frais : D\u00e9chets m\u00e9nagers rue Perrin : de nouveaux lieux de d\u00e9pose jusqu\u2019au 31 ao\u00fbt - Viaromana et arch\u00e9ologie.","description":"Edito tout frais : D\u00e9chets m\u00e9nagers rue Perrin : de nouveaux lieux de d\u00e9pose jusqu\u2019au 31 ao\u00fbt article de Viaromana et arch\u00e9ologie.","robots":{"index":"index","follow":"follow","max-snippet":"max-snippet:-1","max-image-preview":"max-image-preview:large","max-video-preview":"max-video-preview:-1"},"canonical":"https:\/\/www.viaromana.org\/blog\/edito-tout-frais-dechets-menagers-rue-perrin-de-nouveaux-lieux-de-depose-jusquau-31-aout\/","og_locale":"fr_FR","og_type":"article","og_title":"Edito tout frais : D\u00e9chets m\u00e9nagers rue Perrin : de nouveaux lieux de d\u00e9pose jusqu\u2019au 31 ao\u00fbt - Viaromana et arch\u00e9ologie.","og_description":"Edito tout frais : D\u00e9chets m\u00e9nagers rue Perrin : de nouveaux lieux de d\u00e9pose jusqu\u2019au 31 ao\u00fbt article de Viaromana et arch\u00e9ologie.","og_url":"https:\/\/www.viaromana.org\/blog\/edito-tout-frais-dechets-menagers-rue-perrin-de-nouveaux-lieux-de-depose-jusquau-31-aout\/","og_site_name":"Viaromana et arch\u00e9ologie.","article_published_time":"2022-07-19T12:58:35+00:00","og_image":[{"width":1440,"height":1920,"url":"https:\/\/www.viaromana.org\/blog\/wp-content\/uploads\/2022\/07\/unnamed-file-12.jpg","type":"image\/jpeg"}],"author":"Robert","twitter_card":"summary_large_image","twitter_misc":{"\u00c9crit par":"Robert","Dur\u00e9e de lecture estim\u00e9e":"1 minute"},"schema":{"@context":"https:\/\/schema.org","@graph":[{"@type":"Article","@id":"https:\/\/www.viaromana.org\/blog\/edito-tout-frais-dechets-menagers-rue-perrin-de-nouveaux-lieux-de-depose-jusquau-31-aout\/#article","isPartOf":{"@id":"https:\/\/www.viaromana.org\/blog\/edito-tout-frais-dechets-menagers-rue-perrin-de-nouveaux-lieux-de-depose-jusquau-31-aout\/"},"author":{"name":"Robert","@id":"https:\/\/www.viaromana.org\/blog\/#\/schema\/person\/cde9c4655845091e1fe473fcd163c889"},"headline":"Edito tout frais : D\u00e9chets m\u00e9nagers rue Perrin : de nouveaux lieux de d\u00e9pose jusqu\u2019au 31 ao\u00fbt","datePublished":"2022-07-19T12:58:35+00:00","dateModified":"2022-07-19T12:58:35+00:00","mainEntityOfPage":{"@id":"https:\/\/www.viaromana.org\/blog\/edito-tout-frais-dechets-menagers-rue-perrin-de-nouveaux-lieux-de-depose-jusquau-31-aout\/"},"wordCount":302,"publisher":{"@id":"https:\/\/www.viaromana.org\/blog\/#organization"},"articleSection":["Arch\u00e9ologie"],"inLanguage":"fr-FR"},{"@type":"WebPage","@id":"https:\/\/www.viaromana.org\/blog\/edito-tout-frais-dechets-menagers-rue-perrin-de-nouveaux-lieux-de-depose-jusquau-31-aout\/","url":"https:\/\/www.viaromana.org\/blog\/edito-tout-frais-dechets-menagers-rue-perrin-de-nouveaux-lieux-de-depose-jusquau-31-aout\/","name":"Edito tout frais : D\u00e9chets m\u00e9nagers rue Perrin : de nouveaux lieux de d\u00e9pose jusqu\u2019au 31 ao\u00fbt - Viaromana et arch\u00e9ologie.","isPartOf":{"@id":"https:\/\/www.viaromana.org\/blog\/#website"},"datePublished":"2022-07-19T12:58:35+00:00","dateModified":"2022-07-19T12:58:35+00:00","description":"Edito tout frais : D\u00e9chets m\u00e9nagers rue Perrin : de nouveaux lieux de d\u00e9pose jusqu\u2019au 31 ao\u00fbt article de Viaromana et arch\u00e9ologie.","breadcrumb":{"@id":"https:\/\/www.viaromana.org\/blog\/edito-tout-frais-dechets-menagers-rue-perrin-de-nouveaux-lieux-de-depose-jusquau-31-aout\/#breadcrumb"},"inLanguage":"fr-FR","potentialAction":[{"@type":"ReadAction","target":["https:\/\/www.viaromana.org\/blog\/edito-tout-frais-dechets-menagers-rue-perrin-de-nouveaux-lieux-de-depose-jusquau-31-aout\/"]}]},{"@type":"BreadcrumbList","@id":"https:\/\/www.viaromana.org\/blog\/edito-tout-frais-dechets-menagers-rue-perrin-de-nouveaux-lieux-de-depose-jusquau-31-aout\/#breadcrumb","itemListElement":[{"@type":"ListItem","position":1,"name":"Accueil","item":"https:\/\/www.viaromana.org\/blog\/"},{"@type":"ListItem","position":2,"name":"Edito tout frais : D\u00e9chets m\u00e9nagers rue Perrin : de nouveaux lieux de d\u00e9pose jusqu\u2019au 31 ao\u00fbt"}]},{"@type":"WebSite","@id":"https:\/\/www.viaromana.org\/blog\/#website","url":"https:\/\/www.viaromana.org\/blog\/","name":"Viaromana et arch\u00e9ologie.","description":"Site arch\u00e9ologique de la voie romaine (viaromana) Belgique-France-Rome","publisher":{"@id":"https:\/\/www.viaromana.org\/blog\/#organization"},"potentialAction":[{"@type":"SearchAction","target":{"@type":"EntryPoint","urlTemplate":"https:\/\/www.viaromana.org\/blog\/?s={search_term_string}"},"query-input":"required name=search_term_string"}],"inLanguage":"fr-FR"},{"@type":"Organization","@id":"https:\/\/www.viaromana.org\/blog\/#organization","name":"viaromana","url":"https:\/\/www.viaromana.org\/blog\/","logo":{"@type":"ImageObject","inLanguage":"fr-FR","@id":"https:\/\/www.viaromana.org\/blog\/#\/schema\/logo\/image\/","url":"https:\/\/www.viaromana.org\/blog\/wp-content\/uploads\/2021\/12\/logo-3.png","contentUrl":"https:\/\/www.viaromana.org\/blog\/wp-content\/uploads\/2021\/12\/logo-3.png","width":300,"height":249,"caption":"viaromana"},"image":{"@id":"https:\/\/www.viaromana.org\/blog\/#\/schema\/logo\/image\/"}},{"@type":"Person","@id":"https:\/\/www.viaromana.org\/blog\/#\/schema\/person\/cde9c4655845091e1fe473fcd163c889","name":"Robert","image":{"@type":"ImageObject","inLanguage":"fr-FR","@id":"https:\/\/www.viaromana.org\/blog\/#\/schema\/person\/image\/","url":"https:\/\/secure.gravatar.com\/avatar\/a168ec191013b636c2f278aec04e724b?s=96&d=mm&r=g","contentUrl":"https:\/\/secure.gravatar.com\/avatar\/a168ec191013b636c2f278aec04e724b?s=96&d=mm&r=g","caption":"Robert"},"sameAs":["https:\/\/www.viaromana.org\/blog"],"url":"https:\/\/www.viaromana.org\/blog\/author\/anaadmin\/"}]}},"_links":{"self":[{"href":"https:\/\/www.viaromana.org\/blog\/wp-json\/wp\/v2\/posts\/1143"}],"collection":[{"href":"https:\/\/www.viaromana.org\/blog\/wp-json\/wp\/v2\/posts"}],"about":[{"href":"https:\/\/www.viaromana.org\/blog\/wp-json\/wp\/v2\/types\/post"}],"author":[{"embeddable":true,"href":"https:\/\/www.viaromana.org\/blog\/wp-json\/wp\/v2\/users\/1"}],"replies":[{"embeddable":true,"href":"https:\/\/www.viaromana.org\/blog\/wp-json\/wp\/v2\/comments?post=1143"}],"version-history":[{"count":0,"href":"https:\/\/www.viaromana.org\/blog\/wp-json\/wp\/v2\/posts\/1143\/revisions"}],"wp:featuredmedia":[{"embeddable":true,"href":"https:\/\/www.viaromana.org\/blog\/wp-json\/wp\/v2\/media\/1144"}],"wp:attachment":[{"href":"https:\/\/www.viaromana.org\/blog\/wp-json\/wp\/v2\/media?parent=1143"}],"wp:term":[{"taxonomy":"category","embeddable":true,"href":"https:\/\/www.viaromana.org\/blog\/wp-json\/wp\/v2\/categories?post=1143"},{"taxonomy":"post_tag","embeddable":true,"href":"https:\/\/www.viaromana.org\/blog\/wp-json\/wp\/v2\/tags?post=1143"}],"curies":[{"name":"wp","href":"https:\/\/api.w.org\/{rel}","templated":true}]}}