{"id":1123,"date":"2022-07-18T10:58:01","date_gmt":"2022-07-18T08:58:01","guid":{"rendered":"https:\/\/www.site.cdcl.xyz\/2022\/07\/18\/derniere-actu-pour-les-passionnes-directeur-adjoint-en-charge-des-espaces-verts-f-h\/"},"modified":"2022-07-18T10:58:01","modified_gmt":"2022-07-18T08:58:01","slug":"derniere-actu-pour-les-passionnes-directeur-adjoint-en-charge-des-espaces-verts-f-h","status":"publish","type":"post","link":"https:\/\/www.viaromana.org\/blog\/derniere-actu-pour-les-passionnes-directeur-adjoint-en-charge-des-espaces-verts-f-h\/","title":{"rendered":"Derni\u00e8re actu pour les passionn\u00e9s : Directeur adjoint en charge des espaces verts (F\/H)"},"content":{"rendered":"<p>Voici les \u00ab bonnes pages \u00bb d\u2019un texte que nous venons de voir sur internet. Le sujet va immanquablement vous ravir. Car la th\u00e9matique est \u00ab&nbsp;l\u2019arch\u00e9ologie&nbsp;\u00bb.<\/p>\n<p>Le titre (Directeur adjoint en charge des espaces verts (F\/H)) r\u00e9capitule tout le papier.<\/p>\n<p> Annonc\u00e9 sous la signature \u00abadmin_vannes\u00bb, le r\u00e9dacteur est positivement connu pour plusieurs autres textes qu\u2019il a publi\u00e9s sur le web.<\/p>\n<p>Les r\u00e9v\u00e9lations publi\u00e9es sont par cons\u00e9quent r\u00e9put\u00e9es cr\u00e9dibles.<\/p>\n<p>Le texte a \u00e9t\u00e9 diffus\u00e9 \u00e0 une date not\u00e9e 2022-07-18 10:58:01.<\/p>\n<p>Texte en question : <\/p>\n<div>\n<div>\n<p><strong>Nbre d\u2019agents \u00e0 encadrer :&nbsp;&nbsp;&nbsp;&nbsp;&nbsp;&nbsp;&nbsp;&nbsp;&nbsp;&nbsp;&nbsp;&nbsp; 3<\/strong><br \/>&nbsp;<\/p>\n<ul>\n<li><strong>Etudes prospectives en mati\u00e8re d\u2019espaces verts et d\u2019espaces naturels :<\/strong><\/li>\n<\/ul>\n<p>\u2013 Assure la gestion des espaces verts et des espaces naturels communaux&nbsp;<br \/>\u2013 Participe \u00e0 l\u2019\u00e9laboration des projets en qualit\u00e9 de ma\u00eetrise d\u2019usage et en assure la r\u00e9alisation<br \/>\u2013 Veille \u00e0 la conservation et promotion des collections v\u00e9g\u00e9tales&nbsp;<br \/>\u2013 M\u00e8ne des d\u00e9marches d\u2019\u00e9cogestion par objectif : gestion diff\u00e9renci\u00e9e \u2013 plan de d\u00e9sherbage \u2013 plan de biodiversit\u00e9\u2026<br \/>\u2013 Contr\u00f4le et \u00e9value les op\u00e9rations de maintenance et d\u2019entretien&nbsp;<br \/>\u2013 Participe \u00e0 la d\u00e9finition des orientations strat\u00e9giques en mati\u00e8re d\u2019espaces verts pour les mettre en \u0153uvre<\/p>\n<ul>\n<li><strong>Cadre r\u00e8glementaire et juridique :<\/strong><\/li>\n<\/ul>\n<p>\u2013 Veille \u00e0 l\u2019application du protocole de gestion des aires collectives de jeux&nbsp;<br \/>\u2013 Veille \u00e0 l\u2019application du protocole de gestion et de suivi sanitaire et s\u00e9curitaire du patrimoine arbor\u00e9&nbsp;<br \/>\u2013 Veille \u00e0 l\u2019application de la r\u00e8glementation des produits phytosanitaires et pratiques alternatives.<\/p>\n<ul>\n<li><strong>Gestion administrative, financi\u00e8re et budg\u00e9taire du service espaces verts et espaces naturels :<\/strong><\/li>\n<\/ul>\n<p>\u2013 Pr\u00e9voit et veille au suivi des march\u00e9s publics espaces verts et espaces naturels<br \/>\u2013 Elabore et suit dans leur ex\u00e9cution les budgets de fonctionnement et d\u2019investissement&nbsp;<br \/>\u2013 Elabore les rapports d\u2019activit\u00e9s<br \/>\u2013 Veille \u00e0 la gestion administrative des courriers.<br \/>&nbsp;<\/p>\n<ul>\n<li><strong>Management et encadrement du service :<\/strong><\/li>\n<\/ul>\n<p>\u2013 Assure la coordination des activit\u00e9s horticoles, arboricoles, de maintenance paysag\u00e8re<br \/>\u2013 Participe \u00e0 la gestion des ressources humaines en mati\u00e8re de recrutement, de formation<br \/>\u2013 Participe et veille \u00e0 l\u2019application du programme de pr\u00e9vention des risques et des r\u00e8gles d\u2019hygi\u00e8ne et de&nbsp;s\u00e9curit\u00e9 li\u00e9s aux activit\u00e9s du service<\/p>\n<\/p><\/div>\n<\/div>\n<div>\n<div>\n<p>Qualit\u00e9s relationnelles et manag\u00e9riales<br \/>Capacit\u00e9 \u00e0 mobiliser son \u00e9quipe autour de projets<br \/>Esprit d\u2019initiative, cr\u00e9atif, m\u00e9thodique, rigoureux et organis\u00e9<\/p>\n<p>Conna\u00eetre le cadre r\u00e8glementaire et les proc\u00e9dures administratives en mati\u00e8re d\u2019hygi\u00e8ne et s\u00e9curit\u00e9 de march\u00e9s publics, de gestion des aires de jeux, d\u2019utilisation des produits phytosanitaires ; Ma\u00eetrise des outils informatiques et bureautiques ( Word, Excel, PowerPoint, applications SIG, Logiciels&nbsp;de gestion des interventions et de comptabilit\u00e9 analytique)<\/p>\n<\/p><\/div>\n<\/div>\n<p>Lecture:<\/p>\n<p>Sous le sable d\u2019Egypte.,<a target=\"_blank\" rel=\"nofollow\" href=\"https:\/\/www.viaromana.org\/blog\/goto\/https:\/\/booknode.com\/sous_le_sable_degypte_02989473\"  target=\"_blank\" rel=\"noopener noreferrer nofollow\">livre de r\u00e9f\u00e9rence <\/a><span><\/span>.<\/p>\n<p>P\u00e9riode Glaciaire.,<a target=\"_blank\" rel=\"nofollow\" href=\"https:\/\/www.viaromana.org\/blog\/goto\/https:\/\/booknode.com\/periode_glaciaire_0112143\"  target=\"_blank\" rel=\"noopener noreferrer nofollow\">A voir et \u00e0 lire. <\/a><span><\/span>. Disponible sur internet.<\/p>\n<p>Sanctuaire Genesis \u2013 Deuxi\u00e8me partie.,<a target=\"_blank\" rel=\"nofollow\" href=\"https:\/\/www.viaromana.org\/blog\/goto\/https:\/\/booknode.com\/sanctuaire_genesis_deuxieme_partie_01780625\"  target=\"_blank\" rel=\"noopener noreferrer nofollow\">A voir et \u00e0 lire. <\/a><span><\/span>. Disponible sur internet.<\/p>\n<p>National Geographic, Arch\u00e9ologie : P\u00e9tra.,<a target=\"_blank\" rel=\"nofollow\" href=\"https:\/\/www.viaromana.org\/blog\/goto\/https:\/\/booknode.com\/national_geographic_archeologie_petra_02572193\"  target=\"_blank\" rel=\"noopener noreferrer nofollow\">A voir et \u00e0 lire. <\/a><span><\/span>. Disponible sur internet.<\/p>\n","protected":false},"excerpt":{"rendered":"<p>Voici les \u00ab bonnes pages \u00bb d\u2019un texte que nous venons de voir sur internet. Le sujet va immanquablement vous ravir. Car la th\u00e9matique est \u00ab&nbsp;l\u2019arch\u00e9ologie&nbsp;\u00bb. Le titre (Directeur adjoint en charge des espaces verts (F\/H)) r\u00e9capitule tout le papier. Annonc\u00e9 sous la signature \u00abadmin_vannes\u00bb, le r\u00e9dacteur est positivement connu pour plusieurs autres textes qu\u2019il a publi\u00e9s sur le web. Les r\u00e9v\u00e9lations publi\u00e9es sont par cons\u00e9quent r\u00e9put\u00e9es cr\u00e9dibles. Le texte a \u00e9t\u00e9 diffus\u00e9 \u00e0 une date not\u00e9e 2022-07-18 10:58:01. Texte en question : Nbre d\u2019agents \u00e0 encadrer :&nbsp;&nbsp;&nbsp;&nbsp;&nbsp;&nbsp;&nbsp;&nbsp;&nbsp;&nbsp;&nbsp;&nbsp; 3&nbsp; Etudes prospectives en mati\u00e8re d\u2019espaces verts et d\u2019espaces naturels : \u2013\u2026<\/p>\n","protected":false},"author":1,"featured_media":1124,"comment_status":"closed","ping_status":"closed","sticky":false,"template":"","format":"standard","meta":{"footnotes":""},"categories":[2],"tags":[],"blocksy_meta":{"styles_descriptor":{"styles":{"desktop":"","tablet":"","mobile":""},"google_fonts":[],"version":4}},"yoast_head":"<!-- This site is optimized with the Yoast SEO plugin v21.1 - https:\/\/yoast.com\/wordpress\/plugins\/seo\/ -->\n<title>Derni\u00e8re actu pour les passionn\u00e9s : Directeur adjoint en charge des espaces verts (F\/H) - Viaromana et arch\u00e9ologie.<\/title>\n<meta name=\"description\" content=\"Derni\u00e8re actu pour les passionn\u00e9s : Directeur adjoint en charge des espaces verts (F\/H) article de Viaromana et arch\u00e9ologie.\" \/>\n<meta name=\"robots\" content=\"index, follow, max-snippet:-1, max-image-preview:large, max-video-preview:-1\" \/>\n<link rel=\"canonical\" href=\"https:\/\/www.viaromana.org\/blog\/derniere-actu-pour-les-passionnes-directeur-adjoint-en-charge-des-espaces-verts-f-h\/\" \/>\n<meta property=\"og:locale\" content=\"fr_FR\" \/>\n<meta property=\"og:type\" content=\"article\" \/>\n<meta property=\"og:title\" content=\"Derni\u00e8re actu pour les passionn\u00e9s : Directeur adjoint en charge des espaces verts (F\/H) - Viaromana et arch\u00e9ologie.\" \/>\n<meta property=\"og:description\" content=\"Derni\u00e8re actu pour les passionn\u00e9s : Directeur adjoint en charge des espaces verts (F\/H) article de Viaromana et arch\u00e9ologie.\" \/>\n<meta property=\"og:url\" content=\"https:\/\/www.viaromana.org\/blog\/derniere-actu-pour-les-passionnes-directeur-adjoint-en-charge-des-espaces-verts-f-h\/\" \/>\n<meta property=\"og:site_name\" content=\"Viaromana et arch\u00e9ologie.\" \/>\n<meta property=\"article:published_time\" content=\"2022-07-18T08:58:01+00:00\" \/>\n<meta property=\"og:image\" content=\"https:\/\/www.viaromana.org\/blog\/wp-content\/uploads\/2022\/07\/unnamed-file-7-scaled.jpg\" \/>\n\t<meta property=\"og:image:width\" content=\"1920\" \/>\n\t<meta property=\"og:image:height\" content=\"2560\" \/>\n\t<meta property=\"og:image:type\" content=\"image\/jpeg\" \/>\n<meta name=\"author\" content=\"Robert\" \/>\n<meta name=\"twitter:card\" content=\"summary_large_image\" \/>\n<meta name=\"twitter:label1\" content=\"\u00c9crit par\" \/>\n\t<meta name=\"twitter:data1\" content=\"Robert\" \/>\n\t<meta name=\"twitter:label2\" content=\"Dur\u00e9e de lecture estim\u00e9e\" \/>\n\t<meta name=\"twitter:data2\" content=\"3 minutes\" \/>\n<script type=\"application\/ld+json\" class=\"yoast-schema-graph\">{\"@context\":\"https:\/\/schema.org\",\"@graph\":[{\"@type\":\"Article\",\"@id\":\"https:\/\/www.viaromana.org\/blog\/derniere-actu-pour-les-passionnes-directeur-adjoint-en-charge-des-espaces-verts-f-h\/#article\",\"isPartOf\":{\"@id\":\"https:\/\/www.viaromana.org\/blog\/derniere-actu-pour-les-passionnes-directeur-adjoint-en-charge-des-espaces-verts-f-h\/\"},\"author\":{\"name\":\"Robert\",\"@id\":\"https:\/\/www.viaromana.org\/blog\/#\/schema\/person\/cde9c4655845091e1fe473fcd163c889\"},\"headline\":\"Derni\u00e8re actu pour les passionn\u00e9s : Directeur adjoint en charge des espaces verts (F\/H)\",\"datePublished\":\"2022-07-18T08:58:01+00:00\",\"dateModified\":\"2022-07-18T08:58:01+00:00\",\"mainEntityOfPage\":{\"@id\":\"https:\/\/www.viaromana.org\/blog\/derniere-actu-pour-les-passionnes-directeur-adjoint-en-charge-des-espaces-verts-f-h\/\"},\"wordCount\":528,\"publisher\":{\"@id\":\"https:\/\/www.viaromana.org\/blog\/#organization\"},\"articleSection\":[\"Arch\u00e9ologie\"],\"inLanguage\":\"fr-FR\"},{\"@type\":\"WebPage\",\"@id\":\"https:\/\/www.viaromana.org\/blog\/derniere-actu-pour-les-passionnes-directeur-adjoint-en-charge-des-espaces-verts-f-h\/\",\"url\":\"https:\/\/www.viaromana.org\/blog\/derniere-actu-pour-les-passionnes-directeur-adjoint-en-charge-des-espaces-verts-f-h\/\",\"name\":\"Derni\u00e8re actu pour les passionn\u00e9s : Directeur adjoint en charge des espaces verts (F\/H) - Viaromana et arch\u00e9ologie.\",\"isPartOf\":{\"@id\":\"https:\/\/www.viaromana.org\/blog\/#website\"},\"datePublished\":\"2022-07-18T08:58:01+00:00\",\"dateModified\":\"2022-07-18T08:58:01+00:00\",\"description\":\"Derni\u00e8re actu pour les passionn\u00e9s : Directeur adjoint en charge des espaces verts (F\/H) article de Viaromana et arch\u00e9ologie.\",\"breadcrumb\":{\"@id\":\"https:\/\/www.viaromana.org\/blog\/derniere-actu-pour-les-passionnes-directeur-adjoint-en-charge-des-espaces-verts-f-h\/#breadcrumb\"},\"inLanguage\":\"fr-FR\",\"potentialAction\":[{\"@type\":\"ReadAction\",\"target\":[\"https:\/\/www.viaromana.org\/blog\/derniere-actu-pour-les-passionnes-directeur-adjoint-en-charge-des-espaces-verts-f-h\/\"]}]},{\"@type\":\"BreadcrumbList\",\"@id\":\"https:\/\/www.viaromana.org\/blog\/derniere-actu-pour-les-passionnes-directeur-adjoint-en-charge-des-espaces-verts-f-h\/#breadcrumb\",\"itemListElement\":[{\"@type\":\"ListItem\",\"position\":1,\"name\":\"Accueil\",\"item\":\"https:\/\/www.viaromana.org\/blog\/\"},{\"@type\":\"ListItem\",\"position\":2,\"name\":\"Derni\u00e8re actu pour les passionn\u00e9s : Directeur adjoint en charge des espaces verts (F\/H)\"}]},{\"@type\":\"WebSite\",\"@id\":\"https:\/\/www.viaromana.org\/blog\/#website\",\"url\":\"https:\/\/www.viaromana.org\/blog\/\",\"name\":\"Viaromana et arch\u00e9ologie.\",\"description\":\"Site arch\u00e9ologique de la voie romaine (viaromana) Belgique-France-Rome\",\"publisher\":{\"@id\":\"https:\/\/www.viaromana.org\/blog\/#organization\"},\"potentialAction\":[{\"@type\":\"SearchAction\",\"target\":{\"@type\":\"EntryPoint\",\"urlTemplate\":\"https:\/\/www.viaromana.org\/blog\/?s={search_term_string}\"},\"query-input\":\"required name=search_term_string\"}],\"inLanguage\":\"fr-FR\"},{\"@type\":\"Organization\",\"@id\":\"https:\/\/www.viaromana.org\/blog\/#organization\",\"name\":\"viaromana\",\"url\":\"https:\/\/www.viaromana.org\/blog\/\",\"logo\":{\"@type\":\"ImageObject\",\"inLanguage\":\"fr-FR\",\"@id\":\"https:\/\/www.viaromana.org\/blog\/#\/schema\/logo\/image\/\",\"url\":\"https:\/\/www.viaromana.org\/blog\/wp-content\/uploads\/2021\/12\/logo-3.png\",\"contentUrl\":\"https:\/\/www.viaromana.org\/blog\/wp-content\/uploads\/2021\/12\/logo-3.png\",\"width\":300,\"height\":249,\"caption\":\"viaromana\"},\"image\":{\"@id\":\"https:\/\/www.viaromana.org\/blog\/#\/schema\/logo\/image\/\"}},{\"@type\":\"Person\",\"@id\":\"https:\/\/www.viaromana.org\/blog\/#\/schema\/person\/cde9c4655845091e1fe473fcd163c889\",\"name\":\"Robert\",\"image\":{\"@type\":\"ImageObject\",\"inLanguage\":\"fr-FR\",\"@id\":\"https:\/\/www.viaromana.org\/blog\/#\/schema\/person\/image\/\",\"url\":\"https:\/\/secure.gravatar.com\/avatar\/a168ec191013b636c2f278aec04e724b?s=96&d=mm&r=g\",\"contentUrl\":\"https:\/\/secure.gravatar.com\/avatar\/a168ec191013b636c2f278aec04e724b?s=96&d=mm&r=g\",\"caption\":\"Robert\"},\"sameAs\":[\"https:\/\/www.viaromana.org\/blog\"],\"url\":\"https:\/\/www.viaromana.org\/blog\/author\/anaadmin\/\"}]}<\/script>\n<!-- \/ Yoast SEO plugin. -->","yoast_head_json":{"title":"Derni\u00e8re actu pour les passionn\u00e9s : Directeur adjoint en charge des espaces verts (F\/H) - Viaromana et arch\u00e9ologie.","description":"Derni\u00e8re actu pour les passionn\u00e9s : Directeur adjoint en charge des espaces verts (F\/H) article de Viaromana et arch\u00e9ologie.","robots":{"index":"index","follow":"follow","max-snippet":"max-snippet:-1","max-image-preview":"max-image-preview:large","max-video-preview":"max-video-preview:-1"},"canonical":"https:\/\/www.viaromana.org\/blog\/derniere-actu-pour-les-passionnes-directeur-adjoint-en-charge-des-espaces-verts-f-h\/","og_locale":"fr_FR","og_type":"article","og_title":"Derni\u00e8re actu pour les passionn\u00e9s : Directeur adjoint en charge des espaces verts (F\/H) - Viaromana et arch\u00e9ologie.","og_description":"Derni\u00e8re actu pour les passionn\u00e9s : Directeur adjoint en charge des espaces verts (F\/H) article de Viaromana et arch\u00e9ologie.","og_url":"https:\/\/www.viaromana.org\/blog\/derniere-actu-pour-les-passionnes-directeur-adjoint-en-charge-des-espaces-verts-f-h\/","og_site_name":"Viaromana et arch\u00e9ologie.","article_published_time":"2022-07-18T08:58:01+00:00","og_image":[{"width":1920,"height":2560,"url":"https:\/\/www.viaromana.org\/blog\/wp-content\/uploads\/2022\/07\/unnamed-file-7-scaled.jpg","type":"image\/jpeg"}],"author":"Robert","twitter_card":"summary_large_image","twitter_misc":{"\u00c9crit par":"Robert","Dur\u00e9e de lecture estim\u00e9e":"3 minutes"},"schema":{"@context":"https:\/\/schema.org","@graph":[{"@type":"Article","@id":"https:\/\/www.viaromana.org\/blog\/derniere-actu-pour-les-passionnes-directeur-adjoint-en-charge-des-espaces-verts-f-h\/#article","isPartOf":{"@id":"https:\/\/www.viaromana.org\/blog\/derniere-actu-pour-les-passionnes-directeur-adjoint-en-charge-des-espaces-verts-f-h\/"},"author":{"name":"Robert","@id":"https:\/\/www.viaromana.org\/blog\/#\/schema\/person\/cde9c4655845091e1fe473fcd163c889"},"headline":"Derni\u00e8re actu pour les passionn\u00e9s : Directeur adjoint en charge des espaces verts (F\/H)","datePublished":"2022-07-18T08:58:01+00:00","dateModified":"2022-07-18T08:58:01+00:00","mainEntityOfPage":{"@id":"https:\/\/www.viaromana.org\/blog\/derniere-actu-pour-les-passionnes-directeur-adjoint-en-charge-des-espaces-verts-f-h\/"},"wordCount":528,"publisher":{"@id":"https:\/\/www.viaromana.org\/blog\/#organization"},"articleSection":["Arch\u00e9ologie"],"inLanguage":"fr-FR"},{"@type":"WebPage","@id":"https:\/\/www.viaromana.org\/blog\/derniere-actu-pour-les-passionnes-directeur-adjoint-en-charge-des-espaces-verts-f-h\/","url":"https:\/\/www.viaromana.org\/blog\/derniere-actu-pour-les-passionnes-directeur-adjoint-en-charge-des-espaces-verts-f-h\/","name":"Derni\u00e8re actu pour les passionn\u00e9s : Directeur adjoint en charge des espaces verts (F\/H) - Viaromana et arch\u00e9ologie.","isPartOf":{"@id":"https:\/\/www.viaromana.org\/blog\/#website"},"datePublished":"2022-07-18T08:58:01+00:00","dateModified":"2022-07-18T08:58:01+00:00","description":"Derni\u00e8re actu pour les passionn\u00e9s : Directeur adjoint en charge des espaces verts (F\/H) article de Viaromana et arch\u00e9ologie.","breadcrumb":{"@id":"https:\/\/www.viaromana.org\/blog\/derniere-actu-pour-les-passionnes-directeur-adjoint-en-charge-des-espaces-verts-f-h\/#breadcrumb"},"inLanguage":"fr-FR","potentialAction":[{"@type":"ReadAction","target":["https:\/\/www.viaromana.org\/blog\/derniere-actu-pour-les-passionnes-directeur-adjoint-en-charge-des-espaces-verts-f-h\/"]}]},{"@type":"BreadcrumbList","@id":"https:\/\/www.viaromana.org\/blog\/derniere-actu-pour-les-passionnes-directeur-adjoint-en-charge-des-espaces-verts-f-h\/#breadcrumb","itemListElement":[{"@type":"ListItem","position":1,"name":"Accueil","item":"https:\/\/www.viaromana.org\/blog\/"},{"@type":"ListItem","position":2,"name":"Derni\u00e8re actu pour les passionn\u00e9s : Directeur adjoint en charge des espaces verts (F\/H)"}]},{"@type":"WebSite","@id":"https:\/\/www.viaromana.org\/blog\/#website","url":"https:\/\/www.viaromana.org\/blog\/","name":"Viaromana et arch\u00e9ologie.","description":"Site arch\u00e9ologique de la voie romaine (viaromana) Belgique-France-Rome","publisher":{"@id":"https:\/\/www.viaromana.org\/blog\/#organization"},"potentialAction":[{"@type":"SearchAction","target":{"@type":"EntryPoint","urlTemplate":"https:\/\/www.viaromana.org\/blog\/?s={search_term_string}"},"query-input":"required name=search_term_string"}],"inLanguage":"fr-FR"},{"@type":"Organization","@id":"https:\/\/www.viaromana.org\/blog\/#organization","name":"viaromana","url":"https:\/\/www.viaromana.org\/blog\/","logo":{"@type":"ImageObject","inLanguage":"fr-FR","@id":"https:\/\/www.viaromana.org\/blog\/#\/schema\/logo\/image\/","url":"https:\/\/www.viaromana.org\/blog\/wp-content\/uploads\/2021\/12\/logo-3.png","contentUrl":"https:\/\/www.viaromana.org\/blog\/wp-content\/uploads\/2021\/12\/logo-3.png","width":300,"height":249,"caption":"viaromana"},"image":{"@id":"https:\/\/www.viaromana.org\/blog\/#\/schema\/logo\/image\/"}},{"@type":"Person","@id":"https:\/\/www.viaromana.org\/blog\/#\/schema\/person\/cde9c4655845091e1fe473fcd163c889","name":"Robert","image":{"@type":"ImageObject","inLanguage":"fr-FR","@id":"https:\/\/www.viaromana.org\/blog\/#\/schema\/person\/image\/","url":"https:\/\/secure.gravatar.com\/avatar\/a168ec191013b636c2f278aec04e724b?s=96&d=mm&r=g","contentUrl":"https:\/\/secure.gravatar.com\/avatar\/a168ec191013b636c2f278aec04e724b?s=96&d=mm&r=g","caption":"Robert"},"sameAs":["https:\/\/www.viaromana.org\/blog"],"url":"https:\/\/www.viaromana.org\/blog\/author\/anaadmin\/"}]}},"_links":{"self":[{"href":"https:\/\/www.viaromana.org\/blog\/wp-json\/wp\/v2\/posts\/1123"}],"collection":[{"href":"https:\/\/www.viaromana.org\/blog\/wp-json\/wp\/v2\/posts"}],"about":[{"href":"https:\/\/www.viaromana.org\/blog\/wp-json\/wp\/v2\/types\/post"}],"author":[{"embeddable":true,"href":"https:\/\/www.viaromana.org\/blog\/wp-json\/wp\/v2\/users\/1"}],"replies":[{"embeddable":true,"href":"https:\/\/www.viaromana.org\/blog\/wp-json\/wp\/v2\/comments?post=1123"}],"version-history":[{"count":0,"href":"https:\/\/www.viaromana.org\/blog\/wp-json\/wp\/v2\/posts\/1123\/revisions"}],"wp:featuredmedia":[{"embeddable":true,"href":"https:\/\/www.viaromana.org\/blog\/wp-json\/wp\/v2\/media\/1124"}],"wp:attachment":[{"href":"https:\/\/www.viaromana.org\/blog\/wp-json\/wp\/v2\/media?parent=1123"}],"wp:term":[{"taxonomy":"category","embeddable":true,"href":"https:\/\/www.viaromana.org\/blog\/wp-json\/wp\/v2\/categories?post=1123"},{"taxonomy":"post_tag","embeddable":true,"href":"https:\/\/www.viaromana.org\/blog\/wp-json\/wp\/v2\/tags?post=1123"}],"curies":[{"name":"wp","href":"https:\/\/api.w.org\/{rel}","templated":true}]}}