{"id":1115,"date":"2022-07-13T16:26:46","date_gmt":"2022-07-13T14:26:46","guid":{"rendered":"https:\/\/www.site.cdcl.xyz\/2022\/07\/13\/on-revient-sur-ledito-cine-plein-air-avec-la-projection-de-coco\/"},"modified":"2022-07-13T16:26:46","modified_gmt":"2022-07-13T14:26:46","slug":"on-revient-sur-ledito-cine-plein-air-avec-la-projection-de-coco","status":"publish","type":"post","link":"https:\/\/www.viaromana.org\/blog\/on-revient-sur-ledito-cine-plein-air-avec-la-projection-de-coco\/","title":{"rendered":"On revient sur l\u2019\u00e9dito : Cin\u00e9 plein air avec la projection de Coco"},"content":{"rendered":"<p>Nous allons faire la lumi\u00e8re sur ce post qui vient d\u2019\u00eatre publi\u00e9, dont le sujet est \u00abl\u2019arch\u00e9ologie\u00bb.<\/p>\n<p>Le titre (Cin\u00e9 plein air avec la projection de Coco) est \u00e9vocateur.<\/p>\n<p>Le r\u00e9dacteur (pr\u00e9sent\u00e9 sous la signature admin_vannes) est positivement connu pour plusieurs autres \u00e9ditoriaux qu\u2019il a publi\u00e9s sur internet.<\/p>\n<p>Vous pouvez prendre connaissance de ces informations en toute s\u00e9curit\u00e9.<\/p>\n<p>La date de parution est 2022-07-13 16:26:46.<\/p>\n<p>Texte : <\/p>\n<div>\n<p>Vendredi 29 juillet, Parc des Vallons, 22 h \u2013 Cin\u00e9 plein air avec la projection de Coco.<\/p>\n<p>Synopsis: Depuis des g\u00e9n\u00e9rations, la famille Miguel a banni la musique. C\u2019\u00e9tait d\u00e9chirant pour le jeune gar\u00e7on qui r\u00eavait finalement de devenir un musicien accompli comme son idole Ernesto de la Cruz. D\u00e9termin\u00e9 \u00e0 prouver son talent, Miguel se retrouve propuls\u00e9 dans un lieu \u00e0 la fois \u00e9tonnant et color\u00e9 : le Pays des Morts. L\u00e0, il se lie d\u2019amiti\u00e9 avec Hector, un bon gar\u00e7on mais un peu sournois \u00e0 la marge. Ensemble, ils vont embarquer dans un voyage extraordinaire pour leur r\u00e9v\u00e9ler la v\u00e9ritable histoire derri\u00e8re la famille Miguel\u2026&nbsp;<\/p>\n<\/div>\n<p>Ouvrages sur le m\u00eame th\u00e8me:<\/p>\n<p>Ultime espoir.,<a target=\"_blank\" rel=\"nofollow\" href=\"https:\/\/www.viaromana.org\/blog\/goto\/https:\/\/booknode.com\/ultime_espoir_070688\"  target=\"_blank\" rel=\"noopener noreferrer nofollow\">(Disponible) <\/a><span><\/span>.<\/p>\n<p>Notre-Dame de Paris ; histoire et arch\u00e9ologie d\u2019une cath\u00e9drale (XIIe-XIVe si\u00e8cle).,<a target=\"_blank\" rel=\"nofollow\" href=\"https:\/\/www.viaromana.org\/blog\/goto\/https:\/\/www.epagine.fr\/ebook\/9782271129185-notre-dame-de-paris-histoire-et-archeologie-d-une-cathedrale-xiie-xive-siecle-dany-sandron\/\"  target=\"_blank\" rel=\"noopener noreferrer nofollow\">Ouvrage <\/a><span><\/span>.<\/p>\n<p>Sous le sable d\u2019Egypte.,<a target=\"_blank\" rel=\"nofollow\" href=\"https:\/\/www.viaromana.org\/blog\/goto\/https:\/\/booknode.com\/sous_le_sable_degypte_02989473\"  target=\"_blank\" rel=\"noopener noreferrer nofollow\">livre de r\u00e9f\u00e9rence <\/a><span><\/span>.<\/p>\n<p>L\u2019or des Incas.,<a target=\"_blank\" rel=\"nofollow\" href=\"https:\/\/www.viaromana.org\/blog\/goto\/https:\/\/booknode.com\/lor_des_incas_043986\"  target=\"_blank\" rel=\"noopener noreferrer nofollow\">Le livre <\/a><span><\/span>.<\/p>\n","protected":false},"excerpt":{"rendered":"<p>Nous allons faire la lumi\u00e8re sur ce post qui vient d\u2019\u00eatre publi\u00e9, dont le sujet est \u00abl\u2019arch\u00e9ologie\u00bb. Le titre (Cin\u00e9 plein air avec la projection de Coco) est \u00e9vocateur. Le r\u00e9dacteur (pr\u00e9sent\u00e9 sous la signature admin_vannes) est positivement connu pour plusieurs autres \u00e9ditoriaux qu\u2019il a publi\u00e9s sur internet. Vous pouvez prendre connaissance de ces informations en toute s\u00e9curit\u00e9. La date de parution est 2022-07-13 16:26:46. Texte : Vendredi 29 juillet, Parc des Vallons, 22 h \u2013 Cin\u00e9 plein air avec la projection de Coco. Synopsis: Depuis des g\u00e9n\u00e9rations, la famille Miguel a banni la musique. C\u2019\u00e9tait d\u00e9chirant pour le jeune\u2026<\/p>\n","protected":false},"author":1,"featured_media":1116,"comment_status":"closed","ping_status":"closed","sticky":false,"template":"","format":"standard","meta":{"footnotes":""},"categories":[2],"tags":[],"blocksy_meta":{"styles_descriptor":{"styles":{"desktop":"","tablet":"","mobile":""},"google_fonts":[],"version":4}},"yoast_head":"<!-- This site is optimized with the Yoast SEO plugin v21.1 - https:\/\/yoast.com\/wordpress\/plugins\/seo\/ -->\n<title>On revient sur l\u2019\u00e9dito : Cin\u00e9 plein air avec la projection de Coco - Viaromana et arch\u00e9ologie.<\/title>\n<meta name=\"description\" content=\"On revient sur l\u2019\u00e9dito : Cin\u00e9 plein air avec la projection de Coco article de Viaromana et arch\u00e9ologie.\" \/>\n<meta name=\"robots\" content=\"index, follow, max-snippet:-1, max-image-preview:large, max-video-preview:-1\" \/>\n<link rel=\"canonical\" href=\"https:\/\/www.viaromana.org\/blog\/on-revient-sur-ledito-cine-plein-air-avec-la-projection-de-coco\/\" \/>\n<meta property=\"og:locale\" content=\"fr_FR\" \/>\n<meta property=\"og:type\" content=\"article\" \/>\n<meta property=\"og:title\" content=\"On revient sur l\u2019\u00e9dito : Cin\u00e9 plein air avec la projection de Coco - Viaromana et arch\u00e9ologie.\" \/>\n<meta property=\"og:description\" content=\"On revient sur l\u2019\u00e9dito : Cin\u00e9 plein air avec la projection de Coco article de Viaromana et arch\u00e9ologie.\" \/>\n<meta property=\"og:url\" content=\"https:\/\/www.viaromana.org\/blog\/on-revient-sur-ledito-cine-plein-air-avec-la-projection-de-coco\/\" \/>\n<meta property=\"og:site_name\" content=\"Viaromana et arch\u00e9ologie.\" \/>\n<meta property=\"article:published_time\" content=\"2022-07-13T14:26:46+00:00\" \/>\n<meta property=\"og:image\" content=\"https:\/\/www.viaromana.org\/blog\/wp-content\/uploads\/2022\/07\/unnamed-file-6.jpg\" \/>\n\t<meta property=\"og:image:width\" content=\"2048\" \/>\n\t<meta property=\"og:image:height\" content=\"1536\" \/>\n\t<meta property=\"og:image:type\" content=\"image\/jpeg\" \/>\n<meta name=\"author\" content=\"Robert\" \/>\n<meta name=\"twitter:card\" content=\"summary_large_image\" \/>\n<meta name=\"twitter:label1\" content=\"\u00c9crit par\" \/>\n\t<meta name=\"twitter:data1\" content=\"Robert\" \/>\n\t<meta name=\"twitter:label2\" content=\"Dur\u00e9e de lecture estim\u00e9e\" \/>\n\t<meta name=\"twitter:data2\" content=\"1 minute\" \/>\n<script type=\"application\/ld+json\" class=\"yoast-schema-graph\">{\"@context\":\"https:\/\/schema.org\",\"@graph\":[{\"@type\":\"Article\",\"@id\":\"https:\/\/www.viaromana.org\/blog\/on-revient-sur-ledito-cine-plein-air-avec-la-projection-de-coco\/#article\",\"isPartOf\":{\"@id\":\"https:\/\/www.viaromana.org\/blog\/on-revient-sur-ledito-cine-plein-air-avec-la-projection-de-coco\/\"},\"author\":{\"name\":\"Robert\",\"@id\":\"https:\/\/www.viaromana.org\/blog\/#\/schema\/person\/cde9c4655845091e1fe473fcd163c889\"},\"headline\":\"On revient sur l\u2019\u00e9dito : Cin\u00e9 plein air avec la projection de Coco\",\"datePublished\":\"2022-07-13T14:26:46+00:00\",\"dateModified\":\"2022-07-13T14:26:46+00:00\",\"mainEntityOfPage\":{\"@id\":\"https:\/\/www.viaromana.org\/blog\/on-revient-sur-ledito-cine-plein-air-avec-la-projection-de-coco\/\"},\"wordCount\":244,\"publisher\":{\"@id\":\"https:\/\/www.viaromana.org\/blog\/#organization\"},\"articleSection\":[\"Arch\u00e9ologie\"],\"inLanguage\":\"fr-FR\"},{\"@type\":\"WebPage\",\"@id\":\"https:\/\/www.viaromana.org\/blog\/on-revient-sur-ledito-cine-plein-air-avec-la-projection-de-coco\/\",\"url\":\"https:\/\/www.viaromana.org\/blog\/on-revient-sur-ledito-cine-plein-air-avec-la-projection-de-coco\/\",\"name\":\"On revient sur l\u2019\u00e9dito : Cin\u00e9 plein air avec la projection de Coco - Viaromana et arch\u00e9ologie.\",\"isPartOf\":{\"@id\":\"https:\/\/www.viaromana.org\/blog\/#website\"},\"datePublished\":\"2022-07-13T14:26:46+00:00\",\"dateModified\":\"2022-07-13T14:26:46+00:00\",\"description\":\"On revient sur l\u2019\u00e9dito : Cin\u00e9 plein air avec la projection de Coco article de Viaromana et arch\u00e9ologie.\",\"breadcrumb\":{\"@id\":\"https:\/\/www.viaromana.org\/blog\/on-revient-sur-ledito-cine-plein-air-avec-la-projection-de-coco\/#breadcrumb\"},\"inLanguage\":\"fr-FR\",\"potentialAction\":[{\"@type\":\"ReadAction\",\"target\":[\"https:\/\/www.viaromana.org\/blog\/on-revient-sur-ledito-cine-plein-air-avec-la-projection-de-coco\/\"]}]},{\"@type\":\"BreadcrumbList\",\"@id\":\"https:\/\/www.viaromana.org\/blog\/on-revient-sur-ledito-cine-plein-air-avec-la-projection-de-coco\/#breadcrumb\",\"itemListElement\":[{\"@type\":\"ListItem\",\"position\":1,\"name\":\"Accueil\",\"item\":\"https:\/\/www.viaromana.org\/blog\/\"},{\"@type\":\"ListItem\",\"position\":2,\"name\":\"On revient sur l\u2019\u00e9dito : Cin\u00e9 plein air avec la projection de Coco\"}]},{\"@type\":\"WebSite\",\"@id\":\"https:\/\/www.viaromana.org\/blog\/#website\",\"url\":\"https:\/\/www.viaromana.org\/blog\/\",\"name\":\"Viaromana et arch\u00e9ologie.\",\"description\":\"Site arch\u00e9ologique de la voie romaine (viaromana) Belgique-France-Rome\",\"publisher\":{\"@id\":\"https:\/\/www.viaromana.org\/blog\/#organization\"},\"potentialAction\":[{\"@type\":\"SearchAction\",\"target\":{\"@type\":\"EntryPoint\",\"urlTemplate\":\"https:\/\/www.viaromana.org\/blog\/?s={search_term_string}\"},\"query-input\":\"required name=search_term_string\"}],\"inLanguage\":\"fr-FR\"},{\"@type\":\"Organization\",\"@id\":\"https:\/\/www.viaromana.org\/blog\/#organization\",\"name\":\"viaromana\",\"url\":\"https:\/\/www.viaromana.org\/blog\/\",\"logo\":{\"@type\":\"ImageObject\",\"inLanguage\":\"fr-FR\",\"@id\":\"https:\/\/www.viaromana.org\/blog\/#\/schema\/logo\/image\/\",\"url\":\"https:\/\/www.viaromana.org\/blog\/wp-content\/uploads\/2021\/12\/logo-3.png\",\"contentUrl\":\"https:\/\/www.viaromana.org\/blog\/wp-content\/uploads\/2021\/12\/logo-3.png\",\"width\":300,\"height\":249,\"caption\":\"viaromana\"},\"image\":{\"@id\":\"https:\/\/www.viaromana.org\/blog\/#\/schema\/logo\/image\/\"}},{\"@type\":\"Person\",\"@id\":\"https:\/\/www.viaromana.org\/blog\/#\/schema\/person\/cde9c4655845091e1fe473fcd163c889\",\"name\":\"Robert\",\"image\":{\"@type\":\"ImageObject\",\"inLanguage\":\"fr-FR\",\"@id\":\"https:\/\/www.viaromana.org\/blog\/#\/schema\/person\/image\/\",\"url\":\"https:\/\/secure.gravatar.com\/avatar\/a168ec191013b636c2f278aec04e724b?s=96&d=mm&r=g\",\"contentUrl\":\"https:\/\/secure.gravatar.com\/avatar\/a168ec191013b636c2f278aec04e724b?s=96&d=mm&r=g\",\"caption\":\"Robert\"},\"sameAs\":[\"https:\/\/www.viaromana.org\/blog\"],\"url\":\"https:\/\/www.viaromana.org\/blog\/author\/anaadmin\/\"}]}<\/script>\n<!-- \/ Yoast SEO plugin. -->","yoast_head_json":{"title":"On revient sur l\u2019\u00e9dito : Cin\u00e9 plein air avec la projection de Coco - Viaromana et arch\u00e9ologie.","description":"On revient sur l\u2019\u00e9dito : Cin\u00e9 plein air avec la projection de Coco article de Viaromana et arch\u00e9ologie.","robots":{"index":"index","follow":"follow","max-snippet":"max-snippet:-1","max-image-preview":"max-image-preview:large","max-video-preview":"max-video-preview:-1"},"canonical":"https:\/\/www.viaromana.org\/blog\/on-revient-sur-ledito-cine-plein-air-avec-la-projection-de-coco\/","og_locale":"fr_FR","og_type":"article","og_title":"On revient sur l\u2019\u00e9dito : Cin\u00e9 plein air avec la projection de Coco - Viaromana et arch\u00e9ologie.","og_description":"On revient sur l\u2019\u00e9dito : Cin\u00e9 plein air avec la projection de Coco article de Viaromana et arch\u00e9ologie.","og_url":"https:\/\/www.viaromana.org\/blog\/on-revient-sur-ledito-cine-plein-air-avec-la-projection-de-coco\/","og_site_name":"Viaromana et arch\u00e9ologie.","article_published_time":"2022-07-13T14:26:46+00:00","og_image":[{"width":2048,"height":1536,"url":"https:\/\/www.viaromana.org\/blog\/wp-content\/uploads\/2022\/07\/unnamed-file-6.jpg","type":"image\/jpeg"}],"author":"Robert","twitter_card":"summary_large_image","twitter_misc":{"\u00c9crit par":"Robert","Dur\u00e9e de lecture estim\u00e9e":"1 minute"},"schema":{"@context":"https:\/\/schema.org","@graph":[{"@type":"Article","@id":"https:\/\/www.viaromana.org\/blog\/on-revient-sur-ledito-cine-plein-air-avec-la-projection-de-coco\/#article","isPartOf":{"@id":"https:\/\/www.viaromana.org\/blog\/on-revient-sur-ledito-cine-plein-air-avec-la-projection-de-coco\/"},"author":{"name":"Robert","@id":"https:\/\/www.viaromana.org\/blog\/#\/schema\/person\/cde9c4655845091e1fe473fcd163c889"},"headline":"On revient sur l\u2019\u00e9dito : Cin\u00e9 plein air avec la projection de Coco","datePublished":"2022-07-13T14:26:46+00:00","dateModified":"2022-07-13T14:26:46+00:00","mainEntityOfPage":{"@id":"https:\/\/www.viaromana.org\/blog\/on-revient-sur-ledito-cine-plein-air-avec-la-projection-de-coco\/"},"wordCount":244,"publisher":{"@id":"https:\/\/www.viaromana.org\/blog\/#organization"},"articleSection":["Arch\u00e9ologie"],"inLanguage":"fr-FR"},{"@type":"WebPage","@id":"https:\/\/www.viaromana.org\/blog\/on-revient-sur-ledito-cine-plein-air-avec-la-projection-de-coco\/","url":"https:\/\/www.viaromana.org\/blog\/on-revient-sur-ledito-cine-plein-air-avec-la-projection-de-coco\/","name":"On revient sur l\u2019\u00e9dito : Cin\u00e9 plein air avec la projection de Coco - Viaromana et arch\u00e9ologie.","isPartOf":{"@id":"https:\/\/www.viaromana.org\/blog\/#website"},"datePublished":"2022-07-13T14:26:46+00:00","dateModified":"2022-07-13T14:26:46+00:00","description":"On revient sur l\u2019\u00e9dito : Cin\u00e9 plein air avec la projection de Coco article de Viaromana et arch\u00e9ologie.","breadcrumb":{"@id":"https:\/\/www.viaromana.org\/blog\/on-revient-sur-ledito-cine-plein-air-avec-la-projection-de-coco\/#breadcrumb"},"inLanguage":"fr-FR","potentialAction":[{"@type":"ReadAction","target":["https:\/\/www.viaromana.org\/blog\/on-revient-sur-ledito-cine-plein-air-avec-la-projection-de-coco\/"]}]},{"@type":"BreadcrumbList","@id":"https:\/\/www.viaromana.org\/blog\/on-revient-sur-ledito-cine-plein-air-avec-la-projection-de-coco\/#breadcrumb","itemListElement":[{"@type":"ListItem","position":1,"name":"Accueil","item":"https:\/\/www.viaromana.org\/blog\/"},{"@type":"ListItem","position":2,"name":"On revient sur l\u2019\u00e9dito : Cin\u00e9 plein air avec la projection de Coco"}]},{"@type":"WebSite","@id":"https:\/\/www.viaromana.org\/blog\/#website","url":"https:\/\/www.viaromana.org\/blog\/","name":"Viaromana et arch\u00e9ologie.","description":"Site arch\u00e9ologique de la voie romaine (viaromana) Belgique-France-Rome","publisher":{"@id":"https:\/\/www.viaromana.org\/blog\/#organization"},"potentialAction":[{"@type":"SearchAction","target":{"@type":"EntryPoint","urlTemplate":"https:\/\/www.viaromana.org\/blog\/?s={search_term_string}"},"query-input":"required name=search_term_string"}],"inLanguage":"fr-FR"},{"@type":"Organization","@id":"https:\/\/www.viaromana.org\/blog\/#organization","name":"viaromana","url":"https:\/\/www.viaromana.org\/blog\/","logo":{"@type":"ImageObject","inLanguage":"fr-FR","@id":"https:\/\/www.viaromana.org\/blog\/#\/schema\/logo\/image\/","url":"https:\/\/www.viaromana.org\/blog\/wp-content\/uploads\/2021\/12\/logo-3.png","contentUrl":"https:\/\/www.viaromana.org\/blog\/wp-content\/uploads\/2021\/12\/logo-3.png","width":300,"height":249,"caption":"viaromana"},"image":{"@id":"https:\/\/www.viaromana.org\/blog\/#\/schema\/logo\/image\/"}},{"@type":"Person","@id":"https:\/\/www.viaromana.org\/blog\/#\/schema\/person\/cde9c4655845091e1fe473fcd163c889","name":"Robert","image":{"@type":"ImageObject","inLanguage":"fr-FR","@id":"https:\/\/www.viaromana.org\/blog\/#\/schema\/person\/image\/","url":"https:\/\/secure.gravatar.com\/avatar\/a168ec191013b636c2f278aec04e724b?s=96&d=mm&r=g","contentUrl":"https:\/\/secure.gravatar.com\/avatar\/a168ec191013b636c2f278aec04e724b?s=96&d=mm&r=g","caption":"Robert"},"sameAs":["https:\/\/www.viaromana.org\/blog"],"url":"https:\/\/www.viaromana.org\/blog\/author\/anaadmin\/"}]}},"_links":{"self":[{"href":"https:\/\/www.viaromana.org\/blog\/wp-json\/wp\/v2\/posts\/1115"}],"collection":[{"href":"https:\/\/www.viaromana.org\/blog\/wp-json\/wp\/v2\/posts"}],"about":[{"href":"https:\/\/www.viaromana.org\/blog\/wp-json\/wp\/v2\/types\/post"}],"author":[{"embeddable":true,"href":"https:\/\/www.viaromana.org\/blog\/wp-json\/wp\/v2\/users\/1"}],"replies":[{"embeddable":true,"href":"https:\/\/www.viaromana.org\/blog\/wp-json\/wp\/v2\/comments?post=1115"}],"version-history":[{"count":0,"href":"https:\/\/www.viaromana.org\/blog\/wp-json\/wp\/v2\/posts\/1115\/revisions"}],"wp:featuredmedia":[{"embeddable":true,"href":"https:\/\/www.viaromana.org\/blog\/wp-json\/wp\/v2\/media\/1116"}],"wp:attachment":[{"href":"https:\/\/www.viaromana.org\/blog\/wp-json\/wp\/v2\/media?parent=1115"}],"wp:term":[{"taxonomy":"category","embeddable":true,"href":"https:\/\/www.viaromana.org\/blog\/wp-json\/wp\/v2\/categories?post=1115"},{"taxonomy":"post_tag","embeddable":true,"href":"https:\/\/www.viaromana.org\/blog\/wp-json\/wp\/v2\/tags?post=1115"}],"curies":[{"name":"wp","href":"https:\/\/api.w.org\/{rel}","templated":true}]}}