{"id":1111,"date":"2022-07-12T16:09:07","date_gmt":"2022-07-12T14:09:07","guid":{"rendered":"https:\/\/www.site.cdcl.xyz\/2022\/07\/12\/editorial-tout-frais-fetes-historiques-annulation-du-defile-de-16h30-le-13-juillet\/"},"modified":"2022-07-12T16:09:07","modified_gmt":"2022-07-12T14:09:07","slug":"editorial-tout-frais-fetes-historiques-annulation-du-defile-de-16h30-le-13-juillet","status":"publish","type":"post","link":"https:\/\/www.viaromana.org\/blog\/editorial-tout-frais-fetes-historiques-annulation-du-defile-de-16h30-le-13-juillet\/","title":{"rendered":"Editorial tout frais : F\u00eates Historiques : Annulation du d\u00e9fil\u00e9 de 16h30 le 13 juillet"},"content":{"rendered":"<p>En explorant internet j\u2019ai d\u00e9couvert un papier qui va vous s\u00e9duire. Sa th\u00e9matique est \u00ab&nbsp;l\u2019arch\u00e9ologie&nbsp;\u00bb.<\/p>\n<p>Son titre (F\u00eates Historiques : Annulation du d\u00e9fil\u00e9 de 16h30 le 13 juillet) est sans \u00e9quivoque.<\/p>\n<p>Sachez que le chroniqueur (pr\u00e9sent\u00e9 sous la signature admin_vannes) est reconnu comme quelqu\u2019un de s\u00e9rieux.<\/p>\n<p>Les r\u00e9v\u00e9lations divulgu\u00e9es sont par cons\u00e9quent consid\u00e9r\u00e9es conformes.<\/p>\n<p>Texte original : <\/p>\n<div>\n<div>\n<p>En raison de <strong>l\u2019alerte jaune canicule<\/strong>, la Ville de Vannes en concertation avec la Pr\u00e9fecture du Morbihan a pris la d\u00e9cision d\u2019<strong>annuler le d\u00e9fil\u00e9 du mercredi 13 juillet \u00e0 16h30<\/strong>.<\/p>\n<p>En effet, ce sont pr\u00e8s de 500 figurants et artistes en costume qui composent le d\u00e9fil\u00e9. Les fortes chaleurs pr\u00e9sentent un risque trop important pour la bonne tenue du d\u00e9fil\u00e9 tant pour les figurants en costume que pour les 20 000 spectateurs attendus<br \/>ou encore les animaux.<\/p>\n<ul>\n<li>Les <strong>artistes et les figurants<\/strong> seront n\u00e9anmoins pr\u00e9sents pour animer le centre-ville.<\/li>\n<li><strong>Le d\u00e9fil\u00e9 de 16h30 du 14 juillet et les d\u00e9fil\u00e9s de 22h30 des deux jours sont quant \u00e0 eux maintenus<\/strong> en raison d\u2019une baisse de la temp\u00e9rature pr\u00e9vue le 14 juillet.<\/li>\n<li><strong>Les joutes \u00e9questres pr\u00e9vues \u00e0 14h les 13 et 14 sont quant \u00e0 elles d\u00e9cal\u00e9es \u00e0 19<\/strong>h dans les jardins des<\/li>\n<li>remparts.<\/li>\n<li><strong>Les feux d\u2019artifice des 13 et 14 sont maintenus.<\/strong><\/li>\n<\/ul><\/div>\n<\/div>\n<p>Bibliographie :<\/p>\n<p>Sur les pas de Rams\u00e8s.,<a target=\"_blank\" rel=\"nofollow\" href=\"https:\/\/www.viaromana.org\/blog\/goto\/https:\/\/booknode.com\/sur_les_pas_de_ramses_0116106\"  target=\"_blank\" rel=\"noopener noreferrer nofollow\">Le livre <\/a><span><\/span>.<\/p>\n<p>Pour une arch\u00e9ologie agraire.,<a target=\"_blank\" rel=\"nofollow\" href=\"https:\/\/www.viaromana.org\/blog\/goto\/https:\/\/www.epagine.fr\/ebook\/9791037625014-pour-une-archeologie-agraire-collectif\/\"  target=\"_blank\" rel=\"noopener noreferrer nofollow\">A voir et \u00e0 lire. <\/a><span><\/span>. Disponible sur internet.<\/p>\n<p>Un milliard d\u2019ann\u00e9es plus tard\u2026.,<a target=\"_blank\" rel=\"nofollow\" href=\"https:\/\/www.viaromana.org\/blog\/goto\/https:\/\/booknode.com\/un_milliard_dannees_plus_tard_0107972\"  target=\"_blank\" rel=\"noopener noreferrer nofollow\">(Disponible) <\/a><span><\/span>.<\/p>\n<p>Pour une arch\u00e9ologie agraire.,<a target=\"_blank\" rel=\"nofollow\" href=\"https:\/\/www.viaromana.org\/blog\/goto\/https:\/\/www.epagine.fr\/ebook\/9791037625014-pour-une-archeologie-agraire-collectif\/\"  target=\"_blank\" rel=\"noopener noreferrer nofollow\">A voir et \u00e0 lire. <\/a><span><\/span>.<\/p>\n","protected":false},"excerpt":{"rendered":"<p>En explorant internet j\u2019ai d\u00e9couvert un papier qui va vous s\u00e9duire. Sa th\u00e9matique est \u00ab&nbsp;l\u2019arch\u00e9ologie&nbsp;\u00bb. Son titre (F\u00eates Historiques : Annulation du d\u00e9fil\u00e9 de 16h30 le 13 juillet) est sans \u00e9quivoque. Sachez que le chroniqueur (pr\u00e9sent\u00e9 sous la signature admin_vannes) est reconnu comme quelqu\u2019un de s\u00e9rieux. Les r\u00e9v\u00e9lations divulgu\u00e9es sont par cons\u00e9quent consid\u00e9r\u00e9es conformes. Texte original : En raison de l\u2019alerte jaune canicule, la Ville de Vannes en concertation avec la Pr\u00e9fecture du Morbihan a pris la d\u00e9cision d\u2019annuler le d\u00e9fil\u00e9 du mercredi 13 juillet \u00e0 16h30. En effet, ce sont pr\u00e8s de 500 figurants et artistes en costume qui\u2026<\/p>\n","protected":false},"author":1,"featured_media":1112,"comment_status":"closed","ping_status":"closed","sticky":false,"template":"","format":"standard","meta":{"footnotes":""},"categories":[2],"tags":[],"blocksy_meta":{"styles_descriptor":{"styles":{"desktop":"","tablet":"","mobile":""},"google_fonts":[],"version":4}},"yoast_head":"<!-- This site is optimized with the Yoast SEO plugin v21.1 - https:\/\/yoast.com\/wordpress\/plugins\/seo\/ -->\n<title>Editorial tout frais : F\u00eates Historiques : Annulation du d\u00e9fil\u00e9 de 16h30 le 13 juillet - Viaromana et arch\u00e9ologie.<\/title>\n<meta name=\"description\" content=\"Editorial tout frais : F\u00eates Historiques : Annulation du d\u00e9fil\u00e9 de 16h30 le 13 juillet article de Viaromana et arch\u00e9ologie.\" \/>\n<meta name=\"robots\" content=\"index, follow, max-snippet:-1, max-image-preview:large, max-video-preview:-1\" \/>\n<link rel=\"canonical\" href=\"https:\/\/www.viaromana.org\/blog\/editorial-tout-frais-fetes-historiques-annulation-du-defile-de-16h30-le-13-juillet\/\" \/>\n<meta property=\"og:locale\" content=\"fr_FR\" \/>\n<meta property=\"og:type\" content=\"article\" \/>\n<meta property=\"og:title\" content=\"Editorial tout frais : F\u00eates Historiques : Annulation du d\u00e9fil\u00e9 de 16h30 le 13 juillet - Viaromana et arch\u00e9ologie.\" \/>\n<meta property=\"og:description\" content=\"Editorial tout frais : F\u00eates Historiques : Annulation du d\u00e9fil\u00e9 de 16h30 le 13 juillet article de Viaromana et arch\u00e9ologie.\" \/>\n<meta property=\"og:url\" content=\"https:\/\/www.viaromana.org\/blog\/editorial-tout-frais-fetes-historiques-annulation-du-defile-de-16h30-le-13-juillet\/\" \/>\n<meta property=\"og:site_name\" content=\"Viaromana et arch\u00e9ologie.\" \/>\n<meta property=\"article:published_time\" content=\"2022-07-12T14:09:07+00:00\" \/>\n<meta property=\"og:image\" content=\"https:\/\/www.viaromana.org\/blog\/wp-content\/uploads\/2022\/07\/d-fil.jpg\" \/>\n\t<meta property=\"og:image:width\" content=\"2048\" \/>\n\t<meta property=\"og:image:height\" content=\"1236\" \/>\n\t<meta property=\"og:image:type\" content=\"image\/jpeg\" \/>\n<meta name=\"author\" content=\"Robert\" \/>\n<meta name=\"twitter:card\" content=\"summary_large_image\" \/>\n<meta name=\"twitter:label1\" content=\"\u00c9crit par\" \/>\n\t<meta name=\"twitter:data1\" content=\"Robert\" \/>\n\t<meta name=\"twitter:label2\" content=\"Dur\u00e9e de lecture estim\u00e9e\" \/>\n\t<meta name=\"twitter:data2\" content=\"1 minute\" \/>\n<script type=\"application\/ld+json\" class=\"yoast-schema-graph\">{\"@context\":\"https:\/\/schema.org\",\"@graph\":[{\"@type\":\"Article\",\"@id\":\"https:\/\/www.viaromana.org\/blog\/editorial-tout-frais-fetes-historiques-annulation-du-defile-de-16h30-le-13-juillet\/#article\",\"isPartOf\":{\"@id\":\"https:\/\/www.viaromana.org\/blog\/editorial-tout-frais-fetes-historiques-annulation-du-defile-de-16h30-le-13-juillet\/\"},\"author\":{\"name\":\"Robert\",\"@id\":\"https:\/\/www.viaromana.org\/blog\/#\/schema\/person\/cde9c4655845091e1fe473fcd163c889\"},\"headline\":\"Editorial tout frais : F\u00eates Historiques : Annulation du d\u00e9fil\u00e9 de 16h30 le 13 juillet\",\"datePublished\":\"2022-07-12T14:09:07+00:00\",\"dateModified\":\"2022-07-12T14:09:07+00:00\",\"mainEntityOfPage\":{\"@id\":\"https:\/\/www.viaromana.org\/blog\/editorial-tout-frais-fetes-historiques-annulation-du-defile-de-16h30-le-13-juillet\/\"},\"wordCount\":282,\"publisher\":{\"@id\":\"https:\/\/www.viaromana.org\/blog\/#organization\"},\"articleSection\":[\"Arch\u00e9ologie\"],\"inLanguage\":\"fr-FR\"},{\"@type\":\"WebPage\",\"@id\":\"https:\/\/www.viaromana.org\/blog\/editorial-tout-frais-fetes-historiques-annulation-du-defile-de-16h30-le-13-juillet\/\",\"url\":\"https:\/\/www.viaromana.org\/blog\/editorial-tout-frais-fetes-historiques-annulation-du-defile-de-16h30-le-13-juillet\/\",\"name\":\"Editorial tout frais : F\u00eates Historiques : Annulation du d\u00e9fil\u00e9 de 16h30 le 13 juillet - Viaromana et arch\u00e9ologie.\",\"isPartOf\":{\"@id\":\"https:\/\/www.viaromana.org\/blog\/#website\"},\"datePublished\":\"2022-07-12T14:09:07+00:00\",\"dateModified\":\"2022-07-12T14:09:07+00:00\",\"description\":\"Editorial tout frais : F\u00eates Historiques : Annulation du d\u00e9fil\u00e9 de 16h30 le 13 juillet article de Viaromana et arch\u00e9ologie.\",\"breadcrumb\":{\"@id\":\"https:\/\/www.viaromana.org\/blog\/editorial-tout-frais-fetes-historiques-annulation-du-defile-de-16h30-le-13-juillet\/#breadcrumb\"},\"inLanguage\":\"fr-FR\",\"potentialAction\":[{\"@type\":\"ReadAction\",\"target\":[\"https:\/\/www.viaromana.org\/blog\/editorial-tout-frais-fetes-historiques-annulation-du-defile-de-16h30-le-13-juillet\/\"]}]},{\"@type\":\"BreadcrumbList\",\"@id\":\"https:\/\/www.viaromana.org\/blog\/editorial-tout-frais-fetes-historiques-annulation-du-defile-de-16h30-le-13-juillet\/#breadcrumb\",\"itemListElement\":[{\"@type\":\"ListItem\",\"position\":1,\"name\":\"Accueil\",\"item\":\"https:\/\/www.viaromana.org\/blog\/\"},{\"@type\":\"ListItem\",\"position\":2,\"name\":\"Editorial tout frais : F\u00eates Historiques : Annulation du d\u00e9fil\u00e9 de 16h30 le 13 juillet\"}]},{\"@type\":\"WebSite\",\"@id\":\"https:\/\/www.viaromana.org\/blog\/#website\",\"url\":\"https:\/\/www.viaromana.org\/blog\/\",\"name\":\"Viaromana et arch\u00e9ologie.\",\"description\":\"Site arch\u00e9ologique de la voie romaine (viaromana) Belgique-France-Rome\",\"publisher\":{\"@id\":\"https:\/\/www.viaromana.org\/blog\/#organization\"},\"potentialAction\":[{\"@type\":\"SearchAction\",\"target\":{\"@type\":\"EntryPoint\",\"urlTemplate\":\"https:\/\/www.viaromana.org\/blog\/?s={search_term_string}\"},\"query-input\":\"required name=search_term_string\"}],\"inLanguage\":\"fr-FR\"},{\"@type\":\"Organization\",\"@id\":\"https:\/\/www.viaromana.org\/blog\/#organization\",\"name\":\"viaromana\",\"url\":\"https:\/\/www.viaromana.org\/blog\/\",\"logo\":{\"@type\":\"ImageObject\",\"inLanguage\":\"fr-FR\",\"@id\":\"https:\/\/www.viaromana.org\/blog\/#\/schema\/logo\/image\/\",\"url\":\"https:\/\/www.viaromana.org\/blog\/wp-content\/uploads\/2021\/12\/logo-3.png\",\"contentUrl\":\"https:\/\/www.viaromana.org\/blog\/wp-content\/uploads\/2021\/12\/logo-3.png\",\"width\":300,\"height\":249,\"caption\":\"viaromana\"},\"image\":{\"@id\":\"https:\/\/www.viaromana.org\/blog\/#\/schema\/logo\/image\/\"}},{\"@type\":\"Person\",\"@id\":\"https:\/\/www.viaromana.org\/blog\/#\/schema\/person\/cde9c4655845091e1fe473fcd163c889\",\"name\":\"Robert\",\"image\":{\"@type\":\"ImageObject\",\"inLanguage\":\"fr-FR\",\"@id\":\"https:\/\/www.viaromana.org\/blog\/#\/schema\/person\/image\/\",\"url\":\"https:\/\/secure.gravatar.com\/avatar\/a168ec191013b636c2f278aec04e724b?s=96&d=mm&r=g\",\"contentUrl\":\"https:\/\/secure.gravatar.com\/avatar\/a168ec191013b636c2f278aec04e724b?s=96&d=mm&r=g\",\"caption\":\"Robert\"},\"sameAs\":[\"https:\/\/www.viaromana.org\/blog\"],\"url\":\"https:\/\/www.viaromana.org\/blog\/author\/anaadmin\/\"}]}<\/script>\n<!-- \/ Yoast SEO plugin. -->","yoast_head_json":{"title":"Editorial tout frais : F\u00eates Historiques : Annulation du d\u00e9fil\u00e9 de 16h30 le 13 juillet - Viaromana et arch\u00e9ologie.","description":"Editorial tout frais : F\u00eates Historiques : Annulation du d\u00e9fil\u00e9 de 16h30 le 13 juillet article de Viaromana et arch\u00e9ologie.","robots":{"index":"index","follow":"follow","max-snippet":"max-snippet:-1","max-image-preview":"max-image-preview:large","max-video-preview":"max-video-preview:-1"},"canonical":"https:\/\/www.viaromana.org\/blog\/editorial-tout-frais-fetes-historiques-annulation-du-defile-de-16h30-le-13-juillet\/","og_locale":"fr_FR","og_type":"article","og_title":"Editorial tout frais : F\u00eates Historiques : Annulation du d\u00e9fil\u00e9 de 16h30 le 13 juillet - Viaromana et arch\u00e9ologie.","og_description":"Editorial tout frais : F\u00eates Historiques : Annulation du d\u00e9fil\u00e9 de 16h30 le 13 juillet article de Viaromana et arch\u00e9ologie.","og_url":"https:\/\/www.viaromana.org\/blog\/editorial-tout-frais-fetes-historiques-annulation-du-defile-de-16h30-le-13-juillet\/","og_site_name":"Viaromana et arch\u00e9ologie.","article_published_time":"2022-07-12T14:09:07+00:00","og_image":[{"width":2048,"height":1236,"url":"https:\/\/www.viaromana.org\/blog\/wp-content\/uploads\/2022\/07\/d-fil.jpg","type":"image\/jpeg"}],"author":"Robert","twitter_card":"summary_large_image","twitter_misc":{"\u00c9crit par":"Robert","Dur\u00e9e de lecture estim\u00e9e":"1 minute"},"schema":{"@context":"https:\/\/schema.org","@graph":[{"@type":"Article","@id":"https:\/\/www.viaromana.org\/blog\/editorial-tout-frais-fetes-historiques-annulation-du-defile-de-16h30-le-13-juillet\/#article","isPartOf":{"@id":"https:\/\/www.viaromana.org\/blog\/editorial-tout-frais-fetes-historiques-annulation-du-defile-de-16h30-le-13-juillet\/"},"author":{"name":"Robert","@id":"https:\/\/www.viaromana.org\/blog\/#\/schema\/person\/cde9c4655845091e1fe473fcd163c889"},"headline":"Editorial tout frais : F\u00eates Historiques : Annulation du d\u00e9fil\u00e9 de 16h30 le 13 juillet","datePublished":"2022-07-12T14:09:07+00:00","dateModified":"2022-07-12T14:09:07+00:00","mainEntityOfPage":{"@id":"https:\/\/www.viaromana.org\/blog\/editorial-tout-frais-fetes-historiques-annulation-du-defile-de-16h30-le-13-juillet\/"},"wordCount":282,"publisher":{"@id":"https:\/\/www.viaromana.org\/blog\/#organization"},"articleSection":["Arch\u00e9ologie"],"inLanguage":"fr-FR"},{"@type":"WebPage","@id":"https:\/\/www.viaromana.org\/blog\/editorial-tout-frais-fetes-historiques-annulation-du-defile-de-16h30-le-13-juillet\/","url":"https:\/\/www.viaromana.org\/blog\/editorial-tout-frais-fetes-historiques-annulation-du-defile-de-16h30-le-13-juillet\/","name":"Editorial tout frais : F\u00eates Historiques : Annulation du d\u00e9fil\u00e9 de 16h30 le 13 juillet - Viaromana et arch\u00e9ologie.","isPartOf":{"@id":"https:\/\/www.viaromana.org\/blog\/#website"},"datePublished":"2022-07-12T14:09:07+00:00","dateModified":"2022-07-12T14:09:07+00:00","description":"Editorial tout frais : F\u00eates Historiques : Annulation du d\u00e9fil\u00e9 de 16h30 le 13 juillet article de Viaromana et arch\u00e9ologie.","breadcrumb":{"@id":"https:\/\/www.viaromana.org\/blog\/editorial-tout-frais-fetes-historiques-annulation-du-defile-de-16h30-le-13-juillet\/#breadcrumb"},"inLanguage":"fr-FR","potentialAction":[{"@type":"ReadAction","target":["https:\/\/www.viaromana.org\/blog\/editorial-tout-frais-fetes-historiques-annulation-du-defile-de-16h30-le-13-juillet\/"]}]},{"@type":"BreadcrumbList","@id":"https:\/\/www.viaromana.org\/blog\/editorial-tout-frais-fetes-historiques-annulation-du-defile-de-16h30-le-13-juillet\/#breadcrumb","itemListElement":[{"@type":"ListItem","position":1,"name":"Accueil","item":"https:\/\/www.viaromana.org\/blog\/"},{"@type":"ListItem","position":2,"name":"Editorial tout frais : F\u00eates Historiques : Annulation du d\u00e9fil\u00e9 de 16h30 le 13 juillet"}]},{"@type":"WebSite","@id":"https:\/\/www.viaromana.org\/blog\/#website","url":"https:\/\/www.viaromana.org\/blog\/","name":"Viaromana et arch\u00e9ologie.","description":"Site arch\u00e9ologique de la voie romaine (viaromana) Belgique-France-Rome","publisher":{"@id":"https:\/\/www.viaromana.org\/blog\/#organization"},"potentialAction":[{"@type":"SearchAction","target":{"@type":"EntryPoint","urlTemplate":"https:\/\/www.viaromana.org\/blog\/?s={search_term_string}"},"query-input":"required name=search_term_string"}],"inLanguage":"fr-FR"},{"@type":"Organization","@id":"https:\/\/www.viaromana.org\/blog\/#organization","name":"viaromana","url":"https:\/\/www.viaromana.org\/blog\/","logo":{"@type":"ImageObject","inLanguage":"fr-FR","@id":"https:\/\/www.viaromana.org\/blog\/#\/schema\/logo\/image\/","url":"https:\/\/www.viaromana.org\/blog\/wp-content\/uploads\/2021\/12\/logo-3.png","contentUrl":"https:\/\/www.viaromana.org\/blog\/wp-content\/uploads\/2021\/12\/logo-3.png","width":300,"height":249,"caption":"viaromana"},"image":{"@id":"https:\/\/www.viaromana.org\/blog\/#\/schema\/logo\/image\/"}},{"@type":"Person","@id":"https:\/\/www.viaromana.org\/blog\/#\/schema\/person\/cde9c4655845091e1fe473fcd163c889","name":"Robert","image":{"@type":"ImageObject","inLanguage":"fr-FR","@id":"https:\/\/www.viaromana.org\/blog\/#\/schema\/person\/image\/","url":"https:\/\/secure.gravatar.com\/avatar\/a168ec191013b636c2f278aec04e724b?s=96&d=mm&r=g","contentUrl":"https:\/\/secure.gravatar.com\/avatar\/a168ec191013b636c2f278aec04e724b?s=96&d=mm&r=g","caption":"Robert"},"sameAs":["https:\/\/www.viaromana.org\/blog"],"url":"https:\/\/www.viaromana.org\/blog\/author\/anaadmin\/"}]}},"_links":{"self":[{"href":"https:\/\/www.viaromana.org\/blog\/wp-json\/wp\/v2\/posts\/1111"}],"collection":[{"href":"https:\/\/www.viaromana.org\/blog\/wp-json\/wp\/v2\/posts"}],"about":[{"href":"https:\/\/www.viaromana.org\/blog\/wp-json\/wp\/v2\/types\/post"}],"author":[{"embeddable":true,"href":"https:\/\/www.viaromana.org\/blog\/wp-json\/wp\/v2\/users\/1"}],"replies":[{"embeddable":true,"href":"https:\/\/www.viaromana.org\/blog\/wp-json\/wp\/v2\/comments?post=1111"}],"version-history":[{"count":0,"href":"https:\/\/www.viaromana.org\/blog\/wp-json\/wp\/v2\/posts\/1111\/revisions"}],"wp:featuredmedia":[{"embeddable":true,"href":"https:\/\/www.viaromana.org\/blog\/wp-json\/wp\/v2\/media\/1112"}],"wp:attachment":[{"href":"https:\/\/www.viaromana.org\/blog\/wp-json\/wp\/v2\/media?parent=1111"}],"wp:term":[{"taxonomy":"category","embeddable":true,"href":"https:\/\/www.viaromana.org\/blog\/wp-json\/wp\/v2\/categories?post=1111"},{"taxonomy":"post_tag","embeddable":true,"href":"https:\/\/www.viaromana.org\/blog\/wp-json\/wp\/v2\/tags?post=1111"}],"curies":[{"name":"wp","href":"https:\/\/api.w.org\/{rel}","templated":true}]}}