{"id":1103,"date":"2022-07-11T09:41:08","date_gmt":"2022-07-11T07:41:08","guid":{"rendered":"https:\/\/www.site.cdcl.xyz\/2022\/07\/11\/cela-se-propage-sur-le-web-enseignant-chant-traditionnel-en-langue-bretonne-f-h\/"},"modified":"2022-07-11T09:41:08","modified_gmt":"2022-07-11T07:41:08","slug":"cela-se-propage-sur-le-web-enseignant-chant-traditionnel-en-langue-bretonne-f-h","status":"publish","type":"post","link":"https:\/\/www.viaromana.org\/blog\/cela-se-propage-sur-le-web-enseignant-chant-traditionnel-en-langue-bretonne-f-h\/","title":{"rendered":"Cela se propage sur le web : Enseignant chant traditionnel en langue bretonne (F\/H)"},"content":{"rendered":"<p>Sur cette publication, un tout nouvel article qui va parfaire notre revue de presse sur \u00ab&nbsp;l\u2019arch\u00e9ologie&nbsp;\u00bb.<\/p>\n<p>Son titre s\u00e9duisant (Enseignant chant traditionnel en langue bretonne (F\/H)) en dit long.<\/p>\n<p>Sachez que le chroniqueur (annonc\u00e9 sous la signature admin_vannes) est connu et fiable pour plusieurs autres \u00e9ditoriaux qu\u2019il a publi\u00e9s sur internet.<\/p>\n<p>Les infos \u00e9dit\u00e9es sont par cons\u00e9quent estim\u00e9es valides.<\/p>\n<p>Sachez que la date de parution est 2022-07-11 09:41:08.<\/p>\n<div>\n<div>\n<h3>D\u00e9finition du poste<\/h3>\n<h4>Missions et activit\u00e9s<\/h4>\n<div class=\"paragraph paragraph--type--texte-2-colonnes paragraph--type--2col\">\n<div class=\"flex-container\">\n<div class=\"xs-12 md-6 col-gauche\">\n<div>\n<p><strong>Enseignement du chant traditionnel en langue bretonne<\/strong><\/p>\n<p><strong>Capacit\u00e9:<\/strong><\/p>\n<ul>\n<li>intervenir en milieu scolaire d\u00e8s la maternelle (<strong>Ecole la Rabine<\/strong>)<\/li>\n<li>D\u00e9velopper des <strong>actions d\u2019\u00e9veil<\/strong><\/li>\n<\/ul>\n<ul>\n<li>Transmettre les premi\u00e8res notions de <strong>formation musicale<\/strong><\/li>\n<li><strong>Organisation et suivi <\/strong>des \u00e9tudes des \u00e9l\u00e8ves<\/li>\n<\/ul>\n<ul>\n<li>Conduite de <strong>projets p\u00e9dagogiques et culturels<\/strong> \u00e0 dimension collective<\/li>\n<li><strong>Veille artistique<\/strong> et mise \u00e0 niveau de sa pratique<\/li>\n<\/ul>\n<ul>\n<li><strong>Evaluation<\/strong> des \u00e9l\u00e8ves<\/li>\n<li>Elaborer et transmettre des <strong>savoirs th\u00e9oriques et artistiques<\/strong><\/li>\n<\/ul>\n<ul>\n<li>Transmettre les r\u00e9pertoires les plus larges possibles en inscrivant son activit\u00e9 dans un <strong>projet collectif<\/strong><\/li>\n<li>Suivre, conseiller et <strong>orienter les \u00e9l\u00e8ves<\/strong><\/li>\n<\/ul><\/div>\n<\/div>\n<div class=\"xs-12 md-6 col-droite\">\n<div>\n<ul>\n<li>Evaluer les \u00e9l\u00e8ves (\u00e9valuations <strong>ponctuelles et continues<\/strong>)<\/li>\n<li>Mise en \u0153uvre du <strong>projet p\u00e9dagogique<\/strong> et du projet d\u2019\u00e9tablissement<\/li>\n<\/ul>\n<ul>\n<li>Participation en dehors des heures de cours hebdomadaires aux <strong>actions li\u00e9es \u00e0 l\u2019enseignement<\/strong>,&nbsp;consid\u00e9r\u00e9es comme partie int\u00e9grante de la fonction (concertation p\u00e9dagogique, action culturelle, auditions d\u2019\u00e9l\u00e8ves, \u00e9valuations p\u00e9dagogiques\u2026)<\/li>\n<li><strong>Travail en \u00e9quipe p\u00e9dagogique<\/strong><\/li>\n<\/ul>\n<ul>\n<li>Participation \u00e0 la vie de l\u2019\u00e9tablissement en d\u00e9veloppant des <strong>projets interdisciplinaires<\/strong><\/li>\n<li>Participation en tant qu\u2019;artiste \u00e0 la <strong>programmation et \u00e0 la saison artistique<\/strong> de l\u2019\u00e9tablissement<\/li>\n<\/ul>\n<ul>\n<li>Participation \u00e0 la<strong> vie de la collectivit\u00e9<\/strong> (milieu associatif, \u00e9tablissements scolaires, maisons de quartiers\u2026)<\/li>\n<\/ul>\n<\/div>\n<\/div>\n<\/div>\n<\/div>\n<h3>Temps de travail<\/h3>\n<div class=\"paragraph paragraph--type--texte\">\n<div>\n<p><strong>Temps de travail du poste :<\/strong>&nbsp;58,75% 11h45\/20e<br \/>&nbsp;<\/p>\n<p><strong>Organisation du temps de travail :<\/strong>&nbsp;Hebdomadaire 11h45 \/ semaine<\/p>\n<\/div>\n<\/div>\n<h3>Comp\u00e9tences et qualit\u00e9s attendues<\/h3>\n<div class=\"paragraph paragraph--type--texte-2-colonnes paragraph--type--2col\">\n<div class=\"flex-container\">\n<div class=\"xs-12 md-6 col-gauche\">\n<div>\n<p><strong>Qualit\u00e9s et comp\u00e9tences attendues :<\/strong><\/p>\n<ul>\n<li>Maitrise de la p\u00e9dagogie et de la didactique de la discipline enseign\u00e9e<\/li>\n<\/ul>\n<ul>\n<li>Aptitudes p\u00e9dagogiques et artistiques (capacit\u00e9 \u00e0 d\u00e9velopper la curiosit\u00e9 et l\u2019engagement artistique chez l\u2019\u00e9l\u00e8ve)<\/li>\n<\/ul>\n<ul>\n<li>Aptitudes \u00e0 la p\u00e9dagogie de groupe<\/li>\n<\/ul>\n<ul>\n<li>Implication dans le projet p\u00e9dagogique et culturel du conservatoire<\/li>\n<\/ul>\n<ul>\n<li>Avoir des notions de psychologie de l\u2019enfant, de l\u2019adolescent et de l\u2019adulte<\/li>\n<\/ul>\n<ul>\n<li>Capacit\u00e9 \u00e0 d\u00e9velopper la pratique de la discipline et \u00e0 mettre en place des projets transversaux<\/li>\n<\/ul>\n<ul>\n<li>Relations permanentes avec les \u00e9l\u00e8ves, les parents, les enseignants et l\u2019administration<\/li>\n<\/ul>\n<ul>\n<li>Sens des relations humaines et du travail en \u00e9quipe<\/li>\n<\/ul><\/div>\n<\/div>\n<\/div>\n<\/div>\n<h4>El\u00e9ments de gestion du poste<\/h4>\n<div class=\"paragraph paragraph--type--texte-2-colonnes paragraph--type--2col\">\n<div class=\"flex-container\">\n<div class=\"xs-12 md-6 col-gauche\">\n<div>\n<p><strong>Titres obligatoires:<\/strong><\/p>\n<ul>\n<li>Visite m\u00e9dicale : Surveillance m\u00e9dicale simple<\/li>\n<li>Dipl\u00f4me d\u2019Etat de professeur de musique<\/li>\n<\/ul>\n<\/div>\n<\/div>\n<\/div>\n<\/div>\n<h4>Suj\u00e9tions particuli\u00e8res du poste :<\/h4>\n<div class=\"paragraph paragraph--type--texte\">\n<div>\n<ul>\n<li>Horaires de travail sp\u00e9cifiques<\/li>\n<li>Enseignement conforme au calendrier scolaire de l\u2019Education Nationale<\/li>\n<\/ul>\n<\/div>\n<\/div>\n<div class=\"paragraph paragraph--type--texte\">\n<div>\n<p>Date limite de candidature : 11 ao\u00fbt 2022<\/p>\n<p>Prise de poste : 1er septembre 2022<\/p>\n<\/div>\n<\/div>\n<h3>Je postule<\/h3>\n<\/div>\n<\/div>\n<p>Vous aimerez aussi:<\/p>\n<p>Pretre anglais contre Henri IV arch\u00e9ologie d\u2019une haine religieuse.,<a target=\"_blank\" rel=\"nofollow\" href=\"https:\/\/www.viaromana.org\/blog\/goto\/https:\/\/www.epagine.fr\/ebook\/9782296806689-un-pretre-anglais-contre-henri-iv-francois-valerian\/\"  target=\"_blank\" rel=\"noopener noreferrer nofollow\">A voir et \u00e0 lire. <\/a><span><\/span>.<\/p>\n<p>Perun, dieu slave de l\u2019orage.,<a target=\"_blank\" rel=\"nofollow\" href=\"https:\/\/www.viaromana.org\/blog\/goto\/https:\/\/www.kobo.com\/de\/fr\/ebook\/perun-dieu-slave-de-l-orage\"  target=\"_blank\" rel=\"noopener noreferrer nofollow\">Clicker Ici <\/a><span><\/span>.<\/p>\n<p>Recherches d\u2019arch\u00e9ologie musulmane en Tunisie.,<a target=\"_blank\" rel=\"nofollow\" href=\"https:\/\/www.viaromana.org\/blog\/goto\/https:\/\/www.epagine.fr\/ebook\/9782402513883-recherches-d-archeologie-musulmane-en-tunisie-georges-marcais\/\"  target=\"_blank\" rel=\"noopener noreferrer nofollow\">Ouvrage <\/a><span><\/span>.<\/p>\n<p>Machines et magie, tome 1 : La chasseuse de livres.,<a target=\"_blank\" rel=\"nofollow\" href=\"https:\/\/www.viaromana.org\/blog\/goto\/https:\/\/booknode.com\/machines_et_magie_tome_1_la_chasseuse_de_livres_01265624\"  target=\"_blank\" rel=\"noopener noreferrer nofollow\">Clicker Ici <\/a><span><\/span>.<\/p>\n","protected":false},"excerpt":{"rendered":"<p>Sur cette publication, un tout nouvel article qui va parfaire notre revue de presse sur \u00ab&nbsp;l\u2019arch\u00e9ologie&nbsp;\u00bb. Son titre s\u00e9duisant (Enseignant chant traditionnel en langue bretonne (F\/H)) en dit long. Sachez que le chroniqueur (annonc\u00e9 sous la signature admin_vannes) est connu et fiable pour plusieurs autres \u00e9ditoriaux qu\u2019il a publi\u00e9s sur internet. Les infos \u00e9dit\u00e9es sont par cons\u00e9quent estim\u00e9es valides. Sachez que la date de parution est 2022-07-11 09:41:08. D\u00e9finition du poste Missions et activit\u00e9s Enseignement du chant traditionnel en langue bretonne Capacit\u00e9: intervenir en milieu scolaire d\u00e8s la maternelle (Ecole la Rabine) D\u00e9velopper des actions d\u2019\u00e9veil Transmettre les premi\u00e8res notions\u2026<\/p>\n","protected":false},"author":1,"featured_media":1104,"comment_status":"closed","ping_status":"closed","sticky":false,"template":"","format":"standard","meta":{"footnotes":""},"categories":[2],"tags":[],"blocksy_meta":{"styles_descriptor":{"styles":{"desktop":"","tablet":"","mobile":""},"google_fonts":[],"version":4}},"yoast_head":"<!-- This site is optimized with the Yoast SEO plugin v21.1 - https:\/\/yoast.com\/wordpress\/plugins\/seo\/ -->\n<title>Cela se propage sur le web : Enseignant chant traditionnel en langue bretonne (F\/H) - Viaromana et arch\u00e9ologie.<\/title>\n<meta name=\"description\" content=\"Cela se propage sur le web : Enseignant chant traditionnel en langue bretonne (F\/H) article de Viaromana et arch\u00e9ologie.\" \/>\n<meta name=\"robots\" content=\"index, follow, max-snippet:-1, max-image-preview:large, max-video-preview:-1\" \/>\n<link rel=\"canonical\" href=\"https:\/\/www.viaromana.org\/blog\/cela-se-propage-sur-le-web-enseignant-chant-traditionnel-en-langue-bretonne-f-h\/\" \/>\n<meta property=\"og:locale\" content=\"fr_FR\" \/>\n<meta property=\"og:type\" content=\"article\" \/>\n<meta property=\"og:title\" content=\"Cela se propage sur le web : Enseignant chant traditionnel en langue bretonne (F\/H) - Viaromana et arch\u00e9ologie.\" \/>\n<meta property=\"og:description\" content=\"Cela se propage sur le web : Enseignant chant traditionnel en langue bretonne (F\/H) article de Viaromana et arch\u00e9ologie.\" \/>\n<meta property=\"og:url\" content=\"https:\/\/www.viaromana.org\/blog\/cela-se-propage-sur-le-web-enseignant-chant-traditionnel-en-langue-bretonne-f-h\/\" \/>\n<meta property=\"og:site_name\" content=\"Viaromana et arch\u00e9ologie.\" \/>\n<meta property=\"article:published_time\" content=\"2022-07-11T07:41:08+00:00\" \/>\n<meta property=\"og:image\" content=\"https:\/\/www.viaromana.org\/blog\/wp-content\/uploads\/2022\/07\/de-l-scaled.jpg\" \/>\n\t<meta property=\"og:image:width\" content=\"2560\" \/>\n\t<meta property=\"og:image:height\" content=\"1707\" \/>\n\t<meta property=\"og:image:type\" content=\"image\/jpeg\" \/>\n<meta name=\"author\" content=\"Robert\" \/>\n<meta name=\"twitter:card\" content=\"summary_large_image\" \/>\n<meta name=\"twitter:label1\" content=\"\u00c9crit par\" \/>\n\t<meta name=\"twitter:data1\" content=\"Robert\" \/>\n\t<meta name=\"twitter:label2\" content=\"Dur\u00e9e de lecture estim\u00e9e\" \/>\n\t<meta name=\"twitter:data2\" content=\"3 minutes\" \/>\n<script type=\"application\/ld+json\" class=\"yoast-schema-graph\">{\"@context\":\"https:\/\/schema.org\",\"@graph\":[{\"@type\":\"Article\",\"@id\":\"https:\/\/www.viaromana.org\/blog\/cela-se-propage-sur-le-web-enseignant-chant-traditionnel-en-langue-bretonne-f-h\/#article\",\"isPartOf\":{\"@id\":\"https:\/\/www.viaromana.org\/blog\/cela-se-propage-sur-le-web-enseignant-chant-traditionnel-en-langue-bretonne-f-h\/\"},\"author\":{\"name\":\"Robert\",\"@id\":\"https:\/\/www.viaromana.org\/blog\/#\/schema\/person\/cde9c4655845091e1fe473fcd163c889\"},\"headline\":\"Cela se propage sur le web : Enseignant chant traditionnel en langue bretonne (F\/H)\",\"datePublished\":\"2022-07-11T07:41:08+00:00\",\"dateModified\":\"2022-07-11T07:41:08+00:00\",\"mainEntityOfPage\":{\"@id\":\"https:\/\/www.viaromana.org\/blog\/cela-se-propage-sur-le-web-enseignant-chant-traditionnel-en-langue-bretonne-f-h\/\"},\"wordCount\":530,\"publisher\":{\"@id\":\"https:\/\/www.viaromana.org\/blog\/#organization\"},\"articleSection\":[\"Arch\u00e9ologie\"],\"inLanguage\":\"fr-FR\"},{\"@type\":\"WebPage\",\"@id\":\"https:\/\/www.viaromana.org\/blog\/cela-se-propage-sur-le-web-enseignant-chant-traditionnel-en-langue-bretonne-f-h\/\",\"url\":\"https:\/\/www.viaromana.org\/blog\/cela-se-propage-sur-le-web-enseignant-chant-traditionnel-en-langue-bretonne-f-h\/\",\"name\":\"Cela se propage sur le web : Enseignant chant traditionnel en langue bretonne (F\/H) - Viaromana et arch\u00e9ologie.\",\"isPartOf\":{\"@id\":\"https:\/\/www.viaromana.org\/blog\/#website\"},\"datePublished\":\"2022-07-11T07:41:08+00:00\",\"dateModified\":\"2022-07-11T07:41:08+00:00\",\"description\":\"Cela se propage sur le web : Enseignant chant traditionnel en langue bretonne (F\/H) article de Viaromana et arch\u00e9ologie.\",\"breadcrumb\":{\"@id\":\"https:\/\/www.viaromana.org\/blog\/cela-se-propage-sur-le-web-enseignant-chant-traditionnel-en-langue-bretonne-f-h\/#breadcrumb\"},\"inLanguage\":\"fr-FR\",\"potentialAction\":[{\"@type\":\"ReadAction\",\"target\":[\"https:\/\/www.viaromana.org\/blog\/cela-se-propage-sur-le-web-enseignant-chant-traditionnel-en-langue-bretonne-f-h\/\"]}]},{\"@type\":\"BreadcrumbList\",\"@id\":\"https:\/\/www.viaromana.org\/blog\/cela-se-propage-sur-le-web-enseignant-chant-traditionnel-en-langue-bretonne-f-h\/#breadcrumb\",\"itemListElement\":[{\"@type\":\"ListItem\",\"position\":1,\"name\":\"Accueil\",\"item\":\"https:\/\/www.viaromana.org\/blog\/\"},{\"@type\":\"ListItem\",\"position\":2,\"name\":\"Cela se propage sur le web : Enseignant chant traditionnel en langue bretonne (F\/H)\"}]},{\"@type\":\"WebSite\",\"@id\":\"https:\/\/www.viaromana.org\/blog\/#website\",\"url\":\"https:\/\/www.viaromana.org\/blog\/\",\"name\":\"Viaromana et arch\u00e9ologie.\",\"description\":\"Site arch\u00e9ologique de la voie romaine (viaromana) Belgique-France-Rome\",\"publisher\":{\"@id\":\"https:\/\/www.viaromana.org\/blog\/#organization\"},\"potentialAction\":[{\"@type\":\"SearchAction\",\"target\":{\"@type\":\"EntryPoint\",\"urlTemplate\":\"https:\/\/www.viaromana.org\/blog\/?s={search_term_string}\"},\"query-input\":\"required name=search_term_string\"}],\"inLanguage\":\"fr-FR\"},{\"@type\":\"Organization\",\"@id\":\"https:\/\/www.viaromana.org\/blog\/#organization\",\"name\":\"viaromana\",\"url\":\"https:\/\/www.viaromana.org\/blog\/\",\"logo\":{\"@type\":\"ImageObject\",\"inLanguage\":\"fr-FR\",\"@id\":\"https:\/\/www.viaromana.org\/blog\/#\/schema\/logo\/image\/\",\"url\":\"https:\/\/www.viaromana.org\/blog\/wp-content\/uploads\/2021\/12\/logo-3.png\",\"contentUrl\":\"https:\/\/www.viaromana.org\/blog\/wp-content\/uploads\/2021\/12\/logo-3.png\",\"width\":300,\"height\":249,\"caption\":\"viaromana\"},\"image\":{\"@id\":\"https:\/\/www.viaromana.org\/blog\/#\/schema\/logo\/image\/\"}},{\"@type\":\"Person\",\"@id\":\"https:\/\/www.viaromana.org\/blog\/#\/schema\/person\/cde9c4655845091e1fe473fcd163c889\",\"name\":\"Robert\",\"image\":{\"@type\":\"ImageObject\",\"inLanguage\":\"fr-FR\",\"@id\":\"https:\/\/www.viaromana.org\/blog\/#\/schema\/person\/image\/\",\"url\":\"https:\/\/secure.gravatar.com\/avatar\/a168ec191013b636c2f278aec04e724b?s=96&d=mm&r=g\",\"contentUrl\":\"https:\/\/secure.gravatar.com\/avatar\/a168ec191013b636c2f278aec04e724b?s=96&d=mm&r=g\",\"caption\":\"Robert\"},\"sameAs\":[\"https:\/\/www.viaromana.org\/blog\"],\"url\":\"https:\/\/www.viaromana.org\/blog\/author\/anaadmin\/\"}]}<\/script>\n<!-- \/ Yoast SEO plugin. -->","yoast_head_json":{"title":"Cela se propage sur le web : Enseignant chant traditionnel en langue bretonne (F\/H) - Viaromana et arch\u00e9ologie.","description":"Cela se propage sur le web : Enseignant chant traditionnel en langue bretonne (F\/H) article de Viaromana et arch\u00e9ologie.","robots":{"index":"index","follow":"follow","max-snippet":"max-snippet:-1","max-image-preview":"max-image-preview:large","max-video-preview":"max-video-preview:-1"},"canonical":"https:\/\/www.viaromana.org\/blog\/cela-se-propage-sur-le-web-enseignant-chant-traditionnel-en-langue-bretonne-f-h\/","og_locale":"fr_FR","og_type":"article","og_title":"Cela se propage sur le web : Enseignant chant traditionnel en langue bretonne (F\/H) - Viaromana et arch\u00e9ologie.","og_description":"Cela se propage sur le web : Enseignant chant traditionnel en langue bretonne (F\/H) article de Viaromana et arch\u00e9ologie.","og_url":"https:\/\/www.viaromana.org\/blog\/cela-se-propage-sur-le-web-enseignant-chant-traditionnel-en-langue-bretonne-f-h\/","og_site_name":"Viaromana et arch\u00e9ologie.","article_published_time":"2022-07-11T07:41:08+00:00","og_image":[{"width":2560,"height":1707,"url":"https:\/\/www.viaromana.org\/blog\/wp-content\/uploads\/2022\/07\/de-l-scaled.jpg","type":"image\/jpeg"}],"author":"Robert","twitter_card":"summary_large_image","twitter_misc":{"\u00c9crit par":"Robert","Dur\u00e9e de lecture estim\u00e9e":"3 minutes"},"schema":{"@context":"https:\/\/schema.org","@graph":[{"@type":"Article","@id":"https:\/\/www.viaromana.org\/blog\/cela-se-propage-sur-le-web-enseignant-chant-traditionnel-en-langue-bretonne-f-h\/#article","isPartOf":{"@id":"https:\/\/www.viaromana.org\/blog\/cela-se-propage-sur-le-web-enseignant-chant-traditionnel-en-langue-bretonne-f-h\/"},"author":{"name":"Robert","@id":"https:\/\/www.viaromana.org\/blog\/#\/schema\/person\/cde9c4655845091e1fe473fcd163c889"},"headline":"Cela se propage sur le web : Enseignant chant traditionnel en langue bretonne (F\/H)","datePublished":"2022-07-11T07:41:08+00:00","dateModified":"2022-07-11T07:41:08+00:00","mainEntityOfPage":{"@id":"https:\/\/www.viaromana.org\/blog\/cela-se-propage-sur-le-web-enseignant-chant-traditionnel-en-langue-bretonne-f-h\/"},"wordCount":530,"publisher":{"@id":"https:\/\/www.viaromana.org\/blog\/#organization"},"articleSection":["Arch\u00e9ologie"],"inLanguage":"fr-FR"},{"@type":"WebPage","@id":"https:\/\/www.viaromana.org\/blog\/cela-se-propage-sur-le-web-enseignant-chant-traditionnel-en-langue-bretonne-f-h\/","url":"https:\/\/www.viaromana.org\/blog\/cela-se-propage-sur-le-web-enseignant-chant-traditionnel-en-langue-bretonne-f-h\/","name":"Cela se propage sur le web : Enseignant chant traditionnel en langue bretonne (F\/H) - Viaromana et arch\u00e9ologie.","isPartOf":{"@id":"https:\/\/www.viaromana.org\/blog\/#website"},"datePublished":"2022-07-11T07:41:08+00:00","dateModified":"2022-07-11T07:41:08+00:00","description":"Cela se propage sur le web : Enseignant chant traditionnel en langue bretonne (F\/H) article de Viaromana et arch\u00e9ologie.","breadcrumb":{"@id":"https:\/\/www.viaromana.org\/blog\/cela-se-propage-sur-le-web-enseignant-chant-traditionnel-en-langue-bretonne-f-h\/#breadcrumb"},"inLanguage":"fr-FR","potentialAction":[{"@type":"ReadAction","target":["https:\/\/www.viaromana.org\/blog\/cela-se-propage-sur-le-web-enseignant-chant-traditionnel-en-langue-bretonne-f-h\/"]}]},{"@type":"BreadcrumbList","@id":"https:\/\/www.viaromana.org\/blog\/cela-se-propage-sur-le-web-enseignant-chant-traditionnel-en-langue-bretonne-f-h\/#breadcrumb","itemListElement":[{"@type":"ListItem","position":1,"name":"Accueil","item":"https:\/\/www.viaromana.org\/blog\/"},{"@type":"ListItem","position":2,"name":"Cela se propage sur le web : Enseignant chant traditionnel en langue bretonne (F\/H)"}]},{"@type":"WebSite","@id":"https:\/\/www.viaromana.org\/blog\/#website","url":"https:\/\/www.viaromana.org\/blog\/","name":"Viaromana et arch\u00e9ologie.","description":"Site arch\u00e9ologique de la voie romaine (viaromana) Belgique-France-Rome","publisher":{"@id":"https:\/\/www.viaromana.org\/blog\/#organization"},"potentialAction":[{"@type":"SearchAction","target":{"@type":"EntryPoint","urlTemplate":"https:\/\/www.viaromana.org\/blog\/?s={search_term_string}"},"query-input":"required name=search_term_string"}],"inLanguage":"fr-FR"},{"@type":"Organization","@id":"https:\/\/www.viaromana.org\/blog\/#organization","name":"viaromana","url":"https:\/\/www.viaromana.org\/blog\/","logo":{"@type":"ImageObject","inLanguage":"fr-FR","@id":"https:\/\/www.viaromana.org\/blog\/#\/schema\/logo\/image\/","url":"https:\/\/www.viaromana.org\/blog\/wp-content\/uploads\/2021\/12\/logo-3.png","contentUrl":"https:\/\/www.viaromana.org\/blog\/wp-content\/uploads\/2021\/12\/logo-3.png","width":300,"height":249,"caption":"viaromana"},"image":{"@id":"https:\/\/www.viaromana.org\/blog\/#\/schema\/logo\/image\/"}},{"@type":"Person","@id":"https:\/\/www.viaromana.org\/blog\/#\/schema\/person\/cde9c4655845091e1fe473fcd163c889","name":"Robert","image":{"@type":"ImageObject","inLanguage":"fr-FR","@id":"https:\/\/www.viaromana.org\/blog\/#\/schema\/person\/image\/","url":"https:\/\/secure.gravatar.com\/avatar\/a168ec191013b636c2f278aec04e724b?s=96&d=mm&r=g","contentUrl":"https:\/\/secure.gravatar.com\/avatar\/a168ec191013b636c2f278aec04e724b?s=96&d=mm&r=g","caption":"Robert"},"sameAs":["https:\/\/www.viaromana.org\/blog"],"url":"https:\/\/www.viaromana.org\/blog\/author\/anaadmin\/"}]}},"_links":{"self":[{"href":"https:\/\/www.viaromana.org\/blog\/wp-json\/wp\/v2\/posts\/1103"}],"collection":[{"href":"https:\/\/www.viaromana.org\/blog\/wp-json\/wp\/v2\/posts"}],"about":[{"href":"https:\/\/www.viaromana.org\/blog\/wp-json\/wp\/v2\/types\/post"}],"author":[{"embeddable":true,"href":"https:\/\/www.viaromana.org\/blog\/wp-json\/wp\/v2\/users\/1"}],"replies":[{"embeddable":true,"href":"https:\/\/www.viaromana.org\/blog\/wp-json\/wp\/v2\/comments?post=1103"}],"version-history":[{"count":0,"href":"https:\/\/www.viaromana.org\/blog\/wp-json\/wp\/v2\/posts\/1103\/revisions"}],"wp:featuredmedia":[{"embeddable":true,"href":"https:\/\/www.viaromana.org\/blog\/wp-json\/wp\/v2\/media\/1104"}],"wp:attachment":[{"href":"https:\/\/www.viaromana.org\/blog\/wp-json\/wp\/v2\/media?parent=1103"}],"wp:term":[{"taxonomy":"category","embeddable":true,"href":"https:\/\/www.viaromana.org\/blog\/wp-json\/wp\/v2\/categories?post=1103"},{"taxonomy":"post_tag","embeddable":true,"href":"https:\/\/www.viaromana.org\/blog\/wp-json\/wp\/v2\/tags?post=1103"}],"curies":[{"name":"wp","href":"https:\/\/api.w.org\/{rel}","templated":true}]}}