{"id":1089,"date":"2022-07-07T14:41:19","date_gmt":"2022-07-07T12:41:19","guid":{"rendered":"https:\/\/www.site.cdcl.xyz\/2022\/07\/07\/relecture-de-leditorial-niort-agglo-aide-les-tpe-a-faire-face-a-la-crise-de-lenergie\/"},"modified":"2022-07-07T14:41:19","modified_gmt":"2022-07-07T12:41:19","slug":"relecture-de-leditorial-niort-agglo-aide-les-tpe-a-faire-face-a-la-crise-de-lenergie","status":"publish","type":"post","link":"https:\/\/www.viaromana.org\/blog\/relecture-de-leditorial-niort-agglo-aide-les-tpe-a-faire-face-a-la-crise-de-lenergie\/","title":{"rendered":"Relecture de l\u2019\u00e9ditorial : Niort Agglo aide les TPE \u00e0 faire face \u00e0 la crise de l\u2019\u00e9nergie"},"content":{"rendered":"<p>Ce texte ayant pour th\u00e9matique \u00ab&nbsp;l\u2019arch\u00e9ologie&nbsp;\u00bb a \u00e9t\u00e9 aper\u00e7u sur le web, nous avons d\u00e9cid\u00e9 de vous le d\u00e9voiler ci-dessous.<\/p>\n<p>Le titre (Niort Agglo aide les TPE \u00e0 faire face \u00e0 la crise de l\u2019\u00e9nergie) synth\u00e9tise tout le texte.<\/p>\n<p> Pr\u00e9sent\u00e9 sous le nom \u00abd\u2019anonymat<br \/>\u00bb, l\u2019\u00e9crivain est positivement connu pour plusieurs autres encarts qu\u2019il a publi\u00e9s sur le web.<\/p>\n<p>Vous pouvez lire ces infos en confiance.<\/p>\n<p>L\u2019article a \u00e9t\u00e9 \u00e9dit\u00e9 \u00e0 une date indiqu\u00e9e 2022-07-07 14:41:19.<\/p>\n<p>L\u2019article d\u2019origine : <\/p>\n<p><img decoding=\"async\" src=\"https:\/\/www.viaromana.org\/blog\/wp-content\/uploads\/2022\/07\/relecture-de-leditorial-niort-agglo-aide-les-tpe-a-faire-face-a-la-crise-de-lenergie.jpg\"><\/p>\n<div>\n<p>Niort Agglo accompagn\u00e9e par le Centre r\u00e9gional des \u00e9nergies renouvelables (CRER), en partenariat avec la Chambre de commerce et d\u2019industrie des Deux-S\u00e8vres (CCI) et la Chambre des m\u00e9tiers et de l\u2019artisanat Nouvelle Aquitaine \u2013 Deux-S\u00e8vres (CMA), proposent aux tr\u00e8s petites entreprises du territoire un accompagnement pour les aider \u00e0 r\u00e9duire leurs consommations d\u2019\u00e9nergie. <\/p>\n<\/div>\n<div>\n<p><strong>Niort Agglo accompagn\u00e9 par le Centre r\u00e9gional des \u00e9nergies renouvelables (CRER), en partenariat avec la Chambre de commerce et d\u2019industrie des Deux-S\u00e8vres (CCI) et la Chambre des m\u00e9tiers et de l\u2019artisanat Nouvelle Aquitaine \u2013 Deux-S\u00e8vres (CMA), proposent aux tr\u00e8s petites entreprises du territoire un accompagnement pour les aider \u00e0 r\u00e9duire leurs consommations d\u2019\u00e9nergie.<\/strong><\/p>\n<p>Les entreprises font actuellement face \u00e0 une crise de l\u2019\u00e9nergie qui promet de se prolonger et qui peut fragiliser certaines d\u2019entre elles. Niort Agglo et le CRER, avec leurs partenaires la CCI et la CMA, proposent aux entreprises de 10 salari\u00e9s ou moins (non soumises au d\u00e9cret \u00e9co \u00c9nergie Tertiaire) un accompagnement personnalis\u00e9 et gratuit pour r\u00e9duire leurs consommations \u00e9nerg\u00e9tiques. L\u2019intervention est gradu\u00e9e selon leurs besoins&nbsp;:<\/p>\n<ol>\n<li>Information de premier niveau d\u2019ordre technique, juridique, financier et\/ou social,<\/li>\n<li>pr\u00e9diagnostic \u00e9nerg\u00e9tique sur site, avec informations sur les aides et les financements qui peuvent \u00eatre mobilis\u00e9s, assistance \u00e0 la mobilisation des certificats d\u2019\u00e9conomies d\u2019\u00e9nergie en amont de la signature d\u2019un devis, d\u00e9finition des \u00e9tapes de r\u00e9novation du local, informations sur la qualit\u00e9 et le contenu des devis, conseils sur l\u2019efficacit\u00e9 \u00e9nerg\u00e9tique des usages de l\u2019entreprise et de ses process, d\u00e9monstration de mat\u00e9riel \u00e9conome en \u00e9nergie,<\/li>\n<li>Audit \u00e9nerg\u00e9tique<\/li>\n<\/ol>\n<p>\u00ab&nbsp;<em>Ce dispositif a \u00e9t\u00e9 mis en place d\u00e8s le d\u00e9but de l\u2019ann\u00e9e 2021,<\/em> rappelle S\u00e9verine Vachon, Vice-Pr\u00e9sidente de Niort Agglo en charge du D\u00e9veloppement durable, <em>ce qui le rend imm\u00e9diatement op\u00e9rationnel pour faire face \u00e0 la situation devenue urgente.&nbsp;<\/em>\u00bb<\/p>\n<p>L\u2019accompagnement concerne tous les postes sur lesquels on peut agir pour faire baisser sa facture et r\u00e9duire son empreinte carbone&nbsp;: \u00ab&nbsp;<em>Il ne faut pas perdre de vue qu\u2019en-dehors de toute consid\u00e9ration de crise, nous devons changer nos habitudes et passer d\u2019une logique de r\u00e9duction de la consommation d\u2019\u00e9nergie \u00e0 une logique de sobri\u00e9t\u00e9 \u00e9nerg\u00e9tique<\/em>,&nbsp;\u00bb pointe Christelle Abatut, pr\u00e9sidente de la CCI tandis que S\u00e9bastien Kugler, pr\u00e9sident de la CMA conclut&nbsp;: \u00ab&nbsp;<em>Grasse \u00e0 Niort Agglo, tous les acteurs sont autour de la table pour faire la transition \u00e9nerg\u00e9tique et contribuer \u00e0 la p\u00e9rennit\u00e9 de nos entreprises.<\/em>&nbsp;\u00bb<\/p>\n<p><strong>Pour b\u00e9n\u00e9ficier de cet accompagnement&nbsp;gratuit :<\/strong><\/p>\n<p>Les entreprises peuvent contacter directement le CRER&nbsp;: 05 49 08 24 24&nbsp; ou contact@crer.info<\/p>\n<p>Ou leur interlocuteur privil\u00e9gi\u00e9&nbsp;:<\/p>\n<ul>\n<li>CCI Deux-S\u00e8vres \u2013 Jean-Christophe DUNOT, Responsable Appui D\u00e9veloppement Entreprises en Proximit\u00e9&nbsp;: 06 15 32 91 12<\/li>\n<li>CMA&nbsp;Nouvelle Aquitaine Deux-S\u00e8vres \u2013 Fabien Le Puil, Charg\u00e9 de d\u00e9veloppement \u00e9conomique \u2013 Transition \u00e9cologique&nbsp;: 07 85 60 12 78<\/li>\n<\/ul>\n<\/div>\n<p>Livres sur le m\u00eame objet:<\/p>\n<p>QuanTika, Tome 1 : Vestiges.,<a target=\"_blank\" rel=\"nofollow\" href=\"https:\/\/www.viaromana.org\/blog\/goto\/https:\/\/booknode.com\/quantika_tome_1_vestiges_0352312\"  target=\"_blank\" rel=\"noopener noreferrer nofollow\">(Disponible) <\/a><span><\/span>.<\/p>\n<p>Outsiders, Tome 1 : Markus.,<a target=\"_blank\" rel=\"nofollow\" href=\"https:\/\/www.viaromana.org\/blog\/goto\/https:\/\/booknode.com\/outsiders_tome_1_markus_03319922\"  target=\"_blank\" rel=\"noopener noreferrer nofollow\">(la couverture) <\/a><span><\/span>.<\/p>\n<p>Tombes oubli\u00e9es.,<a target=\"_blank\" rel=\"nofollow\" href=\"https:\/\/www.viaromana.org\/blog\/goto\/https:\/\/booknode.com\/tombes_oubliees_03370022\"  target=\"_blank\" rel=\"noopener noreferrer nofollow\">Le livre <\/a><span><\/span>. Ouvrage de r\u00e9f\u00e9rence.<\/p>\n<p>Monnaies du haut Moyen \u00c2ge.,<a target=\"_blank\" rel=\"nofollow\" href=\"https:\/\/www.viaromana.org\/blog\/goto\/https:\/\/www.kobo.com\/de\/fr\/ebook\/monnaies-du-haut-moyen-age\"  target=\"_blank\" rel=\"noopener noreferrer nofollow\">(la couverture) <\/a><span><\/span>. Disponible \u00e0 l\u2019achat sur les plateformes Amazon, Fnac, Cultura \u2026.<\/p>\n","protected":false},"excerpt":{"rendered":"<p>Ce texte ayant pour th\u00e9matique \u00ab&nbsp;l\u2019arch\u00e9ologie&nbsp;\u00bb a \u00e9t\u00e9 aper\u00e7u sur le web, nous avons d\u00e9cid\u00e9 de vous le d\u00e9voiler ci-dessous. Le titre (Niort Agglo aide les TPE \u00e0 faire face \u00e0 la crise de l\u2019\u00e9nergie) synth\u00e9tise tout le texte. Pr\u00e9sent\u00e9 sous le nom \u00abd\u2019anonymat\u00bb, l\u2019\u00e9crivain est positivement connu pour plusieurs autres encarts qu\u2019il a publi\u00e9s sur le web. Vous pouvez lire ces infos en confiance. L\u2019article a \u00e9t\u00e9 \u00e9dit\u00e9 \u00e0 une date indiqu\u00e9e 2022-07-07 14:41:19. L\u2019article d\u2019origine : Niort Agglo accompagn\u00e9e par le Centre r\u00e9gional des \u00e9nergies renouvelables (CRER), en partenariat avec la Chambre de commerce et d\u2019industrie des Deux-S\u00e8vres\u2026<\/p>\n","protected":false},"author":1,"featured_media":1090,"comment_status":"closed","ping_status":"closed","sticky":false,"template":"","format":"standard","meta":{"footnotes":""},"categories":[2],"tags":[],"blocksy_meta":{"styles_descriptor":{"styles":{"desktop":"","tablet":"","mobile":""},"google_fonts":[],"version":4}},"yoast_head":"<!-- This site is optimized with the Yoast SEO plugin v21.1 - https:\/\/yoast.com\/wordpress\/plugins\/seo\/ -->\n<title>Relecture de l\u2019\u00e9ditorial : Niort Agglo aide les TPE \u00e0 faire face \u00e0 la crise de l\u2019\u00e9nergie - Viaromana et arch\u00e9ologie.<\/title>\n<meta name=\"description\" content=\"Relecture de l\u2019\u00e9ditorial : Niort Agglo aide les TPE \u00e0 faire face \u00e0 la crise de l\u2019\u00e9nergie article de Viaromana et arch\u00e9ologie.\" \/>\n<meta name=\"robots\" content=\"index, follow, max-snippet:-1, max-image-preview:large, max-video-preview:-1\" \/>\n<link rel=\"canonical\" href=\"https:\/\/www.viaromana.org\/blog\/relecture-de-leditorial-niort-agglo-aide-les-tpe-a-faire-face-a-la-crise-de-lenergie\/\" \/>\n<meta property=\"og:locale\" content=\"fr_FR\" \/>\n<meta property=\"og:type\" content=\"article\" \/>\n<meta property=\"og:title\" content=\"Relecture de l\u2019\u00e9ditorial : Niort Agglo aide les TPE \u00e0 faire face \u00e0 la crise de l\u2019\u00e9nergie - Viaromana et arch\u00e9ologie.\" \/>\n<meta property=\"og:description\" content=\"Relecture de l\u2019\u00e9ditorial : Niort Agglo aide les TPE \u00e0 faire face \u00e0 la crise de l\u2019\u00e9nergie article de Viaromana et arch\u00e9ologie.\" \/>\n<meta property=\"og:url\" content=\"https:\/\/www.viaromana.org\/blog\/relecture-de-leditorial-niort-agglo-aide-les-tpe-a-faire-face-a-la-crise-de-lenergie\/\" \/>\n<meta property=\"og:site_name\" content=\"Viaromana et arch\u00e9ologie.\" \/>\n<meta property=\"article:published_time\" content=\"2022-07-07T12:41:19+00:00\" \/>\n<meta property=\"og:image\" content=\"https:\/\/www.viaromana.org\/blog\/wp-content\/uploads\/2022\/07\/niort-agglo-scaled.jpg\" \/>\n\t<meta property=\"og:image:width\" content=\"2560\" \/>\n\t<meta property=\"og:image:height\" content=\"1706\" \/>\n\t<meta property=\"og:image:type\" content=\"image\/jpeg\" \/>\n<meta name=\"author\" content=\"Robert\" \/>\n<meta name=\"twitter:card\" content=\"summary_large_image\" \/>\n<meta name=\"twitter:label1\" content=\"\u00c9crit par\" \/>\n\t<meta name=\"twitter:data1\" content=\"Robert\" \/>\n\t<meta name=\"twitter:label2\" content=\"Dur\u00e9e de lecture estim\u00e9e\" \/>\n\t<meta name=\"twitter:data2\" content=\"3 minutes\" \/>\n<script type=\"application\/ld+json\" class=\"yoast-schema-graph\">{\"@context\":\"https:\/\/schema.org\",\"@graph\":[{\"@type\":\"Article\",\"@id\":\"https:\/\/www.viaromana.org\/blog\/relecture-de-leditorial-niort-agglo-aide-les-tpe-a-faire-face-a-la-crise-de-lenergie\/#article\",\"isPartOf\":{\"@id\":\"https:\/\/www.viaromana.org\/blog\/relecture-de-leditorial-niort-agglo-aide-les-tpe-a-faire-face-a-la-crise-de-lenergie\/\"},\"author\":{\"name\":\"Robert\",\"@id\":\"https:\/\/www.viaromana.org\/blog\/#\/schema\/person\/cde9c4655845091e1fe473fcd163c889\"},\"headline\":\"Relecture de l\u2019\u00e9ditorial : Niort Agglo aide les TPE \u00e0 faire face \u00e0 la crise de l\u2019\u00e9nergie\",\"datePublished\":\"2022-07-07T12:41:19+00:00\",\"dateModified\":\"2022-07-07T12:41:19+00:00\",\"mainEntityOfPage\":{\"@id\":\"https:\/\/www.viaromana.org\/blog\/relecture-de-leditorial-niort-agglo-aide-les-tpe-a-faire-face-a-la-crise-de-lenergie\/\"},\"wordCount\":654,\"publisher\":{\"@id\":\"https:\/\/www.viaromana.org\/blog\/#organization\"},\"articleSection\":[\"Arch\u00e9ologie\"],\"inLanguage\":\"fr-FR\"},{\"@type\":\"WebPage\",\"@id\":\"https:\/\/www.viaromana.org\/blog\/relecture-de-leditorial-niort-agglo-aide-les-tpe-a-faire-face-a-la-crise-de-lenergie\/\",\"url\":\"https:\/\/www.viaromana.org\/blog\/relecture-de-leditorial-niort-agglo-aide-les-tpe-a-faire-face-a-la-crise-de-lenergie\/\",\"name\":\"Relecture de l\u2019\u00e9ditorial : Niort Agglo aide les TPE \u00e0 faire face \u00e0 la crise de l\u2019\u00e9nergie - Viaromana et arch\u00e9ologie.\",\"isPartOf\":{\"@id\":\"https:\/\/www.viaromana.org\/blog\/#website\"},\"datePublished\":\"2022-07-07T12:41:19+00:00\",\"dateModified\":\"2022-07-07T12:41:19+00:00\",\"description\":\"Relecture de l\u2019\u00e9ditorial : Niort Agglo aide les TPE \u00e0 faire face \u00e0 la crise de l\u2019\u00e9nergie article de Viaromana et arch\u00e9ologie.\",\"breadcrumb\":{\"@id\":\"https:\/\/www.viaromana.org\/blog\/relecture-de-leditorial-niort-agglo-aide-les-tpe-a-faire-face-a-la-crise-de-lenergie\/#breadcrumb\"},\"inLanguage\":\"fr-FR\",\"potentialAction\":[{\"@type\":\"ReadAction\",\"target\":[\"https:\/\/www.viaromana.org\/blog\/relecture-de-leditorial-niort-agglo-aide-les-tpe-a-faire-face-a-la-crise-de-lenergie\/\"]}]},{\"@type\":\"BreadcrumbList\",\"@id\":\"https:\/\/www.viaromana.org\/blog\/relecture-de-leditorial-niort-agglo-aide-les-tpe-a-faire-face-a-la-crise-de-lenergie\/#breadcrumb\",\"itemListElement\":[{\"@type\":\"ListItem\",\"position\":1,\"name\":\"Accueil\",\"item\":\"https:\/\/www.viaromana.org\/blog\/\"},{\"@type\":\"ListItem\",\"position\":2,\"name\":\"Relecture de l\u2019\u00e9ditorial : Niort Agglo aide les TPE \u00e0 faire face \u00e0 la crise de l\u2019\u00e9nergie\"}]},{\"@type\":\"WebSite\",\"@id\":\"https:\/\/www.viaromana.org\/blog\/#website\",\"url\":\"https:\/\/www.viaromana.org\/blog\/\",\"name\":\"Viaromana et arch\u00e9ologie.\",\"description\":\"Site arch\u00e9ologique de la voie romaine (viaromana) Belgique-France-Rome\",\"publisher\":{\"@id\":\"https:\/\/www.viaromana.org\/blog\/#organization\"},\"potentialAction\":[{\"@type\":\"SearchAction\",\"target\":{\"@type\":\"EntryPoint\",\"urlTemplate\":\"https:\/\/www.viaromana.org\/blog\/?s={search_term_string}\"},\"query-input\":\"required name=search_term_string\"}],\"inLanguage\":\"fr-FR\"},{\"@type\":\"Organization\",\"@id\":\"https:\/\/www.viaromana.org\/blog\/#organization\",\"name\":\"viaromana\",\"url\":\"https:\/\/www.viaromana.org\/blog\/\",\"logo\":{\"@type\":\"ImageObject\",\"inLanguage\":\"fr-FR\",\"@id\":\"https:\/\/www.viaromana.org\/blog\/#\/schema\/logo\/image\/\",\"url\":\"https:\/\/www.viaromana.org\/blog\/wp-content\/uploads\/2021\/12\/logo-3.png\",\"contentUrl\":\"https:\/\/www.viaromana.org\/blog\/wp-content\/uploads\/2021\/12\/logo-3.png\",\"width\":300,\"height\":249,\"caption\":\"viaromana\"},\"image\":{\"@id\":\"https:\/\/www.viaromana.org\/blog\/#\/schema\/logo\/image\/\"}},{\"@type\":\"Person\",\"@id\":\"https:\/\/www.viaromana.org\/blog\/#\/schema\/person\/cde9c4655845091e1fe473fcd163c889\",\"name\":\"Robert\",\"image\":{\"@type\":\"ImageObject\",\"inLanguage\":\"fr-FR\",\"@id\":\"https:\/\/www.viaromana.org\/blog\/#\/schema\/person\/image\/\",\"url\":\"https:\/\/secure.gravatar.com\/avatar\/a168ec191013b636c2f278aec04e724b?s=96&d=mm&r=g\",\"contentUrl\":\"https:\/\/secure.gravatar.com\/avatar\/a168ec191013b636c2f278aec04e724b?s=96&d=mm&r=g\",\"caption\":\"Robert\"},\"sameAs\":[\"https:\/\/www.viaromana.org\/blog\"],\"url\":\"https:\/\/www.viaromana.org\/blog\/author\/anaadmin\/\"}]}<\/script>\n<!-- \/ Yoast SEO plugin. -->","yoast_head_json":{"title":"Relecture de l\u2019\u00e9ditorial : Niort Agglo aide les TPE \u00e0 faire face \u00e0 la crise de l\u2019\u00e9nergie - Viaromana et arch\u00e9ologie.","description":"Relecture de l\u2019\u00e9ditorial : Niort Agglo aide les TPE \u00e0 faire face \u00e0 la crise de l\u2019\u00e9nergie article de Viaromana et arch\u00e9ologie.","robots":{"index":"index","follow":"follow","max-snippet":"max-snippet:-1","max-image-preview":"max-image-preview:large","max-video-preview":"max-video-preview:-1"},"canonical":"https:\/\/www.viaromana.org\/blog\/relecture-de-leditorial-niort-agglo-aide-les-tpe-a-faire-face-a-la-crise-de-lenergie\/","og_locale":"fr_FR","og_type":"article","og_title":"Relecture de l\u2019\u00e9ditorial : Niort Agglo aide les TPE \u00e0 faire face \u00e0 la crise de l\u2019\u00e9nergie - Viaromana et arch\u00e9ologie.","og_description":"Relecture de l\u2019\u00e9ditorial : Niort Agglo aide les TPE \u00e0 faire face \u00e0 la crise de l\u2019\u00e9nergie article de Viaromana et arch\u00e9ologie.","og_url":"https:\/\/www.viaromana.org\/blog\/relecture-de-leditorial-niort-agglo-aide-les-tpe-a-faire-face-a-la-crise-de-lenergie\/","og_site_name":"Viaromana et arch\u00e9ologie.","article_published_time":"2022-07-07T12:41:19+00:00","og_image":[{"width":2560,"height":1706,"url":"https:\/\/www.viaromana.org\/blog\/wp-content\/uploads\/2022\/07\/niort-agglo-scaled.jpg","type":"image\/jpeg"}],"author":"Robert","twitter_card":"summary_large_image","twitter_misc":{"\u00c9crit par":"Robert","Dur\u00e9e de lecture estim\u00e9e":"3 minutes"},"schema":{"@context":"https:\/\/schema.org","@graph":[{"@type":"Article","@id":"https:\/\/www.viaromana.org\/blog\/relecture-de-leditorial-niort-agglo-aide-les-tpe-a-faire-face-a-la-crise-de-lenergie\/#article","isPartOf":{"@id":"https:\/\/www.viaromana.org\/blog\/relecture-de-leditorial-niort-agglo-aide-les-tpe-a-faire-face-a-la-crise-de-lenergie\/"},"author":{"name":"Robert","@id":"https:\/\/www.viaromana.org\/blog\/#\/schema\/person\/cde9c4655845091e1fe473fcd163c889"},"headline":"Relecture de l\u2019\u00e9ditorial : Niort Agglo aide les TPE \u00e0 faire face \u00e0 la crise de l\u2019\u00e9nergie","datePublished":"2022-07-07T12:41:19+00:00","dateModified":"2022-07-07T12:41:19+00:00","mainEntityOfPage":{"@id":"https:\/\/www.viaromana.org\/blog\/relecture-de-leditorial-niort-agglo-aide-les-tpe-a-faire-face-a-la-crise-de-lenergie\/"},"wordCount":654,"publisher":{"@id":"https:\/\/www.viaromana.org\/blog\/#organization"},"articleSection":["Arch\u00e9ologie"],"inLanguage":"fr-FR"},{"@type":"WebPage","@id":"https:\/\/www.viaromana.org\/blog\/relecture-de-leditorial-niort-agglo-aide-les-tpe-a-faire-face-a-la-crise-de-lenergie\/","url":"https:\/\/www.viaromana.org\/blog\/relecture-de-leditorial-niort-agglo-aide-les-tpe-a-faire-face-a-la-crise-de-lenergie\/","name":"Relecture de l\u2019\u00e9ditorial : Niort Agglo aide les TPE \u00e0 faire face \u00e0 la crise de l\u2019\u00e9nergie - Viaromana et arch\u00e9ologie.","isPartOf":{"@id":"https:\/\/www.viaromana.org\/blog\/#website"},"datePublished":"2022-07-07T12:41:19+00:00","dateModified":"2022-07-07T12:41:19+00:00","description":"Relecture de l\u2019\u00e9ditorial : Niort Agglo aide les TPE \u00e0 faire face \u00e0 la crise de l\u2019\u00e9nergie article de Viaromana et arch\u00e9ologie.","breadcrumb":{"@id":"https:\/\/www.viaromana.org\/blog\/relecture-de-leditorial-niort-agglo-aide-les-tpe-a-faire-face-a-la-crise-de-lenergie\/#breadcrumb"},"inLanguage":"fr-FR","potentialAction":[{"@type":"ReadAction","target":["https:\/\/www.viaromana.org\/blog\/relecture-de-leditorial-niort-agglo-aide-les-tpe-a-faire-face-a-la-crise-de-lenergie\/"]}]},{"@type":"BreadcrumbList","@id":"https:\/\/www.viaromana.org\/blog\/relecture-de-leditorial-niort-agglo-aide-les-tpe-a-faire-face-a-la-crise-de-lenergie\/#breadcrumb","itemListElement":[{"@type":"ListItem","position":1,"name":"Accueil","item":"https:\/\/www.viaromana.org\/blog\/"},{"@type":"ListItem","position":2,"name":"Relecture de l\u2019\u00e9ditorial : Niort Agglo aide les TPE \u00e0 faire face \u00e0 la crise de l\u2019\u00e9nergie"}]},{"@type":"WebSite","@id":"https:\/\/www.viaromana.org\/blog\/#website","url":"https:\/\/www.viaromana.org\/blog\/","name":"Viaromana et arch\u00e9ologie.","description":"Site arch\u00e9ologique de la voie romaine (viaromana) Belgique-France-Rome","publisher":{"@id":"https:\/\/www.viaromana.org\/blog\/#organization"},"potentialAction":[{"@type":"SearchAction","target":{"@type":"EntryPoint","urlTemplate":"https:\/\/www.viaromana.org\/blog\/?s={search_term_string}"},"query-input":"required name=search_term_string"}],"inLanguage":"fr-FR"},{"@type":"Organization","@id":"https:\/\/www.viaromana.org\/blog\/#organization","name":"viaromana","url":"https:\/\/www.viaromana.org\/blog\/","logo":{"@type":"ImageObject","inLanguage":"fr-FR","@id":"https:\/\/www.viaromana.org\/blog\/#\/schema\/logo\/image\/","url":"https:\/\/www.viaromana.org\/blog\/wp-content\/uploads\/2021\/12\/logo-3.png","contentUrl":"https:\/\/www.viaromana.org\/blog\/wp-content\/uploads\/2021\/12\/logo-3.png","width":300,"height":249,"caption":"viaromana"},"image":{"@id":"https:\/\/www.viaromana.org\/blog\/#\/schema\/logo\/image\/"}},{"@type":"Person","@id":"https:\/\/www.viaromana.org\/blog\/#\/schema\/person\/cde9c4655845091e1fe473fcd163c889","name":"Robert","image":{"@type":"ImageObject","inLanguage":"fr-FR","@id":"https:\/\/www.viaromana.org\/blog\/#\/schema\/person\/image\/","url":"https:\/\/secure.gravatar.com\/avatar\/a168ec191013b636c2f278aec04e724b?s=96&d=mm&r=g","contentUrl":"https:\/\/secure.gravatar.com\/avatar\/a168ec191013b636c2f278aec04e724b?s=96&d=mm&r=g","caption":"Robert"},"sameAs":["https:\/\/www.viaromana.org\/blog"],"url":"https:\/\/www.viaromana.org\/blog\/author\/anaadmin\/"}]}},"_links":{"self":[{"href":"https:\/\/www.viaromana.org\/blog\/wp-json\/wp\/v2\/posts\/1089"}],"collection":[{"href":"https:\/\/www.viaromana.org\/blog\/wp-json\/wp\/v2\/posts"}],"about":[{"href":"https:\/\/www.viaromana.org\/blog\/wp-json\/wp\/v2\/types\/post"}],"author":[{"embeddable":true,"href":"https:\/\/www.viaromana.org\/blog\/wp-json\/wp\/v2\/users\/1"}],"replies":[{"embeddable":true,"href":"https:\/\/www.viaromana.org\/blog\/wp-json\/wp\/v2\/comments?post=1089"}],"version-history":[{"count":0,"href":"https:\/\/www.viaromana.org\/blog\/wp-json\/wp\/v2\/posts\/1089\/revisions"}],"wp:featuredmedia":[{"embeddable":true,"href":"https:\/\/www.viaromana.org\/blog\/wp-json\/wp\/v2\/media\/1090"}],"wp:attachment":[{"href":"https:\/\/www.viaromana.org\/blog\/wp-json\/wp\/v2\/media?parent=1089"}],"wp:term":[{"taxonomy":"category","embeddable":true,"href":"https:\/\/www.viaromana.org\/blog\/wp-json\/wp\/v2\/categories?post=1089"},{"taxonomy":"post_tag","embeddable":true,"href":"https:\/\/www.viaromana.org\/blog\/wp-json\/wp\/v2\/tags?post=1089"}],"curies":[{"name":"wp","href":"https:\/\/api.w.org\/{rel}","templated":true}]}}