{"id":1081,"date":"2022-07-05T09:59:42","date_gmt":"2022-07-05T07:59:42","guid":{"rendered":"https:\/\/www.site.cdcl.xyz\/2022\/07\/05\/sur-internet-inauguration-promenade-de-la-rabine-le-9-juillet-a-partir-de-16-h\/"},"modified":"2022-07-05T09:59:42","modified_gmt":"2022-07-05T07:59:42","slug":"sur-internet-inauguration-promenade-de-la-rabine-le-9-juillet-a-partir-de-16-h","status":"publish","type":"post","link":"https:\/\/www.viaromana.org\/blog\/sur-internet-inauguration-promenade-de-la-rabine-le-9-juillet-a-partir-de-16-h\/","title":{"rendered":"Sur internet : Inauguration: promenade de la Rabine le 9 juillet \u00e0 partir de 16 h"},"content":{"rendered":"<p>Ce post ayant pour th\u00e8me \u00ab&nbsp;l\u2019arch\u00e9ologie&nbsp;\u00bb a \u00e9t\u00e9 observ\u00e9 sur le web, nous avons d\u00e9cid\u00e9 de vous le d\u00e9voiler ci-apr\u00e8s.<\/p>\n<p>Le titre (Inauguration: promenade de la Rabine le 9 juillet \u00e0 partir de 16 h) en dit long.<\/p>\n<p>Sachez que l\u2019\u00e9crivain (annonc\u00e9 sous la signature admin_vannes) est connu et fiable.<\/p>\n<p>La fiabilit\u00e9 est ainsi s\u00e9rieuse concernant cet encart.<\/p>\n<p>Voil\u00e0 lle \u00ab&nbsp;papier&nbsp;\u00bb : <\/p>\n<div>\n<div>\n<p><strong>Les temps forts de l\u2019inauguration :<\/strong><\/p>\n<ul>\n<li>Pr\u00e9sentation de la&nbsp;<strong>statue Lesage<\/strong>, avec un \u00e9clairage r\u00e9alis\u00e9 par le service Mus\u00e9e-Patrimoine. Une statue repositionn\u00e9e en accord avec les Amis de Vannes et l\u2019Architecte des B\u00e2timents de France<\/li>\n<li>Vernissage du<strong>&nbsp;#Vannes<\/strong>&nbsp;qui a \u00e9t\u00e9 r\u00e9alis\u00e9 par les lyc\u00e9ens de Jean Gu\u00e9henno, de la formation chaudronnerie, \u00e2g\u00e9s de 15 \u00e0 18 ans, en pr\u00e9sence de leur professeur, Xavier M\u00e9tayer<\/li>\n<li>D\u00e9voilement du panneau de<strong>&nbsp;la LPO<\/strong>&nbsp;: la Promenade de la Rabine devenant le 3e refuge municipal de la ville apr\u00e8s Kercado et Beaupr\u00e9 La Lande !<\/li>\n<li>Lecture de po\u00e8mes sur la nature par les jeunes du&nbsp;<strong>Conseil Municipal des Jeunes<\/strong><\/li>\n<li><strong>Animations sur l\u2019eau<\/strong>, avec d\u00e9monstration du club d\u2019aviron et de kayak<\/li>\n<\/ul>\n<p><img decoding=\"async\" alt=\"inauguration la rabine\" data-entity-type=\"file\" data-entity-uuid=\"c4fe02a3-2139-40b3-8ab2-fdb8707517d6\" src=\"https:\/\/www.viaromana.org\/blog\/wp-content\/uploads\/2022\/07\/sur-internet-inauguration-promenade-de-la-rabine-le-9-juillet-a-partir-de-16-h.png\" class=\"align-center\" width=\"705\" height=\"556\" loading=\"lazy\"><\/p>\n<\/p><\/div>\n<\/div>\n<div>\n<div>\n<p><strong>Le programme des festivit\u00e9s \u00e0 partir de 17 h<\/strong><\/p>\n<p>Venez f\u00eater l\u2019ouverture de la nouvelle promenade de la Rabine en participant en famille, avec vos enfants, petits-enfants, vos amis, au village d\u2019animations qui se tiendra sur l\u2019espace des boulistes entre 17 h et 18 h 30 !<\/p>\n<p><strong>Des animations familiales, gratuites et ouvertes \u00e0 tous Au programme :<\/strong><\/p>\n<ul>\n<li>Maquillage enfant<\/li>\n<li>Jeux en bois anim\u00e9s par la Ludoth\u00e8que de la Ville de Vannes : Quixo, Pilos, Abalone, Passe Trappe, Billard Hollandais, Crokinole, X-plus, Rushhour, \u00e9checs\u2026.<\/li>\n<li>Animations musicales : Bagad de Vannes, chants marins Lak a Barh<\/li>\n<li>Stand de glace<\/li>\n<li>Portraits et aquarelles<\/li>\n<\/ul>\n<p><img decoding=\"async\" alt=\"Animations enfants\" data-entity-type=\"file\" data-entity-uuid=\"72f066c1-315a-4e10-af10-c6758c0a5c37\" src=\"https:\/\/www.viaromana.org\/blog\/wp-content\/uploads\/2022\/07\/sur-internet-inauguration-promenade-de-la-rabine-le-9-juillet-a-partir-de-16-h-1.png\" width=\"717\" height=\"299\" loading=\"lazy\"><\/p>\n<\/div>\n<\/div>\n<div>\n<div>\n<p><strong>La nouvelle promenade de la Rabine en un coup d\u2019oeil<\/strong><\/p>\n<p>Une grande pelouse pour fl\u00e2ner, qui sera ouverte dans quelques semaines, et des bancs, transats en bois recycl\u00e9s pour se d\u00e9tendre, trois placettes ombrag\u00e9es le long du mail.<\/p>\n<p><img decoding=\"async\" alt=\"Fruits\" data-entity-type=\"file\" data-entity-uuid=\"0ce41358-18a0-4b95-9544-341819688d87\" src=\"https:\/\/www.viaromana.org\/blog\/wp-content\/uploads\/2022\/07\/sur-internet-inauguration-promenade-de-la-rabine-le-9-juillet-a-partir-de-16-h-2.png\" width=\"676\" height=\"114\" loading=\"lazy\"><\/p>\n<p>Un endroit o\u00f9 vous rafraichir l\u2019\u00e9t\u00e9 avec de nouvelles plantations d\u2019arbres qui permettront de favoriser la perm\u00e9abilit\u00e9 des sols, de stocker du CO2, de filtrer les particules polluantes, de r\u00e9g\u00e9n\u00e9rer les nappes phr\u00e9atiques, ce qui n\u2019est plus le cas avec les arbres en fin de vie.<\/p>\n<ul>\n<li>Un lieu favorisant la biodiversit\u00e9, un \u00e9cosyst\u00e8me pour les oiseaux recens\u00e9s par la LPO, avec l\u2019installation nichoirs, d\u2019une prairie fleurie (l\u00e9gumineuse, bulbes, gramin\u00e9es) et des petits arbres fruitiers en libre acc\u00e8s<\/li>\n<\/ul>\n<ul>\n<li>Un lieu pour vous initier \u00e0 de nouvelles passions, avec des tables de jeux install\u00e9es<\/li>\n<\/ul>\n<ul>\n<li>Un espace en stabilis\u00e9, r\u00e9serv\u00e9 aux boulistes, jeux de palets, molky, et d\u2019apprentissage de v\u00e9los pour les enfants<\/li>\n<\/ul>\n<ul>\n<li>Un chemin de halage propice \u00e0 la d\u00e9ambulation<\/li>\n<\/ul>\n<ul>\n<li>Une piste cyclable bidirectionnelle s\u00e9curis\u00e9e et am\u00e9nag\u00e9e<\/li>\n<\/ul>\n<ul>\n<li>200 nouveaux tilleuls plant\u00e9s<\/li>\n<\/ul>\n<ul>\n<li>12 nichoirs install\u00e9s par la LPO<\/li>\n<\/ul>\n<p><img decoding=\"async\" alt=\"velo\" data-entity-type=\"file\" data-entity-uuid=\"dd1966ef-0f35-4345-b27d-f7ca6725e9c5\" height=\"276\" src=\"https:\/\/www.viaromana.org\/blog\/wp-content\/uploads\/2022\/07\/sur-internet-inauguration-promenade-de-la-rabine-le-9-juillet-a-partir-de-16-h-3.png\" width=\"466\" loading=\"lazy\"><\/p>\n<\/div>\n<\/div>\n<p>Ouvrages sur le m\u00eame propos:<\/p>\n<p>Promenades d\u2019arch\u00e9ologie sous-marine.,<a target=\"_blank\" rel=\"nofollow\" href=\"https:\/\/www.viaromana.org\/blog\/goto\/https:\/\/www.epagine.fr\/ebook\/9782307495413-promenades-d-archeologie-sous-marine-philippe-diole\/\"  target=\"_blank\" rel=\"noopener noreferrer nofollow\">(la couverture) <\/a><span><\/span>.<\/p>\n<p>Paris en 1200 ; histoire et arch\u00e9ologie d\u2019une capitale fortifi\u00e9e par Philippe Auguste.,<a target=\"_blank\" rel=\"nofollow\" href=\"https:\/\/www.viaromana.org\/blog\/goto\/https:\/\/www.epagine.fr\/ebook\/9782271123084-paris-en-1200-histoire-et-archeologie-d-une-capitale-fortifiee-par-philippe-auguste-denis-hayot\/\"  target=\"_blank\" rel=\"noopener noreferrer nofollow\">(la couverture) <\/a><span><\/span>.<\/p>\n<p>Un coin de Haute-Provence, C\u00e9reste au cours des si\u00e8cles : histoire, art, arch\u00e9ologie.,<a target=\"_blank\" rel=\"nofollow\" href=\"https:\/\/www.viaromana.org\/blog\/goto\/https:\/\/www.epagine.fr\/ebook\/9782307002505-un-coin-de-haute-provence-cereste-au-cours-des-siecles-histoire-art-archeologie-helia-vigne-d-octon\/\"  target=\"_blank\" rel=\"noopener noreferrer nofollow\">livre de r\u00e9f\u00e9rence <\/a><span><\/span>.<\/p>\n<p>Outsiders, Tome 1 : Markus.,<a target=\"_blank\" rel=\"nofollow\" href=\"https:\/\/www.viaromana.org\/blog\/goto\/https:\/\/booknode.com\/outsiders_tome_1_markus_03319922\"  target=\"_blank\" rel=\"noopener noreferrer nofollow\">(la couverture) <\/a><span><\/span>.<\/p>\n","protected":false},"excerpt":{"rendered":"<p>Ce post ayant pour th\u00e8me \u00ab&nbsp;l\u2019arch\u00e9ologie&nbsp;\u00bb a \u00e9t\u00e9 observ\u00e9 sur le web, nous avons d\u00e9cid\u00e9 de vous le d\u00e9voiler ci-apr\u00e8s. Le titre (Inauguration: promenade de la Rabine le 9 juillet \u00e0 partir de 16 h) en dit long. Sachez que l\u2019\u00e9crivain (annonc\u00e9 sous la signature admin_vannes) est connu et fiable. La fiabilit\u00e9 est ainsi s\u00e9rieuse concernant cet encart. Voil\u00e0 lle \u00ab&nbsp;papier&nbsp;\u00bb : Les temps forts de l\u2019inauguration : Pr\u00e9sentation de la&nbsp;statue Lesage, avec un \u00e9clairage r\u00e9alis\u00e9 par le service Mus\u00e9e-Patrimoine. Une statue repositionn\u00e9e en accord avec les Amis de Vannes et l\u2019Architecte des B\u00e2timents de France Vernissage du&nbsp;#Vannes&nbsp;qui a \u00e9t\u00e9\u2026<\/p>\n","protected":false},"author":1,"featured_media":1082,"comment_status":"closed","ping_status":"closed","sticky":false,"template":"","format":"standard","meta":{"footnotes":""},"categories":[2],"tags":[],"blocksy_meta":{"styles_descriptor":{"styles":{"desktop":"","tablet":"","mobile":""},"google_fonts":[],"version":4}},"yoast_head":"<!-- This site is optimized with the Yoast SEO plugin v21.1 - https:\/\/yoast.com\/wordpress\/plugins\/seo\/ -->\n<title>Sur internet : Inauguration: promenade de la Rabine le 9 juillet \u00e0 partir de 16 h - Viaromana et arch\u00e9ologie.<\/title>\n<meta name=\"description\" content=\"Sur internet : Inauguration: promenade de la Rabine le 9 juillet \u00e0 partir de 16 h article de Viaromana et arch\u00e9ologie.\" \/>\n<meta name=\"robots\" content=\"index, follow, max-snippet:-1, max-image-preview:large, max-video-preview:-1\" \/>\n<link rel=\"canonical\" href=\"https:\/\/www.viaromana.org\/blog\/sur-internet-inauguration-promenade-de-la-rabine-le-9-juillet-a-partir-de-16-h\/\" \/>\n<meta property=\"og:locale\" content=\"fr_FR\" \/>\n<meta property=\"og:type\" content=\"article\" \/>\n<meta property=\"og:title\" content=\"Sur internet : Inauguration: promenade de la Rabine le 9 juillet \u00e0 partir de 16 h - Viaromana et arch\u00e9ologie.\" \/>\n<meta property=\"og:description\" content=\"Sur internet : Inauguration: promenade de la Rabine le 9 juillet \u00e0 partir de 16 h article de Viaromana et arch\u00e9ologie.\" \/>\n<meta property=\"og:url\" content=\"https:\/\/www.viaromana.org\/blog\/sur-internet-inauguration-promenade-de-la-rabine-le-9-juillet-a-partir-de-16-h\/\" \/>\n<meta property=\"og:site_name\" content=\"Viaromana et arch\u00e9ologie.\" \/>\n<meta property=\"article:published_time\" content=\"2022-07-05T07:59:42+00:00\" \/>\n<meta property=\"og:image\" content=\"https:\/\/www.viaromana.org\/blog\/wp-content\/uploads\/2022\/07\/de-la-scaled.jpg\" \/>\n\t<meta property=\"og:image:width\" content=\"1707\" \/>\n\t<meta property=\"og:image:height\" content=\"2560\" \/>\n\t<meta property=\"og:image:type\" content=\"image\/jpeg\" \/>\n<meta name=\"author\" content=\"Robert\" \/>\n<meta name=\"twitter:card\" content=\"summary_large_image\" \/>\n<meta name=\"twitter:label1\" content=\"\u00c9crit par\" \/>\n\t<meta name=\"twitter:data1\" content=\"Robert\" \/>\n\t<meta name=\"twitter:label2\" content=\"Dur\u00e9e de lecture estim\u00e9e\" \/>\n\t<meta name=\"twitter:data2\" content=\"3 minutes\" \/>\n<script type=\"application\/ld+json\" class=\"yoast-schema-graph\">{\"@context\":\"https:\/\/schema.org\",\"@graph\":[{\"@type\":\"Article\",\"@id\":\"https:\/\/www.viaromana.org\/blog\/sur-internet-inauguration-promenade-de-la-rabine-le-9-juillet-a-partir-de-16-h\/#article\",\"isPartOf\":{\"@id\":\"https:\/\/www.viaromana.org\/blog\/sur-internet-inauguration-promenade-de-la-rabine-le-9-juillet-a-partir-de-16-h\/\"},\"author\":{\"name\":\"Robert\",\"@id\":\"https:\/\/www.viaromana.org\/blog\/#\/schema\/person\/cde9c4655845091e1fe473fcd163c889\"},\"headline\":\"Sur internet : Inauguration: promenade de la Rabine le 9 juillet \u00e0 partir de 16 h\",\"datePublished\":\"2022-07-05T07:59:42+00:00\",\"dateModified\":\"2022-07-05T07:59:42+00:00\",\"mainEntityOfPage\":{\"@id\":\"https:\/\/www.viaromana.org\/blog\/sur-internet-inauguration-promenade-de-la-rabine-le-9-juillet-a-partir-de-16-h\/\"},\"wordCount\":571,\"publisher\":{\"@id\":\"https:\/\/www.viaromana.org\/blog\/#organization\"},\"articleSection\":[\"Arch\u00e9ologie\"],\"inLanguage\":\"fr-FR\"},{\"@type\":\"WebPage\",\"@id\":\"https:\/\/www.viaromana.org\/blog\/sur-internet-inauguration-promenade-de-la-rabine-le-9-juillet-a-partir-de-16-h\/\",\"url\":\"https:\/\/www.viaromana.org\/blog\/sur-internet-inauguration-promenade-de-la-rabine-le-9-juillet-a-partir-de-16-h\/\",\"name\":\"Sur internet : Inauguration: promenade de la Rabine le 9 juillet \u00e0 partir de 16 h - Viaromana et arch\u00e9ologie.\",\"isPartOf\":{\"@id\":\"https:\/\/www.viaromana.org\/blog\/#website\"},\"datePublished\":\"2022-07-05T07:59:42+00:00\",\"dateModified\":\"2022-07-05T07:59:42+00:00\",\"description\":\"Sur internet : Inauguration: promenade de la Rabine le 9 juillet \u00e0 partir de 16 h article de Viaromana et arch\u00e9ologie.\",\"breadcrumb\":{\"@id\":\"https:\/\/www.viaromana.org\/blog\/sur-internet-inauguration-promenade-de-la-rabine-le-9-juillet-a-partir-de-16-h\/#breadcrumb\"},\"inLanguage\":\"fr-FR\",\"potentialAction\":[{\"@type\":\"ReadAction\",\"target\":[\"https:\/\/www.viaromana.org\/blog\/sur-internet-inauguration-promenade-de-la-rabine-le-9-juillet-a-partir-de-16-h\/\"]}]},{\"@type\":\"BreadcrumbList\",\"@id\":\"https:\/\/www.viaromana.org\/blog\/sur-internet-inauguration-promenade-de-la-rabine-le-9-juillet-a-partir-de-16-h\/#breadcrumb\",\"itemListElement\":[{\"@type\":\"ListItem\",\"position\":1,\"name\":\"Accueil\",\"item\":\"https:\/\/www.viaromana.org\/blog\/\"},{\"@type\":\"ListItem\",\"position\":2,\"name\":\"Sur internet : Inauguration: promenade de la Rabine le 9 juillet \u00e0 partir de 16 h\"}]},{\"@type\":\"WebSite\",\"@id\":\"https:\/\/www.viaromana.org\/blog\/#website\",\"url\":\"https:\/\/www.viaromana.org\/blog\/\",\"name\":\"Viaromana et arch\u00e9ologie.\",\"description\":\"Site arch\u00e9ologique de la voie romaine (viaromana) Belgique-France-Rome\",\"publisher\":{\"@id\":\"https:\/\/www.viaromana.org\/blog\/#organization\"},\"potentialAction\":[{\"@type\":\"SearchAction\",\"target\":{\"@type\":\"EntryPoint\",\"urlTemplate\":\"https:\/\/www.viaromana.org\/blog\/?s={search_term_string}\"},\"query-input\":\"required name=search_term_string\"}],\"inLanguage\":\"fr-FR\"},{\"@type\":\"Organization\",\"@id\":\"https:\/\/www.viaromana.org\/blog\/#organization\",\"name\":\"viaromana\",\"url\":\"https:\/\/www.viaromana.org\/blog\/\",\"logo\":{\"@type\":\"ImageObject\",\"inLanguage\":\"fr-FR\",\"@id\":\"https:\/\/www.viaromana.org\/blog\/#\/schema\/logo\/image\/\",\"url\":\"https:\/\/www.viaromana.org\/blog\/wp-content\/uploads\/2021\/12\/logo-3.png\",\"contentUrl\":\"https:\/\/www.viaromana.org\/blog\/wp-content\/uploads\/2021\/12\/logo-3.png\",\"width\":300,\"height\":249,\"caption\":\"viaromana\"},\"image\":{\"@id\":\"https:\/\/www.viaromana.org\/blog\/#\/schema\/logo\/image\/\"}},{\"@type\":\"Person\",\"@id\":\"https:\/\/www.viaromana.org\/blog\/#\/schema\/person\/cde9c4655845091e1fe473fcd163c889\",\"name\":\"Robert\",\"image\":{\"@type\":\"ImageObject\",\"inLanguage\":\"fr-FR\",\"@id\":\"https:\/\/www.viaromana.org\/blog\/#\/schema\/person\/image\/\",\"url\":\"https:\/\/secure.gravatar.com\/avatar\/a168ec191013b636c2f278aec04e724b?s=96&d=mm&r=g\",\"contentUrl\":\"https:\/\/secure.gravatar.com\/avatar\/a168ec191013b636c2f278aec04e724b?s=96&d=mm&r=g\",\"caption\":\"Robert\"},\"sameAs\":[\"https:\/\/www.viaromana.org\/blog\"],\"url\":\"https:\/\/www.viaromana.org\/blog\/author\/anaadmin\/\"}]}<\/script>\n<!-- \/ Yoast SEO plugin. -->","yoast_head_json":{"title":"Sur internet : Inauguration: promenade de la Rabine le 9 juillet \u00e0 partir de 16 h - Viaromana et arch\u00e9ologie.","description":"Sur internet : Inauguration: promenade de la Rabine le 9 juillet \u00e0 partir de 16 h article de Viaromana et arch\u00e9ologie.","robots":{"index":"index","follow":"follow","max-snippet":"max-snippet:-1","max-image-preview":"max-image-preview:large","max-video-preview":"max-video-preview:-1"},"canonical":"https:\/\/www.viaromana.org\/blog\/sur-internet-inauguration-promenade-de-la-rabine-le-9-juillet-a-partir-de-16-h\/","og_locale":"fr_FR","og_type":"article","og_title":"Sur internet : Inauguration: promenade de la Rabine le 9 juillet \u00e0 partir de 16 h - Viaromana et arch\u00e9ologie.","og_description":"Sur internet : Inauguration: promenade de la Rabine le 9 juillet \u00e0 partir de 16 h article de Viaromana et arch\u00e9ologie.","og_url":"https:\/\/www.viaromana.org\/blog\/sur-internet-inauguration-promenade-de-la-rabine-le-9-juillet-a-partir-de-16-h\/","og_site_name":"Viaromana et arch\u00e9ologie.","article_published_time":"2022-07-05T07:59:42+00:00","og_image":[{"width":1707,"height":2560,"url":"https:\/\/www.viaromana.org\/blog\/wp-content\/uploads\/2022\/07\/de-la-scaled.jpg","type":"image\/jpeg"}],"author":"Robert","twitter_card":"summary_large_image","twitter_misc":{"\u00c9crit par":"Robert","Dur\u00e9e de lecture estim\u00e9e":"3 minutes"},"schema":{"@context":"https:\/\/schema.org","@graph":[{"@type":"Article","@id":"https:\/\/www.viaromana.org\/blog\/sur-internet-inauguration-promenade-de-la-rabine-le-9-juillet-a-partir-de-16-h\/#article","isPartOf":{"@id":"https:\/\/www.viaromana.org\/blog\/sur-internet-inauguration-promenade-de-la-rabine-le-9-juillet-a-partir-de-16-h\/"},"author":{"name":"Robert","@id":"https:\/\/www.viaromana.org\/blog\/#\/schema\/person\/cde9c4655845091e1fe473fcd163c889"},"headline":"Sur internet : Inauguration: promenade de la Rabine le 9 juillet \u00e0 partir de 16 h","datePublished":"2022-07-05T07:59:42+00:00","dateModified":"2022-07-05T07:59:42+00:00","mainEntityOfPage":{"@id":"https:\/\/www.viaromana.org\/blog\/sur-internet-inauguration-promenade-de-la-rabine-le-9-juillet-a-partir-de-16-h\/"},"wordCount":571,"publisher":{"@id":"https:\/\/www.viaromana.org\/blog\/#organization"},"articleSection":["Arch\u00e9ologie"],"inLanguage":"fr-FR"},{"@type":"WebPage","@id":"https:\/\/www.viaromana.org\/blog\/sur-internet-inauguration-promenade-de-la-rabine-le-9-juillet-a-partir-de-16-h\/","url":"https:\/\/www.viaromana.org\/blog\/sur-internet-inauguration-promenade-de-la-rabine-le-9-juillet-a-partir-de-16-h\/","name":"Sur internet : Inauguration: promenade de la Rabine le 9 juillet \u00e0 partir de 16 h - Viaromana et arch\u00e9ologie.","isPartOf":{"@id":"https:\/\/www.viaromana.org\/blog\/#website"},"datePublished":"2022-07-05T07:59:42+00:00","dateModified":"2022-07-05T07:59:42+00:00","description":"Sur internet : Inauguration: promenade de la Rabine le 9 juillet \u00e0 partir de 16 h article de Viaromana et arch\u00e9ologie.","breadcrumb":{"@id":"https:\/\/www.viaromana.org\/blog\/sur-internet-inauguration-promenade-de-la-rabine-le-9-juillet-a-partir-de-16-h\/#breadcrumb"},"inLanguage":"fr-FR","potentialAction":[{"@type":"ReadAction","target":["https:\/\/www.viaromana.org\/blog\/sur-internet-inauguration-promenade-de-la-rabine-le-9-juillet-a-partir-de-16-h\/"]}]},{"@type":"BreadcrumbList","@id":"https:\/\/www.viaromana.org\/blog\/sur-internet-inauguration-promenade-de-la-rabine-le-9-juillet-a-partir-de-16-h\/#breadcrumb","itemListElement":[{"@type":"ListItem","position":1,"name":"Accueil","item":"https:\/\/www.viaromana.org\/blog\/"},{"@type":"ListItem","position":2,"name":"Sur internet : Inauguration: promenade de la Rabine le 9 juillet \u00e0 partir de 16 h"}]},{"@type":"WebSite","@id":"https:\/\/www.viaromana.org\/blog\/#website","url":"https:\/\/www.viaromana.org\/blog\/","name":"Viaromana et arch\u00e9ologie.","description":"Site arch\u00e9ologique de la voie romaine (viaromana) Belgique-France-Rome","publisher":{"@id":"https:\/\/www.viaromana.org\/blog\/#organization"},"potentialAction":[{"@type":"SearchAction","target":{"@type":"EntryPoint","urlTemplate":"https:\/\/www.viaromana.org\/blog\/?s={search_term_string}"},"query-input":"required name=search_term_string"}],"inLanguage":"fr-FR"},{"@type":"Organization","@id":"https:\/\/www.viaromana.org\/blog\/#organization","name":"viaromana","url":"https:\/\/www.viaromana.org\/blog\/","logo":{"@type":"ImageObject","inLanguage":"fr-FR","@id":"https:\/\/www.viaromana.org\/blog\/#\/schema\/logo\/image\/","url":"https:\/\/www.viaromana.org\/blog\/wp-content\/uploads\/2021\/12\/logo-3.png","contentUrl":"https:\/\/www.viaromana.org\/blog\/wp-content\/uploads\/2021\/12\/logo-3.png","width":300,"height":249,"caption":"viaromana"},"image":{"@id":"https:\/\/www.viaromana.org\/blog\/#\/schema\/logo\/image\/"}},{"@type":"Person","@id":"https:\/\/www.viaromana.org\/blog\/#\/schema\/person\/cde9c4655845091e1fe473fcd163c889","name":"Robert","image":{"@type":"ImageObject","inLanguage":"fr-FR","@id":"https:\/\/www.viaromana.org\/blog\/#\/schema\/person\/image\/","url":"https:\/\/secure.gravatar.com\/avatar\/a168ec191013b636c2f278aec04e724b?s=96&d=mm&r=g","contentUrl":"https:\/\/secure.gravatar.com\/avatar\/a168ec191013b636c2f278aec04e724b?s=96&d=mm&r=g","caption":"Robert"},"sameAs":["https:\/\/www.viaromana.org\/blog"],"url":"https:\/\/www.viaromana.org\/blog\/author\/anaadmin\/"}]}},"_links":{"self":[{"href":"https:\/\/www.viaromana.org\/blog\/wp-json\/wp\/v2\/posts\/1081"}],"collection":[{"href":"https:\/\/www.viaromana.org\/blog\/wp-json\/wp\/v2\/posts"}],"about":[{"href":"https:\/\/www.viaromana.org\/blog\/wp-json\/wp\/v2\/types\/post"}],"author":[{"embeddable":true,"href":"https:\/\/www.viaromana.org\/blog\/wp-json\/wp\/v2\/users\/1"}],"replies":[{"embeddable":true,"href":"https:\/\/www.viaromana.org\/blog\/wp-json\/wp\/v2\/comments?post=1081"}],"version-history":[{"count":0,"href":"https:\/\/www.viaromana.org\/blog\/wp-json\/wp\/v2\/posts\/1081\/revisions"}],"wp:featuredmedia":[{"embeddable":true,"href":"https:\/\/www.viaromana.org\/blog\/wp-json\/wp\/v2\/media\/1082"}],"wp:attachment":[{"href":"https:\/\/www.viaromana.org\/blog\/wp-json\/wp\/v2\/media?parent=1081"}],"wp:term":[{"taxonomy":"category","embeddable":true,"href":"https:\/\/www.viaromana.org\/blog\/wp-json\/wp\/v2\/categories?post=1081"},{"taxonomy":"post_tag","embeddable":true,"href":"https:\/\/www.viaromana.org\/blog\/wp-json\/wp\/v2\/tags?post=1081"}],"curies":[{"name":"wp","href":"https:\/\/api.w.org\/{rel}","templated":true}]}}