{"id":1049,"date":"2022-06-28T02:00:01","date_gmt":"2022-06-28T00:00:01","guid":{"rendered":"https:\/\/www.site.cdcl.xyz\/2022\/06\/28\/editorial-tout-frais-mois-de-leau-isere-tourisme\/"},"modified":"2022-06-28T02:00:01","modified_gmt":"2022-06-28T00:00:01","slug":"editorial-tout-frais-mois-de-leau-isere-tourisme","status":"publish","type":"post","link":"https:\/\/www.viaromana.org\/blog\/editorial-tout-frais-mois-de-leau-isere-tourisme\/","title":{"rendered":"Editorial tout frais : Mois de l\u2019Eau | Is\u00e8re Tourisme"},"content":{"rendered":"<p>Dans le cadre de notre objectif de vous alerter, nous publions ci-dessous un papier vu sur internet il y a quelques minutes. Le propos est \u00abl\u2019arch\u00e9ologie\u00bb.<\/p>\n<p>Son titre saisissant (Mois de l\u2019Eau | Is\u00e8re Tourisme) synth\u00e9tise tout le papier.<\/p>\n<p>Sachez que l\u2019\u00e9ditorialiste (identifi\u00e9 sous la signature nodule) est reconnu comme quelqu\u2019un de s\u00e9rieux pour plusieurs autres \u00e9ditoriaux qu\u2019il a publi\u00e9s sur internet.<\/p>\n<p>Les r\u00e9v\u00e9lations divulgu\u00e9es sont par cons\u00e9quent per\u00e7ues cr\u00e9dibles.<\/p>\n<p>Voil\u00e0 lle texte : <\/p>\n<div>\n<p>Jeu de piste \u00e0 v\u00e9lo, conf\u00e9rences, visites, animations\u2026 D\u00e9couvrez les \u00e9v\u00e8nements propos\u00e9es par la M\u00e9tropole grenobloise et ses partenaires en juillet dans le cadre de Grenoble capitale verte 2022 pour sensibiliser les habitants au cycle de l\u2019eau.<\/p>\n<\/div>\n<div>\n<p>Programme sur www.grenoblealpesmetropole.fr\/1493-mois-de-l-eau.htm<\/p>\n<h2 class=\"title info-comp\">Informations compl\u00e9mentaires<\/h2>\n<dl>\n<\/dl>\n<\/div>\n<p>Parutions sur un th\u00e8me comparable:<\/p>\n<p>Qui \u00e9tait N\u00e9andertal ? L\u2019enqu\u00eate illustr\u00e9e.,<a target=\"_blank\" rel=\"nofollow\" href=\"https:\/\/www.viaromana.org\/blog\/goto\/https:\/\/booknode.com\/qui_etait_neandertal_lenquete_illustree_02622613\"  target=\"_blank\" rel=\"noopener noreferrer nofollow\">(la couverture) <\/a><span><\/span>.<\/p>\n<p>Machines et magie, tome 1 : La chasseuse de livres.,<a target=\"_blank\" rel=\"nofollow\" href=\"https:\/\/www.viaromana.org\/blog\/goto\/https:\/\/booknode.com\/machines_et_magie_tome_1_la_chasseuse_de_livres_01265624\"  target=\"_blank\" rel=\"noopener noreferrer nofollow\">Clicker Ici <\/a><span><\/span>.<\/p>\n<p>Promenades d\u2019arch\u00e9ologie sous-marine.,<a target=\"_blank\" rel=\"nofollow\" href=\"https:\/\/www.viaromana.org\/blog\/goto\/https:\/\/www.epagine.fr\/ebook\/9782307162087-promenades-d-archeologie-sous-marine-philippe-diole\/\"  target=\"_blank\" rel=\"noopener noreferrer nofollow\">livre de r\u00e9f\u00e9rence <\/a><span><\/span>.<\/p>\n<p>Pays d\u2019Islam et monde latin.,<a target=\"_blank\" rel=\"nofollow\" href=\"https:\/\/www.viaromana.org\/blog\/goto\/https:\/\/www.kobo.com\/de\/fr\/ebook\/pays-d-islam-et-monde-latin\"  target=\"_blank\" rel=\"noopener noreferrer nofollow\">Le livre <\/a><span><\/span>.<\/p>\n","protected":false},"excerpt":{"rendered":"<p>Dans le cadre de notre objectif de vous alerter, nous publions ci-dessous un papier vu sur internet il y a quelques minutes. Le propos est \u00abl\u2019arch\u00e9ologie\u00bb. Son titre saisissant (Mois de l\u2019Eau | Is\u00e8re Tourisme) synth\u00e9tise tout le papier. Sachez que l\u2019\u00e9ditorialiste (identifi\u00e9 sous la signature nodule) est reconnu comme quelqu\u2019un de s\u00e9rieux pour plusieurs autres \u00e9ditoriaux qu\u2019il a publi\u00e9s sur internet. Les r\u00e9v\u00e9lations divulgu\u00e9es sont par cons\u00e9quent per\u00e7ues cr\u00e9dibles. Voil\u00e0 lle texte : Jeu de piste \u00e0 v\u00e9lo, conf\u00e9rences, visites, animations\u2026 D\u00e9couvrez les \u00e9v\u00e8nements propos\u00e9es par la M\u00e9tropole grenobloise et ses partenaires en juillet dans le cadre de Grenoble\u2026<\/p>\n","protected":false},"author":1,"featured_media":1050,"comment_status":"closed","ping_status":"closed","sticky":false,"template":"","format":"standard","meta":{"footnotes":""},"categories":[2],"tags":[],"blocksy_meta":{"styles_descriptor":{"styles":{"desktop":"","tablet":"","mobile":""},"google_fonts":[],"version":4}},"yoast_head":"<!-- This site is optimized with the Yoast SEO plugin v21.1 - https:\/\/yoast.com\/wordpress\/plugins\/seo\/ -->\n<title>Editorial tout frais : Mois de l\u2019Eau | Is\u00e8re Tourisme - Viaromana et arch\u00e9ologie.<\/title>\n<meta name=\"description\" content=\"Editorial tout frais : Mois de l\u2019Eau | Is\u00e8re Tourisme article de Viaromana et arch\u00e9ologie.\" \/>\n<meta name=\"robots\" content=\"index, follow, max-snippet:-1, max-image-preview:large, max-video-preview:-1\" \/>\n<link rel=\"canonical\" href=\"https:\/\/www.viaromana.org\/blog\/editorial-tout-frais-mois-de-leau-isere-tourisme\/\" \/>\n<meta property=\"og:locale\" content=\"fr_FR\" \/>\n<meta property=\"og:type\" content=\"article\" \/>\n<meta property=\"og:title\" content=\"Editorial tout frais : Mois de l\u2019Eau | Is\u00e8re Tourisme - Viaromana et arch\u00e9ologie.\" \/>\n<meta property=\"og:description\" content=\"Editorial tout frais : Mois de l\u2019Eau | Is\u00e8re Tourisme article de Viaromana et arch\u00e9ologie.\" \/>\n<meta property=\"og:url\" content=\"https:\/\/www.viaromana.org\/blog\/editorial-tout-frais-mois-de-leau-isere-tourisme\/\" \/>\n<meta property=\"og:site_name\" content=\"Viaromana et arch\u00e9ologie.\" \/>\n<meta property=\"article:published_time\" content=\"2022-06-28T00:00:01+00:00\" \/>\n<meta property=\"og:image\" content=\"https:\/\/www.viaromana.org\/blog\/wp-content\/uploads\/2022\/06\/dans-le-scaled.jpg\" \/>\n\t<meta property=\"og:image:width\" content=\"2560\" \/>\n\t<meta property=\"og:image:height\" content=\"1707\" \/>\n\t<meta property=\"og:image:type\" content=\"image\/jpeg\" \/>\n<meta name=\"author\" content=\"Robert\" \/>\n<meta name=\"twitter:card\" content=\"summary_large_image\" \/>\n<meta name=\"twitter:label1\" content=\"\u00c9crit par\" \/>\n\t<meta name=\"twitter:data1\" content=\"Robert\" \/>\n\t<meta name=\"twitter:label2\" content=\"Dur\u00e9e de lecture estim\u00e9e\" \/>\n\t<meta name=\"twitter:data2\" content=\"1 minute\" \/>\n<script type=\"application\/ld+json\" class=\"yoast-schema-graph\">{\"@context\":\"https:\/\/schema.org\",\"@graph\":[{\"@type\":\"Article\",\"@id\":\"https:\/\/www.viaromana.org\/blog\/editorial-tout-frais-mois-de-leau-isere-tourisme\/#article\",\"isPartOf\":{\"@id\":\"https:\/\/www.viaromana.org\/blog\/editorial-tout-frais-mois-de-leau-isere-tourisme\/\"},\"author\":{\"name\":\"Robert\",\"@id\":\"https:\/\/www.viaromana.org\/blog\/#\/schema\/person\/cde9c4655845091e1fe473fcd163c889\"},\"headline\":\"Editorial tout frais : Mois de l\u2019Eau | Is\u00e8re Tourisme\",\"datePublished\":\"2022-06-28T00:00:01+00:00\",\"dateModified\":\"2022-06-28T00:00:01+00:00\",\"mainEntityOfPage\":{\"@id\":\"https:\/\/www.viaromana.org\/blog\/editorial-tout-frais-mois-de-leau-isere-tourisme\/\"},\"wordCount\":195,\"publisher\":{\"@id\":\"https:\/\/www.viaromana.org\/blog\/#organization\"},\"articleSection\":[\"Arch\u00e9ologie\"],\"inLanguage\":\"fr-FR\"},{\"@type\":\"WebPage\",\"@id\":\"https:\/\/www.viaromana.org\/blog\/editorial-tout-frais-mois-de-leau-isere-tourisme\/\",\"url\":\"https:\/\/www.viaromana.org\/blog\/editorial-tout-frais-mois-de-leau-isere-tourisme\/\",\"name\":\"Editorial tout frais : Mois de l\u2019Eau | Is\u00e8re Tourisme - Viaromana et arch\u00e9ologie.\",\"isPartOf\":{\"@id\":\"https:\/\/www.viaromana.org\/blog\/#website\"},\"datePublished\":\"2022-06-28T00:00:01+00:00\",\"dateModified\":\"2022-06-28T00:00:01+00:00\",\"description\":\"Editorial tout frais : Mois de l\u2019Eau | Is\u00e8re Tourisme article de Viaromana et arch\u00e9ologie.\",\"breadcrumb\":{\"@id\":\"https:\/\/www.viaromana.org\/blog\/editorial-tout-frais-mois-de-leau-isere-tourisme\/#breadcrumb\"},\"inLanguage\":\"fr-FR\",\"potentialAction\":[{\"@type\":\"ReadAction\",\"target\":[\"https:\/\/www.viaromana.org\/blog\/editorial-tout-frais-mois-de-leau-isere-tourisme\/\"]}]},{\"@type\":\"BreadcrumbList\",\"@id\":\"https:\/\/www.viaromana.org\/blog\/editorial-tout-frais-mois-de-leau-isere-tourisme\/#breadcrumb\",\"itemListElement\":[{\"@type\":\"ListItem\",\"position\":1,\"name\":\"Accueil\",\"item\":\"https:\/\/www.viaromana.org\/blog\/\"},{\"@type\":\"ListItem\",\"position\":2,\"name\":\"Editorial tout frais : Mois de l\u2019Eau | Is\u00e8re Tourisme\"}]},{\"@type\":\"WebSite\",\"@id\":\"https:\/\/www.viaromana.org\/blog\/#website\",\"url\":\"https:\/\/www.viaromana.org\/blog\/\",\"name\":\"Viaromana et arch\u00e9ologie.\",\"description\":\"Site arch\u00e9ologique de la voie romaine (viaromana) Belgique-France-Rome\",\"publisher\":{\"@id\":\"https:\/\/www.viaromana.org\/blog\/#organization\"},\"potentialAction\":[{\"@type\":\"SearchAction\",\"target\":{\"@type\":\"EntryPoint\",\"urlTemplate\":\"https:\/\/www.viaromana.org\/blog\/?s={search_term_string}\"},\"query-input\":\"required name=search_term_string\"}],\"inLanguage\":\"fr-FR\"},{\"@type\":\"Organization\",\"@id\":\"https:\/\/www.viaromana.org\/blog\/#organization\",\"name\":\"viaromana\",\"url\":\"https:\/\/www.viaromana.org\/blog\/\",\"logo\":{\"@type\":\"ImageObject\",\"inLanguage\":\"fr-FR\",\"@id\":\"https:\/\/www.viaromana.org\/blog\/#\/schema\/logo\/image\/\",\"url\":\"https:\/\/www.viaromana.org\/blog\/wp-content\/uploads\/2021\/12\/logo-3.png\",\"contentUrl\":\"https:\/\/www.viaromana.org\/blog\/wp-content\/uploads\/2021\/12\/logo-3.png\",\"width\":300,\"height\":249,\"caption\":\"viaromana\"},\"image\":{\"@id\":\"https:\/\/www.viaromana.org\/blog\/#\/schema\/logo\/image\/\"}},{\"@type\":\"Person\",\"@id\":\"https:\/\/www.viaromana.org\/blog\/#\/schema\/person\/cde9c4655845091e1fe473fcd163c889\",\"name\":\"Robert\",\"image\":{\"@type\":\"ImageObject\",\"inLanguage\":\"fr-FR\",\"@id\":\"https:\/\/www.viaromana.org\/blog\/#\/schema\/person\/image\/\",\"url\":\"https:\/\/secure.gravatar.com\/avatar\/a168ec191013b636c2f278aec04e724b?s=96&d=mm&r=g\",\"contentUrl\":\"https:\/\/secure.gravatar.com\/avatar\/a168ec191013b636c2f278aec04e724b?s=96&d=mm&r=g\",\"caption\":\"Robert\"},\"sameAs\":[\"https:\/\/www.viaromana.org\/blog\"],\"url\":\"https:\/\/www.viaromana.org\/blog\/author\/anaadmin\/\"}]}<\/script>\n<!-- \/ Yoast SEO plugin. -->","yoast_head_json":{"title":"Editorial tout frais : Mois de l\u2019Eau | Is\u00e8re Tourisme - Viaromana et arch\u00e9ologie.","description":"Editorial tout frais : Mois de l\u2019Eau | Is\u00e8re Tourisme article de Viaromana et arch\u00e9ologie.","robots":{"index":"index","follow":"follow","max-snippet":"max-snippet:-1","max-image-preview":"max-image-preview:large","max-video-preview":"max-video-preview:-1"},"canonical":"https:\/\/www.viaromana.org\/blog\/editorial-tout-frais-mois-de-leau-isere-tourisme\/","og_locale":"fr_FR","og_type":"article","og_title":"Editorial tout frais : Mois de l\u2019Eau | Is\u00e8re Tourisme - Viaromana et arch\u00e9ologie.","og_description":"Editorial tout frais : Mois de l\u2019Eau | Is\u00e8re Tourisme article de Viaromana et arch\u00e9ologie.","og_url":"https:\/\/www.viaromana.org\/blog\/editorial-tout-frais-mois-de-leau-isere-tourisme\/","og_site_name":"Viaromana et arch\u00e9ologie.","article_published_time":"2022-06-28T00:00:01+00:00","og_image":[{"width":2560,"height":1707,"url":"https:\/\/www.viaromana.org\/blog\/wp-content\/uploads\/2022\/06\/dans-le-scaled.jpg","type":"image\/jpeg"}],"author":"Robert","twitter_card":"summary_large_image","twitter_misc":{"\u00c9crit par":"Robert","Dur\u00e9e de lecture estim\u00e9e":"1 minute"},"schema":{"@context":"https:\/\/schema.org","@graph":[{"@type":"Article","@id":"https:\/\/www.viaromana.org\/blog\/editorial-tout-frais-mois-de-leau-isere-tourisme\/#article","isPartOf":{"@id":"https:\/\/www.viaromana.org\/blog\/editorial-tout-frais-mois-de-leau-isere-tourisme\/"},"author":{"name":"Robert","@id":"https:\/\/www.viaromana.org\/blog\/#\/schema\/person\/cde9c4655845091e1fe473fcd163c889"},"headline":"Editorial tout frais : Mois de l\u2019Eau | Is\u00e8re Tourisme","datePublished":"2022-06-28T00:00:01+00:00","dateModified":"2022-06-28T00:00:01+00:00","mainEntityOfPage":{"@id":"https:\/\/www.viaromana.org\/blog\/editorial-tout-frais-mois-de-leau-isere-tourisme\/"},"wordCount":195,"publisher":{"@id":"https:\/\/www.viaromana.org\/blog\/#organization"},"articleSection":["Arch\u00e9ologie"],"inLanguage":"fr-FR"},{"@type":"WebPage","@id":"https:\/\/www.viaromana.org\/blog\/editorial-tout-frais-mois-de-leau-isere-tourisme\/","url":"https:\/\/www.viaromana.org\/blog\/editorial-tout-frais-mois-de-leau-isere-tourisme\/","name":"Editorial tout frais : Mois de l\u2019Eau | Is\u00e8re Tourisme - Viaromana et arch\u00e9ologie.","isPartOf":{"@id":"https:\/\/www.viaromana.org\/blog\/#website"},"datePublished":"2022-06-28T00:00:01+00:00","dateModified":"2022-06-28T00:00:01+00:00","description":"Editorial tout frais : Mois de l\u2019Eau | Is\u00e8re Tourisme article de Viaromana et arch\u00e9ologie.","breadcrumb":{"@id":"https:\/\/www.viaromana.org\/blog\/editorial-tout-frais-mois-de-leau-isere-tourisme\/#breadcrumb"},"inLanguage":"fr-FR","potentialAction":[{"@type":"ReadAction","target":["https:\/\/www.viaromana.org\/blog\/editorial-tout-frais-mois-de-leau-isere-tourisme\/"]}]},{"@type":"BreadcrumbList","@id":"https:\/\/www.viaromana.org\/blog\/editorial-tout-frais-mois-de-leau-isere-tourisme\/#breadcrumb","itemListElement":[{"@type":"ListItem","position":1,"name":"Accueil","item":"https:\/\/www.viaromana.org\/blog\/"},{"@type":"ListItem","position":2,"name":"Editorial tout frais : Mois de l\u2019Eau | Is\u00e8re Tourisme"}]},{"@type":"WebSite","@id":"https:\/\/www.viaromana.org\/blog\/#website","url":"https:\/\/www.viaromana.org\/blog\/","name":"Viaromana et arch\u00e9ologie.","description":"Site arch\u00e9ologique de la voie romaine (viaromana) Belgique-France-Rome","publisher":{"@id":"https:\/\/www.viaromana.org\/blog\/#organization"},"potentialAction":[{"@type":"SearchAction","target":{"@type":"EntryPoint","urlTemplate":"https:\/\/www.viaromana.org\/blog\/?s={search_term_string}"},"query-input":"required name=search_term_string"}],"inLanguage":"fr-FR"},{"@type":"Organization","@id":"https:\/\/www.viaromana.org\/blog\/#organization","name":"viaromana","url":"https:\/\/www.viaromana.org\/blog\/","logo":{"@type":"ImageObject","inLanguage":"fr-FR","@id":"https:\/\/www.viaromana.org\/blog\/#\/schema\/logo\/image\/","url":"https:\/\/www.viaromana.org\/blog\/wp-content\/uploads\/2021\/12\/logo-3.png","contentUrl":"https:\/\/www.viaromana.org\/blog\/wp-content\/uploads\/2021\/12\/logo-3.png","width":300,"height":249,"caption":"viaromana"},"image":{"@id":"https:\/\/www.viaromana.org\/blog\/#\/schema\/logo\/image\/"}},{"@type":"Person","@id":"https:\/\/www.viaromana.org\/blog\/#\/schema\/person\/cde9c4655845091e1fe473fcd163c889","name":"Robert","image":{"@type":"ImageObject","inLanguage":"fr-FR","@id":"https:\/\/www.viaromana.org\/blog\/#\/schema\/person\/image\/","url":"https:\/\/secure.gravatar.com\/avatar\/a168ec191013b636c2f278aec04e724b?s=96&d=mm&r=g","contentUrl":"https:\/\/secure.gravatar.com\/avatar\/a168ec191013b636c2f278aec04e724b?s=96&d=mm&r=g","caption":"Robert"},"sameAs":["https:\/\/www.viaromana.org\/blog"],"url":"https:\/\/www.viaromana.org\/blog\/author\/anaadmin\/"}]}},"_links":{"self":[{"href":"https:\/\/www.viaromana.org\/blog\/wp-json\/wp\/v2\/posts\/1049"}],"collection":[{"href":"https:\/\/www.viaromana.org\/blog\/wp-json\/wp\/v2\/posts"}],"about":[{"href":"https:\/\/www.viaromana.org\/blog\/wp-json\/wp\/v2\/types\/post"}],"author":[{"embeddable":true,"href":"https:\/\/www.viaromana.org\/blog\/wp-json\/wp\/v2\/users\/1"}],"replies":[{"embeddable":true,"href":"https:\/\/www.viaromana.org\/blog\/wp-json\/wp\/v2\/comments?post=1049"}],"version-history":[{"count":0,"href":"https:\/\/www.viaromana.org\/blog\/wp-json\/wp\/v2\/posts\/1049\/revisions"}],"wp:featuredmedia":[{"embeddable":true,"href":"https:\/\/www.viaromana.org\/blog\/wp-json\/wp\/v2\/media\/1050"}],"wp:attachment":[{"href":"https:\/\/www.viaromana.org\/blog\/wp-json\/wp\/v2\/media?parent=1049"}],"wp:term":[{"taxonomy":"category","embeddable":true,"href":"https:\/\/www.viaromana.org\/blog\/wp-json\/wp\/v2\/categories?post=1049"},{"taxonomy":"post_tag","embeddable":true,"href":"https:\/\/www.viaromana.org\/blog\/wp-json\/wp\/v2\/tags?post=1049"}],"curies":[{"name":"wp","href":"https:\/\/api.w.org\/{rel}","templated":true}]}}