{"id":1047,"date":"2022-06-27T16:16:15","date_gmt":"2022-06-27T14:16:15","guid":{"rendered":"https:\/\/www.site.cdcl.xyz\/2022\/06\/27\/vous-aimerez-cette-page-internet-annonce-des-resultats-plus-beau-marche-de-france\/"},"modified":"2022-06-27T16:16:15","modified_gmt":"2022-06-27T14:16:15","slug":"vous-aimerez-cette-page-internet-annonce-des-resultats-plus-beau-marche-de-france","status":"publish","type":"post","link":"https:\/\/www.viaromana.org\/blog\/vous-aimerez-cette-page-internet-annonce-des-resultats-plus-beau-marche-de-france\/","title":{"rendered":"Vous aimerez cette page internet : Annonce des r\u00e9sultats \u00ab\u00a0Plus Beau March\u00e9 de France\u00a0\u00bb"},"content":{"rendered":"<p>En explorant internet notre \u00e9quipe a d\u00e9couvert un post qui risque de vous plaire. Sa th\u00e9matique est \u00ab&nbsp;l\u2019arch\u00e9ologie&nbsp;\u00bb.<\/p>\n<p>Son titre s\u00e9duisant (Annonce des r\u00e9sultats \u00ab&nbsp;Plus Beau March\u00e9 de France&nbsp;\u00bb) synth\u00e9tise tout l\u2019\u00e9ditorial.<\/p>\n<p> Identifi\u00e9 sous la signature \u00abadmin_vannes\u00bb, le pigiste est positivement connu.<\/p>\n<p>Il n\u2019y a pas de raison de douter de la fiabilit\u00e9 de ces informations.<\/p>\n<p>Sachez que la date d\u2019\u00e9dition est 2022-06-27 16:16:15.<\/p>\n<div>\n<div>\n<p><strong>Clap de fin d\u2019une mobilisation exceptionnelle, avant l\u2019annonce des r\u00e9sultats !<\/strong><\/p>\n<p>Depuis pr\u00e8s de 2 mois, toute la Ville de Vannes, les associations de commer\u00e7ants et par extension tous les bretons de souche ou de c\u0153ur, sont en \u00e9bullition pour faire gagner notre march\u00e9 et nos deux Halles, au concours organis\u00e9 par TF1 en partenariat avec Ouest-France.<\/p>\n<p>Nous avions termin\u00e9 \u00e0 la <strong>8e place en 2019,<\/strong> nous savons d\u00e9j\u00e0 que nous figurerons dans <strong>le top 5 et<\/strong> ce r\u00e9sultat, c\u2019est gr\u00e2ce \u00e0 vous !<\/p>\n<\/div>\n<\/div>\n<p>Ce propos vous a captiv\u00e9 vous adorerez \u00e9galement ces ouvrages:<\/p>\n<p>Villes, r\u00e9seaux et syst\u00e8mes de villes ; contribution de l\u2019arch\u00e9ologie.,<a target=\"_blank\" rel=\"nofollow\" href=\"https:\/\/www.viaromana.org\/blog\/goto\/https:\/\/www.epagine.fr\/ebook\/9782877727914-villes-reseaux-et-systemes-de-villes-pierre-garmy\/\"  target=\"_blank\" rel=\"noopener noreferrer nofollow\">Le livre <\/a><span><\/span>. Disponible dans toutes les bonnes librairies.<\/p>\n<p>Manuel d\u2019arch\u00e9ologie: M\u00e9thodes, objets et concepts.,<a target=\"_blank\" rel=\"nofollow\" href=\"https:\/\/www.viaromana.org\/blog\/goto\/https:\/\/booknode.com\/manuel_darcheologie_methodes_objets_et_concepts_0619572\"  target=\"_blank\" rel=\"noopener noreferrer nofollow\">Ouvrage <\/a><span><\/span>.<\/p>\n<p>Sunkissed.,<a target=\"_blank\" rel=\"nofollow\" href=\"https:\/\/www.viaromana.org\/blog\/goto\/https:\/\/booknode.com\/sunkissed_0867033\"  target=\"_blank\" rel=\"noopener noreferrer nofollow\">(la couverture) <\/a><span><\/span>.<\/p>\n<p>Papaut\u00e9, monachisme et th\u00e9ories politiques. Volume I.,<a target=\"_blank\" rel=\"nofollow\" href=\"https:\/\/www.viaromana.org\/blog\/goto\/https:\/\/www.kobo.com\/de\/fr\/ebook\/papaute-monachisme-et-theories-politiques-volume-i\"  target=\"_blank\" rel=\"noopener noreferrer nofollow\">(Disponible) <\/a><span><\/span>.<\/p>\n","protected":false},"excerpt":{"rendered":"<p>En explorant internet notre \u00e9quipe a d\u00e9couvert un post qui risque de vous plaire. Sa th\u00e9matique est \u00ab&nbsp;l\u2019arch\u00e9ologie&nbsp;\u00bb. Son titre s\u00e9duisant (Annonce des r\u00e9sultats \u00ab&nbsp;Plus Beau March\u00e9 de France&nbsp;\u00bb) synth\u00e9tise tout l\u2019\u00e9ditorial. Identifi\u00e9 sous la signature \u00abadmin_vannes\u00bb, le pigiste est positivement connu. Il n\u2019y a pas de raison de douter de la fiabilit\u00e9 de ces informations. Sachez que la date d\u2019\u00e9dition est 2022-06-27 16:16:15. Clap de fin d\u2019une mobilisation exceptionnelle, avant l\u2019annonce des r\u00e9sultats ! Depuis pr\u00e8s de 2 mois, toute la Ville de Vannes, les associations de commer\u00e7ants et par extension tous les bretons de souche ou de c\u0153ur,\u2026<\/p>\n","protected":false},"author":1,"featured_media":1048,"comment_status":"closed","ping_status":"closed","sticky":false,"template":"","format":"standard","meta":{"footnotes":""},"categories":[2],"tags":[],"blocksy_meta":{"styles_descriptor":{"styles":{"desktop":"","tablet":"","mobile":""},"google_fonts":[],"version":4}},"yoast_head":"<!-- This site is optimized with the Yoast SEO plugin v21.1 - https:\/\/yoast.com\/wordpress\/plugins\/seo\/ -->\n<title>Vous aimerez cette page internet : Annonce des r\u00e9sultats \u00ab\u00a0Plus Beau March\u00e9 de France\u00a0\u00bb - Viaromana et arch\u00e9ologie.<\/title>\n<meta name=\"description\" content=\"Vous aimerez cette page internet : Annonce des r\u00e9sultats \u00ab\u00a0Plus Beau March\u00e9 de France\u00a0\u00bb article de Viaromana et arch\u00e9ologie.\" \/>\n<meta name=\"robots\" content=\"index, follow, max-snippet:-1, max-image-preview:large, max-video-preview:-1\" \/>\n<link rel=\"canonical\" href=\"https:\/\/www.viaromana.org\/blog\/vous-aimerez-cette-page-internet-annonce-des-resultats-plus-beau-marche-de-france\/\" \/>\n<meta property=\"og:locale\" content=\"fr_FR\" \/>\n<meta property=\"og:type\" content=\"article\" \/>\n<meta property=\"og:title\" content=\"Vous aimerez cette page internet : Annonce des r\u00e9sultats \u00ab\u00a0Plus Beau March\u00e9 de France\u00a0\u00bb - Viaromana et arch\u00e9ologie.\" \/>\n<meta property=\"og:description\" content=\"Vous aimerez cette page internet : Annonce des r\u00e9sultats \u00ab\u00a0Plus Beau March\u00e9 de France\u00a0\u00bb article de Viaromana et arch\u00e9ologie.\" \/>\n<meta property=\"og:url\" content=\"https:\/\/www.viaromana.org\/blog\/vous-aimerez-cette-page-internet-annonce-des-resultats-plus-beau-marche-de-france\/\" \/>\n<meta property=\"og:site_name\" content=\"Viaromana et arch\u00e9ologie.\" \/>\n<meta property=\"article:published_time\" content=\"2022-06-27T14:16:15+00:00\" \/>\n<meta property=\"og:image\" content=\"https:\/\/www.viaromana.org\/blog\/wp-content\/uploads\/2022\/06\/unnamed-file-68-scaled.jpg\" \/>\n\t<meta property=\"og:image:width\" content=\"2560\" \/>\n\t<meta property=\"og:image:height\" content=\"1707\" \/>\n\t<meta property=\"og:image:type\" content=\"image\/jpeg\" \/>\n<meta name=\"author\" content=\"Robert\" \/>\n<meta name=\"twitter:card\" content=\"summary_large_image\" \/>\n<meta name=\"twitter:label1\" content=\"\u00c9crit par\" \/>\n\t<meta name=\"twitter:data1\" content=\"Robert\" \/>\n\t<meta name=\"twitter:label2\" content=\"Dur\u00e9e de lecture estim\u00e9e\" \/>\n\t<meta name=\"twitter:data2\" content=\"1 minute\" \/>\n<script type=\"application\/ld+json\" class=\"yoast-schema-graph\">{\"@context\":\"https:\/\/schema.org\",\"@graph\":[{\"@type\":\"Article\",\"@id\":\"https:\/\/www.viaromana.org\/blog\/vous-aimerez-cette-page-internet-annonce-des-resultats-plus-beau-marche-de-france\/#article\",\"isPartOf\":{\"@id\":\"https:\/\/www.viaromana.org\/blog\/vous-aimerez-cette-page-internet-annonce-des-resultats-plus-beau-marche-de-france\/\"},\"author\":{\"name\":\"Robert\",\"@id\":\"https:\/\/www.viaromana.org\/blog\/#\/schema\/person\/cde9c4655845091e1fe473fcd163c889\"},\"headline\":\"Vous aimerez cette page internet : Annonce des r\u00e9sultats \u00ab\u00a0Plus Beau March\u00e9 de France\u00a0\u00bb\",\"datePublished\":\"2022-06-27T14:16:15+00:00\",\"dateModified\":\"2022-06-27T14:16:15+00:00\",\"mainEntityOfPage\":{\"@id\":\"https:\/\/www.viaromana.org\/blog\/vous-aimerez-cette-page-internet-annonce-des-resultats-plus-beau-marche-de-france\/\"},\"wordCount\":233,\"publisher\":{\"@id\":\"https:\/\/www.viaromana.org\/blog\/#organization\"},\"articleSection\":[\"Arch\u00e9ologie\"],\"inLanguage\":\"fr-FR\"},{\"@type\":\"WebPage\",\"@id\":\"https:\/\/www.viaromana.org\/blog\/vous-aimerez-cette-page-internet-annonce-des-resultats-plus-beau-marche-de-france\/\",\"url\":\"https:\/\/www.viaromana.org\/blog\/vous-aimerez-cette-page-internet-annonce-des-resultats-plus-beau-marche-de-france\/\",\"name\":\"Vous aimerez cette page internet : Annonce des r\u00e9sultats \u00ab\u00a0Plus Beau March\u00e9 de France\u00a0\u00bb - Viaromana et arch\u00e9ologie.\",\"isPartOf\":{\"@id\":\"https:\/\/www.viaromana.org\/blog\/#website\"},\"datePublished\":\"2022-06-27T14:16:15+00:00\",\"dateModified\":\"2022-06-27T14:16:15+00:00\",\"description\":\"Vous aimerez cette page internet : Annonce des r\u00e9sultats \u00ab\u00a0Plus Beau March\u00e9 de France\u00a0\u00bb article de Viaromana et arch\u00e9ologie.\",\"breadcrumb\":{\"@id\":\"https:\/\/www.viaromana.org\/blog\/vous-aimerez-cette-page-internet-annonce-des-resultats-plus-beau-marche-de-france\/#breadcrumb\"},\"inLanguage\":\"fr-FR\",\"potentialAction\":[{\"@type\":\"ReadAction\",\"target\":[\"https:\/\/www.viaromana.org\/blog\/vous-aimerez-cette-page-internet-annonce-des-resultats-plus-beau-marche-de-france\/\"]}]},{\"@type\":\"BreadcrumbList\",\"@id\":\"https:\/\/www.viaromana.org\/blog\/vous-aimerez-cette-page-internet-annonce-des-resultats-plus-beau-marche-de-france\/#breadcrumb\",\"itemListElement\":[{\"@type\":\"ListItem\",\"position\":1,\"name\":\"Accueil\",\"item\":\"https:\/\/www.viaromana.org\/blog\/\"},{\"@type\":\"ListItem\",\"position\":2,\"name\":\"Vous aimerez cette page internet : Annonce des r\u00e9sultats \u00ab\u00a0Plus Beau March\u00e9 de France\u00a0\u00bb\"}]},{\"@type\":\"WebSite\",\"@id\":\"https:\/\/www.viaromana.org\/blog\/#website\",\"url\":\"https:\/\/www.viaromana.org\/blog\/\",\"name\":\"Viaromana et arch\u00e9ologie.\",\"description\":\"Site arch\u00e9ologique de la voie romaine (viaromana) Belgique-France-Rome\",\"publisher\":{\"@id\":\"https:\/\/www.viaromana.org\/blog\/#organization\"},\"potentialAction\":[{\"@type\":\"SearchAction\",\"target\":{\"@type\":\"EntryPoint\",\"urlTemplate\":\"https:\/\/www.viaromana.org\/blog\/?s={search_term_string}\"},\"query-input\":\"required name=search_term_string\"}],\"inLanguage\":\"fr-FR\"},{\"@type\":\"Organization\",\"@id\":\"https:\/\/www.viaromana.org\/blog\/#organization\",\"name\":\"viaromana\",\"url\":\"https:\/\/www.viaromana.org\/blog\/\",\"logo\":{\"@type\":\"ImageObject\",\"inLanguage\":\"fr-FR\",\"@id\":\"https:\/\/www.viaromana.org\/blog\/#\/schema\/logo\/image\/\",\"url\":\"https:\/\/www.viaromana.org\/blog\/wp-content\/uploads\/2021\/12\/logo-3.png\",\"contentUrl\":\"https:\/\/www.viaromana.org\/blog\/wp-content\/uploads\/2021\/12\/logo-3.png\",\"width\":300,\"height\":249,\"caption\":\"viaromana\"},\"image\":{\"@id\":\"https:\/\/www.viaromana.org\/blog\/#\/schema\/logo\/image\/\"}},{\"@type\":\"Person\",\"@id\":\"https:\/\/www.viaromana.org\/blog\/#\/schema\/person\/cde9c4655845091e1fe473fcd163c889\",\"name\":\"Robert\",\"image\":{\"@type\":\"ImageObject\",\"inLanguage\":\"fr-FR\",\"@id\":\"https:\/\/www.viaromana.org\/blog\/#\/schema\/person\/image\/\",\"url\":\"https:\/\/secure.gravatar.com\/avatar\/a168ec191013b636c2f278aec04e724b?s=96&d=mm&r=g\",\"contentUrl\":\"https:\/\/secure.gravatar.com\/avatar\/a168ec191013b636c2f278aec04e724b?s=96&d=mm&r=g\",\"caption\":\"Robert\"},\"sameAs\":[\"https:\/\/www.viaromana.org\/blog\"],\"url\":\"https:\/\/www.viaromana.org\/blog\/author\/anaadmin\/\"}]}<\/script>\n<!-- \/ Yoast SEO plugin. -->","yoast_head_json":{"title":"Vous aimerez cette page internet : Annonce des r\u00e9sultats \u00ab\u00a0Plus Beau March\u00e9 de France\u00a0\u00bb - Viaromana et arch\u00e9ologie.","description":"Vous aimerez cette page internet : Annonce des r\u00e9sultats \u00ab\u00a0Plus Beau March\u00e9 de France\u00a0\u00bb article de Viaromana et arch\u00e9ologie.","robots":{"index":"index","follow":"follow","max-snippet":"max-snippet:-1","max-image-preview":"max-image-preview:large","max-video-preview":"max-video-preview:-1"},"canonical":"https:\/\/www.viaromana.org\/blog\/vous-aimerez-cette-page-internet-annonce-des-resultats-plus-beau-marche-de-france\/","og_locale":"fr_FR","og_type":"article","og_title":"Vous aimerez cette page internet : Annonce des r\u00e9sultats \u00ab\u00a0Plus Beau March\u00e9 de France\u00a0\u00bb - Viaromana et arch\u00e9ologie.","og_description":"Vous aimerez cette page internet : Annonce des r\u00e9sultats \u00ab\u00a0Plus Beau March\u00e9 de France\u00a0\u00bb article de Viaromana et arch\u00e9ologie.","og_url":"https:\/\/www.viaromana.org\/blog\/vous-aimerez-cette-page-internet-annonce-des-resultats-plus-beau-marche-de-france\/","og_site_name":"Viaromana et arch\u00e9ologie.","article_published_time":"2022-06-27T14:16:15+00:00","og_image":[{"width":2560,"height":1707,"url":"https:\/\/www.viaromana.org\/blog\/wp-content\/uploads\/2022\/06\/unnamed-file-68-scaled.jpg","type":"image\/jpeg"}],"author":"Robert","twitter_card":"summary_large_image","twitter_misc":{"\u00c9crit par":"Robert","Dur\u00e9e de lecture estim\u00e9e":"1 minute"},"schema":{"@context":"https:\/\/schema.org","@graph":[{"@type":"Article","@id":"https:\/\/www.viaromana.org\/blog\/vous-aimerez-cette-page-internet-annonce-des-resultats-plus-beau-marche-de-france\/#article","isPartOf":{"@id":"https:\/\/www.viaromana.org\/blog\/vous-aimerez-cette-page-internet-annonce-des-resultats-plus-beau-marche-de-france\/"},"author":{"name":"Robert","@id":"https:\/\/www.viaromana.org\/blog\/#\/schema\/person\/cde9c4655845091e1fe473fcd163c889"},"headline":"Vous aimerez cette page internet : Annonce des r\u00e9sultats \u00ab\u00a0Plus Beau March\u00e9 de France\u00a0\u00bb","datePublished":"2022-06-27T14:16:15+00:00","dateModified":"2022-06-27T14:16:15+00:00","mainEntityOfPage":{"@id":"https:\/\/www.viaromana.org\/blog\/vous-aimerez-cette-page-internet-annonce-des-resultats-plus-beau-marche-de-france\/"},"wordCount":233,"publisher":{"@id":"https:\/\/www.viaromana.org\/blog\/#organization"},"articleSection":["Arch\u00e9ologie"],"inLanguage":"fr-FR"},{"@type":"WebPage","@id":"https:\/\/www.viaromana.org\/blog\/vous-aimerez-cette-page-internet-annonce-des-resultats-plus-beau-marche-de-france\/","url":"https:\/\/www.viaromana.org\/blog\/vous-aimerez-cette-page-internet-annonce-des-resultats-plus-beau-marche-de-france\/","name":"Vous aimerez cette page internet : Annonce des r\u00e9sultats \u00ab\u00a0Plus Beau March\u00e9 de France\u00a0\u00bb - Viaromana et arch\u00e9ologie.","isPartOf":{"@id":"https:\/\/www.viaromana.org\/blog\/#website"},"datePublished":"2022-06-27T14:16:15+00:00","dateModified":"2022-06-27T14:16:15+00:00","description":"Vous aimerez cette page internet : Annonce des r\u00e9sultats \u00ab\u00a0Plus Beau March\u00e9 de France\u00a0\u00bb article de Viaromana et arch\u00e9ologie.","breadcrumb":{"@id":"https:\/\/www.viaromana.org\/blog\/vous-aimerez-cette-page-internet-annonce-des-resultats-plus-beau-marche-de-france\/#breadcrumb"},"inLanguage":"fr-FR","potentialAction":[{"@type":"ReadAction","target":["https:\/\/www.viaromana.org\/blog\/vous-aimerez-cette-page-internet-annonce-des-resultats-plus-beau-marche-de-france\/"]}]},{"@type":"BreadcrumbList","@id":"https:\/\/www.viaromana.org\/blog\/vous-aimerez-cette-page-internet-annonce-des-resultats-plus-beau-marche-de-france\/#breadcrumb","itemListElement":[{"@type":"ListItem","position":1,"name":"Accueil","item":"https:\/\/www.viaromana.org\/blog\/"},{"@type":"ListItem","position":2,"name":"Vous aimerez cette page internet : Annonce des r\u00e9sultats \u00ab\u00a0Plus Beau March\u00e9 de France\u00a0\u00bb"}]},{"@type":"WebSite","@id":"https:\/\/www.viaromana.org\/blog\/#website","url":"https:\/\/www.viaromana.org\/blog\/","name":"Viaromana et arch\u00e9ologie.","description":"Site arch\u00e9ologique de la voie romaine (viaromana) Belgique-France-Rome","publisher":{"@id":"https:\/\/www.viaromana.org\/blog\/#organization"},"potentialAction":[{"@type":"SearchAction","target":{"@type":"EntryPoint","urlTemplate":"https:\/\/www.viaromana.org\/blog\/?s={search_term_string}"},"query-input":"required name=search_term_string"}],"inLanguage":"fr-FR"},{"@type":"Organization","@id":"https:\/\/www.viaromana.org\/blog\/#organization","name":"viaromana","url":"https:\/\/www.viaromana.org\/blog\/","logo":{"@type":"ImageObject","inLanguage":"fr-FR","@id":"https:\/\/www.viaromana.org\/blog\/#\/schema\/logo\/image\/","url":"https:\/\/www.viaromana.org\/blog\/wp-content\/uploads\/2021\/12\/logo-3.png","contentUrl":"https:\/\/www.viaromana.org\/blog\/wp-content\/uploads\/2021\/12\/logo-3.png","width":300,"height":249,"caption":"viaromana"},"image":{"@id":"https:\/\/www.viaromana.org\/blog\/#\/schema\/logo\/image\/"}},{"@type":"Person","@id":"https:\/\/www.viaromana.org\/blog\/#\/schema\/person\/cde9c4655845091e1fe473fcd163c889","name":"Robert","image":{"@type":"ImageObject","inLanguage":"fr-FR","@id":"https:\/\/www.viaromana.org\/blog\/#\/schema\/person\/image\/","url":"https:\/\/secure.gravatar.com\/avatar\/a168ec191013b636c2f278aec04e724b?s=96&d=mm&r=g","contentUrl":"https:\/\/secure.gravatar.com\/avatar\/a168ec191013b636c2f278aec04e724b?s=96&d=mm&r=g","caption":"Robert"},"sameAs":["https:\/\/www.viaromana.org\/blog"],"url":"https:\/\/www.viaromana.org\/blog\/author\/anaadmin\/"}]}},"_links":{"self":[{"href":"https:\/\/www.viaromana.org\/blog\/wp-json\/wp\/v2\/posts\/1047"}],"collection":[{"href":"https:\/\/www.viaromana.org\/blog\/wp-json\/wp\/v2\/posts"}],"about":[{"href":"https:\/\/www.viaromana.org\/blog\/wp-json\/wp\/v2\/types\/post"}],"author":[{"embeddable":true,"href":"https:\/\/www.viaromana.org\/blog\/wp-json\/wp\/v2\/users\/1"}],"replies":[{"embeddable":true,"href":"https:\/\/www.viaromana.org\/blog\/wp-json\/wp\/v2\/comments?post=1047"}],"version-history":[{"count":0,"href":"https:\/\/www.viaromana.org\/blog\/wp-json\/wp\/v2\/posts\/1047\/revisions"}],"wp:featuredmedia":[{"embeddable":true,"href":"https:\/\/www.viaromana.org\/blog\/wp-json\/wp\/v2\/media\/1048"}],"wp:attachment":[{"href":"https:\/\/www.viaromana.org\/blog\/wp-json\/wp\/v2\/media?parent=1047"}],"wp:term":[{"taxonomy":"category","embeddable":true,"href":"https:\/\/www.viaromana.org\/blog\/wp-json\/wp\/v2\/categories?post=1047"},{"taxonomy":"post_tag","embeddable":true,"href":"https:\/\/www.viaromana.org\/blog\/wp-json\/wp\/v2\/tags?post=1047"}],"curies":[{"name":"wp","href":"https:\/\/api.w.org\/{rel}","templated":true}]}}