{"id":1029,"date":"2022-06-21T11:06:17","date_gmt":"2022-06-21T09:06:17","guid":{"rendered":"https:\/\/www.site.cdcl.xyz\/2022\/06\/21\/a-connaitre-cette-page-internet-lancement-dune-police-de-lenvironnement-a-vannes\/"},"modified":"2022-06-21T11:06:17","modified_gmt":"2022-06-21T09:06:17","slug":"a-connaitre-cette-page-internet-lancement-dune-police-de-lenvironnement-a-vannes","status":"publish","type":"post","link":"https:\/\/www.viaromana.org\/blog\/a-connaitre-cette-page-internet-lancement-dune-police-de-lenvironnement-a-vannes\/","title":{"rendered":"A conna\u00eetre cette page internet : Lancement d\u2019une police de l\u2019environnement \u00e0 Vannes"},"content":{"rendered":"<p>Notre \u00e9quipe a remarqu\u00e9 un texte sur internet dont le sujet est \u00abl\u2019arch\u00e9ologie\u00bb.<\/p>\n<p>Son titre saisissant (Lancement d\u2019une police de l\u2019environnement \u00e0 Vannes) en dit long.<\/p>\n<p> Pr\u00e9sent\u00e9 sous le nom \u00abadmin_vannes\u00bb, le pigiste est connu et fiable.<\/p>\n<p>Vous pouvez par cons\u00e9quent donner du cr\u00e9dit \u00e0 cette publication.<\/p>\n<p>Sachez que la date de parution est 2022-06-21 11:06:17.<\/p>\n<div>\n<div>\n<p><strong>Point presse mardi 21 juin \u00e0 17 h au Kiosque, en pr\u00e9sence de M. Le Maire, de Mme Jean, maire-adjointe et de Vincent Gicquel, conseiller municipal d\u00e9l\u00e9gu\u00e9<\/strong><\/p>\n<p>La cr\u00e9ation d\u2019une police de l\u2019environnement fait partie des engagements du Maire et de son \u00e9quipe en mars 2020. Une mesure visant \u00e0 lutter contre les incivilit\u00e9s impactant le quotidien et pour renforcer la qualit\u00e9 de vie, en plus du renforcement des effectifs de la police municipale (21 PM + 7 ASVP), d\u2019une PM disponible 7 jours sur 7 et du renforcement des patrouilles de mai \u00e0 septembre jusqu\u2019\u00e0 minuit les vendredis et samedis soir.<\/p>\n<p>C\u2019est d\u00e9sormais chose faite avec la constitution d\u2019une \u00e9quipe de deux agents d\u00e9di\u00e9e qui fait aujourd\u2019hui sa premi\u00e8re sortie. Ces deux agents peuvent mobiliser l\u2019ensemble des policiers municipaux car les missions environnementales sont int\u00e9gr\u00e9es aux pr\u00e9rogatives de tous ces agents. Au-del\u00e0 des interventions de terrain, des groupes de travail seront men\u00e9s pour articuler les missions de la police avec celles du garde du littoral, des gardiens de parc, du service communal d\u2019hygi\u00e8ne et de sant\u00e9, propret\u00e9, des droits et sols de l\u2019urbanisme \u2026<\/p>\n<p>Les missions de la Police de l\u2019environnement<\/p>\n<ul>\n<li>Urbanisme : contr\u00f4le du respect des autorisations de permis de construire, salubrit\u00e9 immeubles\u2026<\/li>\n<li>Nuisances : troubles de voisinage (sonores et olfactifs), chantiers et livraisons, animaux domestiques \u2026<\/li>\n<li>Occupations du domaine public : terrasses, publicit\u00e9s, enseignes \u2026.<\/li>\n<li>Incivilit\u00e9s : tags, d\u00e9gradations, v\u00e9g\u00e9tation d\u00e9bordantes\u2026<\/li>\n<li>Pr\u00e9servation des ressources : d\u00e9p\u00f4ts sauvages, encombrants, v\u00e9hicules \u00e9paves, d\u00e9jections canines, jets m\u00e9gots \u2026.<\/li>\n<li>Protection environnementale : pr\u00e9servation des espaces naturels : circulation et stationnement des engins&nbsp;; pollutions (port, cours d\u2019eau, \u00e9pandage, eaux us\u00e9es), conservation du littoral en lien avec le garde du littoral (propret\u00e9 des plages, feux, tranquillit\u00e9 zones de baignade)<\/li>\n<\/ul>\n<p>Les interventions poursuivent un double objectif de r\u00e9gulation et de p\u00e9dagogie. C\u2019est pourquoi les 2 agents r\u00e9f\u00e9rents sont \u00e9quip\u00e9s de chasubles police de l\u2019environnement lors des op\u00e9rations de terrain.<br \/>Toutefois, l\u2019ensemble des agents peut intervenir sur ce champ de comp\u00e9tences, y compris dans leur tenue habituelle.<\/p>\n<\/div>\n<\/div>\n<p>Ce objet apporte des r\u00e9ponses \u00e0 vos investigations vous appr\u00e9cierez beaucoup ces publications :<\/p>\n<p>Manuel d\u2019arch\u00e9ologie.,<a target=\"_blank\" rel=\"nofollow\" href=\"https:\/\/www.viaromana.org\/blog\/goto\/https:\/\/www.epagine.fr\/ebook\/9782200619169-manuel-d-archeologie-francois-djindjian\/\"  target=\"_blank\" rel=\"noopener noreferrer nofollow\">Le livre <\/a><span><\/span>.<\/p>\n<p>Promenades d\u2019arch\u00e9ologie sous-marine.,<a target=\"_blank\" rel=\"nofollow\" href=\"https:\/\/www.viaromana.org\/blog\/goto\/https:\/\/www.epagine.fr\/ebook\/9782307162087-promenades-d-archeologie-sous-marine-philippe-diole\/\"  target=\"_blank\" rel=\"noopener noreferrer nofollow\">livre de r\u00e9f\u00e9rence <\/a><span><\/span>.<\/p>\n<p>L\u2019organisation territoriale de l\u2019arch\u00e9ologie en Europe.,<a target=\"_blank\" rel=\"nofollow\" href=\"https:\/\/www.viaromana.org\/blog\/goto\/https:\/\/www.epagine.fr\/ebook\/9782402452526-l-organisation-territoriale-de-l-archeologie-en-europe-centre-national-de-la-fonction-publique-territoriale-ecole-nationale-d-application-des-cadres-territoriaux-associatio\/\"  target=\"_blank\" rel=\"noopener noreferrer nofollow\">Ouvrage <\/a><span><\/span>.<\/p>\n","protected":false},"excerpt":{"rendered":"<p>Notre \u00e9quipe a remarqu\u00e9 un texte sur internet dont le sujet est \u00abl\u2019arch\u00e9ologie\u00bb. Son titre saisissant (Lancement d\u2019une police de l\u2019environnement \u00e0 Vannes) en dit long. Pr\u00e9sent\u00e9 sous le nom \u00abadmin_vannes\u00bb, le pigiste est connu et fiable. Vous pouvez par cons\u00e9quent donner du cr\u00e9dit \u00e0 cette publication. Sachez que la date de parution est 2022-06-21 11:06:17. Point presse mardi 21 juin \u00e0 17 h au Kiosque, en pr\u00e9sence de M. Le Maire, de Mme Jean, maire-adjointe et de Vincent Gicquel, conseiller municipal d\u00e9l\u00e9gu\u00e9 La cr\u00e9ation d\u2019une police de l\u2019environnement fait partie des engagements du Maire et de son \u00e9quipe en\u2026<\/p>\n","protected":false},"author":1,"featured_media":1030,"comment_status":"closed","ping_status":"closed","sticky":false,"template":"","format":"standard","meta":{"footnotes":""},"categories":[2],"tags":[],"blocksy_meta":{"styles_descriptor":{"styles":{"desktop":"","tablet":"","mobile":""},"google_fonts":[],"version":4}},"yoast_head":"<!-- This site is optimized with the Yoast SEO plugin v21.1 - https:\/\/yoast.com\/wordpress\/plugins\/seo\/ -->\n<title>A conna\u00eetre cette page internet : Lancement d\u2019une police de l\u2019environnement \u00e0 Vannes - Viaromana et arch\u00e9ologie.<\/title>\n<meta name=\"description\" content=\"A conna\u00eetre cette page internet : Lancement d\u2019une police de l\u2019environnement \u00e0 Vannes article de Viaromana et arch\u00e9ologie.\" \/>\n<meta name=\"robots\" content=\"index, follow, max-snippet:-1, max-image-preview:large, max-video-preview:-1\" \/>\n<link rel=\"canonical\" href=\"https:\/\/www.viaromana.org\/blog\/a-connaitre-cette-page-internet-lancement-dune-police-de-lenvironnement-a-vannes\/\" \/>\n<meta property=\"og:locale\" content=\"fr_FR\" \/>\n<meta property=\"og:type\" content=\"article\" \/>\n<meta property=\"og:title\" content=\"A conna\u00eetre cette page internet : Lancement d\u2019une police de l\u2019environnement \u00e0 Vannes - Viaromana et arch\u00e9ologie.\" \/>\n<meta property=\"og:description\" content=\"A conna\u00eetre cette page internet : Lancement d\u2019une police de l\u2019environnement \u00e0 Vannes article de Viaromana et arch\u00e9ologie.\" \/>\n<meta property=\"og:url\" content=\"https:\/\/www.viaromana.org\/blog\/a-connaitre-cette-page-internet-lancement-dune-police-de-lenvironnement-a-vannes\/\" \/>\n<meta property=\"og:site_name\" content=\"Viaromana et arch\u00e9ologie.\" \/>\n<meta property=\"article:published_time\" content=\"2022-06-21T09:06:17+00:00\" \/>\n<meta property=\"og:image\" content=\"https:\/\/www.viaromana.org\/blog\/wp-content\/uploads\/2022\/06\/unnamed-file-64-scaled.jpg\" \/>\n\t<meta property=\"og:image:width\" content=\"2560\" \/>\n\t<meta property=\"og:image:height\" content=\"1707\" \/>\n\t<meta property=\"og:image:type\" content=\"image\/jpeg\" \/>\n<meta name=\"author\" content=\"Robert\" \/>\n<meta name=\"twitter:card\" content=\"summary_large_image\" \/>\n<meta name=\"twitter:label1\" content=\"\u00c9crit par\" \/>\n\t<meta name=\"twitter:data1\" content=\"Robert\" \/>\n\t<meta name=\"twitter:label2\" content=\"Dur\u00e9e de lecture estim\u00e9e\" \/>\n\t<meta name=\"twitter:data2\" content=\"2 minutes\" \/>\n<script type=\"application\/ld+json\" class=\"yoast-schema-graph\">{\"@context\":\"https:\/\/schema.org\",\"@graph\":[{\"@type\":\"Article\",\"@id\":\"https:\/\/www.viaromana.org\/blog\/a-connaitre-cette-page-internet-lancement-dune-police-de-lenvironnement-a-vannes\/#article\",\"isPartOf\":{\"@id\":\"https:\/\/www.viaromana.org\/blog\/a-connaitre-cette-page-internet-lancement-dune-police-de-lenvironnement-a-vannes\/\"},\"author\":{\"name\":\"Robert\",\"@id\":\"https:\/\/www.viaromana.org\/blog\/#\/schema\/person\/cde9c4655845091e1fe473fcd163c889\"},\"headline\":\"A conna\u00eetre cette page internet : Lancement d\u2019une police de l\u2019environnement \u00e0 Vannes\",\"datePublished\":\"2022-06-21T09:06:17+00:00\",\"dateModified\":\"2022-06-21T09:06:17+00:00\",\"mainEntityOfPage\":{\"@id\":\"https:\/\/www.viaromana.org\/blog\/a-connaitre-cette-page-internet-lancement-dune-police-de-lenvironnement-a-vannes\/\"},\"wordCount\":476,\"publisher\":{\"@id\":\"https:\/\/www.viaromana.org\/blog\/#organization\"},\"articleSection\":[\"Arch\u00e9ologie\"],\"inLanguage\":\"fr-FR\"},{\"@type\":\"WebPage\",\"@id\":\"https:\/\/www.viaromana.org\/blog\/a-connaitre-cette-page-internet-lancement-dune-police-de-lenvironnement-a-vannes\/\",\"url\":\"https:\/\/www.viaromana.org\/blog\/a-connaitre-cette-page-internet-lancement-dune-police-de-lenvironnement-a-vannes\/\",\"name\":\"A conna\u00eetre cette page internet : Lancement d\u2019une police de l\u2019environnement \u00e0 Vannes - Viaromana et arch\u00e9ologie.\",\"isPartOf\":{\"@id\":\"https:\/\/www.viaromana.org\/blog\/#website\"},\"datePublished\":\"2022-06-21T09:06:17+00:00\",\"dateModified\":\"2022-06-21T09:06:17+00:00\",\"description\":\"A conna\u00eetre cette page internet : Lancement d\u2019une police de l\u2019environnement \u00e0 Vannes article de Viaromana et arch\u00e9ologie.\",\"breadcrumb\":{\"@id\":\"https:\/\/www.viaromana.org\/blog\/a-connaitre-cette-page-internet-lancement-dune-police-de-lenvironnement-a-vannes\/#breadcrumb\"},\"inLanguage\":\"fr-FR\",\"potentialAction\":[{\"@type\":\"ReadAction\",\"target\":[\"https:\/\/www.viaromana.org\/blog\/a-connaitre-cette-page-internet-lancement-dune-police-de-lenvironnement-a-vannes\/\"]}]},{\"@type\":\"BreadcrumbList\",\"@id\":\"https:\/\/www.viaromana.org\/blog\/a-connaitre-cette-page-internet-lancement-dune-police-de-lenvironnement-a-vannes\/#breadcrumb\",\"itemListElement\":[{\"@type\":\"ListItem\",\"position\":1,\"name\":\"Accueil\",\"item\":\"https:\/\/www.viaromana.org\/blog\/\"},{\"@type\":\"ListItem\",\"position\":2,\"name\":\"A conna\u00eetre cette page internet : Lancement d\u2019une police de l\u2019environnement \u00e0 Vannes\"}]},{\"@type\":\"WebSite\",\"@id\":\"https:\/\/www.viaromana.org\/blog\/#website\",\"url\":\"https:\/\/www.viaromana.org\/blog\/\",\"name\":\"Viaromana et arch\u00e9ologie.\",\"description\":\"Site arch\u00e9ologique de la voie romaine (viaromana) Belgique-France-Rome\",\"publisher\":{\"@id\":\"https:\/\/www.viaromana.org\/blog\/#organization\"},\"potentialAction\":[{\"@type\":\"SearchAction\",\"target\":{\"@type\":\"EntryPoint\",\"urlTemplate\":\"https:\/\/www.viaromana.org\/blog\/?s={search_term_string}\"},\"query-input\":\"required name=search_term_string\"}],\"inLanguage\":\"fr-FR\"},{\"@type\":\"Organization\",\"@id\":\"https:\/\/www.viaromana.org\/blog\/#organization\",\"name\":\"viaromana\",\"url\":\"https:\/\/www.viaromana.org\/blog\/\",\"logo\":{\"@type\":\"ImageObject\",\"inLanguage\":\"fr-FR\",\"@id\":\"https:\/\/www.viaromana.org\/blog\/#\/schema\/logo\/image\/\",\"url\":\"https:\/\/www.viaromana.org\/blog\/wp-content\/uploads\/2021\/12\/logo-3.png\",\"contentUrl\":\"https:\/\/www.viaromana.org\/blog\/wp-content\/uploads\/2021\/12\/logo-3.png\",\"width\":300,\"height\":249,\"caption\":\"viaromana\"},\"image\":{\"@id\":\"https:\/\/www.viaromana.org\/blog\/#\/schema\/logo\/image\/\"}},{\"@type\":\"Person\",\"@id\":\"https:\/\/www.viaromana.org\/blog\/#\/schema\/person\/cde9c4655845091e1fe473fcd163c889\",\"name\":\"Robert\",\"image\":{\"@type\":\"ImageObject\",\"inLanguage\":\"fr-FR\",\"@id\":\"https:\/\/www.viaromana.org\/blog\/#\/schema\/person\/image\/\",\"url\":\"https:\/\/secure.gravatar.com\/avatar\/a168ec191013b636c2f278aec04e724b?s=96&d=mm&r=g\",\"contentUrl\":\"https:\/\/secure.gravatar.com\/avatar\/a168ec191013b636c2f278aec04e724b?s=96&d=mm&r=g\",\"caption\":\"Robert\"},\"sameAs\":[\"https:\/\/www.viaromana.org\/blog\"],\"url\":\"https:\/\/www.viaromana.org\/blog\/author\/anaadmin\/\"}]}<\/script>\n<!-- \/ Yoast SEO plugin. -->","yoast_head_json":{"title":"A conna\u00eetre cette page internet : Lancement d\u2019une police de l\u2019environnement \u00e0 Vannes - Viaromana et arch\u00e9ologie.","description":"A conna\u00eetre cette page internet : Lancement d\u2019une police de l\u2019environnement \u00e0 Vannes article de Viaromana et arch\u00e9ologie.","robots":{"index":"index","follow":"follow","max-snippet":"max-snippet:-1","max-image-preview":"max-image-preview:large","max-video-preview":"max-video-preview:-1"},"canonical":"https:\/\/www.viaromana.org\/blog\/a-connaitre-cette-page-internet-lancement-dune-police-de-lenvironnement-a-vannes\/","og_locale":"fr_FR","og_type":"article","og_title":"A conna\u00eetre cette page internet : Lancement d\u2019une police de l\u2019environnement \u00e0 Vannes - Viaromana et arch\u00e9ologie.","og_description":"A conna\u00eetre cette page internet : Lancement d\u2019une police de l\u2019environnement \u00e0 Vannes article de Viaromana et arch\u00e9ologie.","og_url":"https:\/\/www.viaromana.org\/blog\/a-connaitre-cette-page-internet-lancement-dune-police-de-lenvironnement-a-vannes\/","og_site_name":"Viaromana et arch\u00e9ologie.","article_published_time":"2022-06-21T09:06:17+00:00","og_image":[{"width":2560,"height":1707,"url":"https:\/\/www.viaromana.org\/blog\/wp-content\/uploads\/2022\/06\/unnamed-file-64-scaled.jpg","type":"image\/jpeg"}],"author":"Robert","twitter_card":"summary_large_image","twitter_misc":{"\u00c9crit par":"Robert","Dur\u00e9e de lecture estim\u00e9e":"2 minutes"},"schema":{"@context":"https:\/\/schema.org","@graph":[{"@type":"Article","@id":"https:\/\/www.viaromana.org\/blog\/a-connaitre-cette-page-internet-lancement-dune-police-de-lenvironnement-a-vannes\/#article","isPartOf":{"@id":"https:\/\/www.viaromana.org\/blog\/a-connaitre-cette-page-internet-lancement-dune-police-de-lenvironnement-a-vannes\/"},"author":{"name":"Robert","@id":"https:\/\/www.viaromana.org\/blog\/#\/schema\/person\/cde9c4655845091e1fe473fcd163c889"},"headline":"A conna\u00eetre cette page internet : Lancement d\u2019une police de l\u2019environnement \u00e0 Vannes","datePublished":"2022-06-21T09:06:17+00:00","dateModified":"2022-06-21T09:06:17+00:00","mainEntityOfPage":{"@id":"https:\/\/www.viaromana.org\/blog\/a-connaitre-cette-page-internet-lancement-dune-police-de-lenvironnement-a-vannes\/"},"wordCount":476,"publisher":{"@id":"https:\/\/www.viaromana.org\/blog\/#organization"},"articleSection":["Arch\u00e9ologie"],"inLanguage":"fr-FR"},{"@type":"WebPage","@id":"https:\/\/www.viaromana.org\/blog\/a-connaitre-cette-page-internet-lancement-dune-police-de-lenvironnement-a-vannes\/","url":"https:\/\/www.viaromana.org\/blog\/a-connaitre-cette-page-internet-lancement-dune-police-de-lenvironnement-a-vannes\/","name":"A conna\u00eetre cette page internet : Lancement d\u2019une police de l\u2019environnement \u00e0 Vannes - Viaromana et arch\u00e9ologie.","isPartOf":{"@id":"https:\/\/www.viaromana.org\/blog\/#website"},"datePublished":"2022-06-21T09:06:17+00:00","dateModified":"2022-06-21T09:06:17+00:00","description":"A conna\u00eetre cette page internet : Lancement d\u2019une police de l\u2019environnement \u00e0 Vannes article de Viaromana et arch\u00e9ologie.","breadcrumb":{"@id":"https:\/\/www.viaromana.org\/blog\/a-connaitre-cette-page-internet-lancement-dune-police-de-lenvironnement-a-vannes\/#breadcrumb"},"inLanguage":"fr-FR","potentialAction":[{"@type":"ReadAction","target":["https:\/\/www.viaromana.org\/blog\/a-connaitre-cette-page-internet-lancement-dune-police-de-lenvironnement-a-vannes\/"]}]},{"@type":"BreadcrumbList","@id":"https:\/\/www.viaromana.org\/blog\/a-connaitre-cette-page-internet-lancement-dune-police-de-lenvironnement-a-vannes\/#breadcrumb","itemListElement":[{"@type":"ListItem","position":1,"name":"Accueil","item":"https:\/\/www.viaromana.org\/blog\/"},{"@type":"ListItem","position":2,"name":"A conna\u00eetre cette page internet : Lancement d\u2019une police de l\u2019environnement \u00e0 Vannes"}]},{"@type":"WebSite","@id":"https:\/\/www.viaromana.org\/blog\/#website","url":"https:\/\/www.viaromana.org\/blog\/","name":"Viaromana et arch\u00e9ologie.","description":"Site arch\u00e9ologique de la voie romaine (viaromana) Belgique-France-Rome","publisher":{"@id":"https:\/\/www.viaromana.org\/blog\/#organization"},"potentialAction":[{"@type":"SearchAction","target":{"@type":"EntryPoint","urlTemplate":"https:\/\/www.viaromana.org\/blog\/?s={search_term_string}"},"query-input":"required name=search_term_string"}],"inLanguage":"fr-FR"},{"@type":"Organization","@id":"https:\/\/www.viaromana.org\/blog\/#organization","name":"viaromana","url":"https:\/\/www.viaromana.org\/blog\/","logo":{"@type":"ImageObject","inLanguage":"fr-FR","@id":"https:\/\/www.viaromana.org\/blog\/#\/schema\/logo\/image\/","url":"https:\/\/www.viaromana.org\/blog\/wp-content\/uploads\/2021\/12\/logo-3.png","contentUrl":"https:\/\/www.viaromana.org\/blog\/wp-content\/uploads\/2021\/12\/logo-3.png","width":300,"height":249,"caption":"viaromana"},"image":{"@id":"https:\/\/www.viaromana.org\/blog\/#\/schema\/logo\/image\/"}},{"@type":"Person","@id":"https:\/\/www.viaromana.org\/blog\/#\/schema\/person\/cde9c4655845091e1fe473fcd163c889","name":"Robert","image":{"@type":"ImageObject","inLanguage":"fr-FR","@id":"https:\/\/www.viaromana.org\/blog\/#\/schema\/person\/image\/","url":"https:\/\/secure.gravatar.com\/avatar\/a168ec191013b636c2f278aec04e724b?s=96&d=mm&r=g","contentUrl":"https:\/\/secure.gravatar.com\/avatar\/a168ec191013b636c2f278aec04e724b?s=96&d=mm&r=g","caption":"Robert"},"sameAs":["https:\/\/www.viaromana.org\/blog"],"url":"https:\/\/www.viaromana.org\/blog\/author\/anaadmin\/"}]}},"_links":{"self":[{"href":"https:\/\/www.viaromana.org\/blog\/wp-json\/wp\/v2\/posts\/1029"}],"collection":[{"href":"https:\/\/www.viaromana.org\/blog\/wp-json\/wp\/v2\/posts"}],"about":[{"href":"https:\/\/www.viaromana.org\/blog\/wp-json\/wp\/v2\/types\/post"}],"author":[{"embeddable":true,"href":"https:\/\/www.viaromana.org\/blog\/wp-json\/wp\/v2\/users\/1"}],"replies":[{"embeddable":true,"href":"https:\/\/www.viaromana.org\/blog\/wp-json\/wp\/v2\/comments?post=1029"}],"version-history":[{"count":0,"href":"https:\/\/www.viaromana.org\/blog\/wp-json\/wp\/v2\/posts\/1029\/revisions"}],"wp:featuredmedia":[{"embeddable":true,"href":"https:\/\/www.viaromana.org\/blog\/wp-json\/wp\/v2\/media\/1030"}],"wp:attachment":[{"href":"https:\/\/www.viaromana.org\/blog\/wp-json\/wp\/v2\/media?parent=1029"}],"wp:term":[{"taxonomy":"category","embeddable":true,"href":"https:\/\/www.viaromana.org\/blog\/wp-json\/wp\/v2\/categories?post=1029"},{"taxonomy":"post_tag","embeddable":true,"href":"https:\/\/www.viaromana.org\/blog\/wp-json\/wp\/v2\/tags?post=1029"}],"curies":[{"name":"wp","href":"https:\/\/api.w.org\/{rel}","templated":true}]}}