{"id":1027,"date":"2022-06-22T02:00:01","date_gmt":"2022-06-22T00:00:01","guid":{"rendered":"https:\/\/www.site.cdcl.xyz\/2022\/06\/22\/sur-internet-exposition-photo-au-coeur-des-vallees-de-chloe-fabre\/"},"modified":"2022-06-22T02:00:01","modified_gmt":"2022-06-22T00:00:01","slug":"sur-internet-exposition-photo-au-coeur-des-vallees-de-chloe-fabre","status":"publish","type":"post","link":"https:\/\/www.viaromana.org\/blog\/sur-internet-exposition-photo-au-coeur-des-vallees-de-chloe-fabre\/","title":{"rendered":"Sur internet : Exposition photo \u00ab\u00a0au coeur des vall\u00e9es\u00a0\u00bb de Chlo\u00e9 FABRE"},"content":{"rendered":"<p>En parcourant internet nous avons rep\u00e9r\u00e9 un article qui va vous plaire. Sa th\u00e9matique est \u00ab&nbsp;l\u2019arch\u00e9ologie&nbsp;\u00bb.<\/p>\n<p>Le titre (Exposition photo \u00ab&nbsp;au coeur des vall\u00e9es&nbsp;\u00bb de Chlo\u00e9 FABRE) est parlant.<\/p>\n<p> Annonc\u00e9 sous le nom \u00abnodule\u00bb, le journaliste est reconnu comme quelqu\u2019un de s\u00e9rieux.<\/p>\n<p>La cr\u00e9dibilit\u00e9 est de ce fait importante en ce qui concerne ce post.<\/p>\n<div>\n<p>Comme si nous \u00e9tions aux c\u00f4t\u00e9s de la photographe au moment pr\u00e9cis o\u00f9 elle la capte dans son viseur. La photographe Chlo\u00e9 FABRE nous invite \u00e0 la suivre dans ses randonn\u00e9es photographiques, \u00e0 mettre nos pas dans les siens.<\/p>\n<\/div>\n<div>\n<p>Chlo\u00e9 Fabre originaire de la vall\u00e9e du V\u00e9n\u00e9on est devenue passionn\u00e9e de la photographie gr\u00e2ce aux paysages montagneux qui l\u2019entourent depuis toute<\/p>\n<p>petite.<\/p>\n<p>Du Massif des \u00c9crins \u00e0 celui de Chamonix en passant par la Chartreuse. Vous retrouverez des lieux et sommets mythiques des Alpes ainsi que leur faune. Les photos d\u00e9voilent la nature et ses secrets et nous rendent t\u00e9moins de cette po\u00e9sie.<\/p>\n<p>Comme si nous \u00e9tions aux c\u00f4t\u00e9s de la photographe au moment pr\u00e9cis o\u00f9 elle la capte dans son viseur. Elle nous invite \u00e0 la suivre dans ses randonn\u00e9es photographiques, \u00e0 mettre nos pas dans les siens. En chemin, tel un guide, elle pointe du doigt un sommet tutoyant un ciel en feu, les eaux-miroir d\u2019un lac, celles brumeuses d\u2019une cascade, un couple de marmottes confiantes. Et c\u2019est avec un plaisir non feint que l\u2019on emprunte avec elle ces sentiers de montagne, se repaissant des grands espaces qu\u2019elle nous r\u00e9v\u00e8le.<\/p>\n<h2 class=\"title info-comp\">Informations compl\u00e9mentaires<\/h2>\n<dl>\n<\/dl>\n<\/div>\n<p>Bibliographie :<\/p>\n<p>Tremplin d\u2019\u00e9toiles.,<a target=\"_blank\" rel=\"nofollow\" href=\"https:\/\/www.viaromana.org\/blog\/goto\/https:\/\/booknode.com\/tremplin_detoiles_0148772\"  target=\"_blank\" rel=\"noopener noreferrer nofollow\">Clicker Ici <\/a><span><\/span>.<\/p>\n<p>Observations critiques sur l\u2019arch\u00e9ologie dite pr\u00e9historique.,<a target=\"_blank\" rel=\"nofollow\" href=\"https:\/\/www.viaromana.org\/blog\/goto\/https:\/\/www.epagine.fr\/ebook\/9782346082339-observations-critiques-sur-l-archeologie-dite-prehistorique-felix-robiou\/\"  target=\"_blank\" rel=\"noopener noreferrer nofollow\">A voir et \u00e0 lire. <\/a><span><\/span>.<\/p>\n<p>Pr\u00e9cis d\u2019arch\u00e9ologie biblique.,<a target=\"_blank\" rel=\"nofollow\" href=\"https:\/\/www.viaromana.org\/blog\/goto\/https:\/\/www.epagine.fr\/ebook\/9782307159438-precis-d-archeologie-biblique-augustin-georges-barrois\/\"  target=\"_blank\" rel=\"noopener noreferrer nofollow\">Ouvrage <\/a><span><\/span>.<\/p>\n<p>Lucr\u00e8ce ; arch\u00e9ologie d\u2019un classique europ\u00e9en.,<a target=\"_blank\" rel=\"nofollow\" href=\"https:\/\/www.viaromana.org\/blog\/goto\/https:\/\/www.epagine.fr\/ebook\/9782213683904-lucrece-archeologie-d-un-classique-europeen-pierre-vesperini\/\"  target=\"_blank\" rel=\"noopener noreferrer nofollow\">A voir et \u00e0 lire. <\/a><span><\/span>. Disponible sur internet.<\/p>\n","protected":false},"excerpt":{"rendered":"<p>En parcourant internet nous avons rep\u00e9r\u00e9 un article qui va vous plaire. Sa th\u00e9matique est \u00ab&nbsp;l\u2019arch\u00e9ologie&nbsp;\u00bb. Le titre (Exposition photo \u00ab&nbsp;au coeur des vall\u00e9es&nbsp;\u00bb de Chlo\u00e9 FABRE) est parlant. Annonc\u00e9 sous le nom \u00abnodule\u00bb, le journaliste est reconnu comme quelqu\u2019un de s\u00e9rieux. La cr\u00e9dibilit\u00e9 est de ce fait importante en ce qui concerne ce post. Comme si nous \u00e9tions aux c\u00f4t\u00e9s de la photographe au moment pr\u00e9cis o\u00f9 elle la capte dans son viseur. La photographe Chlo\u00e9 FABRE nous invite \u00e0 la suivre dans ses randonn\u00e9es photographiques, \u00e0 mettre nos pas dans les siens. Chlo\u00e9 Fabre originaire de la vall\u00e9e\u2026<\/p>\n","protected":false},"author":1,"featured_media":1028,"comment_status":"closed","ping_status":"closed","sticky":false,"template":"","format":"standard","meta":{"footnotes":""},"categories":[2],"tags":[],"blocksy_meta":{"styles_descriptor":{"styles":{"desktop":"","tablet":"","mobile":""},"google_fonts":[],"version":4}},"yoast_head":"<!-- This site is optimized with the Yoast SEO plugin v21.1 - https:\/\/yoast.com\/wordpress\/plugins\/seo\/ -->\n<title>Sur internet : Exposition photo \u00ab\u00a0au coeur des vall\u00e9es\u00a0\u00bb de Chlo\u00e9 FABRE - Viaromana et arch\u00e9ologie.<\/title>\n<meta name=\"description\" content=\"Sur internet : Exposition photo \u00ab\u00a0au coeur des vall\u00e9es\u00a0\u00bb de Chlo\u00e9 FABRE article de Viaromana et arch\u00e9ologie.\" \/>\n<meta name=\"robots\" content=\"index, follow, max-snippet:-1, max-image-preview:large, max-video-preview:-1\" \/>\n<link rel=\"canonical\" href=\"https:\/\/www.viaromana.org\/blog\/sur-internet-exposition-photo-au-coeur-des-vallees-de-chloe-fabre\/\" \/>\n<meta property=\"og:locale\" content=\"fr_FR\" \/>\n<meta property=\"og:type\" content=\"article\" \/>\n<meta property=\"og:title\" content=\"Sur internet : Exposition photo \u00ab\u00a0au coeur des vall\u00e9es\u00a0\u00bb de Chlo\u00e9 FABRE - Viaromana et arch\u00e9ologie.\" \/>\n<meta property=\"og:description\" content=\"Sur internet : Exposition photo \u00ab\u00a0au coeur des vall\u00e9es\u00a0\u00bb de Chlo\u00e9 FABRE article de Viaromana et arch\u00e9ologie.\" \/>\n<meta property=\"og:url\" content=\"https:\/\/www.viaromana.org\/blog\/sur-internet-exposition-photo-au-coeur-des-vallees-de-chloe-fabre\/\" \/>\n<meta property=\"og:site_name\" content=\"Viaromana et arch\u00e9ologie.\" \/>\n<meta property=\"article:published_time\" content=\"2022-06-22T00:00:01+00:00\" \/>\n<meta property=\"og:image\" content=\"https:\/\/www.viaromana.org\/blog\/wp-content\/uploads\/2022\/06\/arch-ologie-11.jpg\" \/>\n\t<meta property=\"og:image:width\" content=\"640\" \/>\n\t<meta property=\"og:image:height\" content=\"640\" \/>\n\t<meta property=\"og:image:type\" content=\"image\/jpeg\" \/>\n<meta name=\"author\" content=\"Robert\" \/>\n<meta name=\"twitter:card\" content=\"summary_large_image\" \/>\n<meta name=\"twitter:label1\" content=\"\u00c9crit par\" \/>\n\t<meta name=\"twitter:data1\" content=\"Robert\" \/>\n\t<meta name=\"twitter:label2\" content=\"Dur\u00e9e de lecture estim\u00e9e\" \/>\n\t<meta name=\"twitter:data2\" content=\"2 minutes\" \/>\n<script type=\"application\/ld+json\" class=\"yoast-schema-graph\">{\"@context\":\"https:\/\/schema.org\",\"@graph\":[{\"@type\":\"Article\",\"@id\":\"https:\/\/www.viaromana.org\/blog\/sur-internet-exposition-photo-au-coeur-des-vallees-de-chloe-fabre\/#article\",\"isPartOf\":{\"@id\":\"https:\/\/www.viaromana.org\/blog\/sur-internet-exposition-photo-au-coeur-des-vallees-de-chloe-fabre\/\"},\"author\":{\"name\":\"Robert\",\"@id\":\"https:\/\/www.viaromana.org\/blog\/#\/schema\/person\/cde9c4655845091e1fe473fcd163c889\"},\"headline\":\"Sur internet : Exposition photo \u00ab\u00a0au coeur des vall\u00e9es\u00a0\u00bb de Chlo\u00e9 FABRE\",\"datePublished\":\"2022-06-22T00:00:01+00:00\",\"dateModified\":\"2022-06-22T00:00:01+00:00\",\"mainEntityOfPage\":{\"@id\":\"https:\/\/www.viaromana.org\/blog\/sur-internet-exposition-photo-au-coeur-des-vallees-de-chloe-fabre\/\"},\"wordCount\":335,\"publisher\":{\"@id\":\"https:\/\/www.viaromana.org\/blog\/#organization\"},\"articleSection\":[\"Arch\u00e9ologie\"],\"inLanguage\":\"fr-FR\"},{\"@type\":\"WebPage\",\"@id\":\"https:\/\/www.viaromana.org\/blog\/sur-internet-exposition-photo-au-coeur-des-vallees-de-chloe-fabre\/\",\"url\":\"https:\/\/www.viaromana.org\/blog\/sur-internet-exposition-photo-au-coeur-des-vallees-de-chloe-fabre\/\",\"name\":\"Sur internet : Exposition photo \u00ab\u00a0au coeur des vall\u00e9es\u00a0\u00bb de Chlo\u00e9 FABRE - Viaromana et arch\u00e9ologie.\",\"isPartOf\":{\"@id\":\"https:\/\/www.viaromana.org\/blog\/#website\"},\"datePublished\":\"2022-06-22T00:00:01+00:00\",\"dateModified\":\"2022-06-22T00:00:01+00:00\",\"description\":\"Sur internet : Exposition photo \u00ab\u00a0au coeur des vall\u00e9es\u00a0\u00bb de Chlo\u00e9 FABRE article de Viaromana et arch\u00e9ologie.\",\"breadcrumb\":{\"@id\":\"https:\/\/www.viaromana.org\/blog\/sur-internet-exposition-photo-au-coeur-des-vallees-de-chloe-fabre\/#breadcrumb\"},\"inLanguage\":\"fr-FR\",\"potentialAction\":[{\"@type\":\"ReadAction\",\"target\":[\"https:\/\/www.viaromana.org\/blog\/sur-internet-exposition-photo-au-coeur-des-vallees-de-chloe-fabre\/\"]}]},{\"@type\":\"BreadcrumbList\",\"@id\":\"https:\/\/www.viaromana.org\/blog\/sur-internet-exposition-photo-au-coeur-des-vallees-de-chloe-fabre\/#breadcrumb\",\"itemListElement\":[{\"@type\":\"ListItem\",\"position\":1,\"name\":\"Accueil\",\"item\":\"https:\/\/www.viaromana.org\/blog\/\"},{\"@type\":\"ListItem\",\"position\":2,\"name\":\"Sur internet : Exposition photo \u00ab\u00a0au coeur des vall\u00e9es\u00a0\u00bb de Chlo\u00e9 FABRE\"}]},{\"@type\":\"WebSite\",\"@id\":\"https:\/\/www.viaromana.org\/blog\/#website\",\"url\":\"https:\/\/www.viaromana.org\/blog\/\",\"name\":\"Viaromana et arch\u00e9ologie.\",\"description\":\"Site arch\u00e9ologique de la voie romaine (viaromana) Belgique-France-Rome\",\"publisher\":{\"@id\":\"https:\/\/www.viaromana.org\/blog\/#organization\"},\"potentialAction\":[{\"@type\":\"SearchAction\",\"target\":{\"@type\":\"EntryPoint\",\"urlTemplate\":\"https:\/\/www.viaromana.org\/blog\/?s={search_term_string}\"},\"query-input\":\"required name=search_term_string\"}],\"inLanguage\":\"fr-FR\"},{\"@type\":\"Organization\",\"@id\":\"https:\/\/www.viaromana.org\/blog\/#organization\",\"name\":\"viaromana\",\"url\":\"https:\/\/www.viaromana.org\/blog\/\",\"logo\":{\"@type\":\"ImageObject\",\"inLanguage\":\"fr-FR\",\"@id\":\"https:\/\/www.viaromana.org\/blog\/#\/schema\/logo\/image\/\",\"url\":\"https:\/\/www.viaromana.org\/blog\/wp-content\/uploads\/2021\/12\/logo-3.png\",\"contentUrl\":\"https:\/\/www.viaromana.org\/blog\/wp-content\/uploads\/2021\/12\/logo-3.png\",\"width\":300,\"height\":249,\"caption\":\"viaromana\"},\"image\":{\"@id\":\"https:\/\/www.viaromana.org\/blog\/#\/schema\/logo\/image\/\"}},{\"@type\":\"Person\",\"@id\":\"https:\/\/www.viaromana.org\/blog\/#\/schema\/person\/cde9c4655845091e1fe473fcd163c889\",\"name\":\"Robert\",\"image\":{\"@type\":\"ImageObject\",\"inLanguage\":\"fr-FR\",\"@id\":\"https:\/\/www.viaromana.org\/blog\/#\/schema\/person\/image\/\",\"url\":\"https:\/\/secure.gravatar.com\/avatar\/a168ec191013b636c2f278aec04e724b?s=96&d=mm&r=g\",\"contentUrl\":\"https:\/\/secure.gravatar.com\/avatar\/a168ec191013b636c2f278aec04e724b?s=96&d=mm&r=g\",\"caption\":\"Robert\"},\"sameAs\":[\"https:\/\/www.viaromana.org\/blog\"],\"url\":\"https:\/\/www.viaromana.org\/blog\/author\/anaadmin\/\"}]}<\/script>\n<!-- \/ Yoast SEO plugin. -->","yoast_head_json":{"title":"Sur internet : Exposition photo \u00ab\u00a0au coeur des vall\u00e9es\u00a0\u00bb de Chlo\u00e9 FABRE - Viaromana et arch\u00e9ologie.","description":"Sur internet : Exposition photo \u00ab\u00a0au coeur des vall\u00e9es\u00a0\u00bb de Chlo\u00e9 FABRE article de Viaromana et arch\u00e9ologie.","robots":{"index":"index","follow":"follow","max-snippet":"max-snippet:-1","max-image-preview":"max-image-preview:large","max-video-preview":"max-video-preview:-1"},"canonical":"https:\/\/www.viaromana.org\/blog\/sur-internet-exposition-photo-au-coeur-des-vallees-de-chloe-fabre\/","og_locale":"fr_FR","og_type":"article","og_title":"Sur internet : Exposition photo \u00ab\u00a0au coeur des vall\u00e9es\u00a0\u00bb de Chlo\u00e9 FABRE - Viaromana et arch\u00e9ologie.","og_description":"Sur internet : Exposition photo \u00ab\u00a0au coeur des vall\u00e9es\u00a0\u00bb de Chlo\u00e9 FABRE article de Viaromana et arch\u00e9ologie.","og_url":"https:\/\/www.viaromana.org\/blog\/sur-internet-exposition-photo-au-coeur-des-vallees-de-chloe-fabre\/","og_site_name":"Viaromana et arch\u00e9ologie.","article_published_time":"2022-06-22T00:00:01+00:00","og_image":[{"width":640,"height":640,"url":"https:\/\/www.viaromana.org\/blog\/wp-content\/uploads\/2022\/06\/arch-ologie-11.jpg","type":"image\/jpeg"}],"author":"Robert","twitter_card":"summary_large_image","twitter_misc":{"\u00c9crit par":"Robert","Dur\u00e9e de lecture estim\u00e9e":"2 minutes"},"schema":{"@context":"https:\/\/schema.org","@graph":[{"@type":"Article","@id":"https:\/\/www.viaromana.org\/blog\/sur-internet-exposition-photo-au-coeur-des-vallees-de-chloe-fabre\/#article","isPartOf":{"@id":"https:\/\/www.viaromana.org\/blog\/sur-internet-exposition-photo-au-coeur-des-vallees-de-chloe-fabre\/"},"author":{"name":"Robert","@id":"https:\/\/www.viaromana.org\/blog\/#\/schema\/person\/cde9c4655845091e1fe473fcd163c889"},"headline":"Sur internet : Exposition photo \u00ab\u00a0au coeur des vall\u00e9es\u00a0\u00bb de Chlo\u00e9 FABRE","datePublished":"2022-06-22T00:00:01+00:00","dateModified":"2022-06-22T00:00:01+00:00","mainEntityOfPage":{"@id":"https:\/\/www.viaromana.org\/blog\/sur-internet-exposition-photo-au-coeur-des-vallees-de-chloe-fabre\/"},"wordCount":335,"publisher":{"@id":"https:\/\/www.viaromana.org\/blog\/#organization"},"articleSection":["Arch\u00e9ologie"],"inLanguage":"fr-FR"},{"@type":"WebPage","@id":"https:\/\/www.viaromana.org\/blog\/sur-internet-exposition-photo-au-coeur-des-vallees-de-chloe-fabre\/","url":"https:\/\/www.viaromana.org\/blog\/sur-internet-exposition-photo-au-coeur-des-vallees-de-chloe-fabre\/","name":"Sur internet : Exposition photo \u00ab\u00a0au coeur des vall\u00e9es\u00a0\u00bb de Chlo\u00e9 FABRE - Viaromana et arch\u00e9ologie.","isPartOf":{"@id":"https:\/\/www.viaromana.org\/blog\/#website"},"datePublished":"2022-06-22T00:00:01+00:00","dateModified":"2022-06-22T00:00:01+00:00","description":"Sur internet : Exposition photo \u00ab\u00a0au coeur des vall\u00e9es\u00a0\u00bb de Chlo\u00e9 FABRE article de Viaromana et arch\u00e9ologie.","breadcrumb":{"@id":"https:\/\/www.viaromana.org\/blog\/sur-internet-exposition-photo-au-coeur-des-vallees-de-chloe-fabre\/#breadcrumb"},"inLanguage":"fr-FR","potentialAction":[{"@type":"ReadAction","target":["https:\/\/www.viaromana.org\/blog\/sur-internet-exposition-photo-au-coeur-des-vallees-de-chloe-fabre\/"]}]},{"@type":"BreadcrumbList","@id":"https:\/\/www.viaromana.org\/blog\/sur-internet-exposition-photo-au-coeur-des-vallees-de-chloe-fabre\/#breadcrumb","itemListElement":[{"@type":"ListItem","position":1,"name":"Accueil","item":"https:\/\/www.viaromana.org\/blog\/"},{"@type":"ListItem","position":2,"name":"Sur internet : Exposition photo \u00ab\u00a0au coeur des vall\u00e9es\u00a0\u00bb de Chlo\u00e9 FABRE"}]},{"@type":"WebSite","@id":"https:\/\/www.viaromana.org\/blog\/#website","url":"https:\/\/www.viaromana.org\/blog\/","name":"Viaromana et arch\u00e9ologie.","description":"Site arch\u00e9ologique de la voie romaine (viaromana) Belgique-France-Rome","publisher":{"@id":"https:\/\/www.viaromana.org\/blog\/#organization"},"potentialAction":[{"@type":"SearchAction","target":{"@type":"EntryPoint","urlTemplate":"https:\/\/www.viaromana.org\/blog\/?s={search_term_string}"},"query-input":"required name=search_term_string"}],"inLanguage":"fr-FR"},{"@type":"Organization","@id":"https:\/\/www.viaromana.org\/blog\/#organization","name":"viaromana","url":"https:\/\/www.viaromana.org\/blog\/","logo":{"@type":"ImageObject","inLanguage":"fr-FR","@id":"https:\/\/www.viaromana.org\/blog\/#\/schema\/logo\/image\/","url":"https:\/\/www.viaromana.org\/blog\/wp-content\/uploads\/2021\/12\/logo-3.png","contentUrl":"https:\/\/www.viaromana.org\/blog\/wp-content\/uploads\/2021\/12\/logo-3.png","width":300,"height":249,"caption":"viaromana"},"image":{"@id":"https:\/\/www.viaromana.org\/blog\/#\/schema\/logo\/image\/"}},{"@type":"Person","@id":"https:\/\/www.viaromana.org\/blog\/#\/schema\/person\/cde9c4655845091e1fe473fcd163c889","name":"Robert","image":{"@type":"ImageObject","inLanguage":"fr-FR","@id":"https:\/\/www.viaromana.org\/blog\/#\/schema\/person\/image\/","url":"https:\/\/secure.gravatar.com\/avatar\/a168ec191013b636c2f278aec04e724b?s=96&d=mm&r=g","contentUrl":"https:\/\/secure.gravatar.com\/avatar\/a168ec191013b636c2f278aec04e724b?s=96&d=mm&r=g","caption":"Robert"},"sameAs":["https:\/\/www.viaromana.org\/blog"],"url":"https:\/\/www.viaromana.org\/blog\/author\/anaadmin\/"}]}},"_links":{"self":[{"href":"https:\/\/www.viaromana.org\/blog\/wp-json\/wp\/v2\/posts\/1027"}],"collection":[{"href":"https:\/\/www.viaromana.org\/blog\/wp-json\/wp\/v2\/posts"}],"about":[{"href":"https:\/\/www.viaromana.org\/blog\/wp-json\/wp\/v2\/types\/post"}],"author":[{"embeddable":true,"href":"https:\/\/www.viaromana.org\/blog\/wp-json\/wp\/v2\/users\/1"}],"replies":[{"embeddable":true,"href":"https:\/\/www.viaromana.org\/blog\/wp-json\/wp\/v2\/comments?post=1027"}],"version-history":[{"count":0,"href":"https:\/\/www.viaromana.org\/blog\/wp-json\/wp\/v2\/posts\/1027\/revisions"}],"wp:featuredmedia":[{"embeddable":true,"href":"https:\/\/www.viaromana.org\/blog\/wp-json\/wp\/v2\/media\/1028"}],"wp:attachment":[{"href":"https:\/\/www.viaromana.org\/blog\/wp-json\/wp\/v2\/media?parent=1027"}],"wp:term":[{"taxonomy":"category","embeddable":true,"href":"https:\/\/www.viaromana.org\/blog\/wp-json\/wp\/v2\/categories?post=1027"},{"taxonomy":"post_tag","embeddable":true,"href":"https:\/\/www.viaromana.org\/blog\/wp-json\/wp\/v2\/tags?post=1027"}],"curies":[{"name":"wp","href":"https:\/\/api.w.org\/{rel}","templated":true}]}}